{"id":9825,"date":"2011-10-17T10:07:49","date_gmt":"2011-10-17T10:07:49","guid":{"rendered":"http:\/\/www.cinevox.be\/?p=9825"},"modified":"2011-10-17T10:08:14","modified_gmt":"2011-10-17T10:08:14","slug":"raf-keunen-een-componist-waar-muziek-in-zit","status":"publish","type":"post","link":"https:\/\/welovecinema.be\/nl\/raf-keunen-een-componist-waar-muziek-in-zit\/","title":{"rendered":"Raf Keunen : een componist waar muziek in zit"},"content":{"rendered":"<p>&#8216;Rundskop&#8217; zou nooit de film geweest zijn die hij is, ware het niet van de muziek. \u00a0Dat is de opinie van Michael Roskam. \u00a0Natuurlijk zijn alle facetten van het filmmaken belangrijk voor het eindresultaat, maar het is een feit dat de sfeervolle, bij momenten zeer duistere, maar altijd meeslepende soundtrack die Raf Keunen componeerde, arrangeerde en orchestreerde de film die extra-kracht geeft die beelden of vertolkingen niet kunnen hebben. \u00a0Keunen wordt een grote, volgens zij die het kunnen weten. \u00a0Wij hadden een gesprek met hem.<\/p>\n<p>\u201cIk heb piano gedaan van zeven of acht, maar slechts in mijn stoutste dromen durfde ik te denken dat ik ooit zelf filmmuziek zou maken.\u00a0 Ik ben eerst naar de universiteit gegaan, heb filosofie gestudeerd, en tijdens mijn studies heb ik veel gewerkt in de Studio Filmtheaters, die nu helaas ter ziele zijn gegaan. Eerst als kaartjesknipper, later als projectionist. Mijn liefde voor film is daar alleen maar gegroeid, heel veel films gezien. Je leert in zo\u2019n cabine ook anders naar films te kijken.\u00a0 Toen ik was afgestudeerd, ben ik als vrij student compositie gaan studeren. En dat was wel met het idee om filmcomponist te worden. Ik had er geen idee van of ik in die branche ooit iets zou vinden. Ik ben dan naar Brussel komen wonen en ben muziek beginnen schrijven voor afstudeerprojecten.\u00a0 Ik deed tal van zaken, bijvoorbeeld ook een een boekproject, in eigen beheer, met een schrijfster.\u00a0 Uiteindelijk was mijn eerste grote opdracht als filmcomponist de muziek voor <em><span style=\"color: #ffffff;\">\u2018Carlo\u2019 <\/span><\/em>van Michael Roskam, die ik al kende van voor ik naar Brussel kwam.\u00a0 En dat heeft wel deuren geopend. Vanaf toen kon ik meerdere dingen per jaar doen.\u201d<\/p>\n<p>TIJD OM TE TESTEN<\/p>\n<p>\u201cIk heb voor de score van \u2018Rundskop\u2019 gelukkig de tijd gekregen van Michael en de producenten. We hebben daar ongeveer zes maand aan gewerkt. Los van de gesprekken die we voordien al hadden over het scenario. Maar het echte schrijven was een heel intense periode van zes maand.\u00a0 Dat was heel veel trial and error, heel veel uitproberen.\u00a0 Samen met <span style=\"color: #ffffff;\">Alain Dessauvage<\/span>, de monteur, heb ik een paar heel verschillende versies gemaakt.\u00a0 Alain en ik kunnen goed samenwerken.\u00a0 Vooral de tijd was voor mij belangrijk.\u00a0 Nu kan ik sneller werken, denk ik. Maar in het begin was het wel moeilijk, om in een ritme te schrijven.\u201d<\/p>\n<p>\u201cMichael heeft fel mee gevolgd tijdens het schrijfproces.\u00a0 Dat was echt een heel nauwe samenwerking. Terwijl Alain aan het monteren was, stuurde ik samples naar hem, om te testen en te kijken, om het ritme te vinden. Ik ging ook dikwijls naar de montage kijken. Maar zo\u2019n manier van werken kost tijd. Het was wel effici\u00ebnt werken.\u00a0 Ik denk dat ze \u00e9\u00e9n stuk niet hebben gebruikt van de 17. Ze zijn heel fel op de beelden geschreven. Er is maar \u00e9\u00e9n nieuwe versie heropgenomen.\u00a0 Het was niet indienen en verknippen. Echt op de noot.\u201d<\/p>\n<p>AMBITIE<\/p>\n<p>\u201cMijn droom is om constant cinema te doen.\u00a0 Ik wil met Micha\u00ebl blijven werken, we spreken nu ook al over zijn volgende project, we blijven sparring-partners, maar dat heb ik ook al met andere regisseurs.\u00a0 Ik ben nu met verschillende veelbelovende jonge mensen aan het werken, zoals <span style=\"color: #ffffff;\">Tom Van Avermaet<\/span>, die net de opnamen van zijn tweede kortfilm achter de rug heeft. \u00a0Heel mooi.\u00a0 Iets in het fantasy-achtige genre dat in Belgi\u00eb niet vaak wordt gedaan.\u00a0 Ik heb ook de muziek gemaakt van <em><span style=\"color: #ffffff;\">\u2018Rotkop\u2019<\/span><\/em>, een nieuwe film van <span style=\"color: #ffffff;\">Jan en Raf Roosens<\/span> , heel tof, sociaal drama in Antwerpen.\u00a0 En de laatste, de opvolger van <em><span style=\"color: #ffffff;\">&#8216;Siemiany&#8217;<\/span><\/em> van <span style=\"color: #ffffff;\">Philip James McGoldrick<\/span>.\u201d<\/p>\n<p>&nbsp;<\/p>\n<p>EIGEN SOUND<\/p>\n<p>\u201cIk kan alleen maar schrijven wat in me zit.\u00a0 Ik sta nog onder invloed van enorm veel geluiden en componisten.\u00a0 Een gigantische invloed is <span style=\"color: #ffffff;\">Johnny Greenwood<\/span>. Zijn score voor <em>\u2018Norwegian Wood\u2019<\/em> vind ik prachtig.\u00a0 Als ik over Greenwood lees, hebben we allebei een beetje dezelfde klassieke smaak.\u00a0 Mijn invloeden zijn heel divers.\u00a0 Van Messiaen tot The National. Alle referenties die ik tot nu toe gekregen heb van de regisseurs voor wie ik werk passen heel goed bij wat ik doe. Ik neem wel het liefst live op met akoestische instrumenten.\u00a0 Puur elektronisch zijn er mensen die dat veel beter kunnen dan ik. Ik werk ook wel met samples. Voor de film van Tom Van Avermaet hebben we dat nu gedaan, zijn we naar Parijs gereden om opnamen te maken met de Crystal Baschet van <span style=\"color: #ffffff;\">Thomas Bloch<\/span>, een heel speciaal instrument dat verwant is met de\u00a0 kristallen orgel en de \u00a0glasharmonica. \u00a0Bloch heeft eerder met <span style=\"color: #ffffff;\">Radiohead<\/span> en <span style=\"color: #ffffff;\">Tom Waits<\/span> samengewerkt. Die speelt ook op van die oude instrumenten, zoals de oude Martineau, \u00e9\u00e9n van de eerste synthesizers.\u00a0 Dat trekt me fel aan.\u201d<\/p>\n<p>\u201cZo raar is het niet dat zulke mensen bereid zijn om mee te werken.\u00a0 Soms zijn ze gewoon gecharmeerd door een project en dan vragen ze peanuts.\u00a0 De film van Tom is echt heel goed en Thomas Bloch was erdoor gecharmeerd en hij zei : \u2018Kom maar af.\u2019 We hebben in verschillende fases opgenomen: live met strijkers, met samples,\u2026 Dat doe ik dus ook, met samples,\u2026 Eigenlijk zou ik dat wel eens willen doen, een score volledig met samples, gewoon om het effect te zien.\u201d<\/p>\n<p>&nbsp;<\/p>\n<p>NIET UIT OP CD, ALLEEN OP I-TUNES<\/p>\n<p>\u201cNeen, maar \u2018cd\u2019s are not dead, but they smell funny\u2019.\u00a0 Ik vind dat zelf niet zo erg. Het tijdperk van de cd is over. Er is een redelijk grote groep liefhebbers van filmmuziek die de nummers op I-Tunes kopen en ernaar luisteren. Toegegeven, ik had ook wel graag een cd\u2019tje in handen gehad met een poster op de hoes, maar ze doen het niet meer.\u00a0 Ik vind dat niet erg. \u00a0Ik doe niet wat ik doe om achteraf naar het cd\u2019tje te kunnen luisteren.\u00a0 Mijn favoriete momenten zijn die waar de regisseur en ik samenzitten en kijken wat we kunnen doen, uitzoeken hoe we het beste huwelijk kunnen sluiten tussen film en muziek.\u201d<\/p>\n<p>&nbsp;<\/p>\n<p>WILDE DROMEN<\/p>\n<p>\u201cIk ben al heel blij met Michael te kunnen werken. I\u2019m living the dream.\u00a0 Dat is zo fijn.\u00a0 Michael heeft een heel goed oor.\u00a0 Hij kan heel goed luisteren, hij weet wat hij wil.\u00a0 We hebben ook smaakverschillen, maar we zitten heel dicht in elkanders buurt. Samenwerken is gewoon lol.\u00a0 Dat is ook werken en heel hard werken, maar dat is ook heel aangenaam.\u00a0 Hij is echt goed overigens. Maar buiten hem : <span style=\"color: #ffffff;\">Jacques Audiard<\/span>.\u00a0 Echt waar. Sinds <em><span style=\"color: #ffffff;\">\u2018Un Proph\u00e8te\u2019<\/span><\/em> is hij \u00e9\u00e9n van mijn absolute lievelingsregisseurs geworden. Ik kan niet over hem zwijgen.\u00a0 Mijn vrienden zullen zeggen : daar is hij weer. Die film zit thuis in mijn Mac thuis en heel vaak zit ik enkele sc\u00e8nes te bekijken.\u00a0 <span style=\"color: #ffffff;\">Scorsese<\/span> mag ook altijd eens bellen, daar niet van, maar zo dicht bij huis, ga ik voor Audiard.\u00a0 Hij vond \u2018Rundskop\u2019 blijkbaar een heel goeie film.\u00a0 Ik zou hem graag eens een handje willen schudden en vragen wat hij van de film vond.\u00a0 Maar hij zal wellicht wel weer met <span style=\"color: #ffffff;\">Alexandre Desplat<\/span> werken.\u00a0 En gelijk heeft hij.\u00a0 Desplat.\u00a0 Een andere van mijn favorieten. Maar ook <span style=\"color: #ffffff;\">Carter Burwell<\/span> kan ik best pruimen.\u00a0 Dat heel diepe, weg gestokene, vind ik heel mooi in wat hij doet.\u201d<\/p>\n<p>&nbsp;<\/p>\n","protected":false},"excerpt":{"rendered":"<p>&#8216;Rundskop&#8217; zou nooit de film geweest zijn die hij is, ware het niet van de muziek. \u00a0Dat is de opinie van Michael Roskam. \u00a0Natuurlijk zijn alle facetten van het filmmaken belangrijk voor het eindresultaat, maar het is een feit dat de sfeervolle, bij momenten zeer duistere, maar altijd meeslepende soundtrack die Raf Keunen componeerde, arrangeerde &hellip;<\/p>\n","protected":false},"author":8,"featured_media":9827,"comment_status":"closed","ping_status":"closed","sticky":false,"template":"","format":"standard","meta":{"ngg_post_thumbnail":0,"footnotes":""},"categories":[41],"tags":[],"class_list":["post-9825","post","type-post","status-publish","format-standard","has-post-thumbnail","","category-interviews-nl"],"yoast_head":"<!-- This site is optimized with the Yoast SEO plugin v20.4 - https:\/\/yoast.com\/wordpress\/plugins\/seo\/ -->\n<title>Raf Keunen : een componist waar muziek in zit - We Love Cinema<\/title>\n<meta name=\"robots\" content=\"index, follow, max-snippet:-1, max-image-preview:large, max-video-preview:-1\" \/>\n<link rel=\"canonical\" href=\"https:\/\/welovecinema.be\/nl\/raf-keunen-een-componist-waar-muziek-in-zit\/\" \/>\n<meta property=\"og:locale\" content=\"nl_NL\" \/>\n<meta property=\"og:type\" content=\"article\" \/>\n<meta property=\"og:title\" content=\"Raf Keunen : een componist waar muziek in zit - We Love Cinema\" \/>\n<meta property=\"og:description\" content=\"&#8216;Rundskop&#8217; zou nooit de film geweest zijn die hij is, ware het niet van de muziek. \u00a0Dat is de opinie van Michael Roskam. \u00a0Natuurlijk zijn alle facetten van het filmmaken belangrijk voor het eindresultaat, maar het is een feit dat de sfeervolle, bij momenten zeer duistere, maar altijd meeslepende soundtrack die Raf Keunen componeerde, arrangeerde &hellip;\" \/>\n<meta property=\"og:url\" content=\"https:\/\/welovecinema.be\/nl\/raf-keunen-een-componist-waar-muziek-in-zit\/\" \/>\n<meta property=\"og:site_name\" content=\"We Love Cinema\" \/>\n<meta property=\"article:publisher\" content=\"https:\/\/www.facebook.com\/welovecinema.be\" \/>\n<meta property=\"article:published_time\" content=\"2011-10-17T10:07:49+00:00\" \/>\n<meta property=\"article:modified_time\" content=\"2011-10-17T10:08:14+00:00\" \/>\n<meta property=\"og:image\" content=\"https:\/\/welovecinema.be\/wp-content\/uploads\/sites\/2\/2011\/10\/Unknown.jpeg\" \/>\n\t<meta property=\"og:image:width\" content=\"275\" \/>\n\t<meta property=\"og:image:height\" content=\"183\" \/>\n\t<meta property=\"og:image:type\" content=\"image\/jpeg\" \/>\n<meta name=\"author\" content=\"Kurt.Vandemaele\" \/>\n<meta name=\"twitter:card\" content=\"summary_large_image\" \/>\n<meta name=\"twitter:label1\" content=\"Geschreven door\" \/>\n\t<meta name=\"twitter:data1\" content=\"Kurt.Vandemaele\" \/>\n\t<meta name=\"twitter:label2\" content=\"Geschatte leestijd\" \/>\n\t<meta name=\"twitter:data2\" content=\"6 minuten\" \/>\n<script type=\"application\/ld+json\" class=\"yoast-schema-graph\">{\"@context\":\"https:\/\/schema.org\",\"@graph\":[{\"@type\":\"Article\",\"@id\":\"https:\/\/welovecinema.be\/nl\/raf-keunen-een-componist-waar-muziek-in-zit\/#article\",\"isPartOf\":{\"@id\":\"https:\/\/welovecinema.be\/nl\/raf-keunen-een-componist-waar-muziek-in-zit\/\"},\"author\":{\"name\":\"Kurt.Vandemaele\",\"@id\":\"https:\/\/welovecinema.be\/nl\/#\/schema\/person\/f475ac81c30903d8505475024494c658\"},\"headline\":\"Raf Keunen : een componist waar muziek in zit\",\"datePublished\":\"2011-10-17T10:07:49+00:00\",\"dateModified\":\"2011-10-17T10:08:14+00:00\",\"mainEntityOfPage\":{\"@id\":\"https:\/\/welovecinema.be\/nl\/raf-keunen-een-componist-waar-muziek-in-zit\/\"},\"wordCount\":1203,\"publisher\":{\"@id\":\"https:\/\/welovecinema.be\/nl\/#organization\"},\"articleSection\":[\"Interviews\"],\"inLanguage\":\"nl-NL\"},{\"@type\":\"WebPage\",\"@id\":\"https:\/\/welovecinema.be\/nl\/raf-keunen-een-componist-waar-muziek-in-zit\/\",\"url\":\"https:\/\/welovecinema.be\/nl\/raf-keunen-een-componist-waar-muziek-in-zit\/\",\"name\":\"Raf Keunen : een componist waar muziek in zit - We Love Cinema\",\"isPartOf\":{\"@id\":\"https:\/\/welovecinema.be\/nl\/#website\"},\"datePublished\":\"2011-10-17T10:07:49+00:00\",\"dateModified\":\"2011-10-17T10:08:14+00:00\",\"breadcrumb\":{\"@id\":\"https:\/\/welovecinema.be\/nl\/raf-keunen-een-componist-waar-muziek-in-zit\/#breadcrumb\"},\"inLanguage\":\"nl-NL\",\"potentialAction\":[{\"@type\":\"ReadAction\",\"target\":[\"https:\/\/welovecinema.be\/nl\/raf-keunen-een-componist-waar-muziek-in-zit\/\"]}]},{\"@type\":\"BreadcrumbList\",\"@id\":\"https:\/\/welovecinema.be\/nl\/raf-keunen-een-componist-waar-muziek-in-zit\/#breadcrumb\",\"itemListElement\":[{\"@type\":\"ListItem\",\"position\":1,\"name\":\"Accueil\",\"item\":\"https:\/\/welovecinema.be\/nl\/\"},{\"@type\":\"ListItem\",\"position\":2,\"name\":\"Raf Keunen : een componist waar muziek in zit\"}]},{\"@type\":\"WebSite\",\"@id\":\"https:\/\/welovecinema.be\/nl\/#website\",\"url\":\"https:\/\/welovecinema.be\/nl\/\",\"name\":\"We Love Cinema\",\"description\":\"Toute l\u2019information du cin\u00e9ma en Belgique\",\"publisher\":{\"@id\":\"https:\/\/welovecinema.be\/nl\/#organization\"},\"potentialAction\":[{\"@type\":\"SearchAction\",\"target\":{\"@type\":\"EntryPoint\",\"urlTemplate\":\"https:\/\/welovecinema.be\/nl\/?s={search_term_string}\"},\"query-input\":\"required name=search_term_string\"}],\"inLanguage\":\"nl-NL\"},{\"@type\":\"Organization\",\"@id\":\"https:\/\/welovecinema.be\/nl\/#organization\",\"name\":\"We Love Cinema\",\"url\":\"https:\/\/welovecinema.be\/nl\/\",\"logo\":{\"@type\":\"ImageObject\",\"inLanguage\":\"nl-NL\",\"@id\":\"https:\/\/welovecinema.be\/nl\/#\/schema\/logo\/image\/\",\"url\":\"https:\/\/welovecinema.be\/wp-content\/uploads\/sites\/2\/2023\/03\/Logo-We-Love-Cinema305x128.jpg\",\"contentUrl\":\"https:\/\/welovecinema.be\/wp-content\/uploads\/sites\/2\/2023\/03\/Logo-We-Love-Cinema305x128.jpg\",\"width\":305,\"height\":128,\"caption\":\"We Love Cinema\"},\"image\":{\"@id\":\"https:\/\/welovecinema.be\/nl\/#\/schema\/logo\/image\/\"},\"sameAs\":[\"https:\/\/www.facebook.com\/welovecinema.be\",\"https:\/\/www.youtube.com\/channel\/UCX5LYGVhnKvYauW4Nta4HJA\",\"https:\/\/www.instagram.com\/welovecinema.be\/\"]},{\"@type\":\"Person\",\"@id\":\"https:\/\/welovecinema.be\/nl\/#\/schema\/person\/f475ac81c30903d8505475024494c658\",\"name\":\"Kurt.Vandemaele\",\"url\":\"https:\/\/welovecinema.be\/nl\/author\/kurt-vandemaele\/\"}]}<\/script>\n<!-- \/ Yoast SEO plugin. -->","yoast_head_json":{"title":"Raf Keunen : een componist waar muziek in zit - We Love Cinema","robots":{"index":"index","follow":"follow","max-snippet":"max-snippet:-1","max-image-preview":"max-image-preview:large","max-video-preview":"max-video-preview:-1"},"canonical":"https:\/\/welovecinema.be\/nl\/raf-keunen-een-componist-waar-muziek-in-zit\/","og_locale":"nl_NL","og_type":"article","og_title":"Raf Keunen : een componist waar muziek in zit - We Love Cinema","og_description":"&#8216;Rundskop&#8217; zou nooit de film geweest zijn die hij is, ware het niet van de muziek. \u00a0Dat is de opinie van Michael Roskam. \u00a0Natuurlijk zijn alle facetten van het filmmaken belangrijk voor het eindresultaat, maar het is een feit dat de sfeervolle, bij momenten zeer duistere, maar altijd meeslepende soundtrack die Raf Keunen componeerde, arrangeerde &hellip;","og_url":"https:\/\/welovecinema.be\/nl\/raf-keunen-een-componist-waar-muziek-in-zit\/","og_site_name":"We Love Cinema","article_publisher":"https:\/\/www.facebook.com\/welovecinema.be","article_published_time":"2011-10-17T10:07:49+00:00","article_modified_time":"2011-10-17T10:08:14+00:00","og_image":[{"width":"275","height":"183","url":"https:\/\/welovecinema.be\/wp-content\/uploads\/sites\/2\/2011\/10\/Unknown.jpeg","type":"image\/jpeg"}],"author":"Kurt.Vandemaele","twitter_card":"summary_large_image","twitter_misc":{"Geschreven door":"Kurt.Vandemaele","Geschatte leestijd":"6 minuten"},"schema":{"@context":"https:\/\/schema.org","@graph":[{"@type":"Article","@id":"https:\/\/welovecinema.be\/nl\/raf-keunen-een-componist-waar-muziek-in-zit\/#article","isPartOf":{"@id":"https:\/\/welovecinema.be\/nl\/raf-keunen-een-componist-waar-muziek-in-zit\/"},"author":{"name":"Kurt.Vandemaele","@id":"https:\/\/welovecinema.be\/nl\/#\/schema\/person\/f475ac81c30903d8505475024494c658"},"headline":"Raf Keunen : een componist waar muziek in zit","datePublished":"2011-10-17T10:07:49+00:00","dateModified":"2011-10-17T10:08:14+00:00","mainEntityOfPage":{"@id":"https:\/\/welovecinema.be\/nl\/raf-keunen-een-componist-waar-muziek-in-zit\/"},"wordCount":1203,"publisher":{"@id":"https:\/\/welovecinema.be\/nl\/#organization"},"articleSection":["Interviews"],"inLanguage":"nl-NL"},{"@type":"WebPage","@id":"https:\/\/welovecinema.be\/nl\/raf-keunen-een-componist-waar-muziek-in-zit\/","url":"https:\/\/welovecinema.be\/nl\/raf-keunen-een-componist-waar-muziek-in-zit\/","name":"Raf Keunen : een componist waar muziek in zit - We Love Cinema","isPartOf":{"@id":"https:\/\/welovecinema.be\/nl\/#website"},"datePublished":"2011-10-17T10:07:49+00:00","dateModified":"2011-10-17T10:08:14+00:00","breadcrumb":{"@id":"https:\/\/welovecinema.be\/nl\/raf-keunen-een-componist-waar-muziek-in-zit\/#breadcrumb"},"inLanguage":"nl-NL","potentialAction":[{"@type":"ReadAction","target":["https:\/\/welovecinema.be\/nl\/raf-keunen-een-componist-waar-muziek-in-zit\/"]}]},{"@type":"BreadcrumbList","@id":"https:\/\/welovecinema.be\/nl\/raf-keunen-een-componist-waar-muziek-in-zit\/#breadcrumb","itemListElement":[{"@type":"ListItem","position":1,"name":"Accueil","item":"https:\/\/welovecinema.be\/nl\/"},{"@type":"ListItem","position":2,"name":"Raf Keunen : een componist waar muziek in zit"}]},{"@type":"WebSite","@id":"https:\/\/welovecinema.be\/nl\/#website","url":"https:\/\/welovecinema.be\/nl\/","name":"We Love Cinema","description":"Toute l\u2019information du cin\u00e9ma en Belgique","publisher":{"@id":"https:\/\/welovecinema.be\/nl\/#organization"},"potentialAction":[{"@type":"SearchAction","target":{"@type":"EntryPoint","urlTemplate":"https:\/\/welovecinema.be\/nl\/?s={search_term_string}"},"query-input":"required name=search_term_string"}],"inLanguage":"nl-NL"},{"@type":"Organization","@id":"https:\/\/welovecinema.be\/nl\/#organization","name":"We Love Cinema","url":"https:\/\/welovecinema.be\/nl\/","logo":{"@type":"ImageObject","inLanguage":"nl-NL","@id":"https:\/\/welovecinema.be\/nl\/#\/schema\/logo\/image\/","url":"https:\/\/welovecinema.be\/wp-content\/uploads\/sites\/2\/2023\/03\/Logo-We-Love-Cinema305x128.jpg","contentUrl":"https:\/\/welovecinema.be\/wp-content\/uploads\/sites\/2\/2023\/03\/Logo-We-Love-Cinema305x128.jpg","width":305,"height":128,"caption":"We Love Cinema"},"image":{"@id":"https:\/\/welovecinema.be\/nl\/#\/schema\/logo\/image\/"},"sameAs":["https:\/\/www.facebook.com\/welovecinema.be","https:\/\/www.youtube.com\/channel\/UCX5LYGVhnKvYauW4Nta4HJA","https:\/\/www.instagram.com\/welovecinema.be\/"]},{"@type":"Person","@id":"https:\/\/welovecinema.be\/nl\/#\/schema\/person\/f475ac81c30903d8505475024494c658","name":"Kurt.Vandemaele","url":"https:\/\/welovecinema.be\/nl\/author\/kurt-vandemaele\/"}]}},"_links":{"self":[{"href":"https:\/\/welovecinema.be\/nl\/wp-json\/wp\/v2\/posts\/9825","targetHints":{"allow":["GET"]}}],"collection":[{"href":"https:\/\/welovecinema.be\/nl\/wp-json\/wp\/v2\/posts"}],"about":[{"href":"https:\/\/welovecinema.be\/nl\/wp-json\/wp\/v2\/types\/post"}],"author":[{"embeddable":true,"href":"https:\/\/welovecinema.be\/nl\/wp-json\/wp\/v2\/users\/8"}],"replies":[{"embeddable":true,"href":"https:\/\/welovecinema.be\/nl\/wp-json\/wp\/v2\/comments?post=9825"}],"version-history":[{"count":0,"href":"https:\/\/welovecinema.be\/nl\/wp-json\/wp\/v2\/posts\/9825\/revisions"}],"wp:featuredmedia":[{"embeddable":true,"href":"https:\/\/welovecinema.be\/nl\/wp-json\/wp\/v2\/media\/9827"}],"wp:attachment":[{"href":"https:\/\/welovecinema.be\/nl\/wp-json\/wp\/v2\/media?parent=9825"}],"wp:term":[{"taxonomy":"category","embeddable":true,"href":"https:\/\/welovecinema.be\/nl\/wp-json\/wp\/v2\/categories?post=9825"},{"taxonomy":"post_tag","embeddable":true,"href":"https:\/\/welovecinema.be\/nl\/wp-json\/wp\/v2\/tags?post=9825"}],"curies":[{"name":"wp","href":"https:\/\/api.w.org\/{rel}","templated":true}]}}