{"id":88582,"date":"2016-06-27T18:00:43","date_gmt":"2016-06-27T16:00:43","guid":{"rendered":"http:\/\/www.cinevox.be\/?p=88582"},"modified":"2016-06-27T18:00:44","modified_gmt":"2016-06-27T16:00:44","slug":"88582","status":"publish","type":"post","link":"https:\/\/welovecinema.be\/nl\/88582\/","title":{"rendered":"GEZOCHT : edelfiguratie film &#8216;Rattrapage&#8217; \u2013 Summer Festival te Antwerpen"},"content":{"rendered":"<p>Op 1 juli starten de opnames in Belgi\u00eb van de Franse komedie<em> &#8216;Rattrapage&#8217;<\/em> van regisseur<strong> Tristan S\u00e9gu\u00e9la<\/strong> (in Frankrijk bekend van<em> &#8217;16 ans et plus&#8217;<\/em>) met in de hoofdrollen <strong>Anthony Sonigo<\/strong> (bekend o.a. van<em> &#8216;L\u2019Immortel&#8217;, &#8216;Les Infid\u00e8les&#8217;, &#8216;Camille Redouble&#8217;<\/em>) en <strong>Jimmy Labeeu<\/strong> (blijkbaar bekend van You Tube filmpjes).<\/p>\n<p><!--more--><\/p>\n<p>De film vertelt het verhaal van Guillaume, Ali, en Dylan, die op de uitslag van hun eindexamen wachten. Ze zijn zo zeker van een goed rapport dat ze voorzien hebben om dit de volgende dag op het &#8216;Summer Festival&#8217; te gaan vieren.<\/p>\n<p>Maar in tegenstelling tot Ali en Dylan is Guillaume niet geslaagd en moet hij 3 later een een mondeling herexamen afleggen. Alleen is Guillaume de enige met een rijbewijs\u2026 \u00a0En zijn vrienden hadden erop gerekend dat hij hen naar het festival zou rijden.<\/p>\n<p>Begint dan voor de 4 tieners een weekend vol avonturen en dolle streken dat hen zal doen inzien dat ze allemaal, op hun eigen manier, iets in te halen hadden\u2026<\/p>\n<p><a href=\"http:\/\/www.cinevox.be\/nl\/88582\/summerfestivalzaterdag_0\/\" rel=\"attachment wp-att-88602\"><img loading=\"lazy\" decoding=\"async\" class=\"aligncenter size-full wp-image-88602\" src=\"http:\/\/www.cinevox.be\/wp-content\/uploads\/sites\/2\/2016\/06\/summerfestivalzaterdag_0.jpg\" alt=\"\" width=\"640\" height=\"360\" srcset=\"https:\/\/welovecinema.be\/wp-content\/uploads\/sites\/2\/2016\/06\/summerfestivalzaterdag_0.jpg 640w, https:\/\/welovecinema.be\/wp-content\/uploads\/sites\/2\/2016\/06\/summerfestivalzaterdag_0-200x113.jpg 200w, https:\/\/welovecinema.be\/wp-content\/uploads\/sites\/2\/2016\/06\/summerfestivalzaterdag_0-480x270.jpg 480w, https:\/\/welovecinema.be\/wp-content\/uploads\/sites\/2\/2016\/06\/summerfestivalzaterdag_0-300x169.jpg 300w, https:\/\/welovecinema.be\/wp-content\/uploads\/sites\/2\/2016\/06\/summerfestivalzaterdag_0-620x350.jpg 620w\" sizes=\"auto, (max-width: 640px) 100vw, 640px\" \/><\/a><\/p>\n<p>&nbsp;<\/p>\n<p>XtraZ is op zoek naar verschillende types :<\/p>\n<p>&#8211; jonge ervaren dansers (m\/v) tussen de 16 en 28 jaar, die op moderne nachtclub muziek kunnen dansen, d.w.z. \u201ctechno\u201d, \u201celectro\u201d, \u201chouse\u201d, \u201cdance\u201d,\u2026<\/p>\n<p>&#8211; een grote, brede, sportieve, jonge man (rugby type) tussen de 20 en 25 jaar oud en tussen 1m87 en 1m95 groot om als Duitse festivalganger te figureren.<\/p>\n<p>&#8211; \u00a0jonge ervaren vrouwelijke dansers tussen de 16 en 28 jaar, die de \u201cTWERK\u201d kunnen dansen. Zie voorbeeld : <a href=\"https:\/\/www.youtube.com\/watch?v=jA1p3jGsxSw\">https:\/\/www.youtube.com\/watch?v=jA1p3jGsxSw<\/a><\/p>\n<p>&#8211; \u00a0een jonge vrouw (20 \u2013 25 jaar) met siliconen borsten die in bikini uit de bol gaat op een muziekfestival.<\/p>\n<p>&#8211; \u00a0jonge mannen en vrouwen tussen de 16 en 28 jaar, van alle nationaliteiten en huidskleuren, om mee te figureren als festivalganger. Gelieve NIET te reageren indien je jonger bent dan 16, a.u.b. \u00a0Men is op zoek naar trendy, jong, enthousiast volk om te feesten, te lachen, plezier te maken en uit de bol te gaan zoals het er op een \u00e9cht festival aan toegaat.<\/p>\n<p>De opnames vinden plaats op een bestaand festival, namelijk het &#8216;Summer Festival\u201d&#8217;in Antwerpen (zie <a href=\"http:\/\/www.summerfestival.be\/\">http:\/\/www.summerfestival.be\/<\/a>)<\/p>\n<p>Je zal dus tijdens het festival figureren, binnen een leuk decor maar vergeet niet dat het desondanks een werkplaats blijft\u2026<\/p>\n<p><a href=\"http:\/\/www.cinevox.be\/nl\/88582\/318815_851x315_417462o\/\" rel=\"attachment wp-att-88605\"><img loading=\"lazy\" decoding=\"async\" class=\"aligncenter size-large wp-image-88605\" src=\"http:\/\/www.cinevox.be\/wp-content\/uploads\/sites\/2\/2016\/06\/318815_851x315_417462o-800x296.jpg\" alt=\"\" width=\"640\" height=\"236\" srcset=\"https:\/\/welovecinema.be\/wp-content\/uploads\/sites\/2\/2016\/06\/318815_851x315_417462o-800x296.jpg 800w, https:\/\/welovecinema.be\/wp-content\/uploads\/sites\/2\/2016\/06\/318815_851x315_417462o-480x177.jpg 480w, https:\/\/welovecinema.be\/wp-content\/uploads\/sites\/2\/2016\/06\/318815_851x315_417462o.jpg 851w\" sizes=\"auto, (max-width: 640px) 100vw, 640px\" \/><\/a><\/p>\n<p><span style=\"text-decoration: underline;\"><strong>De opnames vinden plaats op vrijdag 1, zaterdag 2 en zondag 3 juli \u00a0te Antwerpen.<\/strong><\/span><\/p>\n<p>Let op: je dient de 3 dagen VOLLEDIG beschikbaar te zijn, zeker tot rond 22u-22u30 gezien de concrete opnameplanning nu nog niet gekend is.<\/p>\n<p>Afhankelijk van die planning zou je 1 of meerdere dagen meedraaien.<\/p>\n<p>Hou rekening met mogelijke lange opnamedagen van +\/- 14u.<\/p>\n<p>Er is een vergoeding voorzien van 50 of 75 euro\/persoon\/dag (afhankelijk van de rol). Dit is inclusief vervoersonkosten.<\/p>\n<p>&nbsp;<\/p>\n<p>&nbsp;<\/p>\n<p>Indien je vrij en ge\u00efnteresseerd bent, stel je dan kandidaat door dringend een mail te sturen naar film@xtraz.be\u00a0met vermelding \u2018DANSERS\u2019, &#8216;BREDE MAN&#8217;, &#8216;TWERK&#8217;, &#8216;BIKINI&#8217; en &#8216;FESTIVAL&#8217; naar gelang de rol waarvoor je solliciteert en een opsomming van volgende gegevens:<\/p>\n<p>&#8211; naam en voornaam<\/p>\n<p>&#8211; adres (straat, postcode + gemeente)<\/p>\n<p>&#8211; gsm nr\u00b0<\/p>\n<p>&#8211; leeftijd \u2013 geboortedatum<\/p>\n<p>&#8211; maten: lengte, confectiemaat, borstomtrek, taille, heupomtrek en schoenmaat<\/p>\n<p>&#8211; minimum 2 foto\u2019s : 1 totaal + 1 close-up. Indien je tatoeages hebt, graag ook foto\u2019s van je tattoos doorsturen. (en wie solliciteert voor de dame met de siliconen borsten, graag ook een foto\u00a0in bikini waarbij duidelijk je boezem te zien is)<\/p>\n<p>&#8211; je ervaring met dans en moderne nachtclub muziek in het bijzonder. Indien je over een video opname van jezelf beschikt waar je aan het twerken bent of techno, electro, house danst mag je dit zeker doorsturen. De opname mag gerust met een gsm opgenomen zijn.<\/p>\n<p><a href=\"http:\/\/www.cinevox.be\/nl\/88582\/maxresdefault-26\/\" rel=\"attachment wp-att-88601\"><img loading=\"lazy\" decoding=\"async\" class=\"aligncenter size-large wp-image-88601\" src=\"http:\/\/www.cinevox.be\/wp-content\/uploads\/sites\/2\/2016\/06\/maxresdefault1-800x533.jpg\" alt=\"\" width=\"640\" height=\"426\" srcset=\"https:\/\/welovecinema.be\/wp-content\/uploads\/sites\/2\/2016\/06\/maxresdefault1-800x533.jpg 800w, https:\/\/welovecinema.be\/wp-content\/uploads\/sites\/2\/2016\/06\/maxresdefault1-405x270.jpg 405w, https:\/\/welovecinema.be\/wp-content\/uploads\/sites\/2\/2016\/06\/maxresdefault1.jpg 1080w\" sizes=\"auto, (max-width: 640px) 100vw, 640px\" \/><\/a><\/p>\n","protected":false},"excerpt":{"rendered":"<p>Op 1 juli starten de opnames in Belgi\u00eb van de Franse komedie &#8216;Rattrapage&#8217; van regisseur Tristan S\u00e9gu\u00e9la (in Frankrijk bekend van &#8217;16 ans et plus&#8217;) met in de hoofdrollen Anthony Sonigo (bekend o.a. van &#8216;L\u2019Immortel&#8217;, &#8216;Les Infid\u00e8les&#8217;, &#8216;Camille Redouble&#8217;) en Jimmy Labeeu (blijkbaar bekend van You Tube filmpjes).<\/p>\n","protected":false},"author":8,"featured_media":88604,"comment_status":"closed","ping_status":"closed","sticky":false,"template":"","format":"standard","meta":{"ngg_post_thumbnail":0,"footnotes":""},"categories":[37,30],"tags":[],"class_list":["post-88582","post","type-post","status-publish","format-standard","has-post-thumbnail","","category-cinejobs-nl","category-nieuws"],"yoast_head":"<!-- This site is optimized with the Yoast SEO plugin v20.4 - https:\/\/yoast.com\/wordpress\/plugins\/seo\/ -->\n<title>GEZOCHT : edelfiguratie film &#039;Rattrapage&#039; \u2013 Summer Festival te Antwerpen - We Love Cinema<\/title>\n<meta name=\"robots\" content=\"index, follow, max-snippet:-1, max-image-preview:large, max-video-preview:-1\" \/>\n<link rel=\"canonical\" href=\"https:\/\/welovecinema.be\/nl\/88582\/\" \/>\n<meta property=\"og:locale\" content=\"nl_NL\" \/>\n<meta property=\"og:type\" content=\"article\" \/>\n<meta property=\"og:title\" content=\"GEZOCHT : edelfiguratie film &#039;Rattrapage&#039; \u2013 Summer Festival te Antwerpen - We Love Cinema\" \/>\n<meta property=\"og:description\" content=\"Op 1 juli starten de opnames in Belgi\u00eb van de Franse komedie &#8216;Rattrapage&#8217; van regisseur Tristan S\u00e9gu\u00e9la (in Frankrijk bekend van &#8217;16 ans et plus&#8217;) met in de hoofdrollen Anthony Sonigo (bekend o.a. van &#8216;L\u2019Immortel&#8217;, &#8216;Les Infid\u00e8les&#8217;, &#8216;Camille Redouble&#8217;) en Jimmy Labeeu (blijkbaar bekend van You Tube filmpjes).\" \/>\n<meta property=\"og:url\" content=\"https:\/\/welovecinema.be\/nl\/88582\/\" \/>\n<meta property=\"og:site_name\" content=\"We Love Cinema\" \/>\n<meta property=\"article:publisher\" content=\"https:\/\/www.facebook.com\/welovecinema.be\" \/>\n<meta property=\"article:published_time\" content=\"2016-06-27T16:00:43+00:00\" \/>\n<meta property=\"article:modified_time\" content=\"2016-06-27T16:00:44+00:00\" \/>\n<meta property=\"og:image\" content=\"https:\/\/welovecinema.be\/wp-content\/uploads\/sites\/2\/2016\/06\/Summerfestival_2016_Bustrip_2.png\" \/>\n\t<meta property=\"og:image:width\" content=\"1200\" \/>\n\t<meta property=\"og:image:height\" content=\"1200\" \/>\n\t<meta property=\"og:image:type\" content=\"image\/png\" \/>\n<meta name=\"author\" content=\"Kurt.Vandemaele\" \/>\n<meta name=\"twitter:card\" content=\"summary_large_image\" \/>\n<meta name=\"twitter:label1\" content=\"Geschreven door\" \/>\n\t<meta name=\"twitter:data1\" content=\"Kurt.Vandemaele\" \/>\n\t<meta name=\"twitter:label2\" content=\"Geschatte leestijd\" \/>\n\t<meta name=\"twitter:data2\" content=\"3 minuten\" \/>\n<script type=\"application\/ld+json\" class=\"yoast-schema-graph\">{\"@context\":\"https:\/\/schema.org\",\"@graph\":[{\"@type\":\"Article\",\"@id\":\"https:\/\/welovecinema.be\/nl\/88582\/#article\",\"isPartOf\":{\"@id\":\"https:\/\/welovecinema.be\/nl\/88582\/\"},\"author\":{\"name\":\"Kurt.Vandemaele\",\"@id\":\"https:\/\/welovecinema.be\/nl\/#\/schema\/person\/f475ac81c30903d8505475024494c658\"},\"headline\":\"GEZOCHT : edelfiguratie film &#8216;Rattrapage&#8217; \u2013 Summer Festival te Antwerpen\",\"datePublished\":\"2016-06-27T16:00:43+00:00\",\"dateModified\":\"2016-06-27T16:00:44+00:00\",\"mainEntityOfPage\":{\"@id\":\"https:\/\/welovecinema.be\/nl\/88582\/\"},\"wordCount\":605,\"publisher\":{\"@id\":\"https:\/\/welovecinema.be\/nl\/#organization\"},\"articleSection\":[\"Cinejobs\",\"Nieuws\"],\"inLanguage\":\"nl-NL\"},{\"@type\":\"WebPage\",\"@id\":\"https:\/\/welovecinema.be\/nl\/88582\/\",\"url\":\"https:\/\/welovecinema.be\/nl\/88582\/\",\"name\":\"GEZOCHT : edelfiguratie film 'Rattrapage' \u2013 Summer Festival te Antwerpen - We Love Cinema\",\"isPartOf\":{\"@id\":\"https:\/\/welovecinema.be\/nl\/#website\"},\"datePublished\":\"2016-06-27T16:00:43+00:00\",\"dateModified\":\"2016-06-27T16:00:44+00:00\",\"breadcrumb\":{\"@id\":\"https:\/\/welovecinema.be\/nl\/88582\/#breadcrumb\"},\"inLanguage\":\"nl-NL\",\"potentialAction\":[{\"@type\":\"ReadAction\",\"target\":[\"https:\/\/welovecinema.be\/nl\/88582\/\"]}]},{\"@type\":\"BreadcrumbList\",\"@id\":\"https:\/\/welovecinema.be\/nl\/88582\/#breadcrumb\",\"itemListElement\":[{\"@type\":\"ListItem\",\"position\":1,\"name\":\"Accueil\",\"item\":\"https:\/\/welovecinema.be\/nl\/\"},{\"@type\":\"ListItem\",\"position\":2,\"name\":\"GEZOCHT : edelfiguratie film &#8216;Rattrapage&#8217; \u2013 Summer Festival te Antwerpen\"}]},{\"@type\":\"WebSite\",\"@id\":\"https:\/\/welovecinema.be\/nl\/#website\",\"url\":\"https:\/\/welovecinema.be\/nl\/\",\"name\":\"We Love Cinema\",\"description\":\"Toute l\u2019information du cin\u00e9ma en Belgique\",\"publisher\":{\"@id\":\"https:\/\/welovecinema.be\/nl\/#organization\"},\"potentialAction\":[{\"@type\":\"SearchAction\",\"target\":{\"@type\":\"EntryPoint\",\"urlTemplate\":\"https:\/\/welovecinema.be\/nl\/?s={search_term_string}\"},\"query-input\":\"required name=search_term_string\"}],\"inLanguage\":\"nl-NL\"},{\"@type\":\"Organization\",\"@id\":\"https:\/\/welovecinema.be\/nl\/#organization\",\"name\":\"We Love Cinema\",\"url\":\"https:\/\/welovecinema.be\/nl\/\",\"logo\":{\"@type\":\"ImageObject\",\"inLanguage\":\"nl-NL\",\"@id\":\"https:\/\/welovecinema.be\/nl\/#\/schema\/logo\/image\/\",\"url\":\"https:\/\/welovecinema.be\/wp-content\/uploads\/sites\/2\/2023\/03\/Logo-We-Love-Cinema305x128.jpg\",\"contentUrl\":\"https:\/\/welovecinema.be\/wp-content\/uploads\/sites\/2\/2023\/03\/Logo-We-Love-Cinema305x128.jpg\",\"width\":305,\"height\":128,\"caption\":\"We Love Cinema\"},\"image\":{\"@id\":\"https:\/\/welovecinema.be\/nl\/#\/schema\/logo\/image\/\"},\"sameAs\":[\"https:\/\/www.facebook.com\/welovecinema.be\",\"https:\/\/www.youtube.com\/channel\/UCX5LYGVhnKvYauW4Nta4HJA\",\"https:\/\/www.instagram.com\/welovecinema.be\/\"]},{\"@type\":\"Person\",\"@id\":\"https:\/\/welovecinema.be\/nl\/#\/schema\/person\/f475ac81c30903d8505475024494c658\",\"name\":\"Kurt.Vandemaele\",\"url\":\"https:\/\/welovecinema.be\/nl\/author\/kurt-vandemaele\/\"}]}<\/script>\n<!-- \/ Yoast SEO plugin. -->","yoast_head_json":{"title":"GEZOCHT : edelfiguratie film 'Rattrapage' \u2013 Summer Festival te Antwerpen - We Love Cinema","robots":{"index":"index","follow":"follow","max-snippet":"max-snippet:-1","max-image-preview":"max-image-preview:large","max-video-preview":"max-video-preview:-1"},"canonical":"https:\/\/welovecinema.be\/nl\/88582\/","og_locale":"nl_NL","og_type":"article","og_title":"GEZOCHT : edelfiguratie film 'Rattrapage' \u2013 Summer Festival te Antwerpen - We Love Cinema","og_description":"Op 1 juli starten de opnames in Belgi\u00eb van de Franse komedie &#8216;Rattrapage&#8217; van regisseur Tristan S\u00e9gu\u00e9la (in Frankrijk bekend van &#8217;16 ans et plus&#8217;) met in de hoofdrollen Anthony Sonigo (bekend o.a. van &#8216;L\u2019Immortel&#8217;, &#8216;Les Infid\u00e8les&#8217;, &#8216;Camille Redouble&#8217;) en Jimmy Labeeu (blijkbaar bekend van You Tube filmpjes).","og_url":"https:\/\/welovecinema.be\/nl\/88582\/","og_site_name":"We Love Cinema","article_publisher":"https:\/\/www.facebook.com\/welovecinema.be","article_published_time":"2016-06-27T16:00:43+00:00","article_modified_time":"2016-06-27T16:00:44+00:00","og_image":[{"width":1200,"height":1200,"url":"https:\/\/welovecinema.be\/wp-content\/uploads\/sites\/2\/2016\/06\/Summerfestival_2016_Bustrip_2.png","type":"image\/png"}],"author":"Kurt.Vandemaele","twitter_card":"summary_large_image","twitter_misc":{"Geschreven door":"Kurt.Vandemaele","Geschatte leestijd":"3 minuten"},"schema":{"@context":"https:\/\/schema.org","@graph":[{"@type":"Article","@id":"https:\/\/welovecinema.be\/nl\/88582\/#article","isPartOf":{"@id":"https:\/\/welovecinema.be\/nl\/88582\/"},"author":{"name":"Kurt.Vandemaele","@id":"https:\/\/welovecinema.be\/nl\/#\/schema\/person\/f475ac81c30903d8505475024494c658"},"headline":"GEZOCHT : edelfiguratie film &#8216;Rattrapage&#8217; \u2013 Summer Festival te Antwerpen","datePublished":"2016-06-27T16:00:43+00:00","dateModified":"2016-06-27T16:00:44+00:00","mainEntityOfPage":{"@id":"https:\/\/welovecinema.be\/nl\/88582\/"},"wordCount":605,"publisher":{"@id":"https:\/\/welovecinema.be\/nl\/#organization"},"articleSection":["Cinejobs","Nieuws"],"inLanguage":"nl-NL"},{"@type":"WebPage","@id":"https:\/\/welovecinema.be\/nl\/88582\/","url":"https:\/\/welovecinema.be\/nl\/88582\/","name":"GEZOCHT : edelfiguratie film 'Rattrapage' \u2013 Summer Festival te Antwerpen - We Love Cinema","isPartOf":{"@id":"https:\/\/welovecinema.be\/nl\/#website"},"datePublished":"2016-06-27T16:00:43+00:00","dateModified":"2016-06-27T16:00:44+00:00","breadcrumb":{"@id":"https:\/\/welovecinema.be\/nl\/88582\/#breadcrumb"},"inLanguage":"nl-NL","potentialAction":[{"@type":"ReadAction","target":["https:\/\/welovecinema.be\/nl\/88582\/"]}]},{"@type":"BreadcrumbList","@id":"https:\/\/welovecinema.be\/nl\/88582\/#breadcrumb","itemListElement":[{"@type":"ListItem","position":1,"name":"Accueil","item":"https:\/\/welovecinema.be\/nl\/"},{"@type":"ListItem","position":2,"name":"GEZOCHT : edelfiguratie film &#8216;Rattrapage&#8217; \u2013 Summer Festival te Antwerpen"}]},{"@type":"WebSite","@id":"https:\/\/welovecinema.be\/nl\/#website","url":"https:\/\/welovecinema.be\/nl\/","name":"We Love Cinema","description":"Toute l\u2019information du cin\u00e9ma en Belgique","publisher":{"@id":"https:\/\/welovecinema.be\/nl\/#organization"},"potentialAction":[{"@type":"SearchAction","target":{"@type":"EntryPoint","urlTemplate":"https:\/\/welovecinema.be\/nl\/?s={search_term_string}"},"query-input":"required name=search_term_string"}],"inLanguage":"nl-NL"},{"@type":"Organization","@id":"https:\/\/welovecinema.be\/nl\/#organization","name":"We Love Cinema","url":"https:\/\/welovecinema.be\/nl\/","logo":{"@type":"ImageObject","inLanguage":"nl-NL","@id":"https:\/\/welovecinema.be\/nl\/#\/schema\/logo\/image\/","url":"https:\/\/welovecinema.be\/wp-content\/uploads\/sites\/2\/2023\/03\/Logo-We-Love-Cinema305x128.jpg","contentUrl":"https:\/\/welovecinema.be\/wp-content\/uploads\/sites\/2\/2023\/03\/Logo-We-Love-Cinema305x128.jpg","width":305,"height":128,"caption":"We Love Cinema"},"image":{"@id":"https:\/\/welovecinema.be\/nl\/#\/schema\/logo\/image\/"},"sameAs":["https:\/\/www.facebook.com\/welovecinema.be","https:\/\/www.youtube.com\/channel\/UCX5LYGVhnKvYauW4Nta4HJA","https:\/\/www.instagram.com\/welovecinema.be\/"]},{"@type":"Person","@id":"https:\/\/welovecinema.be\/nl\/#\/schema\/person\/f475ac81c30903d8505475024494c658","name":"Kurt.Vandemaele","url":"https:\/\/welovecinema.be\/nl\/author\/kurt-vandemaele\/"}]}},"_links":{"self":[{"href":"https:\/\/welovecinema.be\/nl\/wp-json\/wp\/v2\/posts\/88582","targetHints":{"allow":["GET"]}}],"collection":[{"href":"https:\/\/welovecinema.be\/nl\/wp-json\/wp\/v2\/posts"}],"about":[{"href":"https:\/\/welovecinema.be\/nl\/wp-json\/wp\/v2\/types\/post"}],"author":[{"embeddable":true,"href":"https:\/\/welovecinema.be\/nl\/wp-json\/wp\/v2\/users\/8"}],"replies":[{"embeddable":true,"href":"https:\/\/welovecinema.be\/nl\/wp-json\/wp\/v2\/comments?post=88582"}],"version-history":[{"count":0,"href":"https:\/\/welovecinema.be\/nl\/wp-json\/wp\/v2\/posts\/88582\/revisions"}],"wp:featuredmedia":[{"embeddable":true,"href":"https:\/\/welovecinema.be\/nl\/wp-json\/wp\/v2\/media\/88604"}],"wp:attachment":[{"href":"https:\/\/welovecinema.be\/nl\/wp-json\/wp\/v2\/media?parent=88582"}],"wp:term":[{"taxonomy":"category","embeddable":true,"href":"https:\/\/welovecinema.be\/nl\/wp-json\/wp\/v2\/categories?post=88582"},{"taxonomy":"post_tag","embeddable":true,"href":"https:\/\/welovecinema.be\/nl\/wp-json\/wp\/v2\/tags?post=88582"}],"curies":[{"name":"wp","href":"https:\/\/api.w.org\/{rel}","templated":true}]}}