{"id":88157,"date":"2016-06-07T09:33:29","date_gmt":"2016-06-07T07:33:29","guid":{"rendered":"http:\/\/www.cinevox.be\/?p=88157"},"modified":"2018-10-05T12:08:44","modified_gmt":"2018-10-05T10:08:44","slug":"felix-van-groeningen-master-van-future-frames-in-karlovy-vary","status":"publish","type":"post","link":"https:\/\/welovecinema.be\/nl\/felix-van-groeningen-master-van-future-frames-in-karlovy-vary\/","title":{"rendered":"Felix van Groeningen Master van Future Frames in Karlovy Vary"},"content":{"rendered":"<p>KARLOVY VARY\/BRUSSEL, 7 juni 2016. <strong>Felix van Groeningen<\/strong> is dit jaar de Master van Future Frames, een initiatief van het Internationaal Filmfestival van Karlovy Vary en European Film Promotion dat jong filmtalent in de kijker plaatst. De regisseur zal o.a. een masterclass geven aan de 10 voor Future Frames geselecteerde filmmakers, waaronder de Vlaamse cineaste <strong>Karen V\u00e1zquez Guadarrama<\/strong>. Van Groeningen stelt in Karlovy Vary ook zijn meest recente film &#8216;Belgica&#8217; voor, die er in Offici\u00eble Selectie wordt getoond.<\/p>\n<figure id=\"attachment_88164\" aria-describedby=\"caption-attachment-88164\" style=\"width: 640px\" class=\"wp-caption aligncenter\"><a href=\"http:\/\/www.cinevox.be\/nl\/felix-van-groeningen-master-van-future-frames-in-karlovy-vary\/felixvangroeningen_hansdegreve-1\/\" rel=\"attachment wp-att-88164\"><img loading=\"lazy\" decoding=\"async\" class=\"wp-image-88164 size-large\" src=\"http:\/\/www.cinevox.be\/wp-content\/uploads\/sites\/2\/2016\/06\/FelixvanGroeningen_HansDeGreve-1-800x533.jpg\" alt=\"\" width=\"640\" height=\"426\" srcset=\"https:\/\/welovecinema.be\/wp-content\/uploads\/sites\/2\/2016\/06\/FelixvanGroeningen_HansDeGreve-1-800x533.jpg 800w, https:\/\/welovecinema.be\/wp-content\/uploads\/sites\/2\/2016\/06\/FelixvanGroeningen_HansDeGreve-1-405x270.jpg 405w\" sizes=\"auto, (max-width: 640px) 100vw, 640px\" \/><\/a><figcaption id=\"caption-attachment-88164\" class=\"wp-caption-text\">Felix Van Groeningen<\/figcaption><\/figure>\n<p>De regisseur van onder meer<em> &#8216;The Broken Circle Breakdown&#8217;, &#8216;De helaasheid der dingen&#8217;<\/em> en<em> &#8216;Dagen zonder lief&#8217;<\/em> geeft niet enkel een masterclass over<em> &#8216;Belgica&#8217;<\/em>, maar zal ook zijn uitgebreide expertise als filmmaker delen met de 10 jonge regisseurs die in Karlovy Vary uitgenodigd zijn voor Future Frames. Tijdens dit tweedaagse programma maken zij intensief kennis met de aanwezige media en filmprofessionals en worden hun kortfilms voorgesteld aan het festivalpubliek.<\/p>\n<figure id=\"attachment_88159\" aria-describedby=\"caption-attachment-88159\" style=\"width: 400px\" class=\"wp-caption alignright\"><a href=\"http:\/\/www.cinevox.be\/nl\/felix-van-groeningen-master-van-future-frames-in-karlovy-vary\/12356866_1033607320016004_8418177831360052593_o\/\" rel=\"attachment wp-att-88159\"><img loading=\"lazy\" decoding=\"async\" class=\"size-large wp-image-88159\" src=\"http:\/\/www.cinevox.be\/wp-content\/uploads\/sites\/2\/2016\/06\/12356866_1033607320016004_8418177831360052593_o-400x600.jpg\" alt=\"\" width=\"400\" height=\"600\" srcset=\"https:\/\/welovecinema.be\/wp-content\/uploads\/sites\/2\/2016\/06\/12356866_1033607320016004_8418177831360052593_o-400x600.jpg 400w, https:\/\/welovecinema.be\/wp-content\/uploads\/sites\/2\/2016\/06\/12356866_1033607320016004_8418177831360052593_o-180x270.jpg 180w, https:\/\/welovecinema.be\/wp-content\/uploads\/sites\/2\/2016\/06\/12356866_1033607320016004_8418177831360052593_o.jpg 640w\" sizes=\"auto, (max-width: 400px) 100vw, 400px\" \/><\/a><figcaption id=\"caption-attachment-88159\" class=\"wp-caption-text\">Karen Vazquez Guadarrama met haar VAF Wildcard-trofee voor &#8216;Flor de mil colliers&#8217; (foto KVdm &#8211; Cinevox)<\/figcaption><\/figure>\n<p>Een van de uitgekozen deelnemers dit jaar is Karen V\u00e1zquez Guadarrama die met <em>&#8216;Flor de mil colores&#8217;<\/em> afstudeerde aan de Gentse kunsthogeschool KASK School of Arts. Haar korte documentaire over een alleenstaande moeder in een Boliviaans mijndorp won niet alleen de Prijs Stichting Mathilde Horlait-Dapsens, maar werd ook op het Film Fest Gent gelauwerd als Beste Belgische Studentenfilm en leverde bovendien een VAF Wildcard op.<\/p>\n<p>&#8216;Flor de mil colores&#8217; kreeg begin dit jaar nog zijn internationale premi\u00e8re op het prestigieuze Sundance Film Festival in de Verenigde Staten, waar ook van Groeningens Belgica in premi\u00e8re ging binnen de World Dramatic Competition. Zijn verhaal over twee broers die samen een caf\u00e9 runnen maar ten prooi vallen aan hun eigen succes, wist er de Prijs voor Beste Regie in de wacht te slepen.<\/p>\n<p>&#8216;Belgica&#8217; maakt begin juli ook zijn opwachting op het Internationaal Filmfestival van Karlovy Vary. Van Groeningen, die de film persoonlijk zal inleiden, is een graag geziene gast op het Tsjechische festival. In 2010 werd &#8216;De helaasheid der dingen&#8217; er vertoond, terwijl hij er in 2013 te gast was met &#8216;The Broken Circle Breakdown&#8217; als onderdeel van Variety\u2019s Top 10 Euro Directors to Watch.<\/p>\n<p>&#8216;Belgica&#8217; is een productie van Menuet, naar een scenario dat <strong>Arne Sierens<\/strong> en van Groeningen samen schreven. De film kon rekenen op steun van het VAF. Ook het economisch fonds Screen Flanders, investeerde in de film.<\/p>\n<p>Zie ook :<\/p>\n<p>&#8211; <a title=\"Felix Van Groeningen wou extremer gaan met \u2018Belgica\u2019\" href=\"http:\/\/www.cinevox.be\/nl\/felix-groeningen-wou-extremer-gaan-belgica\">Felix Van Groeningen wou extremer gaan met &#8216;Belgica&#8217;<\/a><\/p>\n<p>&#8211; <a title=\"Felix Van Groeningen over waarom \u2018Belgica\u2019 over meer gaat dan over een caf\u00e9\" href=\"http:\/\/www.cinevox.be\/nl\/felix-groeningen-waarom-belgica-meer-gaat-dan-cafe\">Felix over waarom &#8216;Belgica&#8217; over meer gaat dan over een caf\u00e9<\/a><\/p>\n<p><a title=\"Felix Van Groeningen met een heel mooie uitleg over de muziek uit \u2018Belgica\u2019\" href=\"http:\/\/www.cinevox.be\/nl\/felix-groeningen-heel-mooie-uitleg-muziek-belgica\">&#8211; Felix Van Groeningen over de muziek van &#8216;Belgica&#8217;<\/a><\/p>\n<p>&#8211; <a title=\"Felix Van Groeningen over Tom Vermeir en Stef Aerts\" href=\"http:\/\/www.cinevox.be\/nl\/felix-groeningen-tom-vermeir-en-stef-aerts\">Felix over Tom Vermeir en Stef Aerts<\/a><\/p>\n<p>&#8211; <a title=\"Felix Van Groeningen over hoe hij op het idee van \u2018Belgica\u2019 is gekomen\" href=\"http:\/\/www.cinevox.be\/nl\/felix-groeningen-hoe-op-idee-belgica-is-gekomen\">Felix over hoe hij op het idee voor &#8216;Belgica&#8217; is gekomen<\/a><\/p>\n<p>&#8211; <a title=\"Felix Van Groeningen over waarom Stef Aerts West-Vlaams spreekt in \u2018Belgica\u2019\" href=\"http:\/\/www.cinevox.be\/nl\/felix-groeningen-waarom-stef-aerts-west-vlaams-spreekt-belgica\">Felix over waarom Stef Aerts West-Vlaams spreekt in Belgica<\/a><\/p>\n<p>&#8211; <a title=\"Tom Vermeir vindt Felix Van Groeningen een heerlijke kapitein\" href=\"http:\/\/www.cinevox.be\/nl\/tom-vermeir-vindt-felix-groeningen-heerlijke-kapitein\">Tom Vermeir vindt Felix een heerlijke kapitein<\/a><\/p>\n<p>&#8211; <a title=\"Felix Van Groeningen zocht hard naar de balans tussen feest en drama\" href=\"http:\/\/www.cinevox.be\/nl\/felix-groeningen-zocht-hard-naar-balans-feest-en-drama\">Felix zocht hard naar balans tussen feest en drama<\/a><\/p>\n<p>&#8211; <a title=\"Felix Van Groeningen pakt in \u2018Belgica\u2019 uit met alle kleuren, alle dialecten, maar vooral West-Vlaams\" href=\"http:\/\/www.cinevox.be\/nl\/felix-groeningen-pakt-belgica-kleuren-dialecten-vooral-west-vlaams\">Felix pakt uit met alle kleuren, alle klanken, maar vooral West-Vlaams<\/a><\/p>\n<p>&#8211; <a title=\"Felix Van Groeningen over de acteurs die broers spelen, over de broers die de muziek componeerden en over wat hij hoopt dat zijn film bij het publiek zal losmaken\" href=\"http:\/\/www.cinevox.be\/nl\/felix-groeningen-acteurs-broers-spelen-broers-muziek-componeerden-en-hoopt-film-publiek-zal-losmaken\">Felix over de acteurs die de broers spelen, over de broers die de muziek componeerden, en over wat hij hoopt dat de film zal losmaken bij het publiek<\/a><\/p>\n<p>&#8211; <a title=\"Felix Van Groeningen over Boris Van Severen en Charlotte Vandermeersch\" href=\"http:\/\/www.cinevox.be\/nl\/felix-groeningen-boris-severen-en-charlotte-vandermeersch\">Felix over Boris Van Severen en Charlotte Vandermeersch<\/a><\/p>\n<p>&#8211; <a title=\"Felix Van Groeningen over waarom zijn film niet \u2018Charlatan\u2019 heet\" href=\"http:\/\/www.cinevox.be\/nl\/felix-groeningen-waarom-film-charlatan-heet\">Felix over waarom zijn film niet &#8216;Charlatan&#8217; heet<\/a><\/p>\n<p><a href=\"http:\/\/www.cinevox.be\/nl\/felix-van-groeningen-master-van-future-frames-in-karlovy-vary\/38e72489-4e4c-4461-ac25-0f0f2a9c9b3a\/\" rel=\"attachment wp-att-88163\"><img loading=\"lazy\" decoding=\"async\" class=\"aligncenter size-full wp-image-88163\" src=\"http:\/\/www.cinevox.be\/wp-content\/uploads\/sites\/2\/2016\/06\/38e72489-4e4c-4461-ac25-0f0f2a9c9b3a.jpg\" alt=\"\" width=\"600\" height=\"172\" srcset=\"https:\/\/welovecinema.be\/wp-content\/uploads\/sites\/2\/2016\/06\/38e72489-4e4c-4461-ac25-0f0f2a9c9b3a.jpg 600w, https:\/\/welovecinema.be\/wp-content\/uploads\/sites\/2\/2016\/06\/38e72489-4e4c-4461-ac25-0f0f2a9c9b3a-480x137.jpg 480w\" sizes=\"auto, (max-width: 600px) 100vw, 600px\" \/><\/a><\/p>\n","protected":false},"excerpt":{"rendered":"<p>KARLOVY VARY\/BRUSSEL, 7 juni 2016. Felix van Groeningen is dit jaar de Master van Future Frames, een initiatief van het Internationaal Filmfestival van Karlovy Vary en European Film Promotion dat jong filmtalent in de kijker plaatst. De regisseur zal o.a. een masterclass geven aan de 10 voor Future Frames geselecteerde filmmakers, waaronder de Vlaamse cineaste &hellip;<\/p>\n","protected":false},"author":8,"featured_media":88169,"comment_status":"closed","ping_status":"closed","sticky":false,"template":"","format":"standard","meta":{"ngg_post_thumbnail":0,"footnotes":""},"categories":[1069,30],"tags":[],"class_list":["post-88157","post","type-post","status-publish","format-standard","has-post-thumbnail","","category-festivals-nl","category-nieuws"],"yoast_head":"<!-- This site is optimized with the Yoast SEO plugin v20.4 - https:\/\/yoast.com\/wordpress\/plugins\/seo\/ -->\n<title>Felix van Groeningen Master van Future Frames in Karlovy Vary - We Love Cinema<\/title>\n<meta name=\"robots\" content=\"index, follow, max-snippet:-1, max-image-preview:large, max-video-preview:-1\" \/>\n<link rel=\"canonical\" href=\"https:\/\/welovecinema.be\/nl\/felix-van-groeningen-master-van-future-frames-in-karlovy-vary\/\" \/>\n<meta property=\"og:locale\" content=\"nl_NL\" \/>\n<meta property=\"og:type\" content=\"article\" \/>\n<meta property=\"og:title\" content=\"Felix van Groeningen Master van Future Frames in Karlovy Vary - We Love Cinema\" \/>\n<meta property=\"og:description\" content=\"KARLOVY VARY\/BRUSSEL, 7 juni 2016. Felix van Groeningen is dit jaar de Master van Future Frames, een initiatief van het Internationaal Filmfestival van Karlovy Vary en European Film Promotion dat jong filmtalent in de kijker plaatst. De regisseur zal o.a. een masterclass geven aan de 10 voor Future Frames geselecteerde filmmakers, waaronder de Vlaamse cineaste &hellip;\" \/>\n<meta property=\"og:url\" content=\"https:\/\/welovecinema.be\/nl\/felix-van-groeningen-master-van-future-frames-in-karlovy-vary\/\" \/>\n<meta property=\"og:site_name\" content=\"We Love Cinema\" \/>\n<meta property=\"article:publisher\" content=\"https:\/\/www.facebook.com\/welovecinema.be\" \/>\n<meta property=\"article:published_time\" content=\"2016-06-07T07:33:29+00:00\" \/>\n<meta property=\"article:modified_time\" content=\"2018-10-05T10:08:44+00:00\" \/>\n<meta property=\"og:image\" content=\"https:\/\/welovecinema.be\/wp-content\/uploads\/sites\/2\/2016\/06\/FelixvanGroeningen_HansDeGreve-11-800x533.jpg\" \/>\n\t<meta property=\"og:image:width\" content=\"800\" \/>\n\t<meta property=\"og:image:height\" content=\"533\" \/>\n\t<meta property=\"og:image:type\" content=\"image\/jpeg\" \/>\n<meta name=\"author\" content=\"Kurt.Vandemaele\" \/>\n<meta name=\"twitter:card\" content=\"summary_large_image\" \/>\n<meta name=\"twitter:label1\" content=\"Geschreven door\" \/>\n\t<meta name=\"twitter:data1\" content=\"Kurt.Vandemaele\" \/>\n\t<meta name=\"twitter:label2\" content=\"Geschatte leestijd\" \/>\n\t<meta name=\"twitter:data2\" content=\"3 minuten\" \/>\n<script type=\"application\/ld+json\" class=\"yoast-schema-graph\">{\"@context\":\"https:\/\/schema.org\",\"@graph\":[{\"@type\":\"Article\",\"@id\":\"https:\/\/welovecinema.be\/nl\/felix-van-groeningen-master-van-future-frames-in-karlovy-vary\/#article\",\"isPartOf\":{\"@id\":\"https:\/\/welovecinema.be\/nl\/felix-van-groeningen-master-van-future-frames-in-karlovy-vary\/\"},\"author\":{\"name\":\"Kurt.Vandemaele\",\"@id\":\"https:\/\/welovecinema.be\/nl\/#\/schema\/person\/f475ac81c30903d8505475024494c658\"},\"headline\":\"Felix van Groeningen Master van Future Frames in Karlovy Vary\",\"datePublished\":\"2016-06-07T07:33:29+00:00\",\"dateModified\":\"2018-10-05T10:08:44+00:00\",\"mainEntityOfPage\":{\"@id\":\"https:\/\/welovecinema.be\/nl\/felix-van-groeningen-master-van-future-frames-in-karlovy-vary\/\"},\"wordCount\":559,\"publisher\":{\"@id\":\"https:\/\/welovecinema.be\/nl\/#organization\"},\"articleSection\":[\"Festivals\",\"Nieuws\"],\"inLanguage\":\"nl-NL\"},{\"@type\":\"WebPage\",\"@id\":\"https:\/\/welovecinema.be\/nl\/felix-van-groeningen-master-van-future-frames-in-karlovy-vary\/\",\"url\":\"https:\/\/welovecinema.be\/nl\/felix-van-groeningen-master-van-future-frames-in-karlovy-vary\/\",\"name\":\"Felix van Groeningen Master van Future Frames in Karlovy Vary - We Love Cinema\",\"isPartOf\":{\"@id\":\"https:\/\/welovecinema.be\/nl\/#website\"},\"datePublished\":\"2016-06-07T07:33:29+00:00\",\"dateModified\":\"2018-10-05T10:08:44+00:00\",\"breadcrumb\":{\"@id\":\"https:\/\/welovecinema.be\/nl\/felix-van-groeningen-master-van-future-frames-in-karlovy-vary\/#breadcrumb\"},\"inLanguage\":\"nl-NL\",\"potentialAction\":[{\"@type\":\"ReadAction\",\"target\":[\"https:\/\/welovecinema.be\/nl\/felix-van-groeningen-master-van-future-frames-in-karlovy-vary\/\"]}]},{\"@type\":\"BreadcrumbList\",\"@id\":\"https:\/\/welovecinema.be\/nl\/felix-van-groeningen-master-van-future-frames-in-karlovy-vary\/#breadcrumb\",\"itemListElement\":[{\"@type\":\"ListItem\",\"position\":1,\"name\":\"Accueil\",\"item\":\"https:\/\/welovecinema.be\/nl\/\"},{\"@type\":\"ListItem\",\"position\":2,\"name\":\"Felix van Groeningen Master van Future Frames in Karlovy Vary\"}]},{\"@type\":\"WebSite\",\"@id\":\"https:\/\/welovecinema.be\/nl\/#website\",\"url\":\"https:\/\/welovecinema.be\/nl\/\",\"name\":\"We Love Cinema\",\"description\":\"Toute l\u2019information du cin\u00e9ma en Belgique\",\"publisher\":{\"@id\":\"https:\/\/welovecinema.be\/nl\/#organization\"},\"potentialAction\":[{\"@type\":\"SearchAction\",\"target\":{\"@type\":\"EntryPoint\",\"urlTemplate\":\"https:\/\/welovecinema.be\/nl\/?s={search_term_string}\"},\"query-input\":\"required name=search_term_string\"}],\"inLanguage\":\"nl-NL\"},{\"@type\":\"Organization\",\"@id\":\"https:\/\/welovecinema.be\/nl\/#organization\",\"name\":\"We Love Cinema\",\"url\":\"https:\/\/welovecinema.be\/nl\/\",\"logo\":{\"@type\":\"ImageObject\",\"inLanguage\":\"nl-NL\",\"@id\":\"https:\/\/welovecinema.be\/nl\/#\/schema\/logo\/image\/\",\"url\":\"https:\/\/welovecinema.be\/wp-content\/uploads\/sites\/2\/2023\/03\/Logo-We-Love-Cinema305x128.jpg\",\"contentUrl\":\"https:\/\/welovecinema.be\/wp-content\/uploads\/sites\/2\/2023\/03\/Logo-We-Love-Cinema305x128.jpg\",\"width\":305,\"height\":128,\"caption\":\"We Love Cinema\"},\"image\":{\"@id\":\"https:\/\/welovecinema.be\/nl\/#\/schema\/logo\/image\/\"},\"sameAs\":[\"https:\/\/www.facebook.com\/welovecinema.be\",\"https:\/\/www.youtube.com\/channel\/UCX5LYGVhnKvYauW4Nta4HJA\",\"https:\/\/www.instagram.com\/welovecinema.be\/\"]},{\"@type\":\"Person\",\"@id\":\"https:\/\/welovecinema.be\/nl\/#\/schema\/person\/f475ac81c30903d8505475024494c658\",\"name\":\"Kurt.Vandemaele\",\"url\":\"https:\/\/welovecinema.be\/nl\/author\/kurt-vandemaele\/\"}]}<\/script>\n<!-- \/ Yoast SEO plugin. -->","yoast_head_json":{"title":"Felix van Groeningen Master van Future Frames in Karlovy Vary - We Love Cinema","robots":{"index":"index","follow":"follow","max-snippet":"max-snippet:-1","max-image-preview":"max-image-preview:large","max-video-preview":"max-video-preview:-1"},"canonical":"https:\/\/welovecinema.be\/nl\/felix-van-groeningen-master-van-future-frames-in-karlovy-vary\/","og_locale":"nl_NL","og_type":"article","og_title":"Felix van Groeningen Master van Future Frames in Karlovy Vary - We Love Cinema","og_description":"KARLOVY VARY\/BRUSSEL, 7 juni 2016. Felix van Groeningen is dit jaar de Master van Future Frames, een initiatief van het Internationaal Filmfestival van Karlovy Vary en European Film Promotion dat jong filmtalent in de kijker plaatst. De regisseur zal o.a. een masterclass geven aan de 10 voor Future Frames geselecteerde filmmakers, waaronder de Vlaamse cineaste &hellip;","og_url":"https:\/\/welovecinema.be\/nl\/felix-van-groeningen-master-van-future-frames-in-karlovy-vary\/","og_site_name":"We Love Cinema","article_publisher":"https:\/\/www.facebook.com\/welovecinema.be","article_published_time":"2016-06-07T07:33:29+00:00","article_modified_time":"2018-10-05T10:08:44+00:00","og_image":[{"width":800,"height":533,"url":"https:\/\/welovecinema.be\/wp-content\/uploads\/sites\/2\/2016\/06\/FelixvanGroeningen_HansDeGreve-11-800x533.jpg","type":"image\/jpeg"}],"author":"Kurt.Vandemaele","twitter_card":"summary_large_image","twitter_misc":{"Geschreven door":"Kurt.Vandemaele","Geschatte leestijd":"3 minuten"},"schema":{"@context":"https:\/\/schema.org","@graph":[{"@type":"Article","@id":"https:\/\/welovecinema.be\/nl\/felix-van-groeningen-master-van-future-frames-in-karlovy-vary\/#article","isPartOf":{"@id":"https:\/\/welovecinema.be\/nl\/felix-van-groeningen-master-van-future-frames-in-karlovy-vary\/"},"author":{"name":"Kurt.Vandemaele","@id":"https:\/\/welovecinema.be\/nl\/#\/schema\/person\/f475ac81c30903d8505475024494c658"},"headline":"Felix van Groeningen Master van Future Frames in Karlovy Vary","datePublished":"2016-06-07T07:33:29+00:00","dateModified":"2018-10-05T10:08:44+00:00","mainEntityOfPage":{"@id":"https:\/\/welovecinema.be\/nl\/felix-van-groeningen-master-van-future-frames-in-karlovy-vary\/"},"wordCount":559,"publisher":{"@id":"https:\/\/welovecinema.be\/nl\/#organization"},"articleSection":["Festivals","Nieuws"],"inLanguage":"nl-NL"},{"@type":"WebPage","@id":"https:\/\/welovecinema.be\/nl\/felix-van-groeningen-master-van-future-frames-in-karlovy-vary\/","url":"https:\/\/welovecinema.be\/nl\/felix-van-groeningen-master-van-future-frames-in-karlovy-vary\/","name":"Felix van Groeningen Master van Future Frames in Karlovy Vary - We Love Cinema","isPartOf":{"@id":"https:\/\/welovecinema.be\/nl\/#website"},"datePublished":"2016-06-07T07:33:29+00:00","dateModified":"2018-10-05T10:08:44+00:00","breadcrumb":{"@id":"https:\/\/welovecinema.be\/nl\/felix-van-groeningen-master-van-future-frames-in-karlovy-vary\/#breadcrumb"},"inLanguage":"nl-NL","potentialAction":[{"@type":"ReadAction","target":["https:\/\/welovecinema.be\/nl\/felix-van-groeningen-master-van-future-frames-in-karlovy-vary\/"]}]},{"@type":"BreadcrumbList","@id":"https:\/\/welovecinema.be\/nl\/felix-van-groeningen-master-van-future-frames-in-karlovy-vary\/#breadcrumb","itemListElement":[{"@type":"ListItem","position":1,"name":"Accueil","item":"https:\/\/welovecinema.be\/nl\/"},{"@type":"ListItem","position":2,"name":"Felix van Groeningen Master van Future Frames in Karlovy Vary"}]},{"@type":"WebSite","@id":"https:\/\/welovecinema.be\/nl\/#website","url":"https:\/\/welovecinema.be\/nl\/","name":"We Love Cinema","description":"Toute l\u2019information du cin\u00e9ma en Belgique","publisher":{"@id":"https:\/\/welovecinema.be\/nl\/#organization"},"potentialAction":[{"@type":"SearchAction","target":{"@type":"EntryPoint","urlTemplate":"https:\/\/welovecinema.be\/nl\/?s={search_term_string}"},"query-input":"required name=search_term_string"}],"inLanguage":"nl-NL"},{"@type":"Organization","@id":"https:\/\/welovecinema.be\/nl\/#organization","name":"We Love Cinema","url":"https:\/\/welovecinema.be\/nl\/","logo":{"@type":"ImageObject","inLanguage":"nl-NL","@id":"https:\/\/welovecinema.be\/nl\/#\/schema\/logo\/image\/","url":"https:\/\/welovecinema.be\/wp-content\/uploads\/sites\/2\/2023\/03\/Logo-We-Love-Cinema305x128.jpg","contentUrl":"https:\/\/welovecinema.be\/wp-content\/uploads\/sites\/2\/2023\/03\/Logo-We-Love-Cinema305x128.jpg","width":305,"height":128,"caption":"We Love Cinema"},"image":{"@id":"https:\/\/welovecinema.be\/nl\/#\/schema\/logo\/image\/"},"sameAs":["https:\/\/www.facebook.com\/welovecinema.be","https:\/\/www.youtube.com\/channel\/UCX5LYGVhnKvYauW4Nta4HJA","https:\/\/www.instagram.com\/welovecinema.be\/"]},{"@type":"Person","@id":"https:\/\/welovecinema.be\/nl\/#\/schema\/person\/f475ac81c30903d8505475024494c658","name":"Kurt.Vandemaele","url":"https:\/\/welovecinema.be\/nl\/author\/kurt-vandemaele\/"}]}},"_links":{"self":[{"href":"https:\/\/welovecinema.be\/nl\/wp-json\/wp\/v2\/posts\/88157","targetHints":{"allow":["GET"]}}],"collection":[{"href":"https:\/\/welovecinema.be\/nl\/wp-json\/wp\/v2\/posts"}],"about":[{"href":"https:\/\/welovecinema.be\/nl\/wp-json\/wp\/v2\/types\/post"}],"author":[{"embeddable":true,"href":"https:\/\/welovecinema.be\/nl\/wp-json\/wp\/v2\/users\/8"}],"replies":[{"embeddable":true,"href":"https:\/\/welovecinema.be\/nl\/wp-json\/wp\/v2\/comments?post=88157"}],"version-history":[{"count":0,"href":"https:\/\/welovecinema.be\/nl\/wp-json\/wp\/v2\/posts\/88157\/revisions"}],"wp:featuredmedia":[{"embeddable":true,"href":"https:\/\/welovecinema.be\/nl\/wp-json\/wp\/v2\/media\/88169"}],"wp:attachment":[{"href":"https:\/\/welovecinema.be\/nl\/wp-json\/wp\/v2\/media?parent=88157"}],"wp:term":[{"taxonomy":"category","embeddable":true,"href":"https:\/\/welovecinema.be\/nl\/wp-json\/wp\/v2\/categories?post=88157"},{"taxonomy":"post_tag","embeddable":true,"href":"https:\/\/welovecinema.be\/nl\/wp-json\/wp\/v2\/tags?post=88157"}],"curies":[{"name":"wp","href":"https:\/\/api.w.org\/{rel}","templated":true}]}}