{"id":87145,"date":"2016-05-02T17:09:15","date_gmt":"2016-05-02T15:09:15","guid":{"rendered":"http:\/\/www.cinevox.be\/?p=87145"},"modified":"2016-05-02T17:09:16","modified_gmt":"2016-05-02T15:09:16","slug":"87145","status":"publish","type":"post","link":"https:\/\/welovecinema.be\/nl\/87145\/","title":{"rendered":"Frederike Migom wint nu ook met &#8216;Nkosi Coiffure&#8217; in Washington"},"content":{"rendered":"<p>Afgelopen weekend mocht <strong>Frederike Migom<\/strong> voor<em> &#8216;Nkosi Coiffure&#8217;<\/em> de prijs voor Beste Kortfilm in ontvangst nemen op het Filmfest DC, het Internationaal Filmfestival van Washington. De prijs is een nieuwe bekroning voor de film die dusver al een sterk festivalparcours aflegde.<\/p>\n<p><!--more--><br \/>\n&#8216;Nkosi Coiffure&#8217; won afgelopen weekend de prijs voor Beste Kortfilm. De jury van het festival was lovend over de korte film. \u201cDe film toont het moment waarop de diversiteit en de universaliteit van de mens kruisen en toont dit met originaliteit en inzicht. We zijn erg blij dat we deze jonge filmmaker kunnen steunen en we kijken uit naar haar toekomstig werk.\u201d<\/p>\n<p><a href=\"http:\/\/www.cinevox.be\/nl\/87145\/nkosi-coiffure\/\" rel=\"attachment wp-att-87146\"><img loading=\"lazy\" decoding=\"async\" class=\"aligncenter size-large wp-image-87146\" src=\"http:\/\/www.cinevox.be\/wp-content\/uploads\/sites\/2\/2016\/05\/nkosi-coiffure-800x270.jpg\" alt=\"\" width=\"640\" height=\"216\" srcset=\"https:\/\/welovecinema.be\/wp-content\/uploads\/sites\/2\/2016\/05\/nkosi-coiffure-800x270.jpg 800w, https:\/\/welovecinema.be\/wp-content\/uploads\/sites\/2\/2016\/05\/nkosi-coiffure-480x162.jpg 480w, https:\/\/welovecinema.be\/wp-content\/uploads\/sites\/2\/2016\/05\/nkosi-coiffure.jpg 1940w\" sizes=\"auto, (max-width: 640px) 100vw, 640px\" \/><\/a><\/p>\n<p>&#8216;Nkosi Coiffure&#8217; speelt zich af in een van de vele kapsalons in de Afrikaanse wijk in Brussel. Eva, een jonge vrouw, probeert te ontsnappen aan een ruzie met haar vriend door een kapperszaak binnen te vluchten. Aanvankelijk wordt ze gesteund door de Afrikaanse vrouwen. Maar wanneer zij de oorzaak van de ruzie te horen krijgen, lopen de meningen uiteen.<br \/>\nBegin september kreeg &#8216;Nkosi Coiffure&#8217; zijn wereldpremi\u00e8re op het Wereldfilmfestival van Montr\u00e9al, gevolgd door een Europese premi\u00e8re in het Spaanse Valladolid waar Migoms verhaal bekroond werd met de Meeting Point Award voor Beste Internationale Kortfilm. Daarnaast was de film ook al te zien in onder meer Brussel, Leuven, Parijs, het Turkse Izmir en Sydney. Als kers op de taart werd de film geselecteerd voor het prestigieuze Tribeca Film Festival.<\/p>\n<p><a href=\"http:\/\/www.cinevox.be\/nl\/87145\/screen-shot-2015-04-26-at-14-37-03-800x378\/\" rel=\"attachment wp-att-87147\"><img loading=\"lazy\" decoding=\"async\" class=\"aligncenter size-full wp-image-87147\" src=\"http:\/\/www.cinevox.be\/wp-content\/uploads\/sites\/2\/2016\/05\/Screen-Shot-2015-04-26-at-14.37.03-800x378.jpeg\" alt=\"\" width=\"800\" height=\"378\" srcset=\"https:\/\/welovecinema.be\/wp-content\/uploads\/sites\/2\/2016\/05\/Screen-Shot-2015-04-26-at-14.37.03-800x378.jpeg 800w, https:\/\/welovecinema.be\/wp-content\/uploads\/sites\/2\/2016\/05\/Screen-Shot-2015-04-26-at-14.37.03-800x378-480x226.jpeg 480w\" sizes=\"auto, (max-width: 800px) 100vw, 800px\" \/><\/a><br \/>\nIn de cast zien we o.a. <strong>Nele Vereecken<\/strong>, <strong>Kurt Vandendriessche<\/strong> en Belgisch-Afrikaans talent als <strong>Awa Sene Sarr<\/strong>, <strong>Stella Kitoga<\/strong>, <strong>Wivine Ngoy<\/strong>, <strong>Nad\u00e8ge Ouadraogo<\/strong> en <strong>Linda Kompany<\/strong>. <strong>Laurens De Geyter<\/strong> stond in voor de fotografie, <strong>Tom Denoyette<\/strong> tekende dan weer voor de montage.<strong> Fredy Massamba<\/strong> en <strong>Jens Bouttery<\/strong> zorgden voor de muziek.<\/p>\n<p><em>&#8216;Nkosi Coiffure&#8217;<\/em> is een productie van <strong>Jules Debrock<\/strong> voor 2nd to the right dat ook Migoms vorige kortfilms<em> &#8216;Adam &amp; Everything&#8217;<\/em> en<em> &#8216;Malakim&#8217;<\/em> produceerde. &#8216;Nkosi Coiffure&#8217; kon rekenen op steun van het VAF.<\/p>\n<p>Zie ook :<\/p>\n<p><a title=\"trailer \u2018Nkosi Coiffure\u2019 van Frederike Migom\" href=\"http:\/\/www.cinevox.be\/nl\/trailer-nkosi-coiffure-van-frederike-migom\">Trailer &#8216;Nkosi Coiffure&#8217;<\/a><\/p>\n<p><a title=\"Frederike Migom : regisseur, actrice, casting-director\" href=\"http:\/\/www.cinevox.be\/nl\/frederike-migom-regisseur-actrice-casting-director\/\">Frederike Migom over &#8216;Nkosi Coiffure&#8217;<\/a><\/p>\n<p><a title=\"IKL : \u2018Nkosi Coiffure\u2019 van Frederike Migom\" href=\"http:\/\/www.cinevox.be\/nl\/ikl-nkosi-coiffure-van-frederike-migom\/\">&#8216;Nkosi Coiffure&#8217; op IKL<\/a><\/p>\n<p><a href=\"http:\/\/www.cinevox.be\/nl\/87145\/short_c02_0001673\/\" rel=\"attachment wp-att-87148\"><img loading=\"lazy\" decoding=\"async\" class=\"aligncenter size-large wp-image-87148\" src=\"http:\/\/www.cinevox.be\/wp-content\/uploads\/sites\/2\/2016\/05\/short_c02_0001673-800x450.jpeg\" alt=\"\" width=\"640\" height=\"360\" srcset=\"https:\/\/welovecinema.be\/wp-content\/uploads\/sites\/2\/2016\/05\/short_c02_0001673-800x450.jpeg 800w, https:\/\/welovecinema.be\/wp-content\/uploads\/sites\/2\/2016\/05\/short_c02_0001673-200x113.jpeg 200w, https:\/\/welovecinema.be\/wp-content\/uploads\/sites\/2\/2016\/05\/short_c02_0001673-480x270.jpeg 480w, https:\/\/welovecinema.be\/wp-content\/uploads\/sites\/2\/2016\/05\/short_c02_0001673-300x169.jpeg 300w, https:\/\/welovecinema.be\/wp-content\/uploads\/sites\/2\/2016\/05\/short_c02_0001673-620x350.jpeg 620w, https:\/\/welovecinema.be\/wp-content\/uploads\/sites\/2\/2016\/05\/short_c02_0001673.jpeg 1200w\" sizes=\"auto, (max-width: 640px) 100vw, 640px\" \/><\/a><\/p>\n<p><a href=\"http:\/\/www.cinevox.be\/nl\/87145\/short_c02_0002445\/\" rel=\"attachment wp-att-87149\"><img loading=\"lazy\" decoding=\"async\" class=\"aligncenter size-large wp-image-87149\" src=\"http:\/\/www.cinevox.be\/wp-content\/uploads\/sites\/2\/2016\/05\/short_c02_0002445-800x450.jpeg\" alt=\"\" width=\"640\" height=\"360\" srcset=\"https:\/\/welovecinema.be\/wp-content\/uploads\/sites\/2\/2016\/05\/short_c02_0002445-800x450.jpeg 800w, https:\/\/welovecinema.be\/wp-content\/uploads\/sites\/2\/2016\/05\/short_c02_0002445-200x113.jpeg 200w, https:\/\/welovecinema.be\/wp-content\/uploads\/sites\/2\/2016\/05\/short_c02_0002445-480x270.jpeg 480w, https:\/\/welovecinema.be\/wp-content\/uploads\/sites\/2\/2016\/05\/short_c02_0002445-300x169.jpeg 300w, https:\/\/welovecinema.be\/wp-content\/uploads\/sites\/2\/2016\/05\/short_c02_0002445-620x350.jpeg 620w, https:\/\/welovecinema.be\/wp-content\/uploads\/sites\/2\/2016\/05\/short_c02_0002445.jpeg 1200w\" sizes=\"auto, (max-width: 640px) 100vw, 640px\" \/><\/a><\/p>\n","protected":false},"excerpt":{"rendered":"<p>Afgelopen weekend mocht Frederike Migom voor &#8216;Nkosi Coiffure&#8217; de prijs voor Beste Kortfilm in ontvangst nemen op het Filmfest DC, het Internationaal Filmfestival van Washington. De prijs is een nieuwe bekroning voor de film die dusver al een sterk festivalparcours aflegde.<\/p>\n","protected":false},"author":8,"featured_media":87151,"comment_status":"closed","ping_status":"closed","sticky":false,"template":"","format":"standard","meta":{"ngg_post_thumbnail":0,"footnotes":""},"categories":[3],"tags":[],"class_list":["post-87145","post","type-post","status-publish","format-standard","has-post-thumbnail","","category-varia-nl"],"yoast_head":"<!-- This site is optimized with the Yoast SEO plugin v20.4 - https:\/\/yoast.com\/wordpress\/plugins\/seo\/ -->\n<title>Frederike Migom wint nu ook met &#039;Nkosi Coiffure&#039; in Washington - We Love Cinema<\/title>\n<meta name=\"robots\" content=\"index, follow, max-snippet:-1, max-image-preview:large, max-video-preview:-1\" \/>\n<link rel=\"canonical\" href=\"https:\/\/welovecinema.be\/nl\/87145\/\" \/>\n<meta property=\"og:locale\" content=\"nl_NL\" \/>\n<meta property=\"og:type\" content=\"article\" \/>\n<meta property=\"og:title\" content=\"Frederike Migom wint nu ook met &#039;Nkosi Coiffure&#039; in Washington - We Love Cinema\" \/>\n<meta property=\"og:description\" content=\"Afgelopen weekend mocht Frederike Migom voor &#8216;Nkosi Coiffure&#8217; de prijs voor Beste Kortfilm in ontvangst nemen op het Filmfest DC, het Internationaal Filmfestival van Washington. De prijs is een nieuwe bekroning voor de film die dusver al een sterk festivalparcours aflegde.\" \/>\n<meta property=\"og:url\" content=\"https:\/\/welovecinema.be\/nl\/87145\/\" \/>\n<meta property=\"og:site_name\" content=\"We Love Cinema\" \/>\n<meta property=\"article:publisher\" content=\"https:\/\/www.facebook.com\/welovecinema.be\" \/>\n<meta property=\"article:published_time\" content=\"2016-05-02T15:09:15+00:00\" \/>\n<meta property=\"article:modified_time\" content=\"2016-05-02T15:09:16+00:00\" \/>\n<meta property=\"og:image\" content=\"https:\/\/welovecinema.be\/wp-content\/uploads\/sites\/2\/2016\/05\/short_c02_00024451.jpeg\" \/>\n\t<meta property=\"og:image:width\" content=\"1200\" \/>\n\t<meta property=\"og:image:height\" content=\"675\" \/>\n\t<meta property=\"og:image:type\" content=\"image\/jpeg\" \/>\n<meta name=\"author\" content=\"Kurt.Vandemaele\" \/>\n<meta name=\"twitter:card\" content=\"summary_large_image\" \/>\n<meta name=\"twitter:label1\" content=\"Geschreven door\" \/>\n\t<meta name=\"twitter:data1\" content=\"Kurt.Vandemaele\" \/>\n\t<meta name=\"twitter:label2\" content=\"Geschatte leestijd\" \/>\n\t<meta name=\"twitter:data2\" content=\"2 minuten\" \/>\n<script type=\"application\/ld+json\" class=\"yoast-schema-graph\">{\"@context\":\"https:\/\/schema.org\",\"@graph\":[{\"@type\":\"Article\",\"@id\":\"https:\/\/welovecinema.be\/nl\/87145\/#article\",\"isPartOf\":{\"@id\":\"https:\/\/welovecinema.be\/nl\/87145\/\"},\"author\":{\"name\":\"Kurt.Vandemaele\",\"@id\":\"https:\/\/welovecinema.be\/nl\/#\/schema\/person\/f475ac81c30903d8505475024494c658\"},\"headline\":\"Frederike Migom wint nu ook met &#8216;Nkosi Coiffure&#8217; in Washington\",\"datePublished\":\"2016-05-02T15:09:15+00:00\",\"dateModified\":\"2016-05-02T15:09:16+00:00\",\"mainEntityOfPage\":{\"@id\":\"https:\/\/welovecinema.be\/nl\/87145\/\"},\"wordCount\":344,\"publisher\":{\"@id\":\"https:\/\/welovecinema.be\/nl\/#organization\"},\"articleSection\":[\"Varia\"],\"inLanguage\":\"nl-NL\"},{\"@type\":\"WebPage\",\"@id\":\"https:\/\/welovecinema.be\/nl\/87145\/\",\"url\":\"https:\/\/welovecinema.be\/nl\/87145\/\",\"name\":\"Frederike Migom wint nu ook met 'Nkosi Coiffure' in Washington - We Love Cinema\",\"isPartOf\":{\"@id\":\"https:\/\/welovecinema.be\/nl\/#website\"},\"datePublished\":\"2016-05-02T15:09:15+00:00\",\"dateModified\":\"2016-05-02T15:09:16+00:00\",\"breadcrumb\":{\"@id\":\"https:\/\/welovecinema.be\/nl\/87145\/#breadcrumb\"},\"inLanguage\":\"nl-NL\",\"potentialAction\":[{\"@type\":\"ReadAction\",\"target\":[\"https:\/\/welovecinema.be\/nl\/87145\/\"]}]},{\"@type\":\"BreadcrumbList\",\"@id\":\"https:\/\/welovecinema.be\/nl\/87145\/#breadcrumb\",\"itemListElement\":[{\"@type\":\"ListItem\",\"position\":1,\"name\":\"Accueil\",\"item\":\"https:\/\/welovecinema.be\/nl\/\"},{\"@type\":\"ListItem\",\"position\":2,\"name\":\"Frederike Migom wint nu ook met &#8216;Nkosi Coiffure&#8217; in Washington\"}]},{\"@type\":\"WebSite\",\"@id\":\"https:\/\/welovecinema.be\/nl\/#website\",\"url\":\"https:\/\/welovecinema.be\/nl\/\",\"name\":\"We Love Cinema\",\"description\":\"Toute l\u2019information du cin\u00e9ma en Belgique\",\"publisher\":{\"@id\":\"https:\/\/welovecinema.be\/nl\/#organization\"},\"potentialAction\":[{\"@type\":\"SearchAction\",\"target\":{\"@type\":\"EntryPoint\",\"urlTemplate\":\"https:\/\/welovecinema.be\/nl\/?s={search_term_string}\"},\"query-input\":\"required name=search_term_string\"}],\"inLanguage\":\"nl-NL\"},{\"@type\":\"Organization\",\"@id\":\"https:\/\/welovecinema.be\/nl\/#organization\",\"name\":\"We Love Cinema\",\"url\":\"https:\/\/welovecinema.be\/nl\/\",\"logo\":{\"@type\":\"ImageObject\",\"inLanguage\":\"nl-NL\",\"@id\":\"https:\/\/welovecinema.be\/nl\/#\/schema\/logo\/image\/\",\"url\":\"https:\/\/welovecinema.be\/wp-content\/uploads\/sites\/2\/2023\/03\/Logo-We-Love-Cinema305x128.jpg\",\"contentUrl\":\"https:\/\/welovecinema.be\/wp-content\/uploads\/sites\/2\/2023\/03\/Logo-We-Love-Cinema305x128.jpg\",\"width\":305,\"height\":128,\"caption\":\"We Love Cinema\"},\"image\":{\"@id\":\"https:\/\/welovecinema.be\/nl\/#\/schema\/logo\/image\/\"},\"sameAs\":[\"https:\/\/www.facebook.com\/welovecinema.be\",\"https:\/\/www.youtube.com\/channel\/UCX5LYGVhnKvYauW4Nta4HJA\",\"https:\/\/www.instagram.com\/welovecinema.be\/\"]},{\"@type\":\"Person\",\"@id\":\"https:\/\/welovecinema.be\/nl\/#\/schema\/person\/f475ac81c30903d8505475024494c658\",\"name\":\"Kurt.Vandemaele\",\"url\":\"https:\/\/welovecinema.be\/nl\/author\/kurt-vandemaele\/\"}]}<\/script>\n<!-- \/ Yoast SEO plugin. -->","yoast_head_json":{"title":"Frederike Migom wint nu ook met 'Nkosi Coiffure' in Washington - We Love Cinema","robots":{"index":"index","follow":"follow","max-snippet":"max-snippet:-1","max-image-preview":"max-image-preview:large","max-video-preview":"max-video-preview:-1"},"canonical":"https:\/\/welovecinema.be\/nl\/87145\/","og_locale":"nl_NL","og_type":"article","og_title":"Frederike Migom wint nu ook met 'Nkosi Coiffure' in Washington - We Love Cinema","og_description":"Afgelopen weekend mocht Frederike Migom voor &#8216;Nkosi Coiffure&#8217; de prijs voor Beste Kortfilm in ontvangst nemen op het Filmfest DC, het Internationaal Filmfestival van Washington. De prijs is een nieuwe bekroning voor de film die dusver al een sterk festivalparcours aflegde.","og_url":"https:\/\/welovecinema.be\/nl\/87145\/","og_site_name":"We Love Cinema","article_publisher":"https:\/\/www.facebook.com\/welovecinema.be","article_published_time":"2016-05-02T15:09:15+00:00","article_modified_time":"2016-05-02T15:09:16+00:00","og_image":[{"width":1200,"height":675,"url":"https:\/\/welovecinema.be\/wp-content\/uploads\/sites\/2\/2016\/05\/short_c02_00024451.jpeg","type":"image\/jpeg"}],"author":"Kurt.Vandemaele","twitter_card":"summary_large_image","twitter_misc":{"Geschreven door":"Kurt.Vandemaele","Geschatte leestijd":"2 minuten"},"schema":{"@context":"https:\/\/schema.org","@graph":[{"@type":"Article","@id":"https:\/\/welovecinema.be\/nl\/87145\/#article","isPartOf":{"@id":"https:\/\/welovecinema.be\/nl\/87145\/"},"author":{"name":"Kurt.Vandemaele","@id":"https:\/\/welovecinema.be\/nl\/#\/schema\/person\/f475ac81c30903d8505475024494c658"},"headline":"Frederike Migom wint nu ook met &#8216;Nkosi Coiffure&#8217; in Washington","datePublished":"2016-05-02T15:09:15+00:00","dateModified":"2016-05-02T15:09:16+00:00","mainEntityOfPage":{"@id":"https:\/\/welovecinema.be\/nl\/87145\/"},"wordCount":344,"publisher":{"@id":"https:\/\/welovecinema.be\/nl\/#organization"},"articleSection":["Varia"],"inLanguage":"nl-NL"},{"@type":"WebPage","@id":"https:\/\/welovecinema.be\/nl\/87145\/","url":"https:\/\/welovecinema.be\/nl\/87145\/","name":"Frederike Migom wint nu ook met 'Nkosi Coiffure' in Washington - We Love Cinema","isPartOf":{"@id":"https:\/\/welovecinema.be\/nl\/#website"},"datePublished":"2016-05-02T15:09:15+00:00","dateModified":"2016-05-02T15:09:16+00:00","breadcrumb":{"@id":"https:\/\/welovecinema.be\/nl\/87145\/#breadcrumb"},"inLanguage":"nl-NL","potentialAction":[{"@type":"ReadAction","target":["https:\/\/welovecinema.be\/nl\/87145\/"]}]},{"@type":"BreadcrumbList","@id":"https:\/\/welovecinema.be\/nl\/87145\/#breadcrumb","itemListElement":[{"@type":"ListItem","position":1,"name":"Accueil","item":"https:\/\/welovecinema.be\/nl\/"},{"@type":"ListItem","position":2,"name":"Frederike Migom wint nu ook met &#8216;Nkosi Coiffure&#8217; in Washington"}]},{"@type":"WebSite","@id":"https:\/\/welovecinema.be\/nl\/#website","url":"https:\/\/welovecinema.be\/nl\/","name":"We Love Cinema","description":"Toute l\u2019information du cin\u00e9ma en Belgique","publisher":{"@id":"https:\/\/welovecinema.be\/nl\/#organization"},"potentialAction":[{"@type":"SearchAction","target":{"@type":"EntryPoint","urlTemplate":"https:\/\/welovecinema.be\/nl\/?s={search_term_string}"},"query-input":"required name=search_term_string"}],"inLanguage":"nl-NL"},{"@type":"Organization","@id":"https:\/\/welovecinema.be\/nl\/#organization","name":"We Love Cinema","url":"https:\/\/welovecinema.be\/nl\/","logo":{"@type":"ImageObject","inLanguage":"nl-NL","@id":"https:\/\/welovecinema.be\/nl\/#\/schema\/logo\/image\/","url":"https:\/\/welovecinema.be\/wp-content\/uploads\/sites\/2\/2023\/03\/Logo-We-Love-Cinema305x128.jpg","contentUrl":"https:\/\/welovecinema.be\/wp-content\/uploads\/sites\/2\/2023\/03\/Logo-We-Love-Cinema305x128.jpg","width":305,"height":128,"caption":"We Love Cinema"},"image":{"@id":"https:\/\/welovecinema.be\/nl\/#\/schema\/logo\/image\/"},"sameAs":["https:\/\/www.facebook.com\/welovecinema.be","https:\/\/www.youtube.com\/channel\/UCX5LYGVhnKvYauW4Nta4HJA","https:\/\/www.instagram.com\/welovecinema.be\/"]},{"@type":"Person","@id":"https:\/\/welovecinema.be\/nl\/#\/schema\/person\/f475ac81c30903d8505475024494c658","name":"Kurt.Vandemaele","url":"https:\/\/welovecinema.be\/nl\/author\/kurt-vandemaele\/"}]}},"_links":{"self":[{"href":"https:\/\/welovecinema.be\/nl\/wp-json\/wp\/v2\/posts\/87145","targetHints":{"allow":["GET"]}}],"collection":[{"href":"https:\/\/welovecinema.be\/nl\/wp-json\/wp\/v2\/posts"}],"about":[{"href":"https:\/\/welovecinema.be\/nl\/wp-json\/wp\/v2\/types\/post"}],"author":[{"embeddable":true,"href":"https:\/\/welovecinema.be\/nl\/wp-json\/wp\/v2\/users\/8"}],"replies":[{"embeddable":true,"href":"https:\/\/welovecinema.be\/nl\/wp-json\/wp\/v2\/comments?post=87145"}],"version-history":[{"count":0,"href":"https:\/\/welovecinema.be\/nl\/wp-json\/wp\/v2\/posts\/87145\/revisions"}],"wp:featuredmedia":[{"embeddable":true,"href":"https:\/\/welovecinema.be\/nl\/wp-json\/wp\/v2\/media\/87151"}],"wp:attachment":[{"href":"https:\/\/welovecinema.be\/nl\/wp-json\/wp\/v2\/media?parent=87145"}],"wp:term":[{"taxonomy":"category","embeddable":true,"href":"https:\/\/welovecinema.be\/nl\/wp-json\/wp\/v2\/categories?post=87145"},{"taxonomy":"post_tag","embeddable":true,"href":"https:\/\/welovecinema.be\/nl\/wp-json\/wp\/v2\/tags?post=87145"}],"curies":[{"name":"wp","href":"https:\/\/api.w.org\/{rel}","templated":true}]}}