{"id":86453,"date":"2016-04-11T10:21:51","date_gmt":"2016-04-11T08:21:51","guid":{"rendered":"http:\/\/www.cinevox.be\/?p=86453"},"modified":"2016-04-11T10:22:29","modified_gmt":"2016-04-11T08:22:29","slug":"trailer-de-zutter","status":"publish","type":"post","link":"https:\/\/welovecinema.be\/nl\/trailer-de-zutter\/","title":{"rendered":"Trailer &#8216;Zaak : De Zutter&#8217;"},"content":{"rendered":"<div class=\"page\" title=\"Page 1\">\n<div class=\"layoutArea\">\n<div class=\"column\">\n<p>De laatste tijd gebeurt het wel vaker dat niet-professionelen een langspeelfilm maken die de echte bioscoop haalt. \u00a0Het befaamdste voorbeeld is natuurlijk<em> &#8216;Schellebelle 1919&#8217;<\/em> waar <strong>Johan Heldenbergh<\/strong> met tientallen vrijwilligers een niet onverdienstelijke film wist te maken. In Beernem draaide Katrien Ryserhove ook de klok naar dezelfde tijd terug om daar met het enthousiasme van veel vrijwilligers een film over een van de moorden van Beernem in te blikken. Uiteindelijk wist ze actrice <strong>Ingrid De Vos<\/strong> te strikken voor de regie. \u00a0De film heet <em>&#8216;Zaak: De Zutter&#8217;<\/em> en beleeft op 14 april een akantpremi\u00e8re in Kinepolis Brugge, op 20 april is dan de grote offici\u00eble premi\u00e8re gepland in Kinepolis Gent. \u00a0Naast de vele amateurs treden in de film enkele &#8216;echte&#8217; acteurs op zoals <strong>Bob De Moor<\/strong>,<strong> Kurt Defrancq<\/strong> en <strong>Bert Vannieuwenhuyse<\/strong>. \u00a0Hoofdrolspeelster <strong>Katrijn Govaert<\/strong> heeft dan weer enige theaterervaring.<\/p>\n<\/div>\n<\/div>\n<\/div>\n<p>&#8216;Zaak: De Zutter&#8217; : de film over de moord op Hector De Zutter in Beernem in 1926 en van het verhaal van zijn lievelingszus, Julienne De Zutter, die verbeten en gedreven gerechtigheid zoekt, die absoluut wil weten wat er op die noodlottige kermisnacht van 7 november 1926 is gebeurd en die vooral wil achterhalen wie haar broer heeft vermoord. En waarom.<\/p>\n","protected":false},"excerpt":{"rendered":"<p>De laatste tijd gebeurt het wel vaker dat niet-professionelen een langspeelfilm maken die de echte bioscoop haalt. \u00a0Het befaamdste voorbeeld is natuurlijk &#8216;Schellebelle 1919&#8217; waar Johan Heldenbergh met tientallen vrijwilligers een niet onverdienstelijke film wist te maken. In Beernem draaide Katrien Ryserhove ook de klok naar dezelfde tijd terug om daar met het enthousiasme van &hellip;<\/p>\n","protected":false},"author":8,"featured_media":86454,"comment_status":"closed","ping_status":"closed","sticky":false,"template":"","format":"standard","meta":{"ngg_post_thumbnail":0,"footnotes":""},"categories":[54],"tags":[],"class_list":["post-86453","post","type-post","status-publish","format-standard","has-post-thumbnail","","category-binnenkort"],"yoast_head":"<!-- This site is optimized with the Yoast SEO plugin v20.4 - https:\/\/yoast.com\/wordpress\/plugins\/seo\/ -->\n<title>Trailer &#039;Zaak : De Zutter&#039; - We Love Cinema<\/title>\n<meta name=\"robots\" content=\"index, follow, max-snippet:-1, max-image-preview:large, max-video-preview:-1\" \/>\n<link rel=\"canonical\" href=\"https:\/\/welovecinema.be\/nl\/trailer-de-zutter\/\" \/>\n<meta property=\"og:locale\" content=\"nl_NL\" \/>\n<meta property=\"og:type\" content=\"article\" \/>\n<meta property=\"og:title\" content=\"Trailer &#039;Zaak : De Zutter&#039; - We Love Cinema\" \/>\n<meta property=\"og:description\" content=\"De laatste tijd gebeurt het wel vaker dat niet-professionelen een langspeelfilm maken die de echte bioscoop haalt. \u00a0Het befaamdste voorbeeld is natuurlijk &#8216;Schellebelle 1919&#8217; waar Johan Heldenbergh met tientallen vrijwilligers een niet onverdienstelijke film wist te maken. In Beernem draaide Katrien Ryserhove ook de klok naar dezelfde tijd terug om daar met het enthousiasme van &hellip;\" \/>\n<meta property=\"og:url\" content=\"https:\/\/welovecinema.be\/nl\/trailer-de-zutter\/\" \/>\n<meta property=\"og:site_name\" content=\"We Love Cinema\" \/>\n<meta property=\"article:publisher\" content=\"https:\/\/www.facebook.com\/welovecinema.be\" \/>\n<meta property=\"article:published_time\" content=\"2016-04-11T08:21:51+00:00\" \/>\n<meta property=\"article:modified_time\" content=\"2016-04-11T08:22:29+00:00\" \/>\n<meta property=\"og:image\" content=\"https:\/\/welovecinema.be\/wp-content\/uploads\/sites\/2\/2016\/04\/BobDeMoor.jpg\" \/>\n\t<meta property=\"og:image:width\" content=\"1369\" \/>\n\t<meta property=\"og:image:height\" content=\"856\" \/>\n\t<meta property=\"og:image:type\" content=\"image\/jpeg\" \/>\n<meta name=\"author\" content=\"Kurt.Vandemaele\" \/>\n<meta name=\"twitter:card\" content=\"summary_large_image\" \/>\n<meta name=\"twitter:label1\" content=\"Geschreven door\" \/>\n\t<meta name=\"twitter:data1\" content=\"Kurt.Vandemaele\" \/>\n\t<meta name=\"twitter:label2\" content=\"Geschatte leestijd\" \/>\n\t<meta name=\"twitter:data2\" content=\"1 minuut\" \/>\n<script type=\"application\/ld+json\" class=\"yoast-schema-graph\">{\"@context\":\"https:\/\/schema.org\",\"@graph\":[{\"@type\":\"Article\",\"@id\":\"https:\/\/welovecinema.be\/nl\/trailer-de-zutter\/#article\",\"isPartOf\":{\"@id\":\"https:\/\/welovecinema.be\/nl\/trailer-de-zutter\/\"},\"author\":{\"name\":\"Kurt.Vandemaele\",\"@id\":\"https:\/\/welovecinema.be\/nl\/#\/schema\/person\/f475ac81c30903d8505475024494c658\"},\"headline\":\"Trailer &#8216;Zaak : De Zutter&#8217;\",\"datePublished\":\"2016-04-11T08:21:51+00:00\",\"dateModified\":\"2016-04-11T08:22:29+00:00\",\"mainEntityOfPage\":{\"@id\":\"https:\/\/welovecinema.be\/nl\/trailer-de-zutter\/\"},\"wordCount\":200,\"publisher\":{\"@id\":\"https:\/\/welovecinema.be\/nl\/#organization\"},\"articleSection\":[\"Binnenkort\"],\"inLanguage\":\"nl-NL\"},{\"@type\":\"WebPage\",\"@id\":\"https:\/\/welovecinema.be\/nl\/trailer-de-zutter\/\",\"url\":\"https:\/\/welovecinema.be\/nl\/trailer-de-zutter\/\",\"name\":\"Trailer 'Zaak : De Zutter' - We Love Cinema\",\"isPartOf\":{\"@id\":\"https:\/\/welovecinema.be\/nl\/#website\"},\"datePublished\":\"2016-04-11T08:21:51+00:00\",\"dateModified\":\"2016-04-11T08:22:29+00:00\",\"breadcrumb\":{\"@id\":\"https:\/\/welovecinema.be\/nl\/trailer-de-zutter\/#breadcrumb\"},\"inLanguage\":\"nl-NL\",\"potentialAction\":[{\"@type\":\"ReadAction\",\"target\":[\"https:\/\/welovecinema.be\/nl\/trailer-de-zutter\/\"]}]},{\"@type\":\"BreadcrumbList\",\"@id\":\"https:\/\/welovecinema.be\/nl\/trailer-de-zutter\/#breadcrumb\",\"itemListElement\":[{\"@type\":\"ListItem\",\"position\":1,\"name\":\"Accueil\",\"item\":\"https:\/\/welovecinema.be\/nl\/\"},{\"@type\":\"ListItem\",\"position\":2,\"name\":\"Trailer &#8216;Zaak : De Zutter&#8217;\"}]},{\"@type\":\"WebSite\",\"@id\":\"https:\/\/welovecinema.be\/nl\/#website\",\"url\":\"https:\/\/welovecinema.be\/nl\/\",\"name\":\"We Love Cinema\",\"description\":\"Toute l\u2019information du cin\u00e9ma en Belgique\",\"publisher\":{\"@id\":\"https:\/\/welovecinema.be\/nl\/#organization\"},\"potentialAction\":[{\"@type\":\"SearchAction\",\"target\":{\"@type\":\"EntryPoint\",\"urlTemplate\":\"https:\/\/welovecinema.be\/nl\/?s={search_term_string}\"},\"query-input\":\"required name=search_term_string\"}],\"inLanguage\":\"nl-NL\"},{\"@type\":\"Organization\",\"@id\":\"https:\/\/welovecinema.be\/nl\/#organization\",\"name\":\"We Love Cinema\",\"url\":\"https:\/\/welovecinema.be\/nl\/\",\"logo\":{\"@type\":\"ImageObject\",\"inLanguage\":\"nl-NL\",\"@id\":\"https:\/\/welovecinema.be\/nl\/#\/schema\/logo\/image\/\",\"url\":\"https:\/\/welovecinema.be\/wp-content\/uploads\/sites\/2\/2023\/03\/Logo-We-Love-Cinema305x128.jpg\",\"contentUrl\":\"https:\/\/welovecinema.be\/wp-content\/uploads\/sites\/2\/2023\/03\/Logo-We-Love-Cinema305x128.jpg\",\"width\":305,\"height\":128,\"caption\":\"We Love Cinema\"},\"image\":{\"@id\":\"https:\/\/welovecinema.be\/nl\/#\/schema\/logo\/image\/\"},\"sameAs\":[\"https:\/\/www.facebook.com\/welovecinema.be\",\"https:\/\/www.youtube.com\/channel\/UCX5LYGVhnKvYauW4Nta4HJA\",\"https:\/\/www.instagram.com\/welovecinema.be\/\"]},{\"@type\":\"Person\",\"@id\":\"https:\/\/welovecinema.be\/nl\/#\/schema\/person\/f475ac81c30903d8505475024494c658\",\"name\":\"Kurt.Vandemaele\",\"url\":\"https:\/\/welovecinema.be\/nl\/author\/kurt-vandemaele\/\"}]}<\/script>\n<!-- \/ Yoast SEO plugin. -->","yoast_head_json":{"title":"Trailer 'Zaak : De Zutter' - We Love Cinema","robots":{"index":"index","follow":"follow","max-snippet":"max-snippet:-1","max-image-preview":"max-image-preview:large","max-video-preview":"max-video-preview:-1"},"canonical":"https:\/\/welovecinema.be\/nl\/trailer-de-zutter\/","og_locale":"nl_NL","og_type":"article","og_title":"Trailer 'Zaak : De Zutter' - We Love Cinema","og_description":"De laatste tijd gebeurt het wel vaker dat niet-professionelen een langspeelfilm maken die de echte bioscoop haalt. \u00a0Het befaamdste voorbeeld is natuurlijk &#8216;Schellebelle 1919&#8217; waar Johan Heldenbergh met tientallen vrijwilligers een niet onverdienstelijke film wist te maken. In Beernem draaide Katrien Ryserhove ook de klok naar dezelfde tijd terug om daar met het enthousiasme van &hellip;","og_url":"https:\/\/welovecinema.be\/nl\/trailer-de-zutter\/","og_site_name":"We Love Cinema","article_publisher":"https:\/\/www.facebook.com\/welovecinema.be","article_published_time":"2016-04-11T08:21:51+00:00","article_modified_time":"2016-04-11T08:22:29+00:00","og_image":[{"width":1369,"height":856,"url":"https:\/\/welovecinema.be\/wp-content\/uploads\/sites\/2\/2016\/04\/BobDeMoor.jpg","type":"image\/jpeg"}],"author":"Kurt.Vandemaele","twitter_card":"summary_large_image","twitter_misc":{"Geschreven door":"Kurt.Vandemaele","Geschatte leestijd":"1 minuut"},"schema":{"@context":"https:\/\/schema.org","@graph":[{"@type":"Article","@id":"https:\/\/welovecinema.be\/nl\/trailer-de-zutter\/#article","isPartOf":{"@id":"https:\/\/welovecinema.be\/nl\/trailer-de-zutter\/"},"author":{"name":"Kurt.Vandemaele","@id":"https:\/\/welovecinema.be\/nl\/#\/schema\/person\/f475ac81c30903d8505475024494c658"},"headline":"Trailer &#8216;Zaak : De Zutter&#8217;","datePublished":"2016-04-11T08:21:51+00:00","dateModified":"2016-04-11T08:22:29+00:00","mainEntityOfPage":{"@id":"https:\/\/welovecinema.be\/nl\/trailer-de-zutter\/"},"wordCount":200,"publisher":{"@id":"https:\/\/welovecinema.be\/nl\/#organization"},"articleSection":["Binnenkort"],"inLanguage":"nl-NL"},{"@type":"WebPage","@id":"https:\/\/welovecinema.be\/nl\/trailer-de-zutter\/","url":"https:\/\/welovecinema.be\/nl\/trailer-de-zutter\/","name":"Trailer 'Zaak : De Zutter' - We Love Cinema","isPartOf":{"@id":"https:\/\/welovecinema.be\/nl\/#website"},"datePublished":"2016-04-11T08:21:51+00:00","dateModified":"2016-04-11T08:22:29+00:00","breadcrumb":{"@id":"https:\/\/welovecinema.be\/nl\/trailer-de-zutter\/#breadcrumb"},"inLanguage":"nl-NL","potentialAction":[{"@type":"ReadAction","target":["https:\/\/welovecinema.be\/nl\/trailer-de-zutter\/"]}]},{"@type":"BreadcrumbList","@id":"https:\/\/welovecinema.be\/nl\/trailer-de-zutter\/#breadcrumb","itemListElement":[{"@type":"ListItem","position":1,"name":"Accueil","item":"https:\/\/welovecinema.be\/nl\/"},{"@type":"ListItem","position":2,"name":"Trailer &#8216;Zaak : De Zutter&#8217;"}]},{"@type":"WebSite","@id":"https:\/\/welovecinema.be\/nl\/#website","url":"https:\/\/welovecinema.be\/nl\/","name":"We Love Cinema","description":"Toute l\u2019information du cin\u00e9ma en Belgique","publisher":{"@id":"https:\/\/welovecinema.be\/nl\/#organization"},"potentialAction":[{"@type":"SearchAction","target":{"@type":"EntryPoint","urlTemplate":"https:\/\/welovecinema.be\/nl\/?s={search_term_string}"},"query-input":"required name=search_term_string"}],"inLanguage":"nl-NL"},{"@type":"Organization","@id":"https:\/\/welovecinema.be\/nl\/#organization","name":"We Love Cinema","url":"https:\/\/welovecinema.be\/nl\/","logo":{"@type":"ImageObject","inLanguage":"nl-NL","@id":"https:\/\/welovecinema.be\/nl\/#\/schema\/logo\/image\/","url":"https:\/\/welovecinema.be\/wp-content\/uploads\/sites\/2\/2023\/03\/Logo-We-Love-Cinema305x128.jpg","contentUrl":"https:\/\/welovecinema.be\/wp-content\/uploads\/sites\/2\/2023\/03\/Logo-We-Love-Cinema305x128.jpg","width":305,"height":128,"caption":"We Love Cinema"},"image":{"@id":"https:\/\/welovecinema.be\/nl\/#\/schema\/logo\/image\/"},"sameAs":["https:\/\/www.facebook.com\/welovecinema.be","https:\/\/www.youtube.com\/channel\/UCX5LYGVhnKvYauW4Nta4HJA","https:\/\/www.instagram.com\/welovecinema.be\/"]},{"@type":"Person","@id":"https:\/\/welovecinema.be\/nl\/#\/schema\/person\/f475ac81c30903d8505475024494c658","name":"Kurt.Vandemaele","url":"https:\/\/welovecinema.be\/nl\/author\/kurt-vandemaele\/"}]}},"_links":{"self":[{"href":"https:\/\/welovecinema.be\/nl\/wp-json\/wp\/v2\/posts\/86453","targetHints":{"allow":["GET"]}}],"collection":[{"href":"https:\/\/welovecinema.be\/nl\/wp-json\/wp\/v2\/posts"}],"about":[{"href":"https:\/\/welovecinema.be\/nl\/wp-json\/wp\/v2\/types\/post"}],"author":[{"embeddable":true,"href":"https:\/\/welovecinema.be\/nl\/wp-json\/wp\/v2\/users\/8"}],"replies":[{"embeddable":true,"href":"https:\/\/welovecinema.be\/nl\/wp-json\/wp\/v2\/comments?post=86453"}],"version-history":[{"count":0,"href":"https:\/\/welovecinema.be\/nl\/wp-json\/wp\/v2\/posts\/86453\/revisions"}],"wp:featuredmedia":[{"embeddable":true,"href":"https:\/\/welovecinema.be\/nl\/wp-json\/wp\/v2\/media\/86454"}],"wp:attachment":[{"href":"https:\/\/welovecinema.be\/nl\/wp-json\/wp\/v2\/media?parent=86453"}],"wp:term":[{"taxonomy":"category","embeddable":true,"href":"https:\/\/welovecinema.be\/nl\/wp-json\/wp\/v2\/categories?post=86453"},{"taxonomy":"post_tag","embeddable":true,"href":"https:\/\/welovecinema.be\/nl\/wp-json\/wp\/v2\/tags?post=86453"}],"curies":[{"name":"wp","href":"https:\/\/api.w.org\/{rel}","templated":true}]}}