{"id":83522,"date":"2016-01-22T06:58:10","date_gmt":"2016-01-22T05:58:10","guid":{"rendered":"http:\/\/www.cinevox.be\/?p=83522"},"modified":"2016-01-22T06:58:12","modified_gmt":"2016-01-22T05:58:12","slug":"belgica-opent-sundance-met-een-knal","status":"publish","type":"post","link":"https:\/\/welovecinema.be\/nl\/belgica-opent-sundance-met-een-knal\/","title":{"rendered":"&#8216;Belgica&#8217; opent Sundance met een knal!!!!"},"content":{"rendered":"<p>Geweldig te vernemen dat wij niet de enigen zijn die<em> &#8216;Belgica&#8217;<\/em> zo&#8217;n knaller vinden. \u00a0Ook internationaal denkt men er niet anders over. \u00a0De ploeg van &#8216;Belgica&#8217; bleek zelf verrast te moeten vaststellen dat de film eerder vannacht de opening verzorgde van het befaamde &#8216;Sundance Festival&#8217;. \u00a0Ze hadden vooraf wel vernomen dat hun film op \u00e9\u00e9n geprogrammeerd stond, maar het was ook de eerste film die geprogrammeerd stond. De wereldpremi\u00e8re van <strong>Felix Van Groeningen<\/strong>s &#8216;Belgica&#8217; mocht dus gewoonweg de spits afbijten van het Sundance Film Festival (21-31 januari). \u00a0En dat gebeurde met het nodige oempapa en met heel veel enthousiasme, zo kunnen we afleiden uit de eerste nogal uitbundige reacties.<\/p>\n<p><!--more--><\/p>\n<p>De film was al enkele dagen op tal van lijstjes in de vakpers terug te vinden, en dat bleek geen toeval, als je de reacties van de\u00a0aanwezige professionals en het het\u00a0publiek mocht geloven.<em> &#8216;A\u00a0fine choice to kick off Sundance,&#8217;<\/em> schrijft het vakblad &#8216;Variety&#8217;, terwijl\u00a0&#8216;The Hollywood Reporter&#8217; het in zijn recensie zelfs heeft\u00a0over <em>&#8216;a\u00a0sensual\u00a0pleasure&#8217;.<\/em> Ook Soulwax krijgt de<em> thumbs up<\/em> van &#8216;Screen International&#8217;\u00a0voor de <em>&#8216;formidable soundtrack&#8217;.<\/em><\/p>\n<figure id=\"attachment_83524\" aria-describedby=\"caption-attachment-83524\" style=\"width: 640px\" class=\"wp-caption aligncenter\"><a href=\"http:\/\/www.cinevox.be\/nl\/belgica-opent-sundance-met-een-knal\/_dsc7398\/\" rel=\"attachment wp-att-83524\"><img loading=\"lazy\" decoding=\"async\" class=\"wp-image-83524 size-large\" src=\"http:\/\/www.cinevox.be\/wp-content\/uploads\/sites\/2\/2016\/01\/DSC7398-800x531.jpeg\" alt=\"\" width=\"640\" height=\"424\" srcset=\"https:\/\/welovecinema.be\/wp-content\/uploads\/sites\/2\/2016\/01\/DSC7398-800x531.jpeg 800w, https:\/\/welovecinema.be\/wp-content\/uploads\/sites\/2\/2016\/01\/DSC7398-406x270.jpeg 406w, https:\/\/welovecinema.be\/wp-content\/uploads\/sites\/2\/2016\/01\/DSC7398.jpeg 1030w\" sizes=\"auto, (max-width: 640px) 100vw, 640px\" \/><\/a><figcaption id=\"caption-attachment-83524\" class=\"wp-caption-text\">\u00a9 foto Christophe De Muynck<\/figcaption><\/figure>\n<p>De vijfde film\u00a0van\u00a0de Oscar genomineerde regisseur (<em>&#8216;The Broken Circle Breakdown&#8217;<\/em>) kon op heel wat aandacht rekenen van de vak- en andere pers. Ook het feit dat het Festival de film als eerste op het publiek losliet, zorgde voor een hype.\u00a0De reacties van het\u00a0premi\u00e8republiek waren goed, en de vraag- en\u00a0antwoordsessie na de vertoning lokte vele reacties uit. Een van de aanwezigen vond de relatie tussen de twee broers in &#8216;Belgica&#8217; een van de meest \u00e9chte die zij de voorbije jaren\u00a0in de cinema had gezien.<\/p>\n<p>&#8216;Belgica&#8217; is \u00e9\u00e9n van de 12 films die in de World Dramatic Competition van het Festival worden vertoond.\u00a0De regisseur reisde zelf af naar Park City, samen met acteurs <strong>Stef Aerts, Tom Vermeir<\/strong> en <strong>Charlotte Vandermeersch<\/strong>, om er promotie voor de film te voeren.\u00a0De film maakt ook kans om \u00e9\u00e9n van de prijzen te winnen op het festival.\u00a0<em>&#8220;Ik was toch een beetje zenuwachtig voor deze Amerikaanse premi\u00e8re maar ben opgelucht en heel tevreden met de reacties,&#8221;<\/em> zegt Felix van Groeningen. <em>&#8220;Sundance\u00a0is een superfijn festival, het lijken wel de sneeuwklassen, haha.&#8221;<\/em><\/p>\n<figure id=\"attachment_83525\" aria-describedby=\"caption-attachment-83525\" style=\"width: 640px\" class=\"wp-caption aligncenter\"><a href=\"http:\/\/www.cinevox.be\/nl\/belgica-opent-sundance-met-een-knal\/_dsc7392\/\" rel=\"attachment wp-att-83525\"><img loading=\"lazy\" decoding=\"async\" class=\"size-large wp-image-83525\" src=\"http:\/\/www.cinevox.be\/wp-content\/uploads\/sites\/2\/2016\/01\/DSC7392-800x531.jpeg\" alt=\"\" width=\"640\" height=\"424\" srcset=\"https:\/\/welovecinema.be\/wp-content\/uploads\/sites\/2\/2016\/01\/DSC7392-800x531.jpeg 800w, https:\/\/welovecinema.be\/wp-content\/uploads\/sites\/2\/2016\/01\/DSC7392-406x270.jpeg 406w, https:\/\/welovecinema.be\/wp-content\/uploads\/sites\/2\/2016\/01\/DSC7392.jpeg 1030w\" sizes=\"auto, (max-width: 640px) 100vw, 640px\" \/><\/a><figcaption id=\"caption-attachment-83525\" class=\"wp-caption-text\">\u00a9 foto Christophe De Muynck<\/figcaption><\/figure>\n<p>&#8216;Belgica&#8217; vertelt het verhaal van twee broers die samen een caf\u00e9 runnen. Naarmate het succes toeneemt, groeien de broers steeds meer uit elkaar\u2026 Het scenario werd geschreven door <strong>Arne Sierens<\/strong> en Felix van Groeningen. \u00a0&#8216;Belgica&#8217; is meteen ook de vijfde\u00a0 samenwerking met producent <strong>Dirk Impens<\/strong> (Menuet). Ook D.O.P. <strong>Ruben Impens<\/strong> en monteur <strong>Nico Leunen<\/strong> behoren opnieuw tot de crew. De bruisende muzikale invulling en soundtrack werd speciaal voor de film door Soulwax gecree\u00ebrd.<\/p>\n<p>&nbsp;<\/p>\n<p>Distributeur KFD brengt Belgica bij ons uit op 2 maart. De film\u00a0is een productie van Menuet (<em>&#8216;The Broken Circle Breakdown&#8217;, &#8216;Caf\u00e9 Derby&#8217;<\/em>), en kon\u00a0rekenen op steun van het VAF. Verder investeerde het\u00a0economisch fonds Screen Flanders in &#8216;Belgica&#8217;.<\/p>\n<p>&nbsp;<\/p>\n<p>Quotes:<\/p>\n<p><em>&#8220;The propulsive Belgica should go down a treat amid the populist vibe of the Sundance festival &#8221; &#8211; Screen Daily \/ Screen International<\/em><\/p>\n<p>&nbsp;<\/p>\n<p><em>&#8220;this truth-blurring but thoroughly convincing portrait makes its case via the details&#8221; &#8211; Variety<\/em><\/p>\n<p>&nbsp;<\/p>\n<p><em>&#8220;Van Groeningen catches the ebb and flow of all this in a very fluid way, synching up dramatic and mood shifts with apt musical choices that make the film a sensual pleasure.&#8221; &#8211; The Hollywood Reporter<\/em><\/p>\n<figure id=\"attachment_83526\" aria-describedby=\"caption-attachment-83526\" style=\"width: 600px\" class=\"wp-caption aligncenter\"><a href=\"http:\/\/www.cinevox.be\/nl\/belgica-opent-sundance-met-een-knal\/img_5789-2\/\" rel=\"attachment wp-att-83526\"><img loading=\"lazy\" decoding=\"async\" class=\"size-large wp-image-83526\" src=\"http:\/\/www.cinevox.be\/wp-content\/uploads\/sites\/2\/2016\/01\/IMG_5789-2-600x600.jpeg\" alt=\"\" width=\"600\" height=\"600\" srcset=\"https:\/\/welovecinema.be\/wp-content\/uploads\/sites\/2\/2016\/01\/IMG_5789-2-600x600.jpeg 600w, https:\/\/welovecinema.be\/wp-content\/uploads\/sites\/2\/2016\/01\/IMG_5789-2-270x270.jpeg 270w, https:\/\/welovecinema.be\/wp-content\/uploads\/sites\/2\/2016\/01\/IMG_5789-2-100x100.jpeg 100w, https:\/\/welovecinema.be\/wp-content\/uploads\/sites\/2\/2016\/01\/IMG_5789-2-87x87.jpeg 87w, https:\/\/welovecinema.be\/wp-content\/uploads\/sites\/2\/2016\/01\/IMG_5789-2.jpeg 960w\" sizes=\"auto, (max-width: 600px) 100vw, 600px\" \/><\/a><figcaption id=\"caption-attachment-83526\" class=\"wp-caption-text\">\u00a9foto Christophe De Muynck<\/figcaption><\/figure>\n<p>&nbsp;<\/p>\n<p><span style=\"text-decoration: underline;\"><strong>Zie ook :<\/strong><\/span><\/p>\n<p>&#8211; <a title=\"\u2018Belgica\u2019 is de beste Belgische film ooit\" href=\"http:\/\/www.cinevox.be\/nl\/belgica-is-de-beste-belgische-film-ooit\/\">Cinevox&#8217; eerste recensie<\/a><\/p>\n<p>&#8211; <a title=\"Dit is de trailer van \u2018Belgica\u2019 van Felix Van Groeningen\" href=\"http:\/\/www.cinevox.be\/nl\/dit-is-de-trailer-van-belgica-van-felix-van-groeningen\">trailer &#8216;Belgica&#8217;<\/a><\/p>\n<p>&#8211; <a title=\"Cinevox-journaal januari 2016 : \u2018Belgica\u2019 en \u2018Le ciel flamand\u2019\" href=\"http:\/\/www.cinevox.be\/nl\/cinevox-journaal-januari-2016-belgica-en-le-ciel-flamand\">bioscoopjournaal met Soulwax<\/a><\/p>\n<p>&#8211; <a title=\"Het Cinevox-journaal februari\/maart \u2018Belgica\u2019 en \u2018Problemski Hotel\u2019\" href=\"http:\/\/www.cinevox.be\/nl\/het-cinevox-journaal-februarimaart-belgica-en-problemski-hotel\">bioscoopjournaal op de set<\/a><\/p>\n<p>&#8211; <a title=\"Charlotte Vandermeersch over \u2018Belgica\u2019\" href=\"http:\/\/www.cinevox.be\/nl\/charlotte-vandermeersch-belgica\/\">interview Charlotte Vandermeersch op de set<\/a><\/p>\n","protected":false},"excerpt":{"rendered":"<p>Geweldig te vernemen dat wij niet de enigen zijn die &#8216;Belgica&#8217; zo&#8217;n knaller vinden. \u00a0Ook internationaal denkt men er niet anders over. \u00a0De ploeg van &#8216;Belgica&#8217; bleek zelf verrast te moeten vaststellen dat de film eerder vannacht de opening verzorgde van het befaamde &#8216;Sundance Festival&#8217;. \u00a0Ze hadden vooraf wel vernomen dat hun film op \u00e9\u00e9n &hellip;<\/p>\n","protected":false},"author":8,"featured_media":83528,"comment_status":"closed","ping_status":"closed","sticky":false,"template":"","format":"standard","meta":{"ngg_post_thumbnail":0,"footnotes":""},"categories":[1069,30],"tags":[],"class_list":["post-83522","post","type-post","status-publish","format-standard","has-post-thumbnail","","category-festivals-nl","category-nieuws"],"yoast_head":"<!-- This site is optimized with the Yoast SEO plugin v20.4 - https:\/\/yoast.com\/wordpress\/plugins\/seo\/ -->\n<title>&#039;Belgica&#039; opent Sundance met een knal!!!! - We Love Cinema<\/title>\n<meta name=\"robots\" content=\"index, follow, max-snippet:-1, max-image-preview:large, max-video-preview:-1\" \/>\n<link rel=\"canonical\" href=\"https:\/\/welovecinema.be\/nl\/belgica-opent-sundance-met-een-knal\/\" \/>\n<meta property=\"og:locale\" content=\"nl_NL\" \/>\n<meta property=\"og:type\" content=\"article\" \/>\n<meta property=\"og:title\" content=\"&#039;Belgica&#039; opent Sundance met een knal!!!! - We Love Cinema\" \/>\n<meta property=\"og:description\" content=\"Geweldig te vernemen dat wij niet de enigen zijn die &#8216;Belgica&#8217; zo&#8217;n knaller vinden. \u00a0Ook internationaal denkt men er niet anders over. \u00a0De ploeg van &#8216;Belgica&#8217; bleek zelf verrast te moeten vaststellen dat de film eerder vannacht de opening verzorgde van het befaamde &#8216;Sundance Festival&#8217;. \u00a0Ze hadden vooraf wel vernomen dat hun film op \u00e9\u00e9n &hellip;\" \/>\n<meta property=\"og:url\" content=\"https:\/\/welovecinema.be\/nl\/belgica-opent-sundance-met-een-knal\/\" \/>\n<meta property=\"og:site_name\" content=\"We Love Cinema\" \/>\n<meta property=\"article:publisher\" content=\"https:\/\/www.facebook.com\/welovecinema.be\" \/>\n<meta property=\"article:published_time\" content=\"2016-01-22T05:58:10+00:00\" \/>\n<meta property=\"article:modified_time\" content=\"2016-01-22T05:58:12+00:00\" \/>\n<meta property=\"og:image\" content=\"https:\/\/welovecinema.be\/wp-content\/uploads\/sites\/2\/2016\/01\/DSC73921.jpeg\" \/>\n\t<meta property=\"og:image:width\" content=\"1030\" \/>\n\t<meta property=\"og:image:height\" content=\"684\" \/>\n\t<meta property=\"og:image:type\" content=\"image\/jpeg\" \/>\n<meta name=\"author\" content=\"Kurt.Vandemaele\" \/>\n<meta name=\"twitter:card\" content=\"summary_large_image\" \/>\n<meta name=\"twitter:label1\" content=\"Geschreven door\" \/>\n\t<meta name=\"twitter:data1\" content=\"Kurt.Vandemaele\" \/>\n\t<meta name=\"twitter:label2\" content=\"Geschatte leestijd\" \/>\n\t<meta name=\"twitter:data2\" content=\"3 minuten\" \/>\n<script type=\"application\/ld+json\" class=\"yoast-schema-graph\">{\"@context\":\"https:\/\/schema.org\",\"@graph\":[{\"@type\":\"Article\",\"@id\":\"https:\/\/welovecinema.be\/nl\/belgica-opent-sundance-met-een-knal\/#article\",\"isPartOf\":{\"@id\":\"https:\/\/welovecinema.be\/nl\/belgica-opent-sundance-met-een-knal\/\"},\"author\":{\"name\":\"Kurt.Vandemaele\",\"@id\":\"https:\/\/welovecinema.be\/nl\/#\/schema\/person\/f475ac81c30903d8505475024494c658\"},\"headline\":\"&#8216;Belgica&#8217; opent Sundance met een knal!!!!\",\"datePublished\":\"2016-01-22T05:58:10+00:00\",\"dateModified\":\"2016-01-22T05:58:12+00:00\",\"mainEntityOfPage\":{\"@id\":\"https:\/\/welovecinema.be\/nl\/belgica-opent-sundance-met-een-knal\/\"},\"wordCount\":623,\"publisher\":{\"@id\":\"https:\/\/welovecinema.be\/nl\/#organization\"},\"articleSection\":[\"Festivals\",\"Nieuws\"],\"inLanguage\":\"nl-NL\"},{\"@type\":\"WebPage\",\"@id\":\"https:\/\/welovecinema.be\/nl\/belgica-opent-sundance-met-een-knal\/\",\"url\":\"https:\/\/welovecinema.be\/nl\/belgica-opent-sundance-met-een-knal\/\",\"name\":\"'Belgica' opent Sundance met een knal!!!! - We Love Cinema\",\"isPartOf\":{\"@id\":\"https:\/\/welovecinema.be\/nl\/#website\"},\"datePublished\":\"2016-01-22T05:58:10+00:00\",\"dateModified\":\"2016-01-22T05:58:12+00:00\",\"breadcrumb\":{\"@id\":\"https:\/\/welovecinema.be\/nl\/belgica-opent-sundance-met-een-knal\/#breadcrumb\"},\"inLanguage\":\"nl-NL\",\"potentialAction\":[{\"@type\":\"ReadAction\",\"target\":[\"https:\/\/welovecinema.be\/nl\/belgica-opent-sundance-met-een-knal\/\"]}]},{\"@type\":\"BreadcrumbList\",\"@id\":\"https:\/\/welovecinema.be\/nl\/belgica-opent-sundance-met-een-knal\/#breadcrumb\",\"itemListElement\":[{\"@type\":\"ListItem\",\"position\":1,\"name\":\"Accueil\",\"item\":\"https:\/\/welovecinema.be\/nl\/\"},{\"@type\":\"ListItem\",\"position\":2,\"name\":\"&#8216;Belgica&#8217; opent Sundance met een knal!!!!\"}]},{\"@type\":\"WebSite\",\"@id\":\"https:\/\/welovecinema.be\/nl\/#website\",\"url\":\"https:\/\/welovecinema.be\/nl\/\",\"name\":\"We Love Cinema\",\"description\":\"Toute l\u2019information du cin\u00e9ma en Belgique\",\"publisher\":{\"@id\":\"https:\/\/welovecinema.be\/nl\/#organization\"},\"potentialAction\":[{\"@type\":\"SearchAction\",\"target\":{\"@type\":\"EntryPoint\",\"urlTemplate\":\"https:\/\/welovecinema.be\/nl\/?s={search_term_string}\"},\"query-input\":\"required name=search_term_string\"}],\"inLanguage\":\"nl-NL\"},{\"@type\":\"Organization\",\"@id\":\"https:\/\/welovecinema.be\/nl\/#organization\",\"name\":\"We Love Cinema\",\"url\":\"https:\/\/welovecinema.be\/nl\/\",\"logo\":{\"@type\":\"ImageObject\",\"inLanguage\":\"nl-NL\",\"@id\":\"https:\/\/welovecinema.be\/nl\/#\/schema\/logo\/image\/\",\"url\":\"https:\/\/welovecinema.be\/wp-content\/uploads\/sites\/2\/2023\/03\/Logo-We-Love-Cinema305x128.jpg\",\"contentUrl\":\"https:\/\/welovecinema.be\/wp-content\/uploads\/sites\/2\/2023\/03\/Logo-We-Love-Cinema305x128.jpg\",\"width\":305,\"height\":128,\"caption\":\"We Love Cinema\"},\"image\":{\"@id\":\"https:\/\/welovecinema.be\/nl\/#\/schema\/logo\/image\/\"},\"sameAs\":[\"https:\/\/www.facebook.com\/welovecinema.be\",\"https:\/\/www.youtube.com\/channel\/UCX5LYGVhnKvYauW4Nta4HJA\",\"https:\/\/www.instagram.com\/welovecinema.be\/\"]},{\"@type\":\"Person\",\"@id\":\"https:\/\/welovecinema.be\/nl\/#\/schema\/person\/f475ac81c30903d8505475024494c658\",\"name\":\"Kurt.Vandemaele\",\"url\":\"https:\/\/welovecinema.be\/nl\/author\/kurt-vandemaele\/\"}]}<\/script>\n<!-- \/ Yoast SEO plugin. -->","yoast_head_json":{"title":"'Belgica' opent Sundance met een knal!!!! - We Love Cinema","robots":{"index":"index","follow":"follow","max-snippet":"max-snippet:-1","max-image-preview":"max-image-preview:large","max-video-preview":"max-video-preview:-1"},"canonical":"https:\/\/welovecinema.be\/nl\/belgica-opent-sundance-met-een-knal\/","og_locale":"nl_NL","og_type":"article","og_title":"'Belgica' opent Sundance met een knal!!!! - We Love Cinema","og_description":"Geweldig te vernemen dat wij niet de enigen zijn die &#8216;Belgica&#8217; zo&#8217;n knaller vinden. \u00a0Ook internationaal denkt men er niet anders over. \u00a0De ploeg van &#8216;Belgica&#8217; bleek zelf verrast te moeten vaststellen dat de film eerder vannacht de opening verzorgde van het befaamde &#8216;Sundance Festival&#8217;. \u00a0Ze hadden vooraf wel vernomen dat hun film op \u00e9\u00e9n &hellip;","og_url":"https:\/\/welovecinema.be\/nl\/belgica-opent-sundance-met-een-knal\/","og_site_name":"We Love Cinema","article_publisher":"https:\/\/www.facebook.com\/welovecinema.be","article_published_time":"2016-01-22T05:58:10+00:00","article_modified_time":"2016-01-22T05:58:12+00:00","og_image":[{"width":1030,"height":684,"url":"https:\/\/welovecinema.be\/wp-content\/uploads\/sites\/2\/2016\/01\/DSC73921.jpeg","type":"image\/jpeg"}],"author":"Kurt.Vandemaele","twitter_card":"summary_large_image","twitter_misc":{"Geschreven door":"Kurt.Vandemaele","Geschatte leestijd":"3 minuten"},"schema":{"@context":"https:\/\/schema.org","@graph":[{"@type":"Article","@id":"https:\/\/welovecinema.be\/nl\/belgica-opent-sundance-met-een-knal\/#article","isPartOf":{"@id":"https:\/\/welovecinema.be\/nl\/belgica-opent-sundance-met-een-knal\/"},"author":{"name":"Kurt.Vandemaele","@id":"https:\/\/welovecinema.be\/nl\/#\/schema\/person\/f475ac81c30903d8505475024494c658"},"headline":"&#8216;Belgica&#8217; opent Sundance met een knal!!!!","datePublished":"2016-01-22T05:58:10+00:00","dateModified":"2016-01-22T05:58:12+00:00","mainEntityOfPage":{"@id":"https:\/\/welovecinema.be\/nl\/belgica-opent-sundance-met-een-knal\/"},"wordCount":623,"publisher":{"@id":"https:\/\/welovecinema.be\/nl\/#organization"},"articleSection":["Festivals","Nieuws"],"inLanguage":"nl-NL"},{"@type":"WebPage","@id":"https:\/\/welovecinema.be\/nl\/belgica-opent-sundance-met-een-knal\/","url":"https:\/\/welovecinema.be\/nl\/belgica-opent-sundance-met-een-knal\/","name":"'Belgica' opent Sundance met een knal!!!! - We Love Cinema","isPartOf":{"@id":"https:\/\/welovecinema.be\/nl\/#website"},"datePublished":"2016-01-22T05:58:10+00:00","dateModified":"2016-01-22T05:58:12+00:00","breadcrumb":{"@id":"https:\/\/welovecinema.be\/nl\/belgica-opent-sundance-met-een-knal\/#breadcrumb"},"inLanguage":"nl-NL","potentialAction":[{"@type":"ReadAction","target":["https:\/\/welovecinema.be\/nl\/belgica-opent-sundance-met-een-knal\/"]}]},{"@type":"BreadcrumbList","@id":"https:\/\/welovecinema.be\/nl\/belgica-opent-sundance-met-een-knal\/#breadcrumb","itemListElement":[{"@type":"ListItem","position":1,"name":"Accueil","item":"https:\/\/welovecinema.be\/nl\/"},{"@type":"ListItem","position":2,"name":"&#8216;Belgica&#8217; opent Sundance met een knal!!!!"}]},{"@type":"WebSite","@id":"https:\/\/welovecinema.be\/nl\/#website","url":"https:\/\/welovecinema.be\/nl\/","name":"We Love Cinema","description":"Toute l\u2019information du cin\u00e9ma en Belgique","publisher":{"@id":"https:\/\/welovecinema.be\/nl\/#organization"},"potentialAction":[{"@type":"SearchAction","target":{"@type":"EntryPoint","urlTemplate":"https:\/\/welovecinema.be\/nl\/?s={search_term_string}"},"query-input":"required name=search_term_string"}],"inLanguage":"nl-NL"},{"@type":"Organization","@id":"https:\/\/welovecinema.be\/nl\/#organization","name":"We Love Cinema","url":"https:\/\/welovecinema.be\/nl\/","logo":{"@type":"ImageObject","inLanguage":"nl-NL","@id":"https:\/\/welovecinema.be\/nl\/#\/schema\/logo\/image\/","url":"https:\/\/welovecinema.be\/wp-content\/uploads\/sites\/2\/2023\/03\/Logo-We-Love-Cinema305x128.jpg","contentUrl":"https:\/\/welovecinema.be\/wp-content\/uploads\/sites\/2\/2023\/03\/Logo-We-Love-Cinema305x128.jpg","width":305,"height":128,"caption":"We Love Cinema"},"image":{"@id":"https:\/\/welovecinema.be\/nl\/#\/schema\/logo\/image\/"},"sameAs":["https:\/\/www.facebook.com\/welovecinema.be","https:\/\/www.youtube.com\/channel\/UCX5LYGVhnKvYauW4Nta4HJA","https:\/\/www.instagram.com\/welovecinema.be\/"]},{"@type":"Person","@id":"https:\/\/welovecinema.be\/nl\/#\/schema\/person\/f475ac81c30903d8505475024494c658","name":"Kurt.Vandemaele","url":"https:\/\/welovecinema.be\/nl\/author\/kurt-vandemaele\/"}]}},"_links":{"self":[{"href":"https:\/\/welovecinema.be\/nl\/wp-json\/wp\/v2\/posts\/83522","targetHints":{"allow":["GET"]}}],"collection":[{"href":"https:\/\/welovecinema.be\/nl\/wp-json\/wp\/v2\/posts"}],"about":[{"href":"https:\/\/welovecinema.be\/nl\/wp-json\/wp\/v2\/types\/post"}],"author":[{"embeddable":true,"href":"https:\/\/welovecinema.be\/nl\/wp-json\/wp\/v2\/users\/8"}],"replies":[{"embeddable":true,"href":"https:\/\/welovecinema.be\/nl\/wp-json\/wp\/v2\/comments?post=83522"}],"version-history":[{"count":0,"href":"https:\/\/welovecinema.be\/nl\/wp-json\/wp\/v2\/posts\/83522\/revisions"}],"wp:featuredmedia":[{"embeddable":true,"href":"https:\/\/welovecinema.be\/nl\/wp-json\/wp\/v2\/media\/83528"}],"wp:attachment":[{"href":"https:\/\/welovecinema.be\/nl\/wp-json\/wp\/v2\/media?parent=83522"}],"wp:term":[{"taxonomy":"category","embeddable":true,"href":"https:\/\/welovecinema.be\/nl\/wp-json\/wp\/v2\/categories?post=83522"},{"taxonomy":"post_tag","embeddable":true,"href":"https:\/\/welovecinema.be\/nl\/wp-json\/wp\/v2\/tags?post=83522"}],"curies":[{"name":"wp","href":"https:\/\/api.w.org\/{rel}","templated":true}]}}