{"id":82417,"date":"2016-01-06T00:07:00","date_gmt":"2016-01-05T23:07:00","guid":{"rendered":"http:\/\/www.cinevox.be\/?p=82417"},"modified":"2016-01-06T00:24:29","modified_gmt":"2016-01-05T23:24:29","slug":"david-verdurme-en-zijn-overpeinzingen-bij-de-overgang","status":"publish","type":"post","link":"https:\/\/welovecinema.be\/nl\/david-verdurme-en-zijn-overpeinzingen-bij-de-overgang\/","title":{"rendered":"David Verdurme en zijn &#8216;Overpeinzingen bij de overgang&#8217;"},"content":{"rendered":"<p><strong>David Verdurme<\/strong> is in korte tijd naam aan het maken als monteur. \u00a0Er zijn al wat monteurs met naam in de Vlaamse filmwereld. Maar er is plaats voor nieuwe mensen, zoveel is duidelijk. Net zoals er ook duidelijk plaats is voor nieuwe DOP&#8217;s en andere mensen die achter de schermen naam maken. \u00a0Het gaat in ieder geval snel voor David. Begonnen als monteur van <strong>Gust Van den Berghe<\/strong>, maar intussen goed voor meer dan tien langspelers. \u00a0Lees zelf zijn antwoorden op onze vragen en u zult merken dat hij geen tijd heeft om met de duimen te draaien.<\/p>\n<p><!--more--><\/p>\n<p>&nbsp;<\/p>\n<p><strong>1) Was 2015 een goed filmjaar voor u en voor de Belgische film en waarom of waarom niet? (hoogtepunten, laagtepunten\u2026)<\/strong><\/p>\n<p>Dit jaar werkte ik samen met Stijn Coninx en Hugo Matthysen aan <a title=\"trailer \u2018Ay Ramon!\u2019\" href=\"http:\/\/www.cinevox.be\/nl\/trailer-ay-ramon\">&#8216;Ay Ramon&#8217;<\/a>. Pure nostalgie, die het publiek gelukkig kon smaken! 2015 is ook het jaar waarin ik Peter Brosens &amp; Jessica Woodworth tegen het lijf liep in het Gentse.<a title=\"Interviews Peter Brosens, Peter Van den Begin en Titus De Voogdt op de set van \u2018Royal Kebab\u2019\" href=\"http:\/\/www.cinevox.be\/nl\/interviews-peter-brosens-peter-van-den-begin-en-titus-de-voogdt-op-de-set-van-royal-kebab\/\">\u00a0&#8216;Kebab Royal&#8217;<\/a> is een zeer speciale film, met een fantastische Peter Van Den Begin als koning.<\/p>\n<p>Het is opnieuw een jaar waarin we niet kunnen klagen over het succes van de Belgische film. Door het ruime aanbod heeft het publiek een brede waaier om uit te kiezen.<br \/>\n<a title=\"De trailer van \u2018D\u2019Ardennen\u2019\" href=\"http:\/\/www.cinevox.be\/nl\/de-trailer-van-dardennen\">&#8216;D&#8217;Ardennen&#8217;<\/a> van Robin Pront is wel \u00e9\u00e9n van de successen van het jaar.\u00a0Ook veel respect voor het jonge duo Adil El Arbi &amp; Bilall Fallah met hun film<a title=\"De trailer van \u2018Black\u2019\" href=\"http:\/\/www.cinevox.be\/nl\/de-trailer-van-black\"> &#8216;Black&#8217;<\/a>.\u00a0Vlaanderen wordt het kleine &#8216;Hollywood&#8217;.\u00a0De laatste in deze nieuwe generatie is absoluut Gilles Coulier, met zijn sterke kortfilms, TV reeks &#8216;Bevergem&#8217; en binnenkort zijn film &#8216;Cargo&#8217;.<\/p>\n<p>Op het vlak van documentaire mogen we zeker <a title=\"\u2018N \u2013 The Madness of Reason\u2019 \u2013 ondertitelde trailer\" href=\"http:\/\/www.cinevox.be\/nl\/n-madness-reason-ondertitelde-trailer\">&#8216;N: The Madness of Reason&#8217;<\/a> van <a title=\"Peter Kr\u00fcger maakte met \u2018N\u2019 een film die zich niet laat benoemen\" href=\"http:\/\/www.cinevox.be\/nl\/peter-kruger-maakte-met-n-een-film-die-zich-niet-laat-benoemen\/\">Peter Kr\u00fcger<\/a> niet vergeten!\u00a0De korte documentaire &#8216;Flor de mil colores&#8217; van Karen Vazquez Guadarrama &amp; Bart Goossens raakte me echt en ik ben heel benieuwd naar hun lange film in 2016.<\/p>\n<figure id=\"attachment_82914\" aria-describedby=\"caption-attachment-82914\" style=\"width: 640px\" class=\"wp-caption aligncenter\"><a href=\"http:\/\/www.cinevox.be\/nl\/david-verdurme-en-zijn-overpeinzingen-bij-de-overgang\/10689820_10152463624895889_2944935958389471952_n-2\/\" rel=\"attachment wp-att-82914\"><img loading=\"lazy\" decoding=\"async\" class=\"size-large wp-image-82914\" src=\"http:\/\/www.cinevox.be\/wp-content\/uploads\/sites\/2\/2016\/01\/10689820_10152463624895889_2944935958389471952_n-800x530.jpg\" alt=\"\" width=\"640\" height=\"424\" srcset=\"https:\/\/welovecinema.be\/wp-content\/uploads\/sites\/2\/2016\/01\/10689820_10152463624895889_2944935958389471952_n-800x530.jpg 800w, https:\/\/welovecinema.be\/wp-content\/uploads\/sites\/2\/2016\/01\/10689820_10152463624895889_2944935958389471952_n-406x270.jpg 406w, https:\/\/welovecinema.be\/wp-content\/uploads\/sites\/2\/2016\/01\/10689820_10152463624895889_2944935958389471952_n.jpg 960w\" sizes=\"auto, (max-width: 640px) 100vw, 640px\" \/><\/a><figcaption id=\"caption-attachment-82914\" class=\"wp-caption-text\">\u00a9 Caroline Strubbe<\/figcaption><\/figure>\n<p><strong>2) Wat zijn uw plannen voor 2016?<\/strong><\/p>\n<p>2016 zal starten in Nederland met het afwerken van een mooie kinderfilm &#8216;Toen mijn vader een struik werd&#8217;, van Nicole van Kilsdonk. Daarna staan er een paar interessante debuutfilms te wachten. Eerst hebben we &#8216;Blue Silence&#8221; van B\u00fclent \u00d6zt\u00fcrk. Een man die we echt in het oog moeten houden. In 2015 werkte we al samen aan zijn kortfilm &#8216;Shadow&#8217;.<\/p>\n<figure id=\"attachment_82916\" aria-describedby=\"caption-attachment-82916\" style=\"width: 640px\" class=\"wp-caption aligncenter\"><a href=\"http:\/\/www.cinevox.be\/nl\/david-verdurme-en-zijn-overpeinzingen-bij-de-overgang\/10407984_10152463627710889_2725214714696780958_n\/\" rel=\"attachment wp-att-82916\"><img loading=\"lazy\" decoding=\"async\" class=\"size-large wp-image-82916\" src=\"http:\/\/www.cinevox.be\/wp-content\/uploads\/sites\/2\/2016\/01\/10407984_10152463627710889_2725214714696780958_n-800x530.jpg\" alt=\"\" width=\"640\" height=\"424\" srcset=\"https:\/\/welovecinema.be\/wp-content\/uploads\/sites\/2\/2016\/01\/10407984_10152463627710889_2725214714696780958_n-800x530.jpg 800w, https:\/\/welovecinema.be\/wp-content\/uploads\/sites\/2\/2016\/01\/10407984_10152463627710889_2725214714696780958_n-406x270.jpg 406w, https:\/\/welovecinema.be\/wp-content\/uploads\/sites\/2\/2016\/01\/10407984_10152463627710889_2725214714696780958_n.jpg 960w\" sizes=\"auto, (max-width: 640px) 100vw, 640px\" \/><\/a><figcaption id=\"caption-attachment-82916\" class=\"wp-caption-text\">\u00a9 Caroline Strubbe<\/figcaption><\/figure>\n<p>Daarna hebben we de experimentele &#8216;Charlie en Hannah gaan uit&#8217; van Bert Scholiers. Iemand met een grote liefde voor Woody Allen, dus dat belooft. And last but not least &#8216;Resurrection&#8217; van <a title=\"Kristof Hoornaert en zijn \u2018Overpeinzingen bij de overgang\u2019\" href=\"http:\/\/www.cinevox.be\/nl\/kristof-hoornaert-en\/\">Kristof Hoornaert<\/a>. Het is ook altijd spannend afwachten op de nieuwste films van Gust Van den Berghe, Caroline Strubbe en Tom Heene, maar dat zal niet voor 2016 zijn. Lukas Dhont is ook iemand waar ik ongeduldig naar uitkijk.<\/p>\n<p><strong>3) Wie waren voor u de figuren van het jaar op filmvlak (Vlaanderen, Belgi\u00eb\u2026)? (dat kunnen acteurs, producers, regisseurs, scenaristen, D.O.P\u2019s, gaffers of om het even wie zijn uit de filmwereld)<\/strong><\/p>\n<p>Ik denk de namen die in ieders lijstje terugkomen, namelijk David Williamson, Gilles Coulier\/De Wereldvrede, Robin Pront, enz..<\/p>\n<p>Eigenlijk alle mensen achter de schermen, die nooit genoeg aandacht krijgen. Ik denk dan aan het postproductie bedrijf FLOW, die keer op keer hard werken om elke film mooi af te werken.<\/p>\n<p><a href=\"http:\/\/www.cinevox.be\/nl\/david-verdurme-en-zijn-overpeinzingen-bij-de-overgang\/12439208_10153453864690889_4798240736555141440_n\/\" rel=\"attachment wp-att-82917\"><img loading=\"lazy\" decoding=\"async\" class=\"aligncenter size-large wp-image-82917\" src=\"http:\/\/www.cinevox.be\/wp-content\/uploads\/sites\/2\/2016\/01\/12439208_10153453864690889_4798240736555141440_n-600x600.jpg\" alt=\"\" width=\"600\" height=\"600\" srcset=\"https:\/\/welovecinema.be\/wp-content\/uploads\/sites\/2\/2016\/01\/12439208_10153453864690889_4798240736555141440_n-600x600.jpg 600w, https:\/\/welovecinema.be\/wp-content\/uploads\/sites\/2\/2016\/01\/12439208_10153453864690889_4798240736555141440_n-270x270.jpg 270w, https:\/\/welovecinema.be\/wp-content\/uploads\/sites\/2\/2016\/01\/12439208_10153453864690889_4798240736555141440_n-100x100.jpg 100w, https:\/\/welovecinema.be\/wp-content\/uploads\/sites\/2\/2016\/01\/12439208_10153453864690889_4798240736555141440_n-87x87.jpg 87w, https:\/\/welovecinema.be\/wp-content\/uploads\/sites\/2\/2016\/01\/12439208_10153453864690889_4798240736555141440_n.jpg 912w\" sizes=\"auto, (max-width: 600px) 100vw, 600px\" \/><\/a><\/p>\n<p><strong>4) Wie worden voor u de figuren van volgend jaar? Wie moeten we in de gaten houden?<\/strong><\/p>\n<p>De cast van &#8216;Kebab Royal&#8217;.\u00a0Namelijk Peter Van den Begin, Lucie Debay, Titus De Voogdt, Pieter van der Houwen en de fenomenale Bruno Georis!<\/p>\n<p><strong>Zie ook :\u00a0<\/strong><\/p>\n<p><a title=\"Overpeinzingen bij de overgang\" href=\"http:\/\/www.cinevox.be\/nl\/overpeinzingen-bij-de-overgang\/\">Nog meer mensen beantwoordden de Cinevox-vraagjes<\/a><\/p>\n<p><a title=\"Overpeinzingen bij de overgang : David Verdurme over het oude en het nieuwe filmjaar\" href=\"http:\/\/www.cinevox.be\/nl\/overpeinzingen-bij-de-overgang-david-verdurme-het-oude-en-het-nieuwe-filmjaar\/\">Vorig jaar beantwoordde hij ook de nieuwjaarsvraagjes<\/a><\/p>\n<p><a title=\"David Verdurme werkt dit jaar onder meer de nieuwe van Gust Van den Berghe af\" href=\"http:\/\/www.cinevox.be\/nl\/david-verdurme-werkt-dit-jaar-onder-meer-de-nieuwe-van-gust-van-den-berghe-af\/\">Twee jaar geleden keek David Verdurme ook vooruit<\/a><\/p>\n<p><a href=\"http:\/\/www.cinevox.be\/nl\/david-verdurme-en-zijn-overpeinzingen-bij-de-overgang\/1424512_953657211377694_3609023454361540980_n\/\" rel=\"attachment wp-att-82918\"><img loading=\"lazy\" decoding=\"async\" class=\"aligncenter size-large wp-image-82918\" src=\"http:\/\/www.cinevox.be\/wp-content\/uploads\/sites\/2\/2016\/01\/1424512_953657211377694_3609023454361540980_n-800x533.jpg\" alt=\"\" width=\"640\" height=\"426\" srcset=\"https:\/\/welovecinema.be\/wp-content\/uploads\/sites\/2\/2016\/01\/1424512_953657211377694_3609023454361540980_n-800x533.jpg 800w, https:\/\/welovecinema.be\/wp-content\/uploads\/sites\/2\/2016\/01\/1424512_953657211377694_3609023454361540980_n-405x270.jpg 405w, https:\/\/welovecinema.be\/wp-content\/uploads\/sites\/2\/2016\/01\/1424512_953657211377694_3609023454361540980_n.jpg 960w\" sizes=\"auto, (max-width: 640px) 100vw, 640px\" \/><\/a><\/p>\n","protected":false},"excerpt":{"rendered":"<p>David Verdurme is in korte tijd naam aan het maken als monteur. \u00a0Er zijn al wat monteurs met naam in de Vlaamse filmwereld. Maar er is plaats voor nieuwe mensen, zoveel is duidelijk. Net zoals er ook duidelijk plaats is voor nieuwe DOP&#8217;s en andere mensen die achter de schermen naam maken. \u00a0Het gaat in &hellip;<\/p>\n","protected":false},"author":8,"featured_media":82920,"comment_status":"closed","ping_status":"closed","sticky":false,"template":"","format":"standard","meta":{"ngg_post_thumbnail":0,"footnotes":""},"categories":[30,3],"tags":[],"class_list":["post-82417","post","type-post","status-publish","format-standard","has-post-thumbnail","","category-nieuws","category-varia-nl"],"yoast_head":"<!-- This site is optimized with the Yoast SEO plugin v20.4 - https:\/\/yoast.com\/wordpress\/plugins\/seo\/ -->\n<title>David Verdurme en zijn &#039;Overpeinzingen bij de overgang&#039; - We Love Cinema<\/title>\n<meta name=\"robots\" content=\"index, follow, max-snippet:-1, max-image-preview:large, max-video-preview:-1\" \/>\n<link rel=\"canonical\" href=\"https:\/\/welovecinema.be\/nl\/david-verdurme-en-zijn-overpeinzingen-bij-de-overgang\/\" \/>\n<meta property=\"og:locale\" content=\"nl_NL\" \/>\n<meta property=\"og:type\" content=\"article\" \/>\n<meta property=\"og:title\" content=\"David Verdurme en zijn &#039;Overpeinzingen bij de overgang&#039; - We Love Cinema\" \/>\n<meta property=\"og:description\" content=\"David Verdurme is in korte tijd naam aan het maken als monteur. \u00a0Er zijn al wat monteurs met naam in de Vlaamse filmwereld. Maar er is plaats voor nieuwe mensen, zoveel is duidelijk. Net zoals er ook duidelijk plaats is voor nieuwe DOP&#8217;s en andere mensen die achter de schermen naam maken. \u00a0Het gaat in &hellip;\" \/>\n<meta property=\"og:url\" content=\"https:\/\/welovecinema.be\/nl\/david-verdurme-en-zijn-overpeinzingen-bij-de-overgang\/\" \/>\n<meta property=\"og:site_name\" content=\"We Love Cinema\" \/>\n<meta property=\"article:publisher\" content=\"https:\/\/www.facebook.com\/welovecinema.be\" \/>\n<meta property=\"article:published_time\" content=\"2016-01-05T23:07:00+00:00\" \/>\n<meta property=\"article:modified_time\" content=\"2016-01-05T23:24:29+00:00\" \/>\n<meta property=\"og:image\" content=\"https:\/\/welovecinema.be\/wp-content\/uploads\/sites\/2\/2016\/01\/12011385_10153280668635889_2112799066775243042_n.jpg\" \/>\n\t<meta property=\"og:image:width\" content=\"610\" \/>\n\t<meta property=\"og:image:height\" content=\"610\" \/>\n\t<meta property=\"og:image:type\" content=\"image\/jpeg\" \/>\n<meta name=\"author\" content=\"Kurt.Vandemaele\" \/>\n<meta name=\"twitter:card\" content=\"summary_large_image\" \/>\n<meta name=\"twitter:label1\" content=\"Geschreven door\" \/>\n\t<meta name=\"twitter:data1\" content=\"Kurt.Vandemaele\" \/>\n\t<meta name=\"twitter:label2\" content=\"Geschatte leestijd\" \/>\n\t<meta name=\"twitter:data2\" content=\"3 minuten\" \/>\n<script type=\"application\/ld+json\" class=\"yoast-schema-graph\">{\"@context\":\"https:\/\/schema.org\",\"@graph\":[{\"@type\":\"Article\",\"@id\":\"https:\/\/welovecinema.be\/nl\/david-verdurme-en-zijn-overpeinzingen-bij-de-overgang\/#article\",\"isPartOf\":{\"@id\":\"https:\/\/welovecinema.be\/nl\/david-verdurme-en-zijn-overpeinzingen-bij-de-overgang\/\"},\"author\":{\"name\":\"Kurt.Vandemaele\",\"@id\":\"https:\/\/welovecinema.be\/nl\/#\/schema\/person\/f475ac81c30903d8505475024494c658\"},\"headline\":\"David Verdurme en zijn &#8216;Overpeinzingen bij de overgang&#8217;\",\"datePublished\":\"2016-01-05T23:07:00+00:00\",\"dateModified\":\"2016-01-05T23:24:29+00:00\",\"mainEntityOfPage\":{\"@id\":\"https:\/\/welovecinema.be\/nl\/david-verdurme-en-zijn-overpeinzingen-bij-de-overgang\/\"},\"wordCount\":615,\"publisher\":{\"@id\":\"https:\/\/welovecinema.be\/nl\/#organization\"},\"articleSection\":[\"Nieuws\",\"Varia\"],\"inLanguage\":\"nl-NL\"},{\"@type\":\"WebPage\",\"@id\":\"https:\/\/welovecinema.be\/nl\/david-verdurme-en-zijn-overpeinzingen-bij-de-overgang\/\",\"url\":\"https:\/\/welovecinema.be\/nl\/david-verdurme-en-zijn-overpeinzingen-bij-de-overgang\/\",\"name\":\"David Verdurme en zijn 'Overpeinzingen bij de overgang' - We Love Cinema\",\"isPartOf\":{\"@id\":\"https:\/\/welovecinema.be\/nl\/#website\"},\"datePublished\":\"2016-01-05T23:07:00+00:00\",\"dateModified\":\"2016-01-05T23:24:29+00:00\",\"breadcrumb\":{\"@id\":\"https:\/\/welovecinema.be\/nl\/david-verdurme-en-zijn-overpeinzingen-bij-de-overgang\/#breadcrumb\"},\"inLanguage\":\"nl-NL\",\"potentialAction\":[{\"@type\":\"ReadAction\",\"target\":[\"https:\/\/welovecinema.be\/nl\/david-verdurme-en-zijn-overpeinzingen-bij-de-overgang\/\"]}]},{\"@type\":\"BreadcrumbList\",\"@id\":\"https:\/\/welovecinema.be\/nl\/david-verdurme-en-zijn-overpeinzingen-bij-de-overgang\/#breadcrumb\",\"itemListElement\":[{\"@type\":\"ListItem\",\"position\":1,\"name\":\"Accueil\",\"item\":\"https:\/\/welovecinema.be\/nl\/\"},{\"@type\":\"ListItem\",\"position\":2,\"name\":\"David Verdurme en zijn &#8216;Overpeinzingen bij de overgang&#8217;\"}]},{\"@type\":\"WebSite\",\"@id\":\"https:\/\/welovecinema.be\/nl\/#website\",\"url\":\"https:\/\/welovecinema.be\/nl\/\",\"name\":\"We Love Cinema\",\"description\":\"Toute l\u2019information du cin\u00e9ma en Belgique\",\"publisher\":{\"@id\":\"https:\/\/welovecinema.be\/nl\/#organization\"},\"potentialAction\":[{\"@type\":\"SearchAction\",\"target\":{\"@type\":\"EntryPoint\",\"urlTemplate\":\"https:\/\/welovecinema.be\/nl\/?s={search_term_string}\"},\"query-input\":\"required name=search_term_string\"}],\"inLanguage\":\"nl-NL\"},{\"@type\":\"Organization\",\"@id\":\"https:\/\/welovecinema.be\/nl\/#organization\",\"name\":\"We Love Cinema\",\"url\":\"https:\/\/welovecinema.be\/nl\/\",\"logo\":{\"@type\":\"ImageObject\",\"inLanguage\":\"nl-NL\",\"@id\":\"https:\/\/welovecinema.be\/nl\/#\/schema\/logo\/image\/\",\"url\":\"https:\/\/welovecinema.be\/wp-content\/uploads\/sites\/2\/2023\/03\/Logo-We-Love-Cinema305x128.jpg\",\"contentUrl\":\"https:\/\/welovecinema.be\/wp-content\/uploads\/sites\/2\/2023\/03\/Logo-We-Love-Cinema305x128.jpg\",\"width\":305,\"height\":128,\"caption\":\"We Love Cinema\"},\"image\":{\"@id\":\"https:\/\/welovecinema.be\/nl\/#\/schema\/logo\/image\/\"},\"sameAs\":[\"https:\/\/www.facebook.com\/welovecinema.be\",\"https:\/\/www.youtube.com\/channel\/UCX5LYGVhnKvYauW4Nta4HJA\",\"https:\/\/www.instagram.com\/welovecinema.be\/\"]},{\"@type\":\"Person\",\"@id\":\"https:\/\/welovecinema.be\/nl\/#\/schema\/person\/f475ac81c30903d8505475024494c658\",\"name\":\"Kurt.Vandemaele\",\"url\":\"https:\/\/welovecinema.be\/nl\/author\/kurt-vandemaele\/\"}]}<\/script>\n<!-- \/ Yoast SEO plugin. -->","yoast_head_json":{"title":"David Verdurme en zijn 'Overpeinzingen bij de overgang' - We Love Cinema","robots":{"index":"index","follow":"follow","max-snippet":"max-snippet:-1","max-image-preview":"max-image-preview:large","max-video-preview":"max-video-preview:-1"},"canonical":"https:\/\/welovecinema.be\/nl\/david-verdurme-en-zijn-overpeinzingen-bij-de-overgang\/","og_locale":"nl_NL","og_type":"article","og_title":"David Verdurme en zijn 'Overpeinzingen bij de overgang' - We Love Cinema","og_description":"David Verdurme is in korte tijd naam aan het maken als monteur. \u00a0Er zijn al wat monteurs met naam in de Vlaamse filmwereld. Maar er is plaats voor nieuwe mensen, zoveel is duidelijk. Net zoals er ook duidelijk plaats is voor nieuwe DOP&#8217;s en andere mensen die achter de schermen naam maken. \u00a0Het gaat in &hellip;","og_url":"https:\/\/welovecinema.be\/nl\/david-verdurme-en-zijn-overpeinzingen-bij-de-overgang\/","og_site_name":"We Love Cinema","article_publisher":"https:\/\/www.facebook.com\/welovecinema.be","article_published_time":"2016-01-05T23:07:00+00:00","article_modified_time":"2016-01-05T23:24:29+00:00","og_image":[{"width":610,"height":610,"url":"https:\/\/welovecinema.be\/wp-content\/uploads\/sites\/2\/2016\/01\/12011385_10153280668635889_2112799066775243042_n.jpg","type":"image\/jpeg"}],"author":"Kurt.Vandemaele","twitter_card":"summary_large_image","twitter_misc":{"Geschreven door":"Kurt.Vandemaele","Geschatte leestijd":"3 minuten"},"schema":{"@context":"https:\/\/schema.org","@graph":[{"@type":"Article","@id":"https:\/\/welovecinema.be\/nl\/david-verdurme-en-zijn-overpeinzingen-bij-de-overgang\/#article","isPartOf":{"@id":"https:\/\/welovecinema.be\/nl\/david-verdurme-en-zijn-overpeinzingen-bij-de-overgang\/"},"author":{"name":"Kurt.Vandemaele","@id":"https:\/\/welovecinema.be\/nl\/#\/schema\/person\/f475ac81c30903d8505475024494c658"},"headline":"David Verdurme en zijn &#8216;Overpeinzingen bij de overgang&#8217;","datePublished":"2016-01-05T23:07:00+00:00","dateModified":"2016-01-05T23:24:29+00:00","mainEntityOfPage":{"@id":"https:\/\/welovecinema.be\/nl\/david-verdurme-en-zijn-overpeinzingen-bij-de-overgang\/"},"wordCount":615,"publisher":{"@id":"https:\/\/welovecinema.be\/nl\/#organization"},"articleSection":["Nieuws","Varia"],"inLanguage":"nl-NL"},{"@type":"WebPage","@id":"https:\/\/welovecinema.be\/nl\/david-verdurme-en-zijn-overpeinzingen-bij-de-overgang\/","url":"https:\/\/welovecinema.be\/nl\/david-verdurme-en-zijn-overpeinzingen-bij-de-overgang\/","name":"David Verdurme en zijn 'Overpeinzingen bij de overgang' - We Love Cinema","isPartOf":{"@id":"https:\/\/welovecinema.be\/nl\/#website"},"datePublished":"2016-01-05T23:07:00+00:00","dateModified":"2016-01-05T23:24:29+00:00","breadcrumb":{"@id":"https:\/\/welovecinema.be\/nl\/david-verdurme-en-zijn-overpeinzingen-bij-de-overgang\/#breadcrumb"},"inLanguage":"nl-NL","potentialAction":[{"@type":"ReadAction","target":["https:\/\/welovecinema.be\/nl\/david-verdurme-en-zijn-overpeinzingen-bij-de-overgang\/"]}]},{"@type":"BreadcrumbList","@id":"https:\/\/welovecinema.be\/nl\/david-verdurme-en-zijn-overpeinzingen-bij-de-overgang\/#breadcrumb","itemListElement":[{"@type":"ListItem","position":1,"name":"Accueil","item":"https:\/\/welovecinema.be\/nl\/"},{"@type":"ListItem","position":2,"name":"David Verdurme en zijn &#8216;Overpeinzingen bij de overgang&#8217;"}]},{"@type":"WebSite","@id":"https:\/\/welovecinema.be\/nl\/#website","url":"https:\/\/welovecinema.be\/nl\/","name":"We Love Cinema","description":"Toute l\u2019information du cin\u00e9ma en Belgique","publisher":{"@id":"https:\/\/welovecinema.be\/nl\/#organization"},"potentialAction":[{"@type":"SearchAction","target":{"@type":"EntryPoint","urlTemplate":"https:\/\/welovecinema.be\/nl\/?s={search_term_string}"},"query-input":"required name=search_term_string"}],"inLanguage":"nl-NL"},{"@type":"Organization","@id":"https:\/\/welovecinema.be\/nl\/#organization","name":"We Love Cinema","url":"https:\/\/welovecinema.be\/nl\/","logo":{"@type":"ImageObject","inLanguage":"nl-NL","@id":"https:\/\/welovecinema.be\/nl\/#\/schema\/logo\/image\/","url":"https:\/\/welovecinema.be\/wp-content\/uploads\/sites\/2\/2023\/03\/Logo-We-Love-Cinema305x128.jpg","contentUrl":"https:\/\/welovecinema.be\/wp-content\/uploads\/sites\/2\/2023\/03\/Logo-We-Love-Cinema305x128.jpg","width":305,"height":128,"caption":"We Love Cinema"},"image":{"@id":"https:\/\/welovecinema.be\/nl\/#\/schema\/logo\/image\/"},"sameAs":["https:\/\/www.facebook.com\/welovecinema.be","https:\/\/www.youtube.com\/channel\/UCX5LYGVhnKvYauW4Nta4HJA","https:\/\/www.instagram.com\/welovecinema.be\/"]},{"@type":"Person","@id":"https:\/\/welovecinema.be\/nl\/#\/schema\/person\/f475ac81c30903d8505475024494c658","name":"Kurt.Vandemaele","url":"https:\/\/welovecinema.be\/nl\/author\/kurt-vandemaele\/"}]}},"_links":{"self":[{"href":"https:\/\/welovecinema.be\/nl\/wp-json\/wp\/v2\/posts\/82417","targetHints":{"allow":["GET"]}}],"collection":[{"href":"https:\/\/welovecinema.be\/nl\/wp-json\/wp\/v2\/posts"}],"about":[{"href":"https:\/\/welovecinema.be\/nl\/wp-json\/wp\/v2\/types\/post"}],"author":[{"embeddable":true,"href":"https:\/\/welovecinema.be\/nl\/wp-json\/wp\/v2\/users\/8"}],"replies":[{"embeddable":true,"href":"https:\/\/welovecinema.be\/nl\/wp-json\/wp\/v2\/comments?post=82417"}],"version-history":[{"count":0,"href":"https:\/\/welovecinema.be\/nl\/wp-json\/wp\/v2\/posts\/82417\/revisions"}],"wp:featuredmedia":[{"embeddable":true,"href":"https:\/\/welovecinema.be\/nl\/wp-json\/wp\/v2\/media\/82920"}],"wp:attachment":[{"href":"https:\/\/welovecinema.be\/nl\/wp-json\/wp\/v2\/media?parent=82417"}],"wp:term":[{"taxonomy":"category","embeddable":true,"href":"https:\/\/welovecinema.be\/nl\/wp-json\/wp\/v2\/categories?post=82417"},{"taxonomy":"post_tag","embeddable":true,"href":"https:\/\/welovecinema.be\/nl\/wp-json\/wp\/v2\/tags?post=82417"}],"curies":[{"name":"wp","href":"https:\/\/api.w.org\/{rel}","templated":true}]}}