{"id":77855,"date":"2015-09-11T17:34:40","date_gmt":"2015-09-11T15:34:40","guid":{"rendered":"http:\/\/www.cinevox.be\/?p=77855"},"modified":"2015-09-11T17:34:43","modified_gmt":"2015-09-11T15:34:43","slug":"sterleggingen-in-oostende","status":"publish","type":"post","link":"https:\/\/welovecinema.be\/nl\/sterleggingen-in-oostende\/","title":{"rendered":"Sterleggingen in Oostende"},"content":{"rendered":"<p>Nogal wat sterren krijgen een ster in Oostende. \u00a0En daar zijn ook nogal wat mensen van bij ons bij. Die hoeven dus niet helemaal vanuit de hemel te komen neergedaald. \u00a0De sterleggingen beginnen vandaag al. Om 18 uur om precies te zijn.<\/p>\n<p><!--more--><\/p>\n<p><a href=\"http:\/\/www.cinevox.be\/nl\/sterleggingen-in-oostende\/10405321_10152230865536557_1241790823291857213_n\/\" rel=\"attachment wp-att-77936\"><img loading=\"lazy\" decoding=\"async\" class=\"alignright size-full wp-image-77936\" src=\"http:\/\/www.cinevox.be\/wp-content\/uploads\/sites\/2\/2015\/09\/10405321_10152230865536557_1241790823291857213_n.jpg\" alt=\"\" width=\"373\" height=\"560\" srcset=\"https:\/\/welovecinema.be\/wp-content\/uploads\/sites\/2\/2015\/09\/10405321_10152230865536557_1241790823291857213_n.jpg 373w, https:\/\/welovecinema.be\/wp-content\/uploads\/sites\/2\/2015\/09\/10405321_10152230865536557_1241790823291857213_n-179x270.jpg 179w\" sizes=\"auto, (max-width: 373px) 100vw, 373px\" \/><\/a>vrijdag 11 september : Master <strong>Maaike Cafmeyer<\/strong> en <strong>Wim Opbrouck<\/strong> (<em>&#8216;Caf\u00e9 Derby&#8217;<\/em>) krijgen een ster om 18 uur.<\/p>\n<p>zaterdag 12 september : <strong>Koen De Bouw<\/strong> won vorig jaar de Ensor voor de beste mannelijke hoofdrol voor zijn rol in <em>&#8216;Het Vonnis&#8217;<\/em> maar er toen niet bij zijn omdat hij op de set van &#8216;Broer&#8217; stond, de langverwachte nieuwe film van <strong>Geoffrey Enthoven<\/strong>. \u00a0Koen heeft nu wel even tijd en komt de ster die hij te goed had zaterdag onthullen.<\/p>\n<p>maandag 14 september : <strong>Veerle Baetens<\/strong> is binnenkort voor het eerst te zien in een Franse langspeelfilm, <em>&#8216;Un debut prometteur&#8217;<\/em> heet die film. En nog voor hij in premi\u00e8re gaat in Frankrijk, is hij te zien op het FF van Oostende. Maandagavond is dat. Maar eerst krijgt Veerle Baetens ook haar verdiende ster op de dijk. \u00a0Om 18 uur.<\/p>\n<p>woensdag 15 september : <strong>Jan Bijvoet<\/strong> speelde enkele jaren geleden de hoofdrol in de Nederlandse film<em> &#8216;Borgman&#8217;<\/em>, en mocht toen naar Cannes, dit jaar was de acteur die we onder meer kennen uit <em>&#8216;Van vlees en bloed&#8217;<\/em> weer in Cannes, omdat hij \u00e9\u00e9n van de hoofdrollen speelde in een schitterende Colombiaanse film,<em> &#8216;El abrazzo de la serpiente<\/em>&#8216;, die woensdag zijn Belgische premi\u00e8re beleeft in Oostende. \u00a0Jan is binnenkort ook te zien in <em>&#8216;D&#8217;Ardennen&#8217;<\/em> van <strong>Robin Pront<\/strong>. Niets te vroeg dus die ster voor hem. Om 18 uur.<\/p>\n<p>donderdag 16 september :<strong> Jeroen Krabb\u00e9<\/strong>\u00a0 is een Nederlandse ster, maar hij komt naar Oostende om voor zijn carri\u00e8re in de bloemetjes gezet te worden. En naar aanleiding daarvan wordt \u00e9\u00e9n van de films getoond die hij zelf geregisseerd heeft. Meer bepaald de &#8216;Belgische&#8217; film, waarin <strong>Isabella Rosselini<\/strong> de hoofdrol vertolkte. Belgisch omdat <em>&#8216;Left Luggage&#8217;<\/em> vrijwel helemaal in Antwerpen werd gedraaid, met een Belgische ploeg.<\/p>\n<p>zaterdag 19 september : De winnaars van de Ensor voor Beste Actrice en Beste Acteur : ??? Kort nadat ze te horen hebben gekregen dat ze tot beste acteur en actrice zijn verkozen, krijgen de winnaars hun ster. \u00a0Om 23 uur.<\/p>\n<p>&nbsp;<\/p>\n","protected":false},"excerpt":{"rendered":"<p>Nogal wat sterren krijgen een ster in Oostende. \u00a0En daar zijn ook nogal wat mensen van bij ons bij. Die hoeven dus niet helemaal vanuit de hemel te komen neergedaald. \u00a0De sterleggingen beginnen vandaag al. Om 18 uur om precies te zijn.<\/p>\n","protected":false},"author":8,"featured_media":77938,"comment_status":"closed","ping_status":"closed","sticky":false,"template":"","format":"standard","meta":{"ngg_post_thumbnail":0,"footnotes":""},"categories":[54,1069,30],"tags":[],"class_list":["post-77855","post","type-post","status-publish","format-standard","has-post-thumbnail","","category-binnenkort","category-festivals-nl","category-nieuws"],"yoast_head":"<!-- This site is optimized with the Yoast SEO plugin v20.4 - https:\/\/yoast.com\/wordpress\/plugins\/seo\/ -->\n<title>Sterleggingen in Oostende - We Love Cinema<\/title>\n<meta name=\"robots\" content=\"index, follow, max-snippet:-1, max-image-preview:large, max-video-preview:-1\" \/>\n<link rel=\"canonical\" href=\"https:\/\/welovecinema.be\/nl\/sterleggingen-in-oostende\/\" \/>\n<meta property=\"og:locale\" content=\"nl_NL\" \/>\n<meta property=\"og:type\" content=\"article\" \/>\n<meta property=\"og:title\" content=\"Sterleggingen in Oostende - We Love Cinema\" \/>\n<meta property=\"og:description\" content=\"Nogal wat sterren krijgen een ster in Oostende. \u00a0En daar zijn ook nogal wat mensen van bij ons bij. Die hoeven dus niet helemaal vanuit de hemel te komen neergedaald. \u00a0De sterleggingen beginnen vandaag al. Om 18 uur om precies te zijn.\" \/>\n<meta property=\"og:url\" content=\"https:\/\/welovecinema.be\/nl\/sterleggingen-in-oostende\/\" \/>\n<meta property=\"og:site_name\" content=\"We Love Cinema\" \/>\n<meta property=\"article:publisher\" content=\"https:\/\/www.facebook.com\/welovecinema.be\" \/>\n<meta property=\"article:published_time\" content=\"2015-09-11T15:34:40+00:00\" \/>\n<meta property=\"article:modified_time\" content=\"2015-09-11T15:34:43+00:00\" \/>\n<meta property=\"og:image\" content=\"https:\/\/welovecinema.be\/wp-content\/uploads\/sites\/2\/2015\/09\/10603201_10152230865541557_1712339914701590616_n.jpg\" \/>\n\t<meta property=\"og:image:width\" content=\"841\" \/>\n\t<meta property=\"og:image:height\" content=\"560\" \/>\n\t<meta property=\"og:image:type\" content=\"image\/jpeg\" \/>\n<meta name=\"author\" content=\"Kurt.Vandemaele\" \/>\n<meta name=\"twitter:card\" content=\"summary_large_image\" \/>\n<meta name=\"twitter:label1\" content=\"Geschreven door\" \/>\n\t<meta name=\"twitter:data1\" content=\"Kurt.Vandemaele\" \/>\n\t<meta name=\"twitter:label2\" content=\"Geschatte leestijd\" \/>\n\t<meta name=\"twitter:data2\" content=\"2 minuten\" \/>\n<script type=\"application\/ld+json\" class=\"yoast-schema-graph\">{\"@context\":\"https:\/\/schema.org\",\"@graph\":[{\"@type\":\"Article\",\"@id\":\"https:\/\/welovecinema.be\/nl\/sterleggingen-in-oostende\/#article\",\"isPartOf\":{\"@id\":\"https:\/\/welovecinema.be\/nl\/sterleggingen-in-oostende\/\"},\"author\":{\"name\":\"Kurt.Vandemaele\",\"@id\":\"https:\/\/welovecinema.be\/nl\/#\/schema\/person\/f475ac81c30903d8505475024494c658\"},\"headline\":\"Sterleggingen in Oostende\",\"datePublished\":\"2015-09-11T15:34:40+00:00\",\"dateModified\":\"2015-09-11T15:34:43+00:00\",\"mainEntityOfPage\":{\"@id\":\"https:\/\/welovecinema.be\/nl\/sterleggingen-in-oostende\/\"},\"wordCount\":362,\"publisher\":{\"@id\":\"https:\/\/welovecinema.be\/nl\/#organization\"},\"articleSection\":[\"Binnenkort\",\"Festivals\",\"Nieuws\"],\"inLanguage\":\"nl-NL\"},{\"@type\":\"WebPage\",\"@id\":\"https:\/\/welovecinema.be\/nl\/sterleggingen-in-oostende\/\",\"url\":\"https:\/\/welovecinema.be\/nl\/sterleggingen-in-oostende\/\",\"name\":\"Sterleggingen in Oostende - We Love Cinema\",\"isPartOf\":{\"@id\":\"https:\/\/welovecinema.be\/nl\/#website\"},\"datePublished\":\"2015-09-11T15:34:40+00:00\",\"dateModified\":\"2015-09-11T15:34:43+00:00\",\"breadcrumb\":{\"@id\":\"https:\/\/welovecinema.be\/nl\/sterleggingen-in-oostende\/#breadcrumb\"},\"inLanguage\":\"nl-NL\",\"potentialAction\":[{\"@type\":\"ReadAction\",\"target\":[\"https:\/\/welovecinema.be\/nl\/sterleggingen-in-oostende\/\"]}]},{\"@type\":\"BreadcrumbList\",\"@id\":\"https:\/\/welovecinema.be\/nl\/sterleggingen-in-oostende\/#breadcrumb\",\"itemListElement\":[{\"@type\":\"ListItem\",\"position\":1,\"name\":\"Accueil\",\"item\":\"https:\/\/welovecinema.be\/nl\/\"},{\"@type\":\"ListItem\",\"position\":2,\"name\":\"Sterleggingen in Oostende\"}]},{\"@type\":\"WebSite\",\"@id\":\"https:\/\/welovecinema.be\/nl\/#website\",\"url\":\"https:\/\/welovecinema.be\/nl\/\",\"name\":\"We Love Cinema\",\"description\":\"Toute l\u2019information du cin\u00e9ma en Belgique\",\"publisher\":{\"@id\":\"https:\/\/welovecinema.be\/nl\/#organization\"},\"potentialAction\":[{\"@type\":\"SearchAction\",\"target\":{\"@type\":\"EntryPoint\",\"urlTemplate\":\"https:\/\/welovecinema.be\/nl\/?s={search_term_string}\"},\"query-input\":\"required name=search_term_string\"}],\"inLanguage\":\"nl-NL\"},{\"@type\":\"Organization\",\"@id\":\"https:\/\/welovecinema.be\/nl\/#organization\",\"name\":\"We Love Cinema\",\"url\":\"https:\/\/welovecinema.be\/nl\/\",\"logo\":{\"@type\":\"ImageObject\",\"inLanguage\":\"nl-NL\",\"@id\":\"https:\/\/welovecinema.be\/nl\/#\/schema\/logo\/image\/\",\"url\":\"https:\/\/welovecinema.be\/wp-content\/uploads\/sites\/2\/2023\/03\/Logo-We-Love-Cinema305x128.jpg\",\"contentUrl\":\"https:\/\/welovecinema.be\/wp-content\/uploads\/sites\/2\/2023\/03\/Logo-We-Love-Cinema305x128.jpg\",\"width\":305,\"height\":128,\"caption\":\"We Love Cinema\"},\"image\":{\"@id\":\"https:\/\/welovecinema.be\/nl\/#\/schema\/logo\/image\/\"},\"sameAs\":[\"https:\/\/www.facebook.com\/welovecinema.be\",\"https:\/\/www.youtube.com\/channel\/UCX5LYGVhnKvYauW4Nta4HJA\",\"https:\/\/www.instagram.com\/welovecinema.be\/\"]},{\"@type\":\"Person\",\"@id\":\"https:\/\/welovecinema.be\/nl\/#\/schema\/person\/f475ac81c30903d8505475024494c658\",\"name\":\"Kurt.Vandemaele\",\"url\":\"https:\/\/welovecinema.be\/nl\/author\/kurt-vandemaele\/\"}]}<\/script>\n<!-- \/ Yoast SEO plugin. -->","yoast_head_json":{"title":"Sterleggingen in Oostende - We Love Cinema","robots":{"index":"index","follow":"follow","max-snippet":"max-snippet:-1","max-image-preview":"max-image-preview:large","max-video-preview":"max-video-preview:-1"},"canonical":"https:\/\/welovecinema.be\/nl\/sterleggingen-in-oostende\/","og_locale":"nl_NL","og_type":"article","og_title":"Sterleggingen in Oostende - We Love Cinema","og_description":"Nogal wat sterren krijgen een ster in Oostende. \u00a0En daar zijn ook nogal wat mensen van bij ons bij. Die hoeven dus niet helemaal vanuit de hemel te komen neergedaald. \u00a0De sterleggingen beginnen vandaag al. Om 18 uur om precies te zijn.","og_url":"https:\/\/welovecinema.be\/nl\/sterleggingen-in-oostende\/","og_site_name":"We Love Cinema","article_publisher":"https:\/\/www.facebook.com\/welovecinema.be","article_published_time":"2015-09-11T15:34:40+00:00","article_modified_time":"2015-09-11T15:34:43+00:00","og_image":[{"width":841,"height":560,"url":"https:\/\/welovecinema.be\/wp-content\/uploads\/sites\/2\/2015\/09\/10603201_10152230865541557_1712339914701590616_n.jpg","type":"image\/jpeg"}],"author":"Kurt.Vandemaele","twitter_card":"summary_large_image","twitter_misc":{"Geschreven door":"Kurt.Vandemaele","Geschatte leestijd":"2 minuten"},"schema":{"@context":"https:\/\/schema.org","@graph":[{"@type":"Article","@id":"https:\/\/welovecinema.be\/nl\/sterleggingen-in-oostende\/#article","isPartOf":{"@id":"https:\/\/welovecinema.be\/nl\/sterleggingen-in-oostende\/"},"author":{"name":"Kurt.Vandemaele","@id":"https:\/\/welovecinema.be\/nl\/#\/schema\/person\/f475ac81c30903d8505475024494c658"},"headline":"Sterleggingen in Oostende","datePublished":"2015-09-11T15:34:40+00:00","dateModified":"2015-09-11T15:34:43+00:00","mainEntityOfPage":{"@id":"https:\/\/welovecinema.be\/nl\/sterleggingen-in-oostende\/"},"wordCount":362,"publisher":{"@id":"https:\/\/welovecinema.be\/nl\/#organization"},"articleSection":["Binnenkort","Festivals","Nieuws"],"inLanguage":"nl-NL"},{"@type":"WebPage","@id":"https:\/\/welovecinema.be\/nl\/sterleggingen-in-oostende\/","url":"https:\/\/welovecinema.be\/nl\/sterleggingen-in-oostende\/","name":"Sterleggingen in Oostende - We Love Cinema","isPartOf":{"@id":"https:\/\/welovecinema.be\/nl\/#website"},"datePublished":"2015-09-11T15:34:40+00:00","dateModified":"2015-09-11T15:34:43+00:00","breadcrumb":{"@id":"https:\/\/welovecinema.be\/nl\/sterleggingen-in-oostende\/#breadcrumb"},"inLanguage":"nl-NL","potentialAction":[{"@type":"ReadAction","target":["https:\/\/welovecinema.be\/nl\/sterleggingen-in-oostende\/"]}]},{"@type":"BreadcrumbList","@id":"https:\/\/welovecinema.be\/nl\/sterleggingen-in-oostende\/#breadcrumb","itemListElement":[{"@type":"ListItem","position":1,"name":"Accueil","item":"https:\/\/welovecinema.be\/nl\/"},{"@type":"ListItem","position":2,"name":"Sterleggingen in Oostende"}]},{"@type":"WebSite","@id":"https:\/\/welovecinema.be\/nl\/#website","url":"https:\/\/welovecinema.be\/nl\/","name":"We Love Cinema","description":"Toute l\u2019information du cin\u00e9ma en Belgique","publisher":{"@id":"https:\/\/welovecinema.be\/nl\/#organization"},"potentialAction":[{"@type":"SearchAction","target":{"@type":"EntryPoint","urlTemplate":"https:\/\/welovecinema.be\/nl\/?s={search_term_string}"},"query-input":"required name=search_term_string"}],"inLanguage":"nl-NL"},{"@type":"Organization","@id":"https:\/\/welovecinema.be\/nl\/#organization","name":"We Love Cinema","url":"https:\/\/welovecinema.be\/nl\/","logo":{"@type":"ImageObject","inLanguage":"nl-NL","@id":"https:\/\/welovecinema.be\/nl\/#\/schema\/logo\/image\/","url":"https:\/\/welovecinema.be\/wp-content\/uploads\/sites\/2\/2023\/03\/Logo-We-Love-Cinema305x128.jpg","contentUrl":"https:\/\/welovecinema.be\/wp-content\/uploads\/sites\/2\/2023\/03\/Logo-We-Love-Cinema305x128.jpg","width":305,"height":128,"caption":"We Love Cinema"},"image":{"@id":"https:\/\/welovecinema.be\/nl\/#\/schema\/logo\/image\/"},"sameAs":["https:\/\/www.facebook.com\/welovecinema.be","https:\/\/www.youtube.com\/channel\/UCX5LYGVhnKvYauW4Nta4HJA","https:\/\/www.instagram.com\/welovecinema.be\/"]},{"@type":"Person","@id":"https:\/\/welovecinema.be\/nl\/#\/schema\/person\/f475ac81c30903d8505475024494c658","name":"Kurt.Vandemaele","url":"https:\/\/welovecinema.be\/nl\/author\/kurt-vandemaele\/"}]}},"_links":{"self":[{"href":"https:\/\/welovecinema.be\/nl\/wp-json\/wp\/v2\/posts\/77855","targetHints":{"allow":["GET"]}}],"collection":[{"href":"https:\/\/welovecinema.be\/nl\/wp-json\/wp\/v2\/posts"}],"about":[{"href":"https:\/\/welovecinema.be\/nl\/wp-json\/wp\/v2\/types\/post"}],"author":[{"embeddable":true,"href":"https:\/\/welovecinema.be\/nl\/wp-json\/wp\/v2\/users\/8"}],"replies":[{"embeddable":true,"href":"https:\/\/welovecinema.be\/nl\/wp-json\/wp\/v2\/comments?post=77855"}],"version-history":[{"count":0,"href":"https:\/\/welovecinema.be\/nl\/wp-json\/wp\/v2\/posts\/77855\/revisions"}],"wp:featuredmedia":[{"embeddable":true,"href":"https:\/\/welovecinema.be\/nl\/wp-json\/wp\/v2\/media\/77938"}],"wp:attachment":[{"href":"https:\/\/welovecinema.be\/nl\/wp-json\/wp\/v2\/media?parent=77855"}],"wp:term":[{"taxonomy":"category","embeddable":true,"href":"https:\/\/welovecinema.be\/nl\/wp-json\/wp\/v2\/categories?post=77855"},{"taxonomy":"post_tag","embeddable":true,"href":"https:\/\/welovecinema.be\/nl\/wp-json\/wp\/v2\/tags?post=77855"}],"curies":[{"name":"wp","href":"https:\/\/api.w.org\/{rel}","templated":true}]}}