{"id":76311,"date":"2015-07-29T13:13:08","date_gmt":"2015-07-29T11:13:08","guid":{"rendered":"http:\/\/www.cinevox.be\/?p=76311"},"modified":"2015-07-29T15:36:25","modified_gmt":"2015-07-29T13:36:25","slug":"matthias-schoenaerts-nu-ook-op-het-filmfestival-van-venetie","status":"publish","type":"post","link":"https:\/\/welovecinema.be\/nl\/matthias-schoenaerts-nu-ook-op-het-filmfestival-van-venetie\/","title":{"rendered":"Matthias Schoenaerts nu ook op het Filmfestival van Veneti\u00eb"},"content":{"rendered":"<p>Het lijken wel <strong>Matthias Schoenaerts<\/strong>-feestdagen. \u00a0Nadat we hier <a title=\"Trailer \u2018Maryland\u2019\" href=\"http:\/\/www.cinevox.be\/nl\/trailer-maryland\">de trailer van <em>&#8216;Maryland&#8217;<\/em><\/a> konden meegeven, en ook het nieuws mochten melden dat de heer Schoenaerts in Frankrijk voortaan <a title=\"Frans minister van Cultuur riddert Matthias Schoenaerts\" href=\"http:\/\/www.cinevox.be\/nl\/frans-minister-van-cultuur-riddert-matthias-schoenaerts\/\">als ridder door het leven<\/a> mag, maakt het volgende grote festival zich op om hem te verwelkomen. Want <em>&#8216;A Bigger Splash&#8217;<\/em>, \u00e9\u00e9n van de volgende nieuwe films waarin hij te zien zal zijn, gaat in premi\u00e8re op het Filmfestival van Veneti\u00eb, zo werd net bekendgemaakt. En ook<em> &#8216;The Danish Girl&#8217;<\/em>, de film van<strong> Tom Hooper<\/strong> (<em>&#8216;The King&#8217;s Speech&#8217;<\/em>) waarin Schoenaerts een bijrol speelt aan de zijde van <strong>Eddie Redmayne<\/strong>, is van de partij in Veneti\u00eb.<\/p>\n<p><!--more--><br \/>\n&#8216;A Bigger Splash&#8217; moet een glamoureuze, broeierige erotische thriller worden\u00a0van <strong>Luca Guadagnino<\/strong> (<em>&#8216;Io song l&#8217;amore&#8217;<\/em>), met\u00a0<strong>Matthias Schoenaerts<\/strong> (<em>&#8216;Rundskop&#8217;, &#8216;De rouille et d&#8217;os&#8217;<\/em>),\u00a0<strong>Ralph Fiennes<\/strong> (<em>&#8216;The English Patient&#8217;, &#8216;Schindler&#8217;s List&#8217;<\/em>),\u00a0<strong>Dakota Johnson<\/strong> (<em>&#8216;Fifty Shades of Grey&#8217;<\/em>)\u00a0en Oscarwinnares <strong>Tilda Swinton<\/strong> (<em>&#8216;Michael Clayton&#8217;<\/em>)<\/p>\n<p>Synopsis<br \/>\nDe zorgeloze vakantie van het celebritykoppel Paul (Schoenaerts) en Marianne (Swinton) op het zonovergoten Italiaanse eiland Pantelleria wordt opgeschud door het plotse opduiken van Harry (Fiennes) en zijn dochter Penelope (Johnson). Harry is een luidruchtige driftkikker, en vooral: hij is de ex van Marianne. Wat volgt is een broeierige wervelwind van jaloezie, passie, en uiteindelijk ook gevaar voor alle betrokken partijen&#8230;<\/p>\n<p><a href=\"http:\/\/www.cinevox.be\/nl\/matthias-schoenaerts-nu-ook-op-het-filmfestival-van-venetie\/11745541_692902760841476_138025791531535605-113419\/\" rel=\"attachment wp-att-76312\"><img loading=\"lazy\" decoding=\"async\" class=\"aligncenter size-large wp-image-76312\" src=\"http:\/\/www.cinevox.be\/wp-content\/uploads\/sites\/2\/2015\/07\/11745541_692902760841476_138025791531535605.113419-600x600.jpg\" alt=\"\" width=\"600\" height=\"600\" srcset=\"https:\/\/welovecinema.be\/wp-content\/uploads\/sites\/2\/2015\/07\/11745541_692902760841476_138025791531535605.113419-600x600.jpg 600w, https:\/\/welovecinema.be\/wp-content\/uploads\/sites\/2\/2015\/07\/11745541_692902760841476_138025791531535605.113419-270x270.jpg 270w, https:\/\/welovecinema.be\/wp-content\/uploads\/sites\/2\/2015\/07\/11745541_692902760841476_138025791531535605.113419-100x100.jpg 100w, https:\/\/welovecinema.be\/wp-content\/uploads\/sites\/2\/2015\/07\/11745541_692902760841476_138025791531535605.113419-87x87.jpg 87w, https:\/\/welovecinema.be\/wp-content\/uploads\/sites\/2\/2015\/07\/11745541_692902760841476_138025791531535605.113419.jpg 800w\" sizes=\"auto, (max-width: 600px) 100vw, 600px\" \/><\/a><\/p>\n<p>&nbsp;<\/p>\n<p>&#8216;The Danish Girl&#8217; is een Amerikaanse toekomstige dramafilm onder regie van Tom Hooper, gebaseerd op de gelijknamige roman van <strong>David Ebershoff<\/strong>.Het verhaal speelt zich af in de vroege jaren &#8217;20 in Kopenhagen en is gebaseerd op waargebeurde feiten. Artieste Gerda Wegener (gespeeld door<strong> Alicia Vikander<\/strong>) vraagt haar man, Einar Wegener (gespeeld door Eddie Redmayne) om in te vallen als vrouwelijk model. Einar geraakt geobsedeerd door het vrouwelijke lichaam en besluit zijn leven verder te zetten als vrouw, Lili Elbe. Hiermee is hij de eerste bekende transgender in de geschiedenis. Aanvankelijk lijkt alles goed te gaan tussen Gerda en Lili, maar steeds meer komt Gerda tot het besef dat Lili niet meer de man is, waarmee ze destijds gehuwd is. \u00a0Schoenaerts speelt in de film de rol van Hans Axgil. \u00a0Ook <strong>Ben Whishaw<\/strong> en <strong>Amber Heard<\/strong> maken deel uit van de cast. \u00a0Er is ook een speciale vertoning van deze film gepland op het Filmfestival van Toronto.<\/p>\n","protected":false},"excerpt":{"rendered":"<p>Het lijken wel Matthias Schoenaerts-feestdagen. \u00a0Nadat we hier de trailer van &#8216;Maryland&#8217; konden meegeven, en ook het nieuws mochten melden dat de heer Schoenaerts in Frankrijk voortaan als ridder door het leven mag, maakt het volgende grote festival zich op om hem te verwelkomen. Want &#8216;A Bigger Splash&#8217;, \u00e9\u00e9n van de volgende nieuwe films waarin &hellip;<\/p>\n","protected":false},"author":8,"featured_media":76314,"comment_status":"closed","ping_status":"closed","sticky":false,"template":"","format":"standard","meta":{"ngg_post_thumbnail":0,"footnotes":""},"categories":[1069,30],"tags":[],"class_list":["post-76311","post","type-post","status-publish","format-standard","has-post-thumbnail","","category-festivals-nl","category-nieuws"],"yoast_head":"<!-- This site is optimized with the Yoast SEO plugin v20.4 - https:\/\/yoast.com\/wordpress\/plugins\/seo\/ -->\n<title>Matthias Schoenaerts nu ook op het Filmfestival van Veneti\u00eb - We Love Cinema<\/title>\n<meta name=\"robots\" content=\"index, follow, max-snippet:-1, max-image-preview:large, max-video-preview:-1\" \/>\n<link rel=\"canonical\" href=\"https:\/\/welovecinema.be\/nl\/matthias-schoenaerts-nu-ook-op-het-filmfestival-van-venetie\/\" \/>\n<meta property=\"og:locale\" content=\"nl_NL\" \/>\n<meta property=\"og:type\" content=\"article\" \/>\n<meta property=\"og:title\" content=\"Matthias Schoenaerts nu ook op het Filmfestival van Veneti\u00eb - We Love Cinema\" \/>\n<meta property=\"og:description\" content=\"Het lijken wel Matthias Schoenaerts-feestdagen. \u00a0Nadat we hier de trailer van &#8216;Maryland&#8217; konden meegeven, en ook het nieuws mochten melden dat de heer Schoenaerts in Frankrijk voortaan als ridder door het leven mag, maakt het volgende grote festival zich op om hem te verwelkomen. Want &#8216;A Bigger Splash&#8217;, \u00e9\u00e9n van de volgende nieuwe films waarin &hellip;\" \/>\n<meta property=\"og:url\" content=\"https:\/\/welovecinema.be\/nl\/matthias-schoenaerts-nu-ook-op-het-filmfestival-van-venetie\/\" \/>\n<meta property=\"og:site_name\" content=\"We Love Cinema\" \/>\n<meta property=\"article:publisher\" content=\"https:\/\/www.facebook.com\/welovecinema.be\" \/>\n<meta property=\"article:published_time\" content=\"2015-07-29T11:13:08+00:00\" \/>\n<meta property=\"article:modified_time\" content=\"2015-07-29T13:36:25+00:00\" \/>\n<meta property=\"og:image\" content=\"https:\/\/welovecinema.be\/wp-content\/uploads\/sites\/2\/2015\/07\/11745541_692902760841476_138025791531535605.1134191.jpg\" \/>\n\t<meta property=\"og:image:width\" content=\"800\" \/>\n\t<meta property=\"og:image:height\" content=\"800\" \/>\n\t<meta property=\"og:image:type\" content=\"image\/jpeg\" \/>\n<meta name=\"author\" content=\"Kurt.Vandemaele\" \/>\n<meta name=\"twitter:card\" content=\"summary_large_image\" \/>\n<meta name=\"twitter:label1\" content=\"Geschreven door\" \/>\n\t<meta name=\"twitter:data1\" content=\"Kurt.Vandemaele\" \/>\n\t<meta name=\"twitter:label2\" content=\"Geschatte leestijd\" \/>\n\t<meta name=\"twitter:data2\" content=\"2 minuten\" \/>\n<script type=\"application\/ld+json\" class=\"yoast-schema-graph\">{\"@context\":\"https:\/\/schema.org\",\"@graph\":[{\"@type\":\"Article\",\"@id\":\"https:\/\/welovecinema.be\/nl\/matthias-schoenaerts-nu-ook-op-het-filmfestival-van-venetie\/#article\",\"isPartOf\":{\"@id\":\"https:\/\/welovecinema.be\/nl\/matthias-schoenaerts-nu-ook-op-het-filmfestival-van-venetie\/\"},\"author\":{\"name\":\"Kurt.Vandemaele\",\"@id\":\"https:\/\/welovecinema.be\/nl\/#\/schema\/person\/f475ac81c30903d8505475024494c658\"},\"headline\":\"Matthias Schoenaerts nu ook op het Filmfestival van Veneti\u00eb\",\"datePublished\":\"2015-07-29T11:13:08+00:00\",\"dateModified\":\"2015-07-29T13:36:25+00:00\",\"mainEntityOfPage\":{\"@id\":\"https:\/\/welovecinema.be\/nl\/matthias-schoenaerts-nu-ook-op-het-filmfestival-van-venetie\/\"},\"wordCount\":378,\"publisher\":{\"@id\":\"https:\/\/welovecinema.be\/nl\/#organization\"},\"articleSection\":[\"Festivals\",\"Nieuws\"],\"inLanguage\":\"nl-NL\"},{\"@type\":\"WebPage\",\"@id\":\"https:\/\/welovecinema.be\/nl\/matthias-schoenaerts-nu-ook-op-het-filmfestival-van-venetie\/\",\"url\":\"https:\/\/welovecinema.be\/nl\/matthias-schoenaerts-nu-ook-op-het-filmfestival-van-venetie\/\",\"name\":\"Matthias Schoenaerts nu ook op het Filmfestival van Veneti\u00eb - We Love Cinema\",\"isPartOf\":{\"@id\":\"https:\/\/welovecinema.be\/nl\/#website\"},\"datePublished\":\"2015-07-29T11:13:08+00:00\",\"dateModified\":\"2015-07-29T13:36:25+00:00\",\"breadcrumb\":{\"@id\":\"https:\/\/welovecinema.be\/nl\/matthias-schoenaerts-nu-ook-op-het-filmfestival-van-venetie\/#breadcrumb\"},\"inLanguage\":\"nl-NL\",\"potentialAction\":[{\"@type\":\"ReadAction\",\"target\":[\"https:\/\/welovecinema.be\/nl\/matthias-schoenaerts-nu-ook-op-het-filmfestival-van-venetie\/\"]}]},{\"@type\":\"BreadcrumbList\",\"@id\":\"https:\/\/welovecinema.be\/nl\/matthias-schoenaerts-nu-ook-op-het-filmfestival-van-venetie\/#breadcrumb\",\"itemListElement\":[{\"@type\":\"ListItem\",\"position\":1,\"name\":\"Accueil\",\"item\":\"https:\/\/welovecinema.be\/nl\/\"},{\"@type\":\"ListItem\",\"position\":2,\"name\":\"Matthias Schoenaerts nu ook op het Filmfestival van Veneti\u00eb\"}]},{\"@type\":\"WebSite\",\"@id\":\"https:\/\/welovecinema.be\/nl\/#website\",\"url\":\"https:\/\/welovecinema.be\/nl\/\",\"name\":\"We Love Cinema\",\"description\":\"Toute l\u2019information du cin\u00e9ma en Belgique\",\"publisher\":{\"@id\":\"https:\/\/welovecinema.be\/nl\/#organization\"},\"potentialAction\":[{\"@type\":\"SearchAction\",\"target\":{\"@type\":\"EntryPoint\",\"urlTemplate\":\"https:\/\/welovecinema.be\/nl\/?s={search_term_string}\"},\"query-input\":\"required name=search_term_string\"}],\"inLanguage\":\"nl-NL\"},{\"@type\":\"Organization\",\"@id\":\"https:\/\/welovecinema.be\/nl\/#organization\",\"name\":\"We Love Cinema\",\"url\":\"https:\/\/welovecinema.be\/nl\/\",\"logo\":{\"@type\":\"ImageObject\",\"inLanguage\":\"nl-NL\",\"@id\":\"https:\/\/welovecinema.be\/nl\/#\/schema\/logo\/image\/\",\"url\":\"https:\/\/welovecinema.be\/wp-content\/uploads\/sites\/2\/2023\/03\/Logo-We-Love-Cinema305x128.jpg\",\"contentUrl\":\"https:\/\/welovecinema.be\/wp-content\/uploads\/sites\/2\/2023\/03\/Logo-We-Love-Cinema305x128.jpg\",\"width\":305,\"height\":128,\"caption\":\"We Love Cinema\"},\"image\":{\"@id\":\"https:\/\/welovecinema.be\/nl\/#\/schema\/logo\/image\/\"},\"sameAs\":[\"https:\/\/www.facebook.com\/welovecinema.be\",\"https:\/\/www.youtube.com\/channel\/UCX5LYGVhnKvYauW4Nta4HJA\",\"https:\/\/www.instagram.com\/welovecinema.be\/\"]},{\"@type\":\"Person\",\"@id\":\"https:\/\/welovecinema.be\/nl\/#\/schema\/person\/f475ac81c30903d8505475024494c658\",\"name\":\"Kurt.Vandemaele\",\"url\":\"https:\/\/welovecinema.be\/nl\/author\/kurt-vandemaele\/\"}]}<\/script>\n<!-- \/ Yoast SEO plugin. -->","yoast_head_json":{"title":"Matthias Schoenaerts nu ook op het Filmfestival van Veneti\u00eb - We Love Cinema","robots":{"index":"index","follow":"follow","max-snippet":"max-snippet:-1","max-image-preview":"max-image-preview:large","max-video-preview":"max-video-preview:-1"},"canonical":"https:\/\/welovecinema.be\/nl\/matthias-schoenaerts-nu-ook-op-het-filmfestival-van-venetie\/","og_locale":"nl_NL","og_type":"article","og_title":"Matthias Schoenaerts nu ook op het Filmfestival van Veneti\u00eb - We Love Cinema","og_description":"Het lijken wel Matthias Schoenaerts-feestdagen. \u00a0Nadat we hier de trailer van &#8216;Maryland&#8217; konden meegeven, en ook het nieuws mochten melden dat de heer Schoenaerts in Frankrijk voortaan als ridder door het leven mag, maakt het volgende grote festival zich op om hem te verwelkomen. Want &#8216;A Bigger Splash&#8217;, \u00e9\u00e9n van de volgende nieuwe films waarin &hellip;","og_url":"https:\/\/welovecinema.be\/nl\/matthias-schoenaerts-nu-ook-op-het-filmfestival-van-venetie\/","og_site_name":"We Love Cinema","article_publisher":"https:\/\/www.facebook.com\/welovecinema.be","article_published_time":"2015-07-29T11:13:08+00:00","article_modified_time":"2015-07-29T13:36:25+00:00","og_image":[{"width":800,"height":800,"url":"https:\/\/welovecinema.be\/wp-content\/uploads\/sites\/2\/2015\/07\/11745541_692902760841476_138025791531535605.1134191.jpg","type":"image\/jpeg"}],"author":"Kurt.Vandemaele","twitter_card":"summary_large_image","twitter_misc":{"Geschreven door":"Kurt.Vandemaele","Geschatte leestijd":"2 minuten"},"schema":{"@context":"https:\/\/schema.org","@graph":[{"@type":"Article","@id":"https:\/\/welovecinema.be\/nl\/matthias-schoenaerts-nu-ook-op-het-filmfestival-van-venetie\/#article","isPartOf":{"@id":"https:\/\/welovecinema.be\/nl\/matthias-schoenaerts-nu-ook-op-het-filmfestival-van-venetie\/"},"author":{"name":"Kurt.Vandemaele","@id":"https:\/\/welovecinema.be\/nl\/#\/schema\/person\/f475ac81c30903d8505475024494c658"},"headline":"Matthias Schoenaerts nu ook op het Filmfestival van Veneti\u00eb","datePublished":"2015-07-29T11:13:08+00:00","dateModified":"2015-07-29T13:36:25+00:00","mainEntityOfPage":{"@id":"https:\/\/welovecinema.be\/nl\/matthias-schoenaerts-nu-ook-op-het-filmfestival-van-venetie\/"},"wordCount":378,"publisher":{"@id":"https:\/\/welovecinema.be\/nl\/#organization"},"articleSection":["Festivals","Nieuws"],"inLanguage":"nl-NL"},{"@type":"WebPage","@id":"https:\/\/welovecinema.be\/nl\/matthias-schoenaerts-nu-ook-op-het-filmfestival-van-venetie\/","url":"https:\/\/welovecinema.be\/nl\/matthias-schoenaerts-nu-ook-op-het-filmfestival-van-venetie\/","name":"Matthias Schoenaerts nu ook op het Filmfestival van Veneti\u00eb - We Love Cinema","isPartOf":{"@id":"https:\/\/welovecinema.be\/nl\/#website"},"datePublished":"2015-07-29T11:13:08+00:00","dateModified":"2015-07-29T13:36:25+00:00","breadcrumb":{"@id":"https:\/\/welovecinema.be\/nl\/matthias-schoenaerts-nu-ook-op-het-filmfestival-van-venetie\/#breadcrumb"},"inLanguage":"nl-NL","potentialAction":[{"@type":"ReadAction","target":["https:\/\/welovecinema.be\/nl\/matthias-schoenaerts-nu-ook-op-het-filmfestival-van-venetie\/"]}]},{"@type":"BreadcrumbList","@id":"https:\/\/welovecinema.be\/nl\/matthias-schoenaerts-nu-ook-op-het-filmfestival-van-venetie\/#breadcrumb","itemListElement":[{"@type":"ListItem","position":1,"name":"Accueil","item":"https:\/\/welovecinema.be\/nl\/"},{"@type":"ListItem","position":2,"name":"Matthias Schoenaerts nu ook op het Filmfestival van Veneti\u00eb"}]},{"@type":"WebSite","@id":"https:\/\/welovecinema.be\/nl\/#website","url":"https:\/\/welovecinema.be\/nl\/","name":"We Love Cinema","description":"Toute l\u2019information du cin\u00e9ma en Belgique","publisher":{"@id":"https:\/\/welovecinema.be\/nl\/#organization"},"potentialAction":[{"@type":"SearchAction","target":{"@type":"EntryPoint","urlTemplate":"https:\/\/welovecinema.be\/nl\/?s={search_term_string}"},"query-input":"required name=search_term_string"}],"inLanguage":"nl-NL"},{"@type":"Organization","@id":"https:\/\/welovecinema.be\/nl\/#organization","name":"We Love Cinema","url":"https:\/\/welovecinema.be\/nl\/","logo":{"@type":"ImageObject","inLanguage":"nl-NL","@id":"https:\/\/welovecinema.be\/nl\/#\/schema\/logo\/image\/","url":"https:\/\/welovecinema.be\/wp-content\/uploads\/sites\/2\/2023\/03\/Logo-We-Love-Cinema305x128.jpg","contentUrl":"https:\/\/welovecinema.be\/wp-content\/uploads\/sites\/2\/2023\/03\/Logo-We-Love-Cinema305x128.jpg","width":305,"height":128,"caption":"We Love Cinema"},"image":{"@id":"https:\/\/welovecinema.be\/nl\/#\/schema\/logo\/image\/"},"sameAs":["https:\/\/www.facebook.com\/welovecinema.be","https:\/\/www.youtube.com\/channel\/UCX5LYGVhnKvYauW4Nta4HJA","https:\/\/www.instagram.com\/welovecinema.be\/"]},{"@type":"Person","@id":"https:\/\/welovecinema.be\/nl\/#\/schema\/person\/f475ac81c30903d8505475024494c658","name":"Kurt.Vandemaele","url":"https:\/\/welovecinema.be\/nl\/author\/kurt-vandemaele\/"}]}},"_links":{"self":[{"href":"https:\/\/welovecinema.be\/nl\/wp-json\/wp\/v2\/posts\/76311","targetHints":{"allow":["GET"]}}],"collection":[{"href":"https:\/\/welovecinema.be\/nl\/wp-json\/wp\/v2\/posts"}],"about":[{"href":"https:\/\/welovecinema.be\/nl\/wp-json\/wp\/v2\/types\/post"}],"author":[{"embeddable":true,"href":"https:\/\/welovecinema.be\/nl\/wp-json\/wp\/v2\/users\/8"}],"replies":[{"embeddable":true,"href":"https:\/\/welovecinema.be\/nl\/wp-json\/wp\/v2\/comments?post=76311"}],"version-history":[{"count":0,"href":"https:\/\/welovecinema.be\/nl\/wp-json\/wp\/v2\/posts\/76311\/revisions"}],"wp:featuredmedia":[{"embeddable":true,"href":"https:\/\/welovecinema.be\/nl\/wp-json\/wp\/v2\/media\/76314"}],"wp:attachment":[{"href":"https:\/\/welovecinema.be\/nl\/wp-json\/wp\/v2\/media?parent=76311"}],"wp:term":[{"taxonomy":"category","embeddable":true,"href":"https:\/\/welovecinema.be\/nl\/wp-json\/wp\/v2\/categories?post=76311"},{"taxonomy":"post_tag","embeddable":true,"href":"https:\/\/welovecinema.be\/nl\/wp-json\/wp\/v2\/tags?post=76311"}],"curies":[{"name":"wp","href":"https:\/\/api.w.org\/{rel}","templated":true}]}}