{"id":73200,"date":"2015-04-24T10:07:03","date_gmt":"2015-04-24T08:07:03","guid":{"rendered":"http:\/\/www.cinevox.be\/?p=73200"},"modified":"2015-04-24T10:10:46","modified_gmt":"2015-04-24T08:10:46","slug":"de-trailer-van-cafe-derby","status":"publish","type":"post","link":"https:\/\/welovecinema.be\/nl\/de-trailer-van-cafe-derby\/","title":{"rendered":"De trailer van &#8216;Caf\u00e9 Derby&#8217;"},"content":{"rendered":"<p>Hier is ie dan, de trailer van <em>&#8216;Caf\u00e9 Derby&#8217;<\/em>, de langverwachte debuutfilm van <strong>Lenny Van Wesemael<\/strong> met <strong>Wim Opbrouck<\/strong>, <strong>Monic Hendrickx<\/strong>, <strong>Chlo\u00eb Dachelet<\/strong>, <strong>Ben Segers<\/strong>, <strong>G\u00fcnther Lesage<\/strong>, <strong>Geert Van Rampelberg<\/strong> en zoveel anderen. \u00a0Dit is de openingsfilm van het Filmfestival van Oostende. \u00a0Op 16 september speelt de film in de Vlaamse bioscopen.<\/p>\n<h2><strong>Zie ook :<\/strong><\/h2>\n<p><a title=\"\u2018Caf\u00e9 Derby\u2019 opent het Filmfestival van Oostende\" href=\"http:\/\/www.cinevox.be\/nl\/cafe-derby-opent-het-filmfestival-van-oostende\/\">&#8216;Caf\u00e9 Derby&#8217; opent het Filmfestival van Oostende<\/a><\/p>\n","protected":false},"excerpt":{"rendered":"<p>Hier is ie dan, de trailer van &#8216;Caf\u00e9 Derby&#8217;, de langverwachte debuutfilm van Lenny Van Wesemael met Wim Opbrouck, Monic Hendrickx, Chlo\u00eb Dachelet, Ben Segers, G\u00fcnther Lesage, Geert Van Rampelberg en zoveel anderen. \u00a0Dit is de openingsfilm van het Filmfestival van Oostende. \u00a0Op 16 september speelt de film in de Vlaamse bioscopen. Zie ook : &hellip;<\/p>\n","protected":false},"author":8,"featured_media":73201,"comment_status":"closed","ping_status":"closed","sticky":false,"template":"","format":"standard","meta":{"ngg_post_thumbnail":0,"footnotes":""},"categories":[54],"tags":[],"class_list":["post-73200","post","type-post","status-publish","format-standard","has-post-thumbnail","","category-binnenkort"],"yoast_head":"<!-- This site is optimized with the Yoast SEO plugin v20.4 - https:\/\/yoast.com\/wordpress\/plugins\/seo\/ -->\n<title>De trailer van &#039;Caf\u00e9 Derby&#039; - We Love Cinema<\/title>\n<meta name=\"robots\" content=\"index, follow, max-snippet:-1, max-image-preview:large, max-video-preview:-1\" \/>\n<link rel=\"canonical\" href=\"https:\/\/welovecinema.be\/nl\/de-trailer-van-cafe-derby\/\" \/>\n<meta property=\"og:locale\" content=\"nl_NL\" \/>\n<meta property=\"og:type\" content=\"article\" \/>\n<meta property=\"og:title\" content=\"De trailer van &#039;Caf\u00e9 Derby&#039; - We Love Cinema\" \/>\n<meta property=\"og:description\" content=\"Hier is ie dan, de trailer van &#8216;Caf\u00e9 Derby&#8217;, de langverwachte debuutfilm van Lenny Van Wesemael met Wim Opbrouck, Monic Hendrickx, Chlo\u00eb Dachelet, Ben Segers, G\u00fcnther Lesage, Geert Van Rampelberg en zoveel anderen. \u00a0Dit is de openingsfilm van het Filmfestival van Oostende. \u00a0Op 16 september speelt de film in de Vlaamse bioscopen. Zie ook : &hellip;\" \/>\n<meta property=\"og:url\" content=\"https:\/\/welovecinema.be\/nl\/de-trailer-van-cafe-derby\/\" \/>\n<meta property=\"og:site_name\" content=\"We Love Cinema\" \/>\n<meta property=\"article:publisher\" content=\"https:\/\/www.facebook.com\/welovecinema.be\" \/>\n<meta property=\"article:published_time\" content=\"2015-04-24T08:07:03+00:00\" \/>\n<meta property=\"article:modified_time\" content=\"2015-04-24T08:10:46+00:00\" \/>\n<meta property=\"og:image\" content=\"https:\/\/welovecinema.be\/wp-content\/uploads\/sites\/2\/2015\/04\/10885117_313425348847179_7287585835795112145_n1.png\" \/>\n\t<meta property=\"og:image:width\" content=\"960\" \/>\n\t<meta property=\"og:image:height\" content=\"540\" \/>\n\t<meta property=\"og:image:type\" content=\"image\/png\" \/>\n<meta name=\"author\" content=\"Kurt.Vandemaele\" \/>\n<meta name=\"twitter:card\" content=\"summary_large_image\" \/>\n<meta name=\"twitter:label1\" content=\"Geschreven door\" \/>\n\t<meta name=\"twitter:data1\" content=\"Kurt.Vandemaele\" \/>\n<script type=\"application\/ld+json\" class=\"yoast-schema-graph\">{\"@context\":\"https:\/\/schema.org\",\"@graph\":[{\"@type\":\"Article\",\"@id\":\"https:\/\/welovecinema.be\/nl\/de-trailer-van-cafe-derby\/#article\",\"isPartOf\":{\"@id\":\"https:\/\/welovecinema.be\/nl\/de-trailer-van-cafe-derby\/\"},\"author\":{\"name\":\"Kurt.Vandemaele\",\"@id\":\"https:\/\/welovecinema.be\/nl\/#\/schema\/person\/f475ac81c30903d8505475024494c658\"},\"headline\":\"De trailer van &#8216;Caf\u00e9 Derby&#8217;\",\"datePublished\":\"2015-04-24T08:07:03+00:00\",\"dateModified\":\"2015-04-24T08:10:46+00:00\",\"mainEntityOfPage\":{\"@id\":\"https:\/\/welovecinema.be\/nl\/de-trailer-van-cafe-derby\/\"},\"wordCount\":66,\"publisher\":{\"@id\":\"https:\/\/welovecinema.be\/nl\/#organization\"},\"articleSection\":[\"Binnenkort\"],\"inLanguage\":\"nl-NL\"},{\"@type\":\"WebPage\",\"@id\":\"https:\/\/welovecinema.be\/nl\/de-trailer-van-cafe-derby\/\",\"url\":\"https:\/\/welovecinema.be\/nl\/de-trailer-van-cafe-derby\/\",\"name\":\"De trailer van 'Caf\u00e9 Derby' - We Love Cinema\",\"isPartOf\":{\"@id\":\"https:\/\/welovecinema.be\/nl\/#website\"},\"datePublished\":\"2015-04-24T08:07:03+00:00\",\"dateModified\":\"2015-04-24T08:10:46+00:00\",\"breadcrumb\":{\"@id\":\"https:\/\/welovecinema.be\/nl\/de-trailer-van-cafe-derby\/#breadcrumb\"},\"inLanguage\":\"nl-NL\",\"potentialAction\":[{\"@type\":\"ReadAction\",\"target\":[\"https:\/\/welovecinema.be\/nl\/de-trailer-van-cafe-derby\/\"]}]},{\"@type\":\"BreadcrumbList\",\"@id\":\"https:\/\/welovecinema.be\/nl\/de-trailer-van-cafe-derby\/#breadcrumb\",\"itemListElement\":[{\"@type\":\"ListItem\",\"position\":1,\"name\":\"Accueil\",\"item\":\"https:\/\/welovecinema.be\/nl\/\"},{\"@type\":\"ListItem\",\"position\":2,\"name\":\"De trailer van &#8216;Caf\u00e9 Derby&#8217;\"}]},{\"@type\":\"WebSite\",\"@id\":\"https:\/\/welovecinema.be\/nl\/#website\",\"url\":\"https:\/\/welovecinema.be\/nl\/\",\"name\":\"We Love Cinema\",\"description\":\"Toute l\u2019information du cin\u00e9ma en Belgique\",\"publisher\":{\"@id\":\"https:\/\/welovecinema.be\/nl\/#organization\"},\"potentialAction\":[{\"@type\":\"SearchAction\",\"target\":{\"@type\":\"EntryPoint\",\"urlTemplate\":\"https:\/\/welovecinema.be\/nl\/?s={search_term_string}\"},\"query-input\":\"required name=search_term_string\"}],\"inLanguage\":\"nl-NL\"},{\"@type\":\"Organization\",\"@id\":\"https:\/\/welovecinema.be\/nl\/#organization\",\"name\":\"We Love Cinema\",\"url\":\"https:\/\/welovecinema.be\/nl\/\",\"logo\":{\"@type\":\"ImageObject\",\"inLanguage\":\"nl-NL\",\"@id\":\"https:\/\/welovecinema.be\/nl\/#\/schema\/logo\/image\/\",\"url\":\"https:\/\/welovecinema.be\/wp-content\/uploads\/sites\/2\/2023\/03\/Logo-We-Love-Cinema305x128.jpg\",\"contentUrl\":\"https:\/\/welovecinema.be\/wp-content\/uploads\/sites\/2\/2023\/03\/Logo-We-Love-Cinema305x128.jpg\",\"width\":305,\"height\":128,\"caption\":\"We Love Cinema\"},\"image\":{\"@id\":\"https:\/\/welovecinema.be\/nl\/#\/schema\/logo\/image\/\"},\"sameAs\":[\"https:\/\/www.facebook.com\/welovecinema.be\",\"https:\/\/www.youtube.com\/channel\/UCX5LYGVhnKvYauW4Nta4HJA\",\"https:\/\/www.instagram.com\/welovecinema.be\/\"]},{\"@type\":\"Person\",\"@id\":\"https:\/\/welovecinema.be\/nl\/#\/schema\/person\/f475ac81c30903d8505475024494c658\",\"name\":\"Kurt.Vandemaele\",\"url\":\"https:\/\/welovecinema.be\/nl\/author\/kurt-vandemaele\/\"}]}<\/script>\n<!-- \/ Yoast SEO plugin. -->","yoast_head_json":{"title":"De trailer van 'Caf\u00e9 Derby' - We Love Cinema","robots":{"index":"index","follow":"follow","max-snippet":"max-snippet:-1","max-image-preview":"max-image-preview:large","max-video-preview":"max-video-preview:-1"},"canonical":"https:\/\/welovecinema.be\/nl\/de-trailer-van-cafe-derby\/","og_locale":"nl_NL","og_type":"article","og_title":"De trailer van 'Caf\u00e9 Derby' - We Love Cinema","og_description":"Hier is ie dan, de trailer van &#8216;Caf\u00e9 Derby&#8217;, de langverwachte debuutfilm van Lenny Van Wesemael met Wim Opbrouck, Monic Hendrickx, Chlo\u00eb Dachelet, Ben Segers, G\u00fcnther Lesage, Geert Van Rampelberg en zoveel anderen. \u00a0Dit is de openingsfilm van het Filmfestival van Oostende. \u00a0Op 16 september speelt de film in de Vlaamse bioscopen. Zie ook : &hellip;","og_url":"https:\/\/welovecinema.be\/nl\/de-trailer-van-cafe-derby\/","og_site_name":"We Love Cinema","article_publisher":"https:\/\/www.facebook.com\/welovecinema.be","article_published_time":"2015-04-24T08:07:03+00:00","article_modified_time":"2015-04-24T08:10:46+00:00","og_image":[{"width":960,"height":540,"url":"https:\/\/welovecinema.be\/wp-content\/uploads\/sites\/2\/2015\/04\/10885117_313425348847179_7287585835795112145_n1.png","type":"image\/png"}],"author":"Kurt.Vandemaele","twitter_card":"summary_large_image","twitter_misc":{"Geschreven door":"Kurt.Vandemaele"},"schema":{"@context":"https:\/\/schema.org","@graph":[{"@type":"Article","@id":"https:\/\/welovecinema.be\/nl\/de-trailer-van-cafe-derby\/#article","isPartOf":{"@id":"https:\/\/welovecinema.be\/nl\/de-trailer-van-cafe-derby\/"},"author":{"name":"Kurt.Vandemaele","@id":"https:\/\/welovecinema.be\/nl\/#\/schema\/person\/f475ac81c30903d8505475024494c658"},"headline":"De trailer van &#8216;Caf\u00e9 Derby&#8217;","datePublished":"2015-04-24T08:07:03+00:00","dateModified":"2015-04-24T08:10:46+00:00","mainEntityOfPage":{"@id":"https:\/\/welovecinema.be\/nl\/de-trailer-van-cafe-derby\/"},"wordCount":66,"publisher":{"@id":"https:\/\/welovecinema.be\/nl\/#organization"},"articleSection":["Binnenkort"],"inLanguage":"nl-NL"},{"@type":"WebPage","@id":"https:\/\/welovecinema.be\/nl\/de-trailer-van-cafe-derby\/","url":"https:\/\/welovecinema.be\/nl\/de-trailer-van-cafe-derby\/","name":"De trailer van 'Caf\u00e9 Derby' - We Love Cinema","isPartOf":{"@id":"https:\/\/welovecinema.be\/nl\/#website"},"datePublished":"2015-04-24T08:07:03+00:00","dateModified":"2015-04-24T08:10:46+00:00","breadcrumb":{"@id":"https:\/\/welovecinema.be\/nl\/de-trailer-van-cafe-derby\/#breadcrumb"},"inLanguage":"nl-NL","potentialAction":[{"@type":"ReadAction","target":["https:\/\/welovecinema.be\/nl\/de-trailer-van-cafe-derby\/"]}]},{"@type":"BreadcrumbList","@id":"https:\/\/welovecinema.be\/nl\/de-trailer-van-cafe-derby\/#breadcrumb","itemListElement":[{"@type":"ListItem","position":1,"name":"Accueil","item":"https:\/\/welovecinema.be\/nl\/"},{"@type":"ListItem","position":2,"name":"De trailer van &#8216;Caf\u00e9 Derby&#8217;"}]},{"@type":"WebSite","@id":"https:\/\/welovecinema.be\/nl\/#website","url":"https:\/\/welovecinema.be\/nl\/","name":"We Love Cinema","description":"Toute l\u2019information du cin\u00e9ma en Belgique","publisher":{"@id":"https:\/\/welovecinema.be\/nl\/#organization"},"potentialAction":[{"@type":"SearchAction","target":{"@type":"EntryPoint","urlTemplate":"https:\/\/welovecinema.be\/nl\/?s={search_term_string}"},"query-input":"required name=search_term_string"}],"inLanguage":"nl-NL"},{"@type":"Organization","@id":"https:\/\/welovecinema.be\/nl\/#organization","name":"We Love Cinema","url":"https:\/\/welovecinema.be\/nl\/","logo":{"@type":"ImageObject","inLanguage":"nl-NL","@id":"https:\/\/welovecinema.be\/nl\/#\/schema\/logo\/image\/","url":"https:\/\/welovecinema.be\/wp-content\/uploads\/sites\/2\/2023\/03\/Logo-We-Love-Cinema305x128.jpg","contentUrl":"https:\/\/welovecinema.be\/wp-content\/uploads\/sites\/2\/2023\/03\/Logo-We-Love-Cinema305x128.jpg","width":305,"height":128,"caption":"We Love Cinema"},"image":{"@id":"https:\/\/welovecinema.be\/nl\/#\/schema\/logo\/image\/"},"sameAs":["https:\/\/www.facebook.com\/welovecinema.be","https:\/\/www.youtube.com\/channel\/UCX5LYGVhnKvYauW4Nta4HJA","https:\/\/www.instagram.com\/welovecinema.be\/"]},{"@type":"Person","@id":"https:\/\/welovecinema.be\/nl\/#\/schema\/person\/f475ac81c30903d8505475024494c658","name":"Kurt.Vandemaele","url":"https:\/\/welovecinema.be\/nl\/author\/kurt-vandemaele\/"}]}},"_links":{"self":[{"href":"https:\/\/welovecinema.be\/nl\/wp-json\/wp\/v2\/posts\/73200","targetHints":{"allow":["GET"]}}],"collection":[{"href":"https:\/\/welovecinema.be\/nl\/wp-json\/wp\/v2\/posts"}],"about":[{"href":"https:\/\/welovecinema.be\/nl\/wp-json\/wp\/v2\/types\/post"}],"author":[{"embeddable":true,"href":"https:\/\/welovecinema.be\/nl\/wp-json\/wp\/v2\/users\/8"}],"replies":[{"embeddable":true,"href":"https:\/\/welovecinema.be\/nl\/wp-json\/wp\/v2\/comments?post=73200"}],"version-history":[{"count":0,"href":"https:\/\/welovecinema.be\/nl\/wp-json\/wp\/v2\/posts\/73200\/revisions"}],"wp:featuredmedia":[{"embeddable":true,"href":"https:\/\/welovecinema.be\/nl\/wp-json\/wp\/v2\/media\/73201"}],"wp:attachment":[{"href":"https:\/\/welovecinema.be\/nl\/wp-json\/wp\/v2\/media?parent=73200"}],"wp:term":[{"taxonomy":"category","embeddable":true,"href":"https:\/\/welovecinema.be\/nl\/wp-json\/wp\/v2\/categories?post=73200"},{"taxonomy":"post_tag","embeddable":true,"href":"https:\/\/welovecinema.be\/nl\/wp-json\/wp\/v2\/tags?post=73200"}],"curies":[{"name":"wp","href":"https:\/\/api.w.org\/{rel}","templated":true}]}}