{"id":72797,"date":"2015-04-09T12:41:27","date_gmt":"2015-04-09T10:41:27","guid":{"rendered":"http:\/\/www.cinevox.be\/?p=72797"},"modified":"2015-04-09T12:55:18","modified_gmt":"2015-04-09T10:55:18","slug":"veel-vlaamse-kortfilms-op-belgische-dag-van-het-bifff","status":"publish","type":"post","link":"https:\/\/welovecinema.be\/nl\/veel-vlaamse-kortfilms-op-belgische-dag-van-het-bifff\/","title":{"rendered":"Veel Vlaamse kortfilms op Belgische Dag van het BIFFF"},"content":{"rendered":"<p>Het Brussels Internationaal Festival van de Fantastische Film blijft vurig de korte film verdedigen en het werk promoten van jonge filmmakers en van gevestigde regisseurs die de korte film hoog in het vaandel dragen. \u00a0Zoals de meeste festivals in Brussel is ook op het BIFFF het accent eerder Franstalig, maar dat komt ook en vooral doordat de sponsoring voornamelijk van Franstalige instanties en bedrijven komt, zoals &#8216;La F\u00e9d\u00e9ration Wallonie-Bruxelles, BeTV, UniversCin\u00e9 en La Trois. Vandaar ook een integraal Franstalige jury. \u00a0Maar in het aanbod dat morgen gepresenteerd wordt, vinden we verrassend veel Vlaamse kortfilms terug. \u00a0Dit zijn de kortfilms die morgen op de Belgische dag in het Paleis voor Schone Kunsten worden vertoond :<\/p>\n<h2><strong>Korte Film Competitie<\/strong><\/h2>\n<p>11u \u2013 Cine 2<br \/>\n<em><strong><a href=\"http:\/\/www.cinevox.be\/nl\/veel-vlaamse-kortfilms-op-belgische-dag-van-het-bifff\/poster_wienforlife-2\/\" rel=\"attachment wp-att-72798\"><img loading=\"lazy\" decoding=\"async\" class=\"alignright wp-image-72798\" src=\"http:\/\/www.cinevox.be\/wp-content\/uploads\/sites\/2\/2015\/04\/Poster_Wienforlife-425x600.jpg\" alt=\"\" width=\"283\" height=\"399\" srcset=\"https:\/\/welovecinema.be\/wp-content\/uploads\/sites\/2\/2015\/04\/Poster_Wienforlife-425x600.jpg 425w, https:\/\/welovecinema.be\/wp-content\/uploads\/sites\/2\/2015\/04\/Poster_Wienforlife-191x270.jpg 191w, https:\/\/welovecinema.be\/wp-content\/uploads\/sites\/2\/2015\/04\/Poster_Wienforlife.jpg 800w\" sizes=\"auto, (max-width: 283px) 100vw, 283px\" \/><\/a>&#8216;Wien for life&#8217;<\/strong><\/em><\/p>\n<p>24\u2032, Dcp, Ned. O.V., Eng. st, 2014<br \/>\na film by <a title=\"Een gesprek met \u2018Alidor Dolfing\u2019 van \u2018Wien for Life\u2019\" href=\"http:\/\/www.cinevox.be\/nl\/een-gesprek-met-alidor-dolfing-van-wien-life\/\">Alidor Dolfing<\/a><br \/>\nCast: <a title=\"Wim Willaert heeft veel te danken aan de kortfilm\" href=\"http:\/\/www.cinevox.be\/nl\/wim-willaert-heeft-veel-te-danken-aan-kortfilm\">Wim Willaert<\/a>, Mieke Dobbels, Thomas Ryckewaert &amp; Jan Hammenecker<br \/>\nScreenplay: Alidor Dolfing<br \/>\nPhoto: Maximiliaan Dierickx<br \/>\nMusic: Emmanuel Marcantuoni<br \/>\nSpecial effects: Wiessenhaan<br \/>\nVersion: Ned. O.V., Eng. st<br \/>\n2014 \/ 24 min. \/ Dcp<br \/>\nContact: <a title=\"Overpeinzingen bij de overgang : Sieber Marly over het oude en het nieuwe filmjaar\" href=\"http:\/\/www.cinevox.be\/nl\/overpeinzingen-bij-de-overgang-sieber-marly-het-oude-en-het-nieuwe-filmjaar\/\">Sieber Marly<\/a>, +32 479 391 807<\/p>\n<p>Een \u201ccriminele komedie\u201d over twee maten wiens vriendschap tot het uiterste op de proef zal worden gesteld door een winnend lottoticket.<\/p>\n<p><em><strong>&#8216;Le Zombie au V\u00e9lo&#8217;<\/strong><\/em><\/p>\n<p><a href=\"http:\/\/www.cinevox.be\/nl\/veel-vlaamse-kortfilms-op-belgische-dag-van-het-bifff\/affiche-lezombieauvelo2-copie-2\/\" rel=\"attachment wp-att-72799\"><img loading=\"lazy\" decoding=\"async\" class=\"alignright wp-image-72799\" src=\"http:\/\/www.cinevox.be\/wp-content\/uploads\/sites\/2\/2015\/04\/affiche-lezombieauvelo2-copie-2-377x600.jpg\" alt=\"\" width=\"197\" height=\"314\" srcset=\"https:\/\/welovecinema.be\/wp-content\/uploads\/sites\/2\/2015\/04\/affiche-lezombieauvelo2-copie-2-377x600.jpg 377w, https:\/\/welovecinema.be\/wp-content\/uploads\/sites\/2\/2015\/04\/affiche-lezombieauvelo2-copie-2-169x270.jpg 169w, https:\/\/welovecinema.be\/wp-content\/uploads\/sites\/2\/2015\/04\/affiche-lezombieauvelo2-copie-2.jpg 1067w\" sizes=\"auto, (max-width: 197px) 100vw, 197px\" \/><\/a>24\u2032, Dcp, Fre. O.V., 2015<br \/>\na film by Christophe Bourdon<br \/>\nCast: Olivier Bonjour, Astrid Whettnall, Carlo Ferrante, Renaud Rutten, Fr\u00e9d\u00e9ric Bodson, Eric Larcin, Sofia Sykopoulos &amp; Nissim Renard<br \/>\nScreenplay: Christophe Bourdon<br \/>\nPhoto: Fr\u00e9d\u00e9ric Martin<br \/>\nEdited by Bruno Pons<br \/>\nMusic: Greg Remy<br \/>\nSpecial effects: Lionel L\u00e8<br \/>\nVersion: Fre. O.V.<br \/>\n2015 \/ 24 min. \/ Dcp<br \/>\nContact: Les Films du Carr\u00e9, +32 499 617 916<\/p>\n<p>Een absolute wereldpremi\u00e8re! Nee, dit is niet zomaar een parodie op de films van de gebroeders Dardenne. Dit is een diepgevoelig, oprecht sociaal portret van een zombie die zijn plaats zoekt in deze harde samenleving en die zich alleen gelukkig voelt wanneer hij fietst.<\/p>\n<p>&nbsp;<\/p>\n<p><em><strong><a href=\"http:\/\/www.cinevox.be\/nl\/veel-vlaamse-kortfilms-op-belgische-dag-van-het-bifff\/la_valse_mecanique_poster\/\" rel=\"attachment wp-att-72800\"><img loading=\"lazy\" decoding=\"async\" class=\"alignright wp-image-72800\" src=\"http:\/\/www.cinevox.be\/wp-content\/uploads\/sites\/2\/2015\/04\/La_Valse_M\u00e9canique_Poster-417x600.jpg\" alt=\"\" width=\"251\" height=\"360\" srcset=\"https:\/\/welovecinema.be\/wp-content\/uploads\/sites\/2\/2015\/04\/La_Valse_M\u00e9canique_Poster-417x600.jpg 417w, https:\/\/welovecinema.be\/wp-content\/uploads\/sites\/2\/2015\/04\/La_Valse_M\u00e9canique_Poster.jpg 835w\" sizes=\"auto, (max-width: 251px) 100vw, 251px\" \/><\/a>&#8216;La Valse M\u00e9canique&#8217;<\/strong><\/em><\/p>\n<p>5\u201947, Dcp, Fre. O.V., Fre., Eng. &amp; Ned. st, 2014<br \/>\na film by Julien Dykmans<br \/>\nMusic: Amaury Bernier<br \/>\nSpecial effects: Julien Dykmans<br \/>\nVersion: Fre. O.V., Fre., Eng. &amp; Ned. st<br \/>\n2014 \/ 5 min. 47 \/ Dcp<br \/>\nContact: Julien Dykmans, +33 6 23 22 48 75<\/p>\n<p>Een sombere morgen, het regent pijpenstelen. De marionetten sjokken naar het werk, gevangenen van een harteloze routine.<\/p>\n<p>&nbsp;<\/p>\n<p>&nbsp;<\/p>\n<p>&nbsp;<\/p>\n<p>&nbsp;<\/p>\n<p>&nbsp;<\/p>\n<p><em><strong><a href=\"http:\/\/www.cinevox.be\/nl\/veel-vlaamse-kortfilms-op-belgische-dag-van-het-bifff\/481199_347451688688751_105412505_n\/\" rel=\"attachment wp-att-72801\"><img loading=\"lazy\" decoding=\"async\" class=\"alignright wp-image-72801\" src=\"http:\/\/www.cinevox.be\/wp-content\/uploads\/sites\/2\/2015\/04\/481199_347451688688751_105412505_n.jpg\" alt=\"\" width=\"348\" height=\"363\" srcset=\"https:\/\/welovecinema.be\/wp-content\/uploads\/sites\/2\/2015\/04\/481199_347451688688751_105412505_n.jpg 483w, https:\/\/welovecinema.be\/wp-content\/uploads\/sites\/2\/2015\/04\/481199_347451688688751_105412505_n-258x270.jpg 258w\" sizes=\"auto, (max-width: 348px) 100vw, 348px\" \/><\/a>&#8216;Dollhouse&#8217;<\/strong><\/em><\/p>\n<p>17\u201956, Blu-Ray, Ned. O.V., Eng. st, 2014<br \/>\na film by Marieke Versonnen<br \/>\nCast: Kimke Desart, Tine Laureyns, Jenne Decleir, Inge Paulussen, Gert Lahousse &amp; Stef Wauters<br \/>\nScreenplay: Marieke Versonnen<br \/>\nPhoto: Liesbet De Loof<br \/>\nEdited by Marieke Versonnen<br \/>\nMusic: Adriaan Swerts<br \/>\nSpecial effects: Siebe Vranx<br \/>\nVersion: Ned. O.V., Eng. st<br \/>\n2014 \/ 17 min. 56 \/ Blu-Ray<br \/>\nContact: Marieke Versonnen, +32 494 641 231<\/p>\n<p>Een psychologisch drama met een gruwelijk kantje! Deze film vertelt het verhaal van een meisje dat haar plaats zoekt in de wereld. Na de scheiding van haar ouders verslechtert de relatie met haar moeder zienderogend.<\/p>\n<p>&nbsp;<\/p>\n<p><strong><a href=\"http:\/\/www.cinevox.be\/nl\/veel-vlaamse-kortfilms-op-belgische-dag-van-het-bifff\/alles-voor-de-film\/\" rel=\"attachment wp-att-72802\"><img loading=\"lazy\" decoding=\"async\" class=\"alignright wp-image-72802\" src=\"http:\/\/www.cinevox.be\/wp-content\/uploads\/sites\/2\/2015\/04\/Alles-voor-de-Film-424x600.jpg\" alt=\"\" width=\"264\" height=\"373\" srcset=\"https:\/\/welovecinema.be\/wp-content\/uploads\/sites\/2\/2015\/04\/Alles-voor-de-Film-424x600.jpg 424w, https:\/\/welovecinema.be\/wp-content\/uploads\/sites\/2\/2015\/04\/Alles-voor-de-Film-191x270.jpg 191w, https:\/\/welovecinema.be\/wp-content\/uploads\/sites\/2\/2015\/04\/Alles-voor-de-Film.jpg 849w\" sizes=\"auto, (max-width: 264px) 100vw, 264px\" \/><\/a><em>&#8216;Alles voor de Film&#8217;\u00a0<\/em><\/strong><\/p>\n<p>19\u201944, Blu-Ray, Ned. O.V., Eng. st, 2014<br \/>\na film by Lukas Buys<br \/>\nCast: Steve Aernouts &amp; Dorien De Clippel<br \/>\nScreenplay: Lukas Buys<br \/>\nMusic: And They Spoke in Anthems, Hugo Matthysen &amp; Stan Lee Cole<br \/>\nVersion: Ned. O.V., Eng. st<br \/>\n2014 \/ 19 min. 44 \/ Blu-Ray<br \/>\nContact: Lukas Buys, +32 494 326 748<\/p>\n<p>Lize, een jonge, ambitieuze actrice, is erg enthousiast over haar volgende rol. Ze wordt opgepikt door de kerel van de productie, die haar naar de set rijdt. Maar eenmaal ter plaatse\u2026<\/p>\n<p>&nbsp;<\/p>\n<p>&nbsp;<\/p>\n<p>&nbsp;<\/p>\n<p><strong><em><a href=\"http:\/\/www.cinevox.be\/nl\/veel-vlaamse-kortfilms-op-belgische-dag-van-het-bifff\/a3314973034_10\/\" rel=\"attachment wp-att-72803\"><img loading=\"lazy\" decoding=\"async\" class=\"alignright wp-image-72803\" src=\"http:\/\/www.cinevox.be\/wp-content\/uploads\/sites\/2\/2015\/04\/a3314973034_10-455x600.jpg\" alt=\"\" width=\"250\" height=\"330\" srcset=\"https:\/\/welovecinema.be\/wp-content\/uploads\/sites\/2\/2015\/04\/a3314973034_10-455x600.jpg 455w, https:\/\/welovecinema.be\/wp-content\/uploads\/sites\/2\/2015\/04\/a3314973034_10-204x270.jpg 204w, https:\/\/welovecinema.be\/wp-content\/uploads\/sites\/2\/2015\/04\/a3314973034_10.jpg 546w\" sizes=\"auto, (max-width: 250px) 100vw, 250px\" \/><\/a><\/em><\/strong><\/p>\n<p>&nbsp;<\/p>\n<p><strong><em>&#8216;Ed &amp; Shoeldaer&#8217;<\/em><\/strong><\/p>\n<p>20\u201934, Blu-Ray, Fre. O.V., 2014<br \/>\na film by Maxime Pasque<br \/>\nCast: Kevin Dudjasienski, Helena Coppejans, Damien Marchal, Olivier Bonjour &amp; Mounir Ait Hamou<br \/>\nScreenplay: Kevin Dudjasienski &amp; Maxime Pasque<br \/>\nPhoto: Romain Ferrand<br \/>\nEdited by J\u00e9r\u00f4me Guiot<br \/>\nMusic: R.I.P. Bonaparte<br \/>\nVersion: Fre. O.V.<br \/>\n2014 \/ 20 min. 34 \/ Blu-Ray<br \/>\nContact: Left Field Ventures, +32 2 345 45 05<\/p>\n<p>In zijn kleine kapsalon denkt Ed Scissor vol heimwee terug aan zijn gloriejaren, terwijl zijn vriendin Lea Shoeldaer en zijn assistent Alan op de klanten wachten En dan komt Romeo Gonzo jr binnen met een aanbod dat Ed niet kan weigeren.<\/p>\n<p><strong><em><a href=\"http:\/\/www.cinevox.be\/nl\/veel-vlaamse-kortfilms-op-belgische-dag-van-het-bifff\/10644684_876452399084302_474876195408102043_o-717x1024\/\" rel=\"attachment wp-att-72804\"><img loading=\"lazy\" decoding=\"async\" class=\"alignright wp-image-72804\" src=\"http:\/\/www.cinevox.be\/wp-content\/uploads\/sites\/2\/2015\/04\/10644684_876452399084302_474876195408102043_o-717x1024-420x600.jpg\" alt=\"\" width=\"262\" height=\"374\" srcset=\"https:\/\/welovecinema.be\/wp-content\/uploads\/sites\/2\/2015\/04\/10644684_876452399084302_474876195408102043_o-717x1024-420x600.jpg 420w, https:\/\/welovecinema.be\/wp-content\/uploads\/sites\/2\/2015\/04\/10644684_876452399084302_474876195408102043_o-717x1024-189x270.jpg 189w, https:\/\/welovecinema.be\/wp-content\/uploads\/sites\/2\/2015\/04\/10644684_876452399084302_474876195408102043_o-717x1024.jpg 717w\" sizes=\"auto, (max-width: 262px) 100vw, 262px\" \/><\/a>&#8216;De Vijver&#8217;<\/em><\/strong><\/p>\n<p>15, Dcp, Ned. O.V., Ned. &amp; Eng. st, 2015<br \/>\na film by Jeroen Dumoulein<br \/>\nCast: Kirsten Pieters<br \/>\nScreenplay: <a title=\"Overpeinzingen bij de overgang : Michel Sabbe over het oude en het nieuwe filmjaar\" href=\"http:\/\/www.cinevox.be\/nl\/overpeinzingen-bij-de-overgang-michel-sabbe-het-oude-en-het-nieuwe-filmjaar\/\">Michel Sabbe<\/a><br \/>\nPhoto: <a title=\"Overpeinzingen bij de overgang : Robrecht Heyvaert over het oude en het nieuwe filmjaar\" href=\"http:\/\/www.cinevox.be\/nl\/overpeinzingen-bij-de-overgang-robrecht-heyvaert-het-oude-en-het-nieuwe-filmjaar\/\">Robrecht Heyvaert<\/a><br \/>\nMusic: Miguel Moerman<br \/>\nSpecial effects: Vfx<br \/>\nVersion: Ned. O.V., Ned. &amp; Eng. st<br \/>\n2015 \/ 15 min. \/ Dcp<br \/>\nContact: A team prods, +32 497 464 180<\/p>\n<p>Een po\u00ebtisch en gruwelijk verhaal! Kijk uit, kleine meid, want er schuilt gevaar in de vijver achter in de tuin!<\/p>\n<p>&nbsp;<\/p>\n<p>&nbsp;<\/p>\n<p>&nbsp;<\/p>\n<p><em><strong><a href=\"http:\/\/www.cinevox.be\/nl\/veel-vlaamse-kortfilms-op-belgische-dag-van-het-bifff\/i-wish-my-life\/\" rel=\"attachment wp-att-72805\"><img loading=\"lazy\" decoding=\"async\" class=\"alignright wp-image-72805\" src=\"http:\/\/www.cinevox.be\/wp-content\/uploads\/sites\/2\/2015\/04\/I-wish-my-life-424x600.jpg\" alt=\"\" width=\"266\" height=\"377\" srcset=\"https:\/\/welovecinema.be\/wp-content\/uploads\/sites\/2\/2015\/04\/I-wish-my-life-424x600.jpg 424w, https:\/\/welovecinema.be\/wp-content\/uploads\/sites\/2\/2015\/04\/I-wish-my-life-190x270.jpg 190w, https:\/\/welovecinema.be\/wp-content\/uploads\/sites\/2\/2015\/04\/I-wish-my-life.jpg 848w\" sizes=\"auto, (max-width: 266px) 100vw, 266px\" \/><\/a>&#8216;I wish my life&#8217;<\/strong><\/em><\/p>\n<p>15\u2032, Blu-Ray, Ned. O.V., Eng. st, 2014<br \/>\na film by Joachim Huveneers<br \/>\nCast: <a title=\"Overpeinzingen bij de overgang : Kim Hertogs over het oude en het nieuwe filmjaar\" href=\"http:\/\/www.cinevox.be\/nl\/overpeinzingen-bij-de-overgang-kim-hertogs-het-oude-en-het-nieuwe-filmjaar\/\">Kim Hertogs<\/a>, Johny Voners, Erik Goris &amp; Lukas Buys<br \/>\nScreenplay: Joachim Huveneers<br \/>\nPhoto: Wesley Versteeg<br \/>\nEdited by Herman Tilma<br \/>\nMusic: Brian Clifton<br \/>\nSpecial effects: Wesley Versteeg<br \/>\nVersion: Ned. O.V., Eng. st<br \/>\n2014 \/ 15 min. \/ Blu-Ray<br \/>\nContact: Joachim Huveneers, +32 499 251 934<\/p>\n<p>Wanneer Sarah alleen is in haar kamer vol oude spullen, luistert ze steeds naar een liedje dat haar kalmeert en doet dromen van een ander leven.<\/p>\n<p>&nbsp;<\/p>\n<p><em><strong><a href=\"http:\/\/www.cinevox.be\/nl\/veel-vlaamse-kortfilms-op-belgische-dag-van-het-bifff\/derniere-porte-au-sud\/\" rel=\"attachment wp-att-72806\"><img loading=\"lazy\" decoding=\"async\" class=\"alignright wp-image-72806\" src=\"http:\/\/www.cinevox.be\/wp-content\/uploads\/sites\/2\/2015\/04\/Derniere-porte-au-sud-424x600.jpg\" alt=\"\" width=\"255\" height=\"361\" srcset=\"https:\/\/welovecinema.be\/wp-content\/uploads\/sites\/2\/2015\/04\/Derniere-porte-au-sud-424x600.jpg 424w, https:\/\/welovecinema.be\/wp-content\/uploads\/sites\/2\/2015\/04\/Derniere-porte-au-sud-190x270.jpg 190w, https:\/\/welovecinema.be\/wp-content\/uploads\/sites\/2\/2015\/04\/Derniere-porte-au-sud.jpg 848w\" sizes=\"auto, (max-width: 255px) 100vw, 255px\" \/><\/a>&#8216;Derni\u00e8re porte au sud&#8217;<\/strong><\/em><\/p>\n<p>14\u2032, Dcp, Fre. O.V., Eng. st, 2015<br \/>\na film by Sacha Feiner<br \/>\nScreenplay: Sacha Feiner<br \/>\nPhoto: Sacha Feiner<br \/>\nEdited by Sacha Feiner<br \/>\nMusic: Alexandre Poncet<br \/>\nSpecial effects: Sacha Feiner<br \/>\nVersion: Fre. O.V., Eng. st<br \/>\n2015 \/ 14 min. \/ Dcp<br \/>\nContact: Take Five, +32 2 534 66 36<\/p>\n<p>De wereld bestaat uit verdiepingen, kamers en trappen voor de jongen en zijn tweede Siamese hoofd, want dat is de enige wereld die zijn moeder wil dat hij kent.<\/p>\n<p>&nbsp;<\/p>\n<p>&nbsp;<\/p>\n<p><strong><em><a href=\"http:\/\/www.cinevox.be\/nl\/veel-vlaamse-kortfilms-op-belgische-dag-van-het-bifff\/plutotcrever\/\" rel=\"attachment wp-att-72807\"><img loading=\"lazy\" decoding=\"async\" class=\"alignright wp-image-72807\" src=\"http:\/\/www.cinevox.be\/wp-content\/uploads\/sites\/2\/2015\/04\/Plutotcrever-424x600.jpg\" alt=\"\" width=\"247\" height=\"349\" srcset=\"https:\/\/welovecinema.be\/wp-content\/uploads\/sites\/2\/2015\/04\/Plutotcrever-424x600.jpg 424w, https:\/\/welovecinema.be\/wp-content\/uploads\/sites\/2\/2015\/04\/Plutotcrever.jpg 848w\" sizes=\"auto, (max-width: 247px) 100vw, 247px\" \/><\/a>&#8216;Plut\u00f4t crever que mourir ici&#8217;<\/em><\/strong><\/p>\n<p>14\u201926, Dcp, Fre. O.V., 2014<br \/>\na film by Jean-Baptiste Delannoy<br \/>\nCast: Luis Rego, Maryvonne Michel, Maud Bettina Marie, Pierre Lekeux, Antojo, Aur\u00e9lia Bonta, Denise Schwab, Andr\u00e9e Cambier<br \/>\nScreenplay: Fr\u00e9d\u00e9ric Castadot<br \/>\nPhoto: Patrice Michaux<br \/>\nEdited by Bruno Pons<br \/>\nMusic: Simon Delannoy<br \/>\nVersion: Fre. O.V.<br \/>\n2014 \/ 14 min. 26 \/ Dcp<br \/>\nContact: Stromboli Pictures, florence.dangotte@stromboli.be<\/p>\n<p>Willy is verzot op actiefilms en heeft geen zin om zijn kaars te laten in het rusthuis dat aanvoelt als een gevangenis. Hij wil op vrije voeten sterven. Dus bedenkt hij een plan om te ontsnappen, met behulp van zijn goudvis, een verpleegster en een bende oudjes!<\/p>\n<p>&nbsp;<\/p>\n<p><em><strong><a href=\"http:\/\/www.cinevox.be\/nl\/veel-vlaamse-kortfilms-op-belgische-dag-van-het-bifff\/noct-affiche-small\/\" rel=\"attachment wp-att-72808\"><img loading=\"lazy\" decoding=\"async\" class=\"alignright wp-image-72808\" src=\"http:\/\/www.cinevox.be\/wp-content\/uploads\/sites\/2\/2015\/04\/NOCT-AFFICHE-small-450x600.jpg\" alt=\"\" width=\"262\" height=\"349\" srcset=\"https:\/\/welovecinema.be\/wp-content\/uploads\/sites\/2\/2015\/04\/NOCT-AFFICHE-small-450x600.jpg 450w, https:\/\/welovecinema.be\/wp-content\/uploads\/sites\/2\/2015\/04\/NOCT-AFFICHE-small-202x270.jpg 202w, https:\/\/welovecinema.be\/wp-content\/uploads\/sites\/2\/2015\/04\/NOCT-AFFICHE-small.jpg 1350w\" sizes=\"auto, (max-width: 262px) 100vw, 262px\" \/><\/a>&#8216;Noct&#8217;<\/strong><\/em><\/p>\n<p>15\u2032, Dcp, Fre. O.V., Eng. st, 2014<br \/>\na film by Vincent Toujas<br \/>\nCast: Thomas Barraud<br \/>\nScreenplay: Giles Daoust<br \/>\nPhoto: Thomas Pantalacci<br \/>\nEdited by Vincent Toujas<br \/>\nMusic: Ernst Meinrath<br \/>\nSpecial effects: David Scherer<br \/>\nVersion: Fre. O.V., Eng. st<br \/>\n2014 \/ 15 min. \/ Dcp<br \/>\nContact: Title Media, +32 496 548 789<\/p>\n<p>Jay vindt zijn plaats niet meer in de samenleving. Hij voelt zich verdoofd en emotieloos. Een vreemd schepsel begint hem te besluipen in zijn flat. Het wordt zijn beul\u2026 en opent de weg naar zijn bevrijding.<\/p>\n<p>&nbsp;<\/p>\n<p>16u \u2013 Cine 2<\/p>\n<h2>Korte Film Buiten Competitie<\/h2>\n<p><strong><em><a href=\"http:\/\/www.cinevox.be\/nl\/veel-vlaamse-kortfilms-op-belgische-dag-van-het-bifff\/sans-titre-2-2\/\" rel=\"attachment wp-att-72809\"><img loading=\"lazy\" decoding=\"async\" class=\"alignright wp-image-72809\" src=\"http:\/\/www.cinevox.be\/wp-content\/uploads\/sites\/2\/2015\/04\/sans-titre-2-400x600.png\" alt=\"\" width=\"233\" height=\"350\" srcset=\"https:\/\/welovecinema.be\/wp-content\/uploads\/sites\/2\/2015\/04\/sans-titre-2-400x600.png 400w, https:\/\/welovecinema.be\/wp-content\/uploads\/sites\/2\/2015\/04\/sans-titre-2-180x270.png 180w, https:\/\/welovecinema.be\/wp-content\/uploads\/sites\/2\/2015\/04\/sans-titre-2.png 640w\" sizes=\"auto, (max-width: 233px) 100vw, 233px\" \/><\/a>&#8216;Edgar et la douze demoiselle&#8217;<\/em><\/strong><\/p>\n<p>13\u2032, Dcp, Fre. O.V., Eng. st, 2014<br \/>\na film by Fr\u00e9d\u00e9ric Legrand<br \/>\nCast: Bella Zio, Lola Destercq &amp; Laetitia Trozzi<br \/>\nOff voice: Fran\u00e7ois Pirette<br \/>\nScreenplay: Fr\u00e9d\u00e9ric Legrand<br \/>\nPhoto: Fr\u00e9d\u00e9ric Legrand<br \/>\nEdited by Fr\u00e9d\u00e9ric Legrand<br \/>\nMusic: Olivier Dogot<br \/>\nSpecial effects: Fr\u00e9d\u00e9ric Legrand<br \/>\nVersion: Fre. O.V., Eng. st<br \/>\n2014 \/ 13 min. \/ Dcp<br \/>\nContact: Fr\u00e9d\u00e9ric Legrand, +32 471 493 593<\/p>\n<p>Het is niet meer dan normaal om vrij te zijn en bemind te worden\u2026 behalve voor Edgar en de Lieve Juffrouw.<\/p>\n<p>&nbsp;<\/p>\n<p>&nbsp;<\/p>\n<p><em><strong><a href=\"http:\/\/www.cinevox.be\/nl\/veel-vlaamse-kortfilms-op-belgische-dag-van-het-bifff\/attachment\/83119\/\" rel=\"attachment wp-att-72810\"><img loading=\"lazy\" decoding=\"async\" class=\"alignright size-full wp-image-72810\" src=\"http:\/\/www.cinevox.be\/wp-content\/uploads\/sites\/2\/2015\/04\/83119.jpeg\" alt=\"\" width=\"199\" height=\"270\" \/><\/a>&#8216;L\u2019\u00e9cran d\u00e9moniaque&#8217;<\/strong><\/em><\/p>\n<p>3\u201933, Dcp, no dialogue, 2014<br \/>\na film by Patrick &amp; Marilyn Hella<br \/>\nCast: Jean-Luc Couchard<br \/>\nScreenplay: Patrick &amp; Marilyn Hella<br \/>\nPhoto: Michel Baudour &amp; Robin Sabrina<br \/>\nEdited by Gilbert Olivier<br \/>\nMusic: Andrew Bolton &amp; Martin Daniel<br \/>\nVersion: No dialogue<br \/>\n2014 \/ 3 min. 33 \/ Dcp<br \/>\nContact: Delfilms, delphineduez@gmail.com<\/p>\n<p>Een man wandelt op straat en ontdekt dat hij de gevangene is van het filmscherm.<\/p>\n<p>&nbsp;<\/p>\n<p><em><strong>&#8216;Derni\u00e8re Formalit\u00e9&#8217;<\/strong><\/em><\/p>\n<p><a href=\"http:\/\/www.cinevox.be\/nl\/veel-vlaamse-kortfilms-op-belgische-dag-van-het-bifff\/derni_re_formalit_s-404899548-large\/\" rel=\"attachment wp-att-72811\"><img loading=\"lazy\" decoding=\"async\" class=\"alignright wp-image-72811\" src=\"http:\/\/www.cinevox.be\/wp-content\/uploads\/sites\/2\/2015\/04\/Derni_re_formalit_S-404899548-large.jpg\" alt=\"\" width=\"269\" height=\"390\" \/><\/a>14\u201904, Dcp, Fre. O.V., Eng. st, 2014<\/p>\n<p>a film by St\u00e9phane Everaert<br \/>\nCast: Bernard Marbaix &amp; B\u00e9n\u00e9dicte Philippon<br \/>\nScreenplay: Thomas Vilquin<br \/>\nPhoto: Oliver Imfeld<br \/>\nEdited by Bruno Pons<br \/>\nMusic: St\u00e9phane Everaert<br \/>\nSpecial effects: Dan Bruylandt, Fabien Deplanque &amp; Chadi Abou Sariya<br \/>\nVersion: Fre. O.V., Eng. st<br \/>\n2014 \/ 14 min. 04 \/ Dcp<br \/>\nContact: Revolver Prod., info@revolverprod.be<\/p>\n<p>Een oude man staat op de drempel van het paradijs, maar de engel wil hem naar het vagevuur sturen. Hij probeert het op een akkoordje te gooien.<\/p>\n<p>&nbsp;<\/p>\n<p><strong><em><a href=\"http:\/\/www.cinevox.be\/nl\/veel-vlaamse-kortfilms-op-belgische-dag-van-het-bifff\/unknown-6-14\/\" rel=\"attachment wp-att-72812\"><img loading=\"lazy\" decoding=\"async\" class=\"alignright size-full wp-image-72812\" src=\"http:\/\/www.cinevox.be\/wp-content\/uploads\/sites\/2\/2015\/04\/Unknown-6.jpeg\" alt=\"\" width=\"300\" height=\"168\" srcset=\"https:\/\/welovecinema.be\/wp-content\/uploads\/sites\/2\/2015\/04\/Unknown-6.jpeg 300w, https:\/\/welovecinema.be\/wp-content\/uploads\/sites\/2\/2015\/04\/Unknown-6-200x113.jpeg 200w\" sizes=\"auto, (max-width: 300px) 100vw, 300px\" \/><\/a>&#8216;Deep Space&#8217;<\/em><\/strong><\/p>\n<p>7\u201906, Blu-Ray, Eng. st, 2014<br \/>\na film by Bruno Tondeur<br \/>\nScreenplay: Bruno Tondeur<br \/>\nMusic: Pierre Slinckx<br \/>\nVersion: Eng. st<br \/>\n2014 \/ 7 min. 06 \/ Blu-Ray<br \/>\nContact: Atelier de Production de La Cambre, +32 472 555 257<\/p>\n<p>Brandon\u2019s eerste intergalactische opdracht is het vinden van intelligent buitenaards leven. Maandenlang observeert hij vruchteloos het bizarre gedrag van vreemde wezens op een verre planeet.<\/p>\n<p><em><strong>&#8216;Eefje Donkerblauw&#8217;<\/strong><\/em><\/p>\n<p><a href=\"http:\/\/www.cinevox.be\/nl\/veel-vlaamse-kortfilms-op-belgische-dag-van-het-bifff\/eefje-donkerblauw-crowdfunding-2\/\" rel=\"attachment wp-att-72813\"><img loading=\"lazy\" decoding=\"async\" class=\"alignright size-full wp-image-72813\" src=\"http:\/\/www.cinevox.be\/wp-content\/uploads\/sites\/2\/2015\/04\/Eefje-Donkerblauw-crowdfunding.jpg\" alt=\"\" width=\"450\" height=\"318\" srcset=\"https:\/\/welovecinema.be\/wp-content\/uploads\/sites\/2\/2015\/04\/Eefje-Donkerblauw-crowdfunding.jpg 450w, https:\/\/welovecinema.be\/wp-content\/uploads\/sites\/2\/2015\/04\/Eefje-Donkerblauw-crowdfunding-382x270.jpg 382w\" sizes=\"auto, (max-width: 450px) 100vw, 450px\" \/><\/a>10\u201946, Dcp, Ned. O.V., Eng. st, 2014<br \/>\na film by Charlotte Dewulf<br \/>\nCast: Celine Verbeeck &amp; Joren Seldeslachts<br \/>\nScreenplay: Mattijs Deraedt<br \/>\nPhoto: Nick Bollaert<br \/>\nMusic: Gregory Caron<br \/>\nSpecial effects: PixMix &amp; Mud<br \/>\nVersion: Ned. O.V., Eng. st<br \/>\n2014 \/ 10 min.46 \/ Dcp<br \/>\nContact: Het ReclameBureau, info@hetreclamebureau.be<\/p>\n<p>Alles is 50 tinten blauw bij Eefje: de confituur, de muren, de stoelen, het bed\u2026 Ze zou zo graag contact willen hebben met de grijze mensen, maar die lusten haar niet. En dan komt ze de Goudgele Prins tegen!<\/p>\n<p><strong><em><a href=\"http:\/\/www.cinevox.be\/nl\/veel-vlaamse-kortfilms-op-belgische-dag-van-het-bifff\/la-chair\/\" rel=\"attachment wp-att-72814\"><img loading=\"lazy\" decoding=\"async\" class=\"alignright size-large wp-image-72814\" src=\"http:\/\/www.cinevox.be\/wp-content\/uploads\/sites\/2\/2015\/04\/la-chair-424x600.jpg\" alt=\"\" width=\"424\" height=\"600\" srcset=\"https:\/\/welovecinema.be\/wp-content\/uploads\/sites\/2\/2015\/04\/la-chair-424x600.jpg 424w, https:\/\/welovecinema.be\/wp-content\/uploads\/sites\/2\/2015\/04\/la-chair-190x270.jpg 190w, https:\/\/welovecinema.be\/wp-content\/uploads\/sites\/2\/2015\/04\/la-chair.jpg 723w\" sizes=\"auto, (max-width: 424px) 100vw, 424px\" \/><\/a>&#8216;La Chair&#8217;<\/em><\/strong><\/p>\n<p>14\u201940, Dcp, Fre. O.V., Eng. st, 2014<br \/>\na film by William Henne<br \/>\nCast: Lionel Fernandez, Michel Baladi &amp; Sydney Scotto<br \/>\nScreenplay: Louise Lemoine Torr\u00e8s<br \/>\nEdited by Marc Boyer<br \/>\nMusic: Michel Korb<br \/>\nVersion: Fre. O.V., Eng. st<br \/>\n2014 \/ 14 min. 40 \/ Dcp<br \/>\nContact: Zorobabel, +32 2 538 24 34<\/p>\n<p>Alles in de samenleving werd geoptimaliseerd om de economie te doen draaien en het vrouwelijke lichaam is daar de ultieme uitdrukking van.<\/p>\n","protected":false},"excerpt":{"rendered":"<p>Het Brussels Internationaal Festival van de Fantastische Film blijft vurig de korte film verdedigen en het werk promoten van jonge filmmakers en van gevestigde regisseurs die de korte film hoog in het vaandel dragen. \u00a0Zoals de meeste festivals in Brussel is ook op het BIFFF het accent eerder Franstalig, maar dat komt ook en vooral &hellip;<\/p>\n","protected":false},"author":8,"featured_media":72816,"comment_status":"closed","ping_status":"closed","sticky":false,"template":"","format":"standard","meta":{"ngg_post_thumbnail":0,"footnotes":""},"categories":[1069,30],"tags":[],"class_list":["post-72797","post","type-post","status-publish","format-standard","has-post-thumbnail","","category-festivals-nl","category-nieuws"],"yoast_head":"<!-- This site is optimized with the Yoast SEO plugin v20.4 - https:\/\/yoast.com\/wordpress\/plugins\/seo\/ -->\n<title>Veel Vlaamse kortfilms op Belgische Dag van het BIFFF - We Love Cinema<\/title>\n<meta name=\"robots\" content=\"index, follow, max-snippet:-1, max-image-preview:large, max-video-preview:-1\" \/>\n<link rel=\"canonical\" href=\"https:\/\/welovecinema.be\/nl\/veel-vlaamse-kortfilms-op-belgische-dag-van-het-bifff\/\" \/>\n<meta property=\"og:locale\" content=\"nl_NL\" \/>\n<meta property=\"og:type\" content=\"article\" \/>\n<meta property=\"og:title\" content=\"Veel Vlaamse kortfilms op Belgische Dag van het BIFFF - We Love Cinema\" \/>\n<meta property=\"og:description\" content=\"Het Brussels Internationaal Festival van de Fantastische Film blijft vurig de korte film verdedigen en het werk promoten van jonge filmmakers en van gevestigde regisseurs die de korte film hoog in het vaandel dragen. \u00a0Zoals de meeste festivals in Brussel is ook op het BIFFF het accent eerder Franstalig, maar dat komt ook en vooral &hellip;\" \/>\n<meta property=\"og:url\" content=\"https:\/\/welovecinema.be\/nl\/veel-vlaamse-kortfilms-op-belgische-dag-van-het-bifff\/\" \/>\n<meta property=\"og:site_name\" content=\"We Love Cinema\" \/>\n<meta property=\"article:publisher\" content=\"https:\/\/www.facebook.com\/welovecinema.be\" \/>\n<meta property=\"article:published_time\" content=\"2015-04-09T10:41:27+00:00\" \/>\n<meta property=\"article:modified_time\" content=\"2015-04-09T10:55:18+00:00\" \/>\n<meta property=\"og:image\" content=\"https:\/\/welovecinema.be\/wp-content\/uploads\/sites\/2\/2015\/04\/BE14-3-32E2.jpg\" \/>\n\t<meta property=\"og:image:width\" content=\"700\" \/>\n\t<meta property=\"og:image:height\" content=\"394\" \/>\n\t<meta property=\"og:image:type\" content=\"image\/jpeg\" \/>\n<meta name=\"author\" content=\"Kurt.Vandemaele\" \/>\n<meta name=\"twitter:card\" content=\"summary_large_image\" \/>\n<meta name=\"twitter:label1\" content=\"Geschreven door\" \/>\n\t<meta name=\"twitter:data1\" content=\"Kurt.Vandemaele\" \/>\n\t<meta name=\"twitter:label2\" content=\"Geschatte leestijd\" \/>\n\t<meta name=\"twitter:data2\" content=\"7 minuten\" \/>\n<script type=\"application\/ld+json\" class=\"yoast-schema-graph\">{\"@context\":\"https:\/\/schema.org\",\"@graph\":[{\"@type\":\"Article\",\"@id\":\"https:\/\/welovecinema.be\/nl\/veel-vlaamse-kortfilms-op-belgische-dag-van-het-bifff\/#article\",\"isPartOf\":{\"@id\":\"https:\/\/welovecinema.be\/nl\/veel-vlaamse-kortfilms-op-belgische-dag-van-het-bifff\/\"},\"author\":{\"name\":\"Kurt.Vandemaele\",\"@id\":\"https:\/\/welovecinema.be\/nl\/#\/schema\/person\/f475ac81c30903d8505475024494c658\"},\"headline\":\"Veel Vlaamse kortfilms op Belgische Dag van het BIFFF\",\"datePublished\":\"2015-04-09T10:41:27+00:00\",\"dateModified\":\"2015-04-09T10:55:18+00:00\",\"mainEntityOfPage\":{\"@id\":\"https:\/\/welovecinema.be\/nl\/veel-vlaamse-kortfilms-op-belgische-dag-van-het-bifff\/\"},\"wordCount\":1506,\"publisher\":{\"@id\":\"https:\/\/welovecinema.be\/nl\/#organization\"},\"articleSection\":[\"Festivals\",\"Nieuws\"],\"inLanguage\":\"nl-NL\"},{\"@type\":\"WebPage\",\"@id\":\"https:\/\/welovecinema.be\/nl\/veel-vlaamse-kortfilms-op-belgische-dag-van-het-bifff\/\",\"url\":\"https:\/\/welovecinema.be\/nl\/veel-vlaamse-kortfilms-op-belgische-dag-van-het-bifff\/\",\"name\":\"Veel Vlaamse kortfilms op Belgische Dag van het BIFFF - We Love Cinema\",\"isPartOf\":{\"@id\":\"https:\/\/welovecinema.be\/nl\/#website\"},\"datePublished\":\"2015-04-09T10:41:27+00:00\",\"dateModified\":\"2015-04-09T10:55:18+00:00\",\"breadcrumb\":{\"@id\":\"https:\/\/welovecinema.be\/nl\/veel-vlaamse-kortfilms-op-belgische-dag-van-het-bifff\/#breadcrumb\"},\"inLanguage\":\"nl-NL\",\"potentialAction\":[{\"@type\":\"ReadAction\",\"target\":[\"https:\/\/welovecinema.be\/nl\/veel-vlaamse-kortfilms-op-belgische-dag-van-het-bifff\/\"]}]},{\"@type\":\"BreadcrumbList\",\"@id\":\"https:\/\/welovecinema.be\/nl\/veel-vlaamse-kortfilms-op-belgische-dag-van-het-bifff\/#breadcrumb\",\"itemListElement\":[{\"@type\":\"ListItem\",\"position\":1,\"name\":\"Accueil\",\"item\":\"https:\/\/welovecinema.be\/nl\/\"},{\"@type\":\"ListItem\",\"position\":2,\"name\":\"Veel Vlaamse kortfilms op Belgische Dag van het BIFFF\"}]},{\"@type\":\"WebSite\",\"@id\":\"https:\/\/welovecinema.be\/nl\/#website\",\"url\":\"https:\/\/welovecinema.be\/nl\/\",\"name\":\"We Love Cinema\",\"description\":\"Toute l\u2019information du cin\u00e9ma en Belgique\",\"publisher\":{\"@id\":\"https:\/\/welovecinema.be\/nl\/#organization\"},\"potentialAction\":[{\"@type\":\"SearchAction\",\"target\":{\"@type\":\"EntryPoint\",\"urlTemplate\":\"https:\/\/welovecinema.be\/nl\/?s={search_term_string}\"},\"query-input\":\"required name=search_term_string\"}],\"inLanguage\":\"nl-NL\"},{\"@type\":\"Organization\",\"@id\":\"https:\/\/welovecinema.be\/nl\/#organization\",\"name\":\"We Love Cinema\",\"url\":\"https:\/\/welovecinema.be\/nl\/\",\"logo\":{\"@type\":\"ImageObject\",\"inLanguage\":\"nl-NL\",\"@id\":\"https:\/\/welovecinema.be\/nl\/#\/schema\/logo\/image\/\",\"url\":\"https:\/\/welovecinema.be\/wp-content\/uploads\/sites\/2\/2023\/03\/Logo-We-Love-Cinema305x128.jpg\",\"contentUrl\":\"https:\/\/welovecinema.be\/wp-content\/uploads\/sites\/2\/2023\/03\/Logo-We-Love-Cinema305x128.jpg\",\"width\":305,\"height\":128,\"caption\":\"We Love Cinema\"},\"image\":{\"@id\":\"https:\/\/welovecinema.be\/nl\/#\/schema\/logo\/image\/\"},\"sameAs\":[\"https:\/\/www.facebook.com\/welovecinema.be\",\"https:\/\/www.youtube.com\/channel\/UCX5LYGVhnKvYauW4Nta4HJA\",\"https:\/\/www.instagram.com\/welovecinema.be\/\"]},{\"@type\":\"Person\",\"@id\":\"https:\/\/welovecinema.be\/nl\/#\/schema\/person\/f475ac81c30903d8505475024494c658\",\"name\":\"Kurt.Vandemaele\",\"url\":\"https:\/\/welovecinema.be\/nl\/author\/kurt-vandemaele\/\"}]}<\/script>\n<!-- \/ Yoast SEO plugin. -->","yoast_head_json":{"title":"Veel Vlaamse kortfilms op Belgische Dag van het BIFFF - We Love Cinema","robots":{"index":"index","follow":"follow","max-snippet":"max-snippet:-1","max-image-preview":"max-image-preview:large","max-video-preview":"max-video-preview:-1"},"canonical":"https:\/\/welovecinema.be\/nl\/veel-vlaamse-kortfilms-op-belgische-dag-van-het-bifff\/","og_locale":"nl_NL","og_type":"article","og_title":"Veel Vlaamse kortfilms op Belgische Dag van het BIFFF - We Love Cinema","og_description":"Het Brussels Internationaal Festival van de Fantastische Film blijft vurig de korte film verdedigen en het werk promoten van jonge filmmakers en van gevestigde regisseurs die de korte film hoog in het vaandel dragen. \u00a0Zoals de meeste festivals in Brussel is ook op het BIFFF het accent eerder Franstalig, maar dat komt ook en vooral &hellip;","og_url":"https:\/\/welovecinema.be\/nl\/veel-vlaamse-kortfilms-op-belgische-dag-van-het-bifff\/","og_site_name":"We Love Cinema","article_publisher":"https:\/\/www.facebook.com\/welovecinema.be","article_published_time":"2015-04-09T10:41:27+00:00","article_modified_time":"2015-04-09T10:55:18+00:00","og_image":[{"width":700,"height":394,"url":"https:\/\/welovecinema.be\/wp-content\/uploads\/sites\/2\/2015\/04\/BE14-3-32E2.jpg","type":"image\/jpeg"}],"author":"Kurt.Vandemaele","twitter_card":"summary_large_image","twitter_misc":{"Geschreven door":"Kurt.Vandemaele","Geschatte leestijd":"7 minuten"},"schema":{"@context":"https:\/\/schema.org","@graph":[{"@type":"Article","@id":"https:\/\/welovecinema.be\/nl\/veel-vlaamse-kortfilms-op-belgische-dag-van-het-bifff\/#article","isPartOf":{"@id":"https:\/\/welovecinema.be\/nl\/veel-vlaamse-kortfilms-op-belgische-dag-van-het-bifff\/"},"author":{"name":"Kurt.Vandemaele","@id":"https:\/\/welovecinema.be\/nl\/#\/schema\/person\/f475ac81c30903d8505475024494c658"},"headline":"Veel Vlaamse kortfilms op Belgische Dag van het BIFFF","datePublished":"2015-04-09T10:41:27+00:00","dateModified":"2015-04-09T10:55:18+00:00","mainEntityOfPage":{"@id":"https:\/\/welovecinema.be\/nl\/veel-vlaamse-kortfilms-op-belgische-dag-van-het-bifff\/"},"wordCount":1506,"publisher":{"@id":"https:\/\/welovecinema.be\/nl\/#organization"},"articleSection":["Festivals","Nieuws"],"inLanguage":"nl-NL"},{"@type":"WebPage","@id":"https:\/\/welovecinema.be\/nl\/veel-vlaamse-kortfilms-op-belgische-dag-van-het-bifff\/","url":"https:\/\/welovecinema.be\/nl\/veel-vlaamse-kortfilms-op-belgische-dag-van-het-bifff\/","name":"Veel Vlaamse kortfilms op Belgische Dag van het BIFFF - We Love Cinema","isPartOf":{"@id":"https:\/\/welovecinema.be\/nl\/#website"},"datePublished":"2015-04-09T10:41:27+00:00","dateModified":"2015-04-09T10:55:18+00:00","breadcrumb":{"@id":"https:\/\/welovecinema.be\/nl\/veel-vlaamse-kortfilms-op-belgische-dag-van-het-bifff\/#breadcrumb"},"inLanguage":"nl-NL","potentialAction":[{"@type":"ReadAction","target":["https:\/\/welovecinema.be\/nl\/veel-vlaamse-kortfilms-op-belgische-dag-van-het-bifff\/"]}]},{"@type":"BreadcrumbList","@id":"https:\/\/welovecinema.be\/nl\/veel-vlaamse-kortfilms-op-belgische-dag-van-het-bifff\/#breadcrumb","itemListElement":[{"@type":"ListItem","position":1,"name":"Accueil","item":"https:\/\/welovecinema.be\/nl\/"},{"@type":"ListItem","position":2,"name":"Veel Vlaamse kortfilms op Belgische Dag van het BIFFF"}]},{"@type":"WebSite","@id":"https:\/\/welovecinema.be\/nl\/#website","url":"https:\/\/welovecinema.be\/nl\/","name":"We Love Cinema","description":"Toute l\u2019information du cin\u00e9ma en Belgique","publisher":{"@id":"https:\/\/welovecinema.be\/nl\/#organization"},"potentialAction":[{"@type":"SearchAction","target":{"@type":"EntryPoint","urlTemplate":"https:\/\/welovecinema.be\/nl\/?s={search_term_string}"},"query-input":"required name=search_term_string"}],"inLanguage":"nl-NL"},{"@type":"Organization","@id":"https:\/\/welovecinema.be\/nl\/#organization","name":"We Love Cinema","url":"https:\/\/welovecinema.be\/nl\/","logo":{"@type":"ImageObject","inLanguage":"nl-NL","@id":"https:\/\/welovecinema.be\/nl\/#\/schema\/logo\/image\/","url":"https:\/\/welovecinema.be\/wp-content\/uploads\/sites\/2\/2023\/03\/Logo-We-Love-Cinema305x128.jpg","contentUrl":"https:\/\/welovecinema.be\/wp-content\/uploads\/sites\/2\/2023\/03\/Logo-We-Love-Cinema305x128.jpg","width":305,"height":128,"caption":"We Love Cinema"},"image":{"@id":"https:\/\/welovecinema.be\/nl\/#\/schema\/logo\/image\/"},"sameAs":["https:\/\/www.facebook.com\/welovecinema.be","https:\/\/www.youtube.com\/channel\/UCX5LYGVhnKvYauW4Nta4HJA","https:\/\/www.instagram.com\/welovecinema.be\/"]},{"@type":"Person","@id":"https:\/\/welovecinema.be\/nl\/#\/schema\/person\/f475ac81c30903d8505475024494c658","name":"Kurt.Vandemaele","url":"https:\/\/welovecinema.be\/nl\/author\/kurt-vandemaele\/"}]}},"_links":{"self":[{"href":"https:\/\/welovecinema.be\/nl\/wp-json\/wp\/v2\/posts\/72797","targetHints":{"allow":["GET"]}}],"collection":[{"href":"https:\/\/welovecinema.be\/nl\/wp-json\/wp\/v2\/posts"}],"about":[{"href":"https:\/\/welovecinema.be\/nl\/wp-json\/wp\/v2\/types\/post"}],"author":[{"embeddable":true,"href":"https:\/\/welovecinema.be\/nl\/wp-json\/wp\/v2\/users\/8"}],"replies":[{"embeddable":true,"href":"https:\/\/welovecinema.be\/nl\/wp-json\/wp\/v2\/comments?post=72797"}],"version-history":[{"count":0,"href":"https:\/\/welovecinema.be\/nl\/wp-json\/wp\/v2\/posts\/72797\/revisions"}],"wp:featuredmedia":[{"embeddable":true,"href":"https:\/\/welovecinema.be\/nl\/wp-json\/wp\/v2\/media\/72816"}],"wp:attachment":[{"href":"https:\/\/welovecinema.be\/nl\/wp-json\/wp\/v2\/media?parent=72797"}],"wp:term":[{"taxonomy":"category","embeddable":true,"href":"https:\/\/welovecinema.be\/nl\/wp-json\/wp\/v2\/categories?post=72797"},{"taxonomy":"post_tag","embeddable":true,"href":"https:\/\/welovecinema.be\/nl\/wp-json\/wp\/v2\/tags?post=72797"}],"curies":[{"name":"wp","href":"https:\/\/api.w.org\/{rel}","templated":true}]}}