{"id":72383,"date":"2015-03-28T19:17:26","date_gmt":"2015-03-28T18:17:26","guid":{"rendered":"http:\/\/www.cinevox.be\/?p=72383"},"modified":"2015-03-28T19:18:38","modified_gmt":"2015-03-28T18:18:38","slug":"trailer-tie-van-vrombaut","status":"publish","type":"post","link":"https:\/\/welovecinema.be\/nl\/trailer-tie-van-vrombaut\/","title":{"rendered":"Trailer &#8216;The Tie&#8217; van An Vrombaut"},"content":{"rendered":"<p>Een kleine giraf en een grote giraf ontmoeten mekaar toevallig. Ondanks hun duidelijke verschil in gestalte, ontdekken ze een verwantschap.<br \/>\nMet muziek van <strong>Sioen<\/strong>.<\/p>\n<p>&nbsp;<\/p>\n<p>Op een kale planeet zwerft een kleine giraf die genegeerd wordt door de grotere giraffen. Dan ontmoet de kleine giraf een h\u00e9\u00e9l grote giraffe met een h\u00e9\u00e9l lange stropdas. Hij klimt naar omhoog. De twee giraffen spelen samen; de kleine schommelt aan de das van de grote. Maar plots duikt een kwaadaardige wolk op die de das in twee scheurt. De kleine giraf tuimelt naar beneden. Hij landt veilig, maar merkt dan dat de nek van de grote giraf omhult wordt door de boze wolk. De kleine giraf gebruikt de das op allerlei manieren om de aandacht te trekken van de grote, tevergeefs\u2026 Uiteindelijk helpen de andere giraffen hem om een ladder te bouwen. De kleine giraf wil de das teruggeven aan de grote, maar de grote weigert. Hij draait het lapje om in een propeller-vlinderdas voor zijn vriend. De kleine giraf dartelt en duizelt rond het giraffenplaneetje, onbewust dat de re\u00fcnie niet lang zal duren\u2026<\/p>\n","protected":false},"excerpt":{"rendered":"<p>Een kleine giraf en een grote giraf ontmoeten mekaar toevallig. Ondanks hun duidelijke verschil in gestalte, ontdekken ze een verwantschap. Met muziek van Sioen. &nbsp; Op een kale planeet zwerft een kleine giraf die genegeerd wordt door de grotere giraffen. Dan ontmoet de kleine giraf een h\u00e9\u00e9l grote giraffe met een h\u00e9\u00e9l lange stropdas. Hij &hellip;<\/p>\n","protected":false},"author":8,"featured_media":72384,"comment_status":"closed","ping_status":"closed","sticky":false,"template":"","format":"standard","meta":{"ngg_post_thumbnail":0,"footnotes":""},"categories":[],"tags":[],"class_list":["post-72383","post","type-post","status-publish","format-standard","has-post-thumbnail",""],"yoast_head":"<!-- This site is optimized with the Yoast SEO plugin v20.4 - https:\/\/yoast.com\/wordpress\/plugins\/seo\/ -->\n<title>Trailer &#039;The Tie&#039; van An Vrombaut - We Love Cinema<\/title>\n<meta name=\"robots\" content=\"index, follow, max-snippet:-1, max-image-preview:large, max-video-preview:-1\" \/>\n<link rel=\"canonical\" href=\"https:\/\/welovecinema.be\/nl\/trailer-tie-van-vrombaut\/\" \/>\n<meta property=\"og:locale\" content=\"nl_NL\" \/>\n<meta property=\"og:type\" content=\"article\" \/>\n<meta property=\"og:title\" content=\"Trailer &#039;The Tie&#039; van An Vrombaut - We Love Cinema\" \/>\n<meta property=\"og:description\" content=\"Een kleine giraf en een grote giraf ontmoeten mekaar toevallig. Ondanks hun duidelijke verschil in gestalte, ontdekken ze een verwantschap. Met muziek van Sioen. &nbsp; Op een kale planeet zwerft een kleine giraf die genegeerd wordt door de grotere giraffen. Dan ontmoet de kleine giraf een h\u00e9\u00e9l grote giraffe met een h\u00e9\u00e9l lange stropdas. Hij &hellip;\" \/>\n<meta property=\"og:url\" content=\"https:\/\/welovecinema.be\/nl\/trailer-tie-van-vrombaut\/\" \/>\n<meta property=\"og:site_name\" content=\"We Love Cinema\" \/>\n<meta property=\"article:publisher\" content=\"https:\/\/www.facebook.com\/welovecinema.be\" \/>\n<meta property=\"article:published_time\" content=\"2015-03-28T18:17:26+00:00\" \/>\n<meta property=\"article:modified_time\" content=\"2015-03-28T18:18:38+00:00\" \/>\n<meta property=\"og:image\" content=\"https:\/\/welovecinema.be\/wp-content\/uploads\/sites\/2\/2015\/03\/the_tie_still_1.jpg\" \/>\n\t<meta property=\"og:image:width\" content=\"800\" \/>\n\t<meta property=\"og:image:height\" content=\"450\" \/>\n\t<meta property=\"og:image:type\" content=\"image\/jpeg\" \/>\n<meta name=\"author\" content=\"Kurt.Vandemaele\" \/>\n<meta name=\"twitter:card\" content=\"summary_large_image\" \/>\n<meta name=\"twitter:label1\" content=\"Geschreven door\" \/>\n\t<meta name=\"twitter:data1\" content=\"Kurt.Vandemaele\" \/>\n\t<meta name=\"twitter:label2\" content=\"Geschatte leestijd\" \/>\n\t<meta name=\"twitter:data2\" content=\"1 minuut\" \/>\n<script type=\"application\/ld+json\" class=\"yoast-schema-graph\">{\"@context\":\"https:\/\/schema.org\",\"@graph\":[{\"@type\":\"Article\",\"@id\":\"https:\/\/welovecinema.be\/nl\/trailer-tie-van-vrombaut\/#article\",\"isPartOf\":{\"@id\":\"https:\/\/welovecinema.be\/nl\/trailer-tie-van-vrombaut\/\"},\"author\":{\"name\":\"Kurt.Vandemaele\",\"@id\":\"https:\/\/welovecinema.be\/nl\/#\/schema\/person\/f475ac81c30903d8505475024494c658\"},\"headline\":\"Trailer &#8216;The Tie&#8217; van An Vrombaut\",\"datePublished\":\"2015-03-28T18:17:26+00:00\",\"dateModified\":\"2015-03-28T18:18:38+00:00\",\"mainEntityOfPage\":{\"@id\":\"https:\/\/welovecinema.be\/nl\/trailer-tie-van-vrombaut\/\"},\"wordCount\":190,\"publisher\":{\"@id\":\"https:\/\/welovecinema.be\/nl\/#organization\"},\"inLanguage\":\"nl-NL\"},{\"@type\":\"WebPage\",\"@id\":\"https:\/\/welovecinema.be\/nl\/trailer-tie-van-vrombaut\/\",\"url\":\"https:\/\/welovecinema.be\/nl\/trailer-tie-van-vrombaut\/\",\"name\":\"Trailer 'The Tie' van An Vrombaut - We Love Cinema\",\"isPartOf\":{\"@id\":\"https:\/\/welovecinema.be\/nl\/#website\"},\"datePublished\":\"2015-03-28T18:17:26+00:00\",\"dateModified\":\"2015-03-28T18:18:38+00:00\",\"breadcrumb\":{\"@id\":\"https:\/\/welovecinema.be\/nl\/trailer-tie-van-vrombaut\/#breadcrumb\"},\"inLanguage\":\"nl-NL\",\"potentialAction\":[{\"@type\":\"ReadAction\",\"target\":[\"https:\/\/welovecinema.be\/nl\/trailer-tie-van-vrombaut\/\"]}]},{\"@type\":\"BreadcrumbList\",\"@id\":\"https:\/\/welovecinema.be\/nl\/trailer-tie-van-vrombaut\/#breadcrumb\",\"itemListElement\":[{\"@type\":\"ListItem\",\"position\":1,\"name\":\"Accueil\",\"item\":\"https:\/\/welovecinema.be\/nl\/\"},{\"@type\":\"ListItem\",\"position\":2,\"name\":\"Trailer &#8216;The Tie&#8217; van An Vrombaut\"}]},{\"@type\":\"WebSite\",\"@id\":\"https:\/\/welovecinema.be\/nl\/#website\",\"url\":\"https:\/\/welovecinema.be\/nl\/\",\"name\":\"We Love Cinema\",\"description\":\"Toute l\u2019information du cin\u00e9ma en Belgique\",\"publisher\":{\"@id\":\"https:\/\/welovecinema.be\/nl\/#organization\"},\"potentialAction\":[{\"@type\":\"SearchAction\",\"target\":{\"@type\":\"EntryPoint\",\"urlTemplate\":\"https:\/\/welovecinema.be\/nl\/?s={search_term_string}\"},\"query-input\":\"required name=search_term_string\"}],\"inLanguage\":\"nl-NL\"},{\"@type\":\"Organization\",\"@id\":\"https:\/\/welovecinema.be\/nl\/#organization\",\"name\":\"We Love Cinema\",\"url\":\"https:\/\/welovecinema.be\/nl\/\",\"logo\":{\"@type\":\"ImageObject\",\"inLanguage\":\"nl-NL\",\"@id\":\"https:\/\/welovecinema.be\/nl\/#\/schema\/logo\/image\/\",\"url\":\"https:\/\/welovecinema.be\/wp-content\/uploads\/sites\/2\/2023\/03\/Logo-We-Love-Cinema305x128.jpg\",\"contentUrl\":\"https:\/\/welovecinema.be\/wp-content\/uploads\/sites\/2\/2023\/03\/Logo-We-Love-Cinema305x128.jpg\",\"width\":305,\"height\":128,\"caption\":\"We Love Cinema\"},\"image\":{\"@id\":\"https:\/\/welovecinema.be\/nl\/#\/schema\/logo\/image\/\"},\"sameAs\":[\"https:\/\/www.facebook.com\/welovecinema.be\",\"https:\/\/www.youtube.com\/channel\/UCX5LYGVhnKvYauW4Nta4HJA\",\"https:\/\/www.instagram.com\/welovecinema.be\/\"]},{\"@type\":\"Person\",\"@id\":\"https:\/\/welovecinema.be\/nl\/#\/schema\/person\/f475ac81c30903d8505475024494c658\",\"name\":\"Kurt.Vandemaele\",\"url\":\"https:\/\/welovecinema.be\/nl\/author\/kurt-vandemaele\/\"}]}<\/script>\n<!-- \/ Yoast SEO plugin. -->","yoast_head_json":{"title":"Trailer 'The Tie' van An Vrombaut - We Love Cinema","robots":{"index":"index","follow":"follow","max-snippet":"max-snippet:-1","max-image-preview":"max-image-preview:large","max-video-preview":"max-video-preview:-1"},"canonical":"https:\/\/welovecinema.be\/nl\/trailer-tie-van-vrombaut\/","og_locale":"nl_NL","og_type":"article","og_title":"Trailer 'The Tie' van An Vrombaut - We Love Cinema","og_description":"Een kleine giraf en een grote giraf ontmoeten mekaar toevallig. Ondanks hun duidelijke verschil in gestalte, ontdekken ze een verwantschap. Met muziek van Sioen. &nbsp; Op een kale planeet zwerft een kleine giraf die genegeerd wordt door de grotere giraffen. Dan ontmoet de kleine giraf een h\u00e9\u00e9l grote giraffe met een h\u00e9\u00e9l lange stropdas. Hij &hellip;","og_url":"https:\/\/welovecinema.be\/nl\/trailer-tie-van-vrombaut\/","og_site_name":"We Love Cinema","article_publisher":"https:\/\/www.facebook.com\/welovecinema.be","article_published_time":"2015-03-28T18:17:26+00:00","article_modified_time":"2015-03-28T18:18:38+00:00","og_image":[{"width":800,"height":450,"url":"https:\/\/welovecinema.be\/wp-content\/uploads\/sites\/2\/2015\/03\/the_tie_still_1.jpg","type":"image\/jpeg"}],"author":"Kurt.Vandemaele","twitter_card":"summary_large_image","twitter_misc":{"Geschreven door":"Kurt.Vandemaele","Geschatte leestijd":"1 minuut"},"schema":{"@context":"https:\/\/schema.org","@graph":[{"@type":"Article","@id":"https:\/\/welovecinema.be\/nl\/trailer-tie-van-vrombaut\/#article","isPartOf":{"@id":"https:\/\/welovecinema.be\/nl\/trailer-tie-van-vrombaut\/"},"author":{"name":"Kurt.Vandemaele","@id":"https:\/\/welovecinema.be\/nl\/#\/schema\/person\/f475ac81c30903d8505475024494c658"},"headline":"Trailer &#8216;The Tie&#8217; van An Vrombaut","datePublished":"2015-03-28T18:17:26+00:00","dateModified":"2015-03-28T18:18:38+00:00","mainEntityOfPage":{"@id":"https:\/\/welovecinema.be\/nl\/trailer-tie-van-vrombaut\/"},"wordCount":190,"publisher":{"@id":"https:\/\/welovecinema.be\/nl\/#organization"},"inLanguage":"nl-NL"},{"@type":"WebPage","@id":"https:\/\/welovecinema.be\/nl\/trailer-tie-van-vrombaut\/","url":"https:\/\/welovecinema.be\/nl\/trailer-tie-van-vrombaut\/","name":"Trailer 'The Tie' van An Vrombaut - We Love Cinema","isPartOf":{"@id":"https:\/\/welovecinema.be\/nl\/#website"},"datePublished":"2015-03-28T18:17:26+00:00","dateModified":"2015-03-28T18:18:38+00:00","breadcrumb":{"@id":"https:\/\/welovecinema.be\/nl\/trailer-tie-van-vrombaut\/#breadcrumb"},"inLanguage":"nl-NL","potentialAction":[{"@type":"ReadAction","target":["https:\/\/welovecinema.be\/nl\/trailer-tie-van-vrombaut\/"]}]},{"@type":"BreadcrumbList","@id":"https:\/\/welovecinema.be\/nl\/trailer-tie-van-vrombaut\/#breadcrumb","itemListElement":[{"@type":"ListItem","position":1,"name":"Accueil","item":"https:\/\/welovecinema.be\/nl\/"},{"@type":"ListItem","position":2,"name":"Trailer &#8216;The Tie&#8217; van An Vrombaut"}]},{"@type":"WebSite","@id":"https:\/\/welovecinema.be\/nl\/#website","url":"https:\/\/welovecinema.be\/nl\/","name":"We Love Cinema","description":"Toute l\u2019information du cin\u00e9ma en Belgique","publisher":{"@id":"https:\/\/welovecinema.be\/nl\/#organization"},"potentialAction":[{"@type":"SearchAction","target":{"@type":"EntryPoint","urlTemplate":"https:\/\/welovecinema.be\/nl\/?s={search_term_string}"},"query-input":"required name=search_term_string"}],"inLanguage":"nl-NL"},{"@type":"Organization","@id":"https:\/\/welovecinema.be\/nl\/#organization","name":"We Love Cinema","url":"https:\/\/welovecinema.be\/nl\/","logo":{"@type":"ImageObject","inLanguage":"nl-NL","@id":"https:\/\/welovecinema.be\/nl\/#\/schema\/logo\/image\/","url":"https:\/\/welovecinema.be\/wp-content\/uploads\/sites\/2\/2023\/03\/Logo-We-Love-Cinema305x128.jpg","contentUrl":"https:\/\/welovecinema.be\/wp-content\/uploads\/sites\/2\/2023\/03\/Logo-We-Love-Cinema305x128.jpg","width":305,"height":128,"caption":"We Love Cinema"},"image":{"@id":"https:\/\/welovecinema.be\/nl\/#\/schema\/logo\/image\/"},"sameAs":["https:\/\/www.facebook.com\/welovecinema.be","https:\/\/www.youtube.com\/channel\/UCX5LYGVhnKvYauW4Nta4HJA","https:\/\/www.instagram.com\/welovecinema.be\/"]},{"@type":"Person","@id":"https:\/\/welovecinema.be\/nl\/#\/schema\/person\/f475ac81c30903d8505475024494c658","name":"Kurt.Vandemaele","url":"https:\/\/welovecinema.be\/nl\/author\/kurt-vandemaele\/"}]}},"_links":{"self":[{"href":"https:\/\/welovecinema.be\/nl\/wp-json\/wp\/v2\/posts\/72383","targetHints":{"allow":["GET"]}}],"collection":[{"href":"https:\/\/welovecinema.be\/nl\/wp-json\/wp\/v2\/posts"}],"about":[{"href":"https:\/\/welovecinema.be\/nl\/wp-json\/wp\/v2\/types\/post"}],"author":[{"embeddable":true,"href":"https:\/\/welovecinema.be\/nl\/wp-json\/wp\/v2\/users\/8"}],"replies":[{"embeddable":true,"href":"https:\/\/welovecinema.be\/nl\/wp-json\/wp\/v2\/comments?post=72383"}],"version-history":[{"count":0,"href":"https:\/\/welovecinema.be\/nl\/wp-json\/wp\/v2\/posts\/72383\/revisions"}],"wp:featuredmedia":[{"embeddable":true,"href":"https:\/\/welovecinema.be\/nl\/wp-json\/wp\/v2\/media\/72384"}],"wp:attachment":[{"href":"https:\/\/welovecinema.be\/nl\/wp-json\/wp\/v2\/media?parent=72383"}],"wp:term":[{"taxonomy":"category","embeddable":true,"href":"https:\/\/welovecinema.be\/nl\/wp-json\/wp\/v2\/categories?post=72383"},{"taxonomy":"post_tag","embeddable":true,"href":"https:\/\/welovecinema.be\/nl\/wp-json\/wp\/v2\/tags?post=72383"}],"curies":[{"name":"wp","href":"https:\/\/api.w.org\/{rel}","templated":true}]}}