{"id":68841,"date":"2015-01-29T09:52:32","date_gmt":"2015-01-29T08:52:32","guid":{"rendered":"http:\/\/www.cinevox.be\/?p=68841"},"modified":"2015-01-29T09:52:36","modified_gmt":"2015-01-29T08:52:36","slug":"anthony-nti-zijn-kwaku","status":"publish","type":"post","link":"https:\/\/welovecinema.be\/nl\/anthony-nti-zijn-kwaku\/","title":{"rendered":"Anthony Nti over zijn &#8216;Kwaku&#8217;"},"content":{"rendered":"<h2><strong>Anthony Nti : &#8216;Soms lijkt wat veraf is, best toegankelijk.&#8217; <\/strong><\/h2>\n<p><strong>Anthony Nti<\/strong> is een student aan het RITS in Brussel en met<em> &#8216;Kwaku&#8217;<\/em>, zijn film van het tweede jaar, is hij geselecteerd voor het 37nd International Short Film Festival van Clermont-Ferrand. Zijn film wordt vertoond in de categorie <em>Regards d&#8217;Afrique<\/em>. \u00a0In totaal wordt zijn film daar tussen 30 januari en 7 februari maar liefst 9 keer vertoond.<\/p>\n<p>Anthony Nti is een voorlopig nog nobele onbekende (al leek hij even te gaan doorbreken als atleet, want hij kan ook aardig uit de voeten met zijn voeten) die wat ons betreft mag ontdekt worden. \u00a0Hij heeft zijn kortfilm in Ghana gedraaid, en ook al is het wegens gebrek aan middelen technisch hier en daar wat krakkemikkig, je voelt vooral dat hij het kan, je voelt zijn gedrevenheid, je voelt dat hij met acteurs kan omgaan en dat hij een verhaal kan vertellen. \u00a0Zijn verhaal speelt zich bovendien af \u00a0in contreien die we eigenlijk zelden of nooit in films te zien krijgen.<\/p>\n<p><!--more--><br \/>\n&#8216;Kwaku&#8217; doet het relaas van de achtjarige Kwaku die met zijn grootmoeder Nana in een klein dorpje in Ghana woont. Kwaku doet alle boodschappen voor zijn grootmoeder die slecht te been is. Op een dag bedenkt hij een slim plan om geld te verzamelen voor een cadeau voor haar.<\/p>\n<p>We kregen Anthony Nti te pakken en konden hem enkele vragen stellen.<\/p>\n<p><strong>Waar en wat studeer je?\u00a0 Wat is je ambitie ?<\/strong><\/p>\n<p>&#8220;Ik studeer fictie aan het Rits in Brussel. Mijn ambitie is films maken die inzicht verschaffen in andere culturen en mensen kunnen raken met echte, pure situaties (docu-drama) en hen ondanks hun culturele verschillen toch kunnen meeslepen.&#8221;<\/p>\n<p><strong>Hoe is het verhaal van &#8216;Kwaku&#8217; ontstaan?<\/strong><\/p>\n<p>&#8220;Ik wou iets doen over kinderen in Ghana en kwam op het idee om bekende West-Afrikaanse fabels over een listige spin als leidraad te nemen. De spin Ananse is een Ghanese versie van <em>&#8216;Reinaert de vos&#8217;<\/em>, evenwaardig in sluwheid. Deze fabels worden vaak aan kinderen verteld door hun grootouders. Mijn oma, die in 2012 stierf, vertelde dit verhaal aan mij. Ik besloot meteen om iets doen met een kleinzoon en een grootmoeder. &#8216;Kwaku&#8217; is het verhaal van een jongetje dat tot alles bereid is om zijn grootmoeder te helpen. \u00a0Ik kon er zelf heel goed inkomen dat je alles zou doen voor je grootmoeder. En zo begon ik toen een verhaal te ontwikkelen. Het meest indrukwekkende aan kinderen in Ghana, en ook de reden waarom ik hen hier als uitgangspunt gebruik, is de verhouding tussen hun speelsheid en volwassenheid en hoe zij met die eigenschappen omgaan. Dezelfde paradox is aanwezig op het niveau van de werkelijkheid en het sprookjesachtige. Daaruit ontsproot het verhaal over een speelse, kleine en vooral sluwe jongen die een cadeau voor zijn grootmoeder wil kopen, en hiervoor van alles uitspookt. Ik wilde ook iets met animatie doen op het einde, en daarvoor heb ik <strong>Remy N Ndow<\/strong> gecontacteerd, een goeie vriend en tegelijk \u00e9\u00e9n van de meest getalenteerde animators die ik ken. Eenmaal klaar, \u00a0heb ik de film opgedragen aan mijn grootmoeder.&#8221;<\/p>\n<p><strong>De film is opgenomen in Ghana.\u00a0 Ben je speciaal voor de opnamen naar ginder gereisd?<\/strong><\/p>\n<p><a href=\"http:\/\/www.cinevox.be\/nl\/anthony-nti-zijn-kwaku\/images-2-48\/\" rel=\"attachment wp-att-69397\"><img loading=\"lazy\" decoding=\"async\" class=\"alignright size-full wp-image-69397\" src=\"http:\/\/www.cinevox.be\/wp-content\/uploads\/sites\/2\/2015\/01\/images-23.jpeg\" alt=\"\" width=\"299\" height=\"168\" srcset=\"https:\/\/welovecinema.be\/wp-content\/uploads\/sites\/2\/2015\/01\/images-23.jpeg 299w, https:\/\/welovecinema.be\/wp-content\/uploads\/sites\/2\/2015\/01\/images-23-200x113.jpeg 200w\" sizes=\"auto, (max-width: 299px) 100vw, 299px\" \/><\/a>&#8220;De film is opgenomen in Ghana, in een klein dorpje. Ik was al van plan om met mijn vader en zus twee weken op vakantie naar Ghana te gaan, maar we kwamen daar terecht tijdens de paasvakantie. Ik moest toen nog aan mijn film beginnen, terwijl ik al begin mei mijn eindwerk moest afgeven. \u00a0Ik had al een paar verhalen klaar die ik ooit in Ghana wil verfilmen, maar die te complex waren om ze tijdens die vakantie ingeblikt te krijgen. Maar de deadline voor mijn eindwerk was zo dichtbij, dat besefte ik voluit, en dus besloot ik om daar toch een film te maken voor mijn eindwerk, ook als oefening voor grotere projecten die ik daar mogelijk later zou willen gaan maken. Maar vergis je niet, &#8216;Kwaku&#8217; is voor mij echt meer dan een schoolproject. Had ik een onvoldoende gekregen, ik zou niet getreurd hebben. Want ik heb er een geweldige ervaring aan overgehouden.&#8221;<\/p>\n<p><strong>Hoe heb je je acteurs gevonden?<\/strong><\/p>\n<p><a href=\"http:\/\/www.cinevox.be\/nl\/anthony-nti-zijn-kwaku\/f100645253_br\/\" rel=\"attachment wp-att-69398\"><img loading=\"lazy\" decoding=\"async\" class=\"alignleft size-full wp-image-69398\" src=\"http:\/\/www.cinevox.be\/wp-content\/uploads\/sites\/2\/2015\/01\/F100645253_BR.jpg\" alt=\"\" width=\"225\" height=\"141\" \/><\/a>&#8220;Ik heb daar familie wonen en aanvankelijk had ik alleen hen gecast. Voor de hoofdacteur deed ik een kleine auditie. Tijdens het filmen kwamen veel nieuwsgierige kinderen kijken. Ik vroeg wie van hen er in een film wou spelen, en ze staken allemaal hun hand in de lucht. Ik gaf iedereen dezelfde aanwijzingen voor de openingssc\u00e8ne en liet hen spelen. Het was een kleine scene, maar ik moest in hun voorkomen een sluwe spin herkennen en zo vond ik mijn hoofdacteur, <strong>Salas Adjei<\/strong>, een jongetje van zes. Hij was perfect!&#8221;<\/p>\n<p><strong>Was het makkelijk filmen, werken daar?<\/strong><\/p>\n<p>&#8220;Het was niet altijd gemakkelijk. Ik denk als je een stressy persoon bent, die ik godzijdank niet ben, het heel moeilijk zou zijn. Uiteindelijk viel het echt wel goed mee. In het begin ging het wat moeizaam door de hitte en niet alles verliep volgens plan, maar het was een leuk avontuur en daar hou ik wel van. Iedereen was enthousiast, de kinderen luisterden naar me en ze wilden zelfs om zes uur \u2018s morgens klaarstaan om tot 17u in de hitte te draaien. Daarna gingen we nog samen voetballen tot het donker werd. Het feit dat ik er al eens was geweest en daar familie had, maakte het ook een stuk gemakkelijker.&#8221;<\/p>\n<p><strong>Was het voor jou van meet af aan duidelijk dat je je verhaal daar zou draaien en niet hier in Belgi\u00eb?<\/strong><\/p>\n<p>&#8220;Ja, zonder twijfel. Dat was het dorpje van mijn oma, de film was ook ter ere van haar leven gemaakt, dus <em>\u2018it made perfect sense\u2019<\/em> om in daar te filmen.&#8221;<\/p>\n<p><a href=\"http:\/\/www.cinevox.be\/nl\/anthony-nti-zijn-kwaku\/10455854_10152545463545432_7886226943873120165_n-2\/\" rel=\"attachment wp-att-69400\"><img loading=\"lazy\" decoding=\"async\" class=\"aligncenter size-large wp-image-69400\" src=\"http:\/\/www.cinevox.be\/wp-content\/uploads\/sites\/2\/2015\/01\/10455854_10152545463545432_7886226943873120165_n1-800x533.jpg\" alt=\"\" width=\"640\" height=\"426\" srcset=\"https:\/\/welovecinema.be\/wp-content\/uploads\/sites\/2\/2015\/01\/10455854_10152545463545432_7886226943873120165_n1-800x533.jpg 800w, https:\/\/welovecinema.be\/wp-content\/uploads\/sites\/2\/2015\/01\/10455854_10152545463545432_7886226943873120165_n1-405x270.jpg 405w, https:\/\/welovecinema.be\/wp-content\/uploads\/sites\/2\/2015\/01\/10455854_10152545463545432_7886226943873120165_n1.jpg 960w\" sizes=\"auto, (max-width: 640px) 100vw, 640px\" \/><\/a><\/p>\n<p><strong>Zie je veel Afrikaanse films en heb je bepaalde Afrikaanse films als voorbeeld genomen?<\/strong><\/p>\n<p>&#8220;Neen, ik zie niet veel Afrikaanse films. De betere zijn coproducties, films als <em>&#8216;Hotel Rwanda&#8217;, &#8216;Tsotsi&#8217;, &#8216;The Last King of Scotland&#8217;<\/em>\u2026 Ik zou graag meer echt Afrikaanse films over heel de wereld verspreid willen zien. Afrika is zo rijk aan verhalen. Het is de manier van vertellen die beter kan en daar wil ik zeker iets aan veranderen, als ik daar de kans toe krijg. Want aan creativiteit ligt het niet. Maar wie ben ik? Toen ik in Ghana op vakantie was, keek ik mee met de familie naar tv en we keken regelmatig naar Nollywood producties die eigenlijk lachwekkend zijn. <em>(nvdr : Nollywood is de officieuze naam voor de filmindustrie uit Nigeria)<\/em> Het waren vaak films met mythische verhalen en zagen er visueel belabberd uit. Daar heb ik geen inspiratie uit gehaald.&#8221;<\/p>\n<p><strong>Wat wil je met je film bereiken?<\/strong><\/p>\n<p>&#8220;Met deze film wil ik een culturele barri\u00e8re overbruggen en vooroordelen over andere culturen opheffen die door onwetendheid ons empathisch vermogen verlamd hebben. Ik wil verhalen vertellen die op het eerste gezicht ver van ons af lijken te staan, maar eigenlijk best wel herkenbaar zijn voor iedereen. Het moet voor mij nog wel vermakelijk blijven, want ik wil ook dat het toegankelijk blijft. Als ik hier en daar een fout beeld van een andere cultuur kan wegwerken, dan ben ik zeker en vast tevreden. Maar als je in mijn film hebt kunnen verplaatsen en iets had van &#8216;<em>damn<\/em>, het leek zo ver, maar toch zo dichtbij&#8217; dan is <em>\u2018my mission accomplished\u2019.<\/em>&#8221;<\/p>\n<p><strong>Je bent geselecteerd voor de secetie Regards d\u2019Afrique op het befaamde kortfilmfestival van Clermont-Ferrand. Wat betekent die selectie voor je?<\/strong><\/p>\n<p>&#8220;Heel veel. Een kleine film die ik in een klein dorpje heb gefilmd wordt vertoond op een van de grootste filmfestivals ter wereld. De film zal bekeken worden door mensen uit alle hoeken van de wereld. Het voelt aan als een droom. Dit wil ik bereiken met al mijn films. Dat ze toegankelijk zijn voor iedereen. Hopelijk is dit niet de laatste keer.&#8221;<\/p>\n<p><strong>Zie je het als je taak om Afrikaanse verhalen te vertellen hier in Belgi\u00eb en elders in het Westen?<\/strong><\/p>\n<p>&#8220;Niet echt als mijn taak, maar als mijn recht. Er is nog te weinig weergave van wat Belgi\u00eb echt is, zowel voor als achter de schermen. Belgi\u00eb is een zeer multicultureel land. Volgens mij zijn de Rode Duivels een perfecte weerspiegeling van Belgi\u00eb en daar mogen wij fier op zijn. We hoeven het echt niet onder het tapijt te schuiven. Ik wil verhalen vertellen waarin mensen zich kunnen inleven. Mijn taak is universele verhalen vertellen, niet alleen \u00a0\u2018Afrikaanse verhalen\u2019. Ik heb verhalen die zich in Ghana afspelen en verhalen hier in Belgi\u00eb. Ik wil verhalen vertellen met zowel Afrikanen, Europeanen, Amerikanen, Aziaten als moslims, christenen, joden en athe\u00efsten&#8230; Als ik me erin kan vinden, dan kan ik het vertellen. Ik ben een kleurrijk persoon en hou ook van kleur. Maar ergens zie ik het als mijn taak om andere Afro-Europeanen te stimuleren om hun verhalen te vertellen.&#8221;<\/p>\n<p>&#8220;O, en dit wil ik nog kwijt. \u00a0Toen ik terug kwam in belgi\u00eb was ik mijn bagage met al mijn camera spullen en harde schijf met al mijn rushes verloren. \u00a02 dagen later werd alles teruggevonden bij <em>lost and found.<\/em> Dit waren de 2 meest deprimerende dagen van mijn leven.&#8221;<\/p>\n<p>Regie, scenario, camera: <strong>Anthony Nti\u2028<\/strong><\/p>\n<p>Beeld-&amp; geluidsmontage : <strong>Jean-Paul Dames\u2028<\/strong><\/p>\n<p>Animatie: <strong>Remy M Ndow\u2028<\/strong><\/p>\n<p>Muziek: <strong>Arthur Brownz\u2028<\/strong><\/p>\n<p>Geluid mix: <strong>Vincent Struelens<\/strong><\/p>\n<p>Geluid: <strong>Charles Nti<\/strong><\/p>\n<p>Assistent: <strong>Zoraida Nti \u00a0<\/strong><\/p>\n<p>Meer info op over <em>&#8216;Kwaku&#8217;<\/em> in Clermont-Ferrand? \u00a0<a href=\"http:\/\/www.clermont-filmfest.com\/index.php?m=145&amp;c=3&amp;id_film=200048957&amp;o=178\">KLIK HIER<\/a><\/p>\n","protected":false},"excerpt":{"rendered":"<p>Anthony Nti : &#8216;Soms lijkt wat veraf is, best toegankelijk.&#8217; Anthony Nti is een student aan het RITS in Brussel en met &#8216;Kwaku&#8217;, zijn film van het tweede jaar, is hij geselecteerd voor het 37nd International Short Film Festival van Clermont-Ferrand. Zijn film wordt vertoond in de categorie Regards d&#8217;Afrique. \u00a0In totaal wordt zijn film &hellip;<\/p>\n","protected":false},"author":8,"featured_media":69402,"comment_status":"closed","ping_status":"closed","sticky":false,"template":"","format":"standard","meta":{"ngg_post_thumbnail":0,"footnotes":""},"categories":[41,30],"tags":[1847,1849,1848,314],"class_list":["post-68841","post","type-post","status-publish","format-standard","has-post-thumbnail","","category-interviews-nl","category-nieuws","tag-anthony-nti","tag-clermont-ferrand","tag-kwaku","tag-rits"],"yoast_head":"<!-- This site is optimized with the Yoast SEO plugin v20.4 - https:\/\/yoast.com\/wordpress\/plugins\/seo\/ -->\n<title>Anthony Nti over zijn &#039;Kwaku&#039; - We Love Cinema<\/title>\n<meta name=\"robots\" content=\"index, follow, max-snippet:-1, max-image-preview:large, max-video-preview:-1\" \/>\n<link rel=\"canonical\" href=\"https:\/\/welovecinema.be\/nl\/anthony-nti-zijn-kwaku\/\" \/>\n<meta property=\"og:locale\" content=\"nl_NL\" \/>\n<meta property=\"og:type\" content=\"article\" \/>\n<meta property=\"og:title\" content=\"Anthony Nti over zijn &#039;Kwaku&#039; - We Love Cinema\" \/>\n<meta property=\"og:description\" content=\"Anthony Nti : &#8216;Soms lijkt wat veraf is, best toegankelijk.&#8217; Anthony Nti is een student aan het RITS in Brussel en met &#8216;Kwaku&#8217;, zijn film van het tweede jaar, is hij geselecteerd voor het 37nd International Short Film Festival van Clermont-Ferrand. Zijn film wordt vertoond in de categorie Regards d&#8217;Afrique. \u00a0In totaal wordt zijn film &hellip;\" \/>\n<meta property=\"og:url\" content=\"https:\/\/welovecinema.be\/nl\/anthony-nti-zijn-kwaku\/\" \/>\n<meta property=\"og:site_name\" content=\"We Love Cinema\" \/>\n<meta property=\"article:publisher\" content=\"https:\/\/www.facebook.com\/welovecinema.be\" \/>\n<meta property=\"article:published_time\" content=\"2015-01-29T08:52:32+00:00\" \/>\n<meta property=\"article:modified_time\" content=\"2015-01-29T08:52:36+00:00\" \/>\n<meta property=\"og:image\" content=\"https:\/\/welovecinema.be\/wp-content\/uploads\/sites\/2\/2015\/01\/10352089_10152545459445432_6359333820951240662_n.jpg\" \/>\n\t<meta property=\"og:image:width\" content=\"960\" \/>\n\t<meta property=\"og:image:height\" content=\"640\" \/>\n\t<meta property=\"og:image:type\" content=\"image\/jpeg\" \/>\n<meta name=\"author\" content=\"Kurt.Vandemaele\" \/>\n<meta name=\"twitter:card\" content=\"summary_large_image\" \/>\n<meta name=\"twitter:label1\" content=\"Geschreven door\" \/>\n\t<meta name=\"twitter:data1\" content=\"Kurt.Vandemaele\" \/>\n\t<meta name=\"twitter:label2\" content=\"Geschatte leestijd\" \/>\n\t<meta name=\"twitter:data2\" content=\"8 minuten\" \/>\n<script type=\"application\/ld+json\" class=\"yoast-schema-graph\">{\"@context\":\"https:\/\/schema.org\",\"@graph\":[{\"@type\":\"Article\",\"@id\":\"https:\/\/welovecinema.be\/nl\/anthony-nti-zijn-kwaku\/#article\",\"isPartOf\":{\"@id\":\"https:\/\/welovecinema.be\/nl\/anthony-nti-zijn-kwaku\/\"},\"author\":{\"name\":\"Kurt.Vandemaele\",\"@id\":\"https:\/\/welovecinema.be\/nl\/#\/schema\/person\/f475ac81c30903d8505475024494c658\"},\"headline\":\"Anthony Nti over zijn &#8216;Kwaku&#8217;\",\"datePublished\":\"2015-01-29T08:52:32+00:00\",\"dateModified\":\"2015-01-29T08:52:36+00:00\",\"mainEntityOfPage\":{\"@id\":\"https:\/\/welovecinema.be\/nl\/anthony-nti-zijn-kwaku\/\"},\"wordCount\":1547,\"publisher\":{\"@id\":\"https:\/\/welovecinema.be\/nl\/#organization\"},\"keywords\":[\"Anthony Nti\",\"Clermont-Ferrand\",\"Kwaku\",\"RITS\"],\"articleSection\":[\"Interviews\",\"Nieuws\"],\"inLanguage\":\"nl-NL\"},{\"@type\":\"WebPage\",\"@id\":\"https:\/\/welovecinema.be\/nl\/anthony-nti-zijn-kwaku\/\",\"url\":\"https:\/\/welovecinema.be\/nl\/anthony-nti-zijn-kwaku\/\",\"name\":\"Anthony Nti over zijn 'Kwaku' - We Love Cinema\",\"isPartOf\":{\"@id\":\"https:\/\/welovecinema.be\/nl\/#website\"},\"datePublished\":\"2015-01-29T08:52:32+00:00\",\"dateModified\":\"2015-01-29T08:52:36+00:00\",\"breadcrumb\":{\"@id\":\"https:\/\/welovecinema.be\/nl\/anthony-nti-zijn-kwaku\/#breadcrumb\"},\"inLanguage\":\"nl-NL\",\"potentialAction\":[{\"@type\":\"ReadAction\",\"target\":[\"https:\/\/welovecinema.be\/nl\/anthony-nti-zijn-kwaku\/\"]}]},{\"@type\":\"BreadcrumbList\",\"@id\":\"https:\/\/welovecinema.be\/nl\/anthony-nti-zijn-kwaku\/#breadcrumb\",\"itemListElement\":[{\"@type\":\"ListItem\",\"position\":1,\"name\":\"Accueil\",\"item\":\"https:\/\/welovecinema.be\/nl\/\"},{\"@type\":\"ListItem\",\"position\":2,\"name\":\"Anthony Nti over zijn &#8216;Kwaku&#8217;\"}]},{\"@type\":\"WebSite\",\"@id\":\"https:\/\/welovecinema.be\/nl\/#website\",\"url\":\"https:\/\/welovecinema.be\/nl\/\",\"name\":\"We Love Cinema\",\"description\":\"Toute l\u2019information du cin\u00e9ma en Belgique\",\"publisher\":{\"@id\":\"https:\/\/welovecinema.be\/nl\/#organization\"},\"potentialAction\":[{\"@type\":\"SearchAction\",\"target\":{\"@type\":\"EntryPoint\",\"urlTemplate\":\"https:\/\/welovecinema.be\/nl\/?s={search_term_string}\"},\"query-input\":\"required name=search_term_string\"}],\"inLanguage\":\"nl-NL\"},{\"@type\":\"Organization\",\"@id\":\"https:\/\/welovecinema.be\/nl\/#organization\",\"name\":\"We Love Cinema\",\"url\":\"https:\/\/welovecinema.be\/nl\/\",\"logo\":{\"@type\":\"ImageObject\",\"inLanguage\":\"nl-NL\",\"@id\":\"https:\/\/welovecinema.be\/nl\/#\/schema\/logo\/image\/\",\"url\":\"https:\/\/welovecinema.be\/wp-content\/uploads\/sites\/2\/2023\/03\/Logo-We-Love-Cinema305x128.jpg\",\"contentUrl\":\"https:\/\/welovecinema.be\/wp-content\/uploads\/sites\/2\/2023\/03\/Logo-We-Love-Cinema305x128.jpg\",\"width\":305,\"height\":128,\"caption\":\"We Love Cinema\"},\"image\":{\"@id\":\"https:\/\/welovecinema.be\/nl\/#\/schema\/logo\/image\/\"},\"sameAs\":[\"https:\/\/www.facebook.com\/welovecinema.be\",\"https:\/\/www.youtube.com\/channel\/UCX5LYGVhnKvYauW4Nta4HJA\",\"https:\/\/www.instagram.com\/welovecinema.be\/\"]},{\"@type\":\"Person\",\"@id\":\"https:\/\/welovecinema.be\/nl\/#\/schema\/person\/f475ac81c30903d8505475024494c658\",\"name\":\"Kurt.Vandemaele\",\"url\":\"https:\/\/welovecinema.be\/nl\/author\/kurt-vandemaele\/\"}]}<\/script>\n<!-- \/ Yoast SEO plugin. -->","yoast_head_json":{"title":"Anthony Nti over zijn 'Kwaku' - We Love Cinema","robots":{"index":"index","follow":"follow","max-snippet":"max-snippet:-1","max-image-preview":"max-image-preview:large","max-video-preview":"max-video-preview:-1"},"canonical":"https:\/\/welovecinema.be\/nl\/anthony-nti-zijn-kwaku\/","og_locale":"nl_NL","og_type":"article","og_title":"Anthony Nti over zijn 'Kwaku' - We Love Cinema","og_description":"Anthony Nti : &#8216;Soms lijkt wat veraf is, best toegankelijk.&#8217; Anthony Nti is een student aan het RITS in Brussel en met &#8216;Kwaku&#8217;, zijn film van het tweede jaar, is hij geselecteerd voor het 37nd International Short Film Festival van Clermont-Ferrand. Zijn film wordt vertoond in de categorie Regards d&#8217;Afrique. \u00a0In totaal wordt zijn film &hellip;","og_url":"https:\/\/welovecinema.be\/nl\/anthony-nti-zijn-kwaku\/","og_site_name":"We Love Cinema","article_publisher":"https:\/\/www.facebook.com\/welovecinema.be","article_published_time":"2015-01-29T08:52:32+00:00","article_modified_time":"2015-01-29T08:52:36+00:00","og_image":[{"width":960,"height":640,"url":"https:\/\/welovecinema.be\/wp-content\/uploads\/sites\/2\/2015\/01\/10352089_10152545459445432_6359333820951240662_n.jpg","type":"image\/jpeg"}],"author":"Kurt.Vandemaele","twitter_card":"summary_large_image","twitter_misc":{"Geschreven door":"Kurt.Vandemaele","Geschatte leestijd":"8 minuten"},"schema":{"@context":"https:\/\/schema.org","@graph":[{"@type":"Article","@id":"https:\/\/welovecinema.be\/nl\/anthony-nti-zijn-kwaku\/#article","isPartOf":{"@id":"https:\/\/welovecinema.be\/nl\/anthony-nti-zijn-kwaku\/"},"author":{"name":"Kurt.Vandemaele","@id":"https:\/\/welovecinema.be\/nl\/#\/schema\/person\/f475ac81c30903d8505475024494c658"},"headline":"Anthony Nti over zijn &#8216;Kwaku&#8217;","datePublished":"2015-01-29T08:52:32+00:00","dateModified":"2015-01-29T08:52:36+00:00","mainEntityOfPage":{"@id":"https:\/\/welovecinema.be\/nl\/anthony-nti-zijn-kwaku\/"},"wordCount":1547,"publisher":{"@id":"https:\/\/welovecinema.be\/nl\/#organization"},"keywords":["Anthony Nti","Clermont-Ferrand","Kwaku","RITS"],"articleSection":["Interviews","Nieuws"],"inLanguage":"nl-NL"},{"@type":"WebPage","@id":"https:\/\/welovecinema.be\/nl\/anthony-nti-zijn-kwaku\/","url":"https:\/\/welovecinema.be\/nl\/anthony-nti-zijn-kwaku\/","name":"Anthony Nti over zijn 'Kwaku' - We Love Cinema","isPartOf":{"@id":"https:\/\/welovecinema.be\/nl\/#website"},"datePublished":"2015-01-29T08:52:32+00:00","dateModified":"2015-01-29T08:52:36+00:00","breadcrumb":{"@id":"https:\/\/welovecinema.be\/nl\/anthony-nti-zijn-kwaku\/#breadcrumb"},"inLanguage":"nl-NL","potentialAction":[{"@type":"ReadAction","target":["https:\/\/welovecinema.be\/nl\/anthony-nti-zijn-kwaku\/"]}]},{"@type":"BreadcrumbList","@id":"https:\/\/welovecinema.be\/nl\/anthony-nti-zijn-kwaku\/#breadcrumb","itemListElement":[{"@type":"ListItem","position":1,"name":"Accueil","item":"https:\/\/welovecinema.be\/nl\/"},{"@type":"ListItem","position":2,"name":"Anthony Nti over zijn &#8216;Kwaku&#8217;"}]},{"@type":"WebSite","@id":"https:\/\/welovecinema.be\/nl\/#website","url":"https:\/\/welovecinema.be\/nl\/","name":"We Love Cinema","description":"Toute l\u2019information du cin\u00e9ma en Belgique","publisher":{"@id":"https:\/\/welovecinema.be\/nl\/#organization"},"potentialAction":[{"@type":"SearchAction","target":{"@type":"EntryPoint","urlTemplate":"https:\/\/welovecinema.be\/nl\/?s={search_term_string}"},"query-input":"required name=search_term_string"}],"inLanguage":"nl-NL"},{"@type":"Organization","@id":"https:\/\/welovecinema.be\/nl\/#organization","name":"We Love Cinema","url":"https:\/\/welovecinema.be\/nl\/","logo":{"@type":"ImageObject","inLanguage":"nl-NL","@id":"https:\/\/welovecinema.be\/nl\/#\/schema\/logo\/image\/","url":"https:\/\/welovecinema.be\/wp-content\/uploads\/sites\/2\/2023\/03\/Logo-We-Love-Cinema305x128.jpg","contentUrl":"https:\/\/welovecinema.be\/wp-content\/uploads\/sites\/2\/2023\/03\/Logo-We-Love-Cinema305x128.jpg","width":305,"height":128,"caption":"We Love Cinema"},"image":{"@id":"https:\/\/welovecinema.be\/nl\/#\/schema\/logo\/image\/"},"sameAs":["https:\/\/www.facebook.com\/welovecinema.be","https:\/\/www.youtube.com\/channel\/UCX5LYGVhnKvYauW4Nta4HJA","https:\/\/www.instagram.com\/welovecinema.be\/"]},{"@type":"Person","@id":"https:\/\/welovecinema.be\/nl\/#\/schema\/person\/f475ac81c30903d8505475024494c658","name":"Kurt.Vandemaele","url":"https:\/\/welovecinema.be\/nl\/author\/kurt-vandemaele\/"}]}},"_links":{"self":[{"href":"https:\/\/welovecinema.be\/nl\/wp-json\/wp\/v2\/posts\/68841","targetHints":{"allow":["GET"]}}],"collection":[{"href":"https:\/\/welovecinema.be\/nl\/wp-json\/wp\/v2\/posts"}],"about":[{"href":"https:\/\/welovecinema.be\/nl\/wp-json\/wp\/v2\/types\/post"}],"author":[{"embeddable":true,"href":"https:\/\/welovecinema.be\/nl\/wp-json\/wp\/v2\/users\/8"}],"replies":[{"embeddable":true,"href":"https:\/\/welovecinema.be\/nl\/wp-json\/wp\/v2\/comments?post=68841"}],"version-history":[{"count":0,"href":"https:\/\/welovecinema.be\/nl\/wp-json\/wp\/v2\/posts\/68841\/revisions"}],"wp:featuredmedia":[{"embeddable":true,"href":"https:\/\/welovecinema.be\/nl\/wp-json\/wp\/v2\/media\/69402"}],"wp:attachment":[{"href":"https:\/\/welovecinema.be\/nl\/wp-json\/wp\/v2\/media?parent=68841"}],"wp:term":[{"taxonomy":"category","embeddable":true,"href":"https:\/\/welovecinema.be\/nl\/wp-json\/wp\/v2\/categories?post=68841"},{"taxonomy":"post_tag","embeddable":true,"href":"https:\/\/welovecinema.be\/nl\/wp-json\/wp\/v2\/tags?post=68841"}],"curies":[{"name":"wp","href":"https:\/\/api.w.org\/{rel}","templated":true}]}}