{"id":67825,"date":"2014-12-31T17:45:32","date_gmt":"2014-12-31T16:45:32","guid":{"rendered":"http:\/\/www.cinevox.be\/?p=67825"},"modified":"2015-01-12T12:42:13","modified_gmt":"2015-01-12T11:42:13","slug":"overpeinzingen-bij-de-overgang-peter-de-maegd-het-oude-en-het-nieuwe-filmjaar","status":"publish","type":"post","link":"https:\/\/welovecinema.be\/nl\/overpeinzingen-bij-de-overgang-peter-de-maegd-het-oude-en-het-nieuwe-filmjaar\/","title":{"rendered":"Overpeinzingen bij de overgang : Peter De Maegd over het oude en het nieuwe filmjaar"},"content":{"rendered":"<p><strong>Peter De Maegd<\/strong> is al jaren bezig als producer. \u00a0Noem hem een subtopper die ieder jaar als outsider voor het kampioenschap kan genoemd worden. \u00a0En de film waar hij dit jaar mee uitpakte,<em> &#8216;Welp&#8217;<\/em>, wordt door velen als de kampioen van het voorbije jaar bestempeld. \u00a0Je kan dus gaan vermoeden dat het voor hem een goed jaar was. \u00a0Maar je moet vooral zijn antwoorden op onze nieuwjaarsvraagjes lezen om met zekerheid te weten te komen of dat ook zo is.<\/p>\n<p><!--more--><\/p>\n<p>&nbsp;<\/p>\n<p><strong>1) Was 2014 een goed filmjaar voor u en voor de Belgische film en waarom of waarom niet? (hoogtepunten, laagtepunten\u2026)<\/strong><\/p>\n<p>2014 was eronder twijfel een topjaar voor de Belgische film en ik ben erg fier dat we daar met onze film &#8216;Welp&#8217; een kleine bijdrage aan hebben kunnen leveren. &#8216;Welp&#8217; heeft met een box office van meer dan 500.000 euro al onze verwachtingen overtroffen.<strong> Jonas Govaerts<\/strong> en het hele team dat op deze \u2018eerste Vlaamse horrorfilm\u2019 heeft gewerkt, zijn echt <em>all the way<\/em> gegaan. Het is bijzonder aangenaam te zien dat die film dan ook warm onthaald wordt door het publiek, zowel het Vlaamse als het internationale platform.<br \/>\nWat we dit jaar ook zien is dat films als<em> &#8216;Image&#8217;<\/em> en <em>&#8216;Braban\u00e7onne&#8217;<\/em> samen met <em>&#8216;Welp&#8217;<\/em> -maar elk op hun eigen manier- succesvol het spectrum van onze genres verbreedt. Maar misschien is dat een erg subjectieve indruk\u2026<\/p>\n<p><strong>2) Wat zijn uw plannen voor 2015?<\/strong><\/p>\n<p>Er staat heel wat op de agenda. Ons productiehuis Potemkino is in volle ontwikkeling met enkele sterke projecten zoals <em>&#8216;De Gloed&#8217;<\/em> van<strong> Jan Van Dyck<\/strong> en<em> &#8216;The Baron&#8217;<\/em> van <strong>Hans\u00a0<\/strong><span style=\"color: #ffffff;\"><b>Vercauter<\/b><\/span>. Ik kijk ook uit naar de nieuwe dynamiek die aan het groeien is in en rond onze CoWorking 7a. Potemkino deelt sinds kort de kantoren met andere jonge creatieve bedrijven actief in film, televisie en gaming. Het is een \u2018creatieve hub\u2019 voor creatief en innovatief talent in hartje Brussel. Kort samengevat staat 2015 in het teken van nieuwe projecten, nieuwe samenwerkingen en innovatie.<\/p>\n<p>&nbsp;<\/p>\n<p><img loading=\"lazy\" decoding=\"async\" class=\"alignright size-full wp-image-67906\" src=\"http:\/\/www.cinevox.be\/wp-content\/uploads\/sites\/2\/2014\/12\/Peter-De-Maegd.jpg\" alt=\"\" width=\"510\" height=\"510\" srcset=\"https:\/\/welovecinema.be\/wp-content\/uploads\/sites\/2\/2014\/12\/Peter-De-Maegd.jpg 510w, https:\/\/welovecinema.be\/wp-content\/uploads\/sites\/2\/2014\/12\/Peter-De-Maegd-270x270.jpg 270w, https:\/\/welovecinema.be\/wp-content\/uploads\/sites\/2\/2014\/12\/Peter-De-Maegd-87x87.jpg 87w\" sizes=\"auto, (max-width: 510px) 100vw, 510px\" \/><br \/>\n<strong>3) Wie waren voor u de figuren van het jaar op filmvlak (Vlaanderen, Belgi\u00eb\u2026)? (dat kunnen acteurs, producers, regisseurs, scenaristen, D.O.P\u2019s, gaffers of om het even wie zijn uit de filmwereld)<\/strong><\/p>\n<p>Dat De Slimste Mens ter Wereld een filmregisseur is, vind ik echt subliem. De culturele sector wordt geconfronteerd met tal van vooroordelen nu het zich verzet tegen de besparingen. Wie de talrijke online commentaren leest op de artikels hierover, zou echt gaan geloven dat alle artiesten profiteurs zijn die alleen wat caf\u00e9praat verkopen op kosten van \u201cmijn belastingsgeld\u201d. Wij liggen &#8220;als junkies aan de subsidiebaxter&#8221;. Laat de onzichtbare hand van de markt de zaken op orde zetten want \u201czonder subsidies heb je toch ook cultuur?\u201d<br \/>\n<strong>Adil<\/strong> toont met zijn overwinning \u00e9n de film &#8216;Image&#8217; aan dat onze sector bruist van mensen met talent die allen een z\u00e9\u00e9r waardevolle bijdrage leveren aan onze samenleving (ook economisch). En ja, er zullen hier en daar wel wat hangartiesten voor wat pseudo-intelectualistische overlast zorgen aan de toog van een bruin caf\u00e9, maar moet daarmee een hele sector gestigmatiseerd worden?\u00a0Merci Adil om de vooroordelen te ontkrachten.<\/p>\n<p><strong>4) Wie worden voor u de figuren van volgend jaar? Wie moeten we in de gaten houden?<\/strong><\/p>\n<p>Net de rijkdom aan \u2018figuren\u2019 in onze sector zal ook van 2015 een bijzonder en boeiend jaar maken. Als sector hebben we enkele vette jaren achter de rug met grote lokale en internationale successen, maar de uitdaging is echt om die groei en kwaliteit verder te zetten. Er liggen tal van stevige uitdagingen voor ons, maar de sterke van de creatieve sector is net dat ze erg creatief is in het vinden van oplossingen.<\/p>\n<p><strong>5) Het contract van Pierre Drouot, directeur-intendant van het VAF, loopt in 2015 ten einde. Hij zal dan 72 zijn. Drouot is sinds 2005 de grote baas van het VAF. De opvolgingskwestie zal niet simpel zijn. Wie moet hem volgens u opvolgen? En eventueel ook, waarom.<\/strong><\/p>\n<p>De positieve impact van het werk van Pierre en zijn team kan niet onderschat worden. Dus \u00e9\u00e9n geruststelling is alvast dat het VAF-team niet samen met Pierre op pensioen gaat. Maar wat mij betreft mag Pierre dat pension nog wat uitstellen en zijn fantastische werk verder zetten.<br \/>\nAls ik een zeer theoretisch profiel opmaak van wie hem ooit kan opvolgen, dan zou ik ruwweg denken aan volgende parameters. Ten eerste een vrouw, want die zijn zwaar ondervertegenwoordigd in onze sector. Ten tweede een vrouw met ervaring in zowel cinema als televisie, en dat liefst op een hoog niveau. Ten derde iemand die het vertrouwen heeft van de sector omdat ze alle respect heeft verdient dankzij punt twee. Ten vierde iemand met een lange termijn visie \u00e9n passie. En een MBA is natuurlijk ook altijd goed meegenomen. Geen idee wie aan al deze complexe parameters voldoet\u2026<br \/>\n.<\/p>\n<p>Zie ook :<\/p>\n<p><a title=\"De nieuwjaarsvraagjes van 2015\" href=\"http:\/\/www.cinevox.be\/nl\/nieuwjaarsvraagjes-2015\/\">Anderen die op onze nieuwjaarsvraagjes antwoordden<\/a><\/p>\n","protected":false},"excerpt":{"rendered":"<p>Peter De Maegd is al jaren bezig als producer. \u00a0Noem hem een subtopper die ieder jaar als outsider voor het kampioenschap kan genoemd worden. \u00a0En de film waar hij dit jaar mee uitpakte, &#8216;Welp&#8217;, wordt door velen als de kampioen van het voorbije jaar bestempeld. \u00a0Je kan dus gaan vermoeden dat het voor hem een &hellip;<\/p>\n","protected":false},"author":8,"featured_media":67905,"comment_status":"closed","ping_status":"closed","sticky":false,"template":"","format":"standard","meta":{"ngg_post_thumbnail":0,"footnotes":""},"categories":[30,3],"tags":[1785,1255,357,1751,358],"class_list":["post-67825","post","type-post","status-publish","format-standard","has-post-thumbnail","","category-nieuws","category-varia-nl","tag-de-baron","tag-hans-vercauter","tag-jonas-govaerts","tag-pierre-drouot","tag-welp"],"yoast_head":"<!-- This site is optimized with the Yoast SEO plugin v20.4 - https:\/\/yoast.com\/wordpress\/plugins\/seo\/ -->\n<title>Overpeinzingen bij de overgang : Peter De Maegd over het oude en het nieuwe filmjaar - We Love Cinema<\/title>\n<meta name=\"robots\" content=\"index, follow, max-snippet:-1, max-image-preview:large, max-video-preview:-1\" \/>\n<link rel=\"canonical\" href=\"https:\/\/welovecinema.be\/nl\/overpeinzingen-bij-de-overgang-peter-de-maegd-het-oude-en-het-nieuwe-filmjaar\/\" \/>\n<meta property=\"og:locale\" content=\"nl_NL\" \/>\n<meta property=\"og:type\" content=\"article\" \/>\n<meta property=\"og:title\" content=\"Overpeinzingen bij de overgang : Peter De Maegd over het oude en het nieuwe filmjaar - We Love Cinema\" \/>\n<meta property=\"og:description\" content=\"Peter De Maegd is al jaren bezig als producer. \u00a0Noem hem een subtopper die ieder jaar als outsider voor het kampioenschap kan genoemd worden. \u00a0En de film waar hij dit jaar mee uitpakte, &#8216;Welp&#8217;, wordt door velen als de kampioen van het voorbije jaar bestempeld. \u00a0Je kan dus gaan vermoeden dat het voor hem een &hellip;\" \/>\n<meta property=\"og:url\" content=\"https:\/\/welovecinema.be\/nl\/overpeinzingen-bij-de-overgang-peter-de-maegd-het-oude-en-het-nieuwe-filmjaar\/\" \/>\n<meta property=\"og:site_name\" content=\"We Love Cinema\" \/>\n<meta property=\"article:publisher\" content=\"https:\/\/www.facebook.com\/welovecinema.be\" \/>\n<meta property=\"article:published_time\" content=\"2014-12-31T16:45:32+00:00\" \/>\n<meta property=\"article:modified_time\" content=\"2015-01-12T11:42:13+00:00\" \/>\n<meta property=\"og:image\" content=\"https:\/\/welovecinema.be\/wp-content\/uploads\/sites\/2\/2014\/12\/1512857_845323295511075_1544324940093496565_n.jpg\" \/>\n\t<meta property=\"og:image:width\" content=\"960\" \/>\n\t<meta property=\"og:image:height\" content=\"640\" \/>\n\t<meta property=\"og:image:type\" content=\"image\/jpeg\" \/>\n<meta name=\"author\" content=\"Kurt.Vandemaele\" \/>\n<meta name=\"twitter:card\" content=\"summary_large_image\" \/>\n<meta name=\"twitter:label1\" content=\"Geschreven door\" \/>\n\t<meta name=\"twitter:data1\" content=\"Kurt.Vandemaele\" \/>\n\t<meta name=\"twitter:label2\" content=\"Geschatte leestijd\" \/>\n\t<meta name=\"twitter:data2\" content=\"4 minuten\" \/>\n<script type=\"application\/ld+json\" class=\"yoast-schema-graph\">{\"@context\":\"https:\/\/schema.org\",\"@graph\":[{\"@type\":\"Article\",\"@id\":\"https:\/\/welovecinema.be\/nl\/overpeinzingen-bij-de-overgang-peter-de-maegd-het-oude-en-het-nieuwe-filmjaar\/#article\",\"isPartOf\":{\"@id\":\"https:\/\/welovecinema.be\/nl\/overpeinzingen-bij-de-overgang-peter-de-maegd-het-oude-en-het-nieuwe-filmjaar\/\"},\"author\":{\"name\":\"Kurt.Vandemaele\",\"@id\":\"https:\/\/welovecinema.be\/nl\/#\/schema\/person\/f475ac81c30903d8505475024494c658\"},\"headline\":\"Overpeinzingen bij de overgang : Peter De Maegd over het oude en het nieuwe filmjaar\",\"datePublished\":\"2014-12-31T16:45:32+00:00\",\"dateModified\":\"2015-01-12T11:42:13+00:00\",\"mainEntityOfPage\":{\"@id\":\"https:\/\/welovecinema.be\/nl\/overpeinzingen-bij-de-overgang-peter-de-maegd-het-oude-en-het-nieuwe-filmjaar\/\"},\"wordCount\":807,\"publisher\":{\"@id\":\"https:\/\/welovecinema.be\/nl\/#organization\"},\"keywords\":[\"De Baron\",\"Hans Vercauter\",\"jonas govaerts\",\"Pierre Drouot\",\"welp\"],\"articleSection\":[\"Nieuws\",\"Varia\"],\"inLanguage\":\"nl-NL\"},{\"@type\":\"WebPage\",\"@id\":\"https:\/\/welovecinema.be\/nl\/overpeinzingen-bij-de-overgang-peter-de-maegd-het-oude-en-het-nieuwe-filmjaar\/\",\"url\":\"https:\/\/welovecinema.be\/nl\/overpeinzingen-bij-de-overgang-peter-de-maegd-het-oude-en-het-nieuwe-filmjaar\/\",\"name\":\"Overpeinzingen bij de overgang : Peter De Maegd over het oude en het nieuwe filmjaar - We Love Cinema\",\"isPartOf\":{\"@id\":\"https:\/\/welovecinema.be\/nl\/#website\"},\"datePublished\":\"2014-12-31T16:45:32+00:00\",\"dateModified\":\"2015-01-12T11:42:13+00:00\",\"breadcrumb\":{\"@id\":\"https:\/\/welovecinema.be\/nl\/overpeinzingen-bij-de-overgang-peter-de-maegd-het-oude-en-het-nieuwe-filmjaar\/#breadcrumb\"},\"inLanguage\":\"nl-NL\",\"potentialAction\":[{\"@type\":\"ReadAction\",\"target\":[\"https:\/\/welovecinema.be\/nl\/overpeinzingen-bij-de-overgang-peter-de-maegd-het-oude-en-het-nieuwe-filmjaar\/\"]}]},{\"@type\":\"BreadcrumbList\",\"@id\":\"https:\/\/welovecinema.be\/nl\/overpeinzingen-bij-de-overgang-peter-de-maegd-het-oude-en-het-nieuwe-filmjaar\/#breadcrumb\",\"itemListElement\":[{\"@type\":\"ListItem\",\"position\":1,\"name\":\"Accueil\",\"item\":\"https:\/\/welovecinema.be\/nl\/\"},{\"@type\":\"ListItem\",\"position\":2,\"name\":\"Overpeinzingen bij de overgang : Peter De Maegd over het oude en het nieuwe filmjaar\"}]},{\"@type\":\"WebSite\",\"@id\":\"https:\/\/welovecinema.be\/nl\/#website\",\"url\":\"https:\/\/welovecinema.be\/nl\/\",\"name\":\"We Love Cinema\",\"description\":\"Toute l\u2019information du cin\u00e9ma en Belgique\",\"publisher\":{\"@id\":\"https:\/\/welovecinema.be\/nl\/#organization\"},\"potentialAction\":[{\"@type\":\"SearchAction\",\"target\":{\"@type\":\"EntryPoint\",\"urlTemplate\":\"https:\/\/welovecinema.be\/nl\/?s={search_term_string}\"},\"query-input\":\"required name=search_term_string\"}],\"inLanguage\":\"nl-NL\"},{\"@type\":\"Organization\",\"@id\":\"https:\/\/welovecinema.be\/nl\/#organization\",\"name\":\"We Love Cinema\",\"url\":\"https:\/\/welovecinema.be\/nl\/\",\"logo\":{\"@type\":\"ImageObject\",\"inLanguage\":\"nl-NL\",\"@id\":\"https:\/\/welovecinema.be\/nl\/#\/schema\/logo\/image\/\",\"url\":\"https:\/\/welovecinema.be\/wp-content\/uploads\/sites\/2\/2023\/03\/Logo-We-Love-Cinema305x128.jpg\",\"contentUrl\":\"https:\/\/welovecinema.be\/wp-content\/uploads\/sites\/2\/2023\/03\/Logo-We-Love-Cinema305x128.jpg\",\"width\":305,\"height\":128,\"caption\":\"We Love Cinema\"},\"image\":{\"@id\":\"https:\/\/welovecinema.be\/nl\/#\/schema\/logo\/image\/\"},\"sameAs\":[\"https:\/\/www.facebook.com\/welovecinema.be\",\"https:\/\/www.youtube.com\/channel\/UCX5LYGVhnKvYauW4Nta4HJA\",\"https:\/\/www.instagram.com\/welovecinema.be\/\"]},{\"@type\":\"Person\",\"@id\":\"https:\/\/welovecinema.be\/nl\/#\/schema\/person\/f475ac81c30903d8505475024494c658\",\"name\":\"Kurt.Vandemaele\",\"url\":\"https:\/\/welovecinema.be\/nl\/author\/kurt-vandemaele\/\"}]}<\/script>\n<!-- \/ Yoast SEO plugin. -->","yoast_head_json":{"title":"Overpeinzingen bij de overgang : Peter De Maegd over het oude en het nieuwe filmjaar - We Love Cinema","robots":{"index":"index","follow":"follow","max-snippet":"max-snippet:-1","max-image-preview":"max-image-preview:large","max-video-preview":"max-video-preview:-1"},"canonical":"https:\/\/welovecinema.be\/nl\/overpeinzingen-bij-de-overgang-peter-de-maegd-het-oude-en-het-nieuwe-filmjaar\/","og_locale":"nl_NL","og_type":"article","og_title":"Overpeinzingen bij de overgang : Peter De Maegd over het oude en het nieuwe filmjaar - We Love Cinema","og_description":"Peter De Maegd is al jaren bezig als producer. \u00a0Noem hem een subtopper die ieder jaar als outsider voor het kampioenschap kan genoemd worden. \u00a0En de film waar hij dit jaar mee uitpakte, &#8216;Welp&#8217;, wordt door velen als de kampioen van het voorbije jaar bestempeld. \u00a0Je kan dus gaan vermoeden dat het voor hem een &hellip;","og_url":"https:\/\/welovecinema.be\/nl\/overpeinzingen-bij-de-overgang-peter-de-maegd-het-oude-en-het-nieuwe-filmjaar\/","og_site_name":"We Love Cinema","article_publisher":"https:\/\/www.facebook.com\/welovecinema.be","article_published_time":"2014-12-31T16:45:32+00:00","article_modified_time":"2015-01-12T11:42:13+00:00","og_image":[{"width":960,"height":640,"url":"https:\/\/welovecinema.be\/wp-content\/uploads\/sites\/2\/2014\/12\/1512857_845323295511075_1544324940093496565_n.jpg","type":"image\/jpeg"}],"author":"Kurt.Vandemaele","twitter_card":"summary_large_image","twitter_misc":{"Geschreven door":"Kurt.Vandemaele","Geschatte leestijd":"4 minuten"},"schema":{"@context":"https:\/\/schema.org","@graph":[{"@type":"Article","@id":"https:\/\/welovecinema.be\/nl\/overpeinzingen-bij-de-overgang-peter-de-maegd-het-oude-en-het-nieuwe-filmjaar\/#article","isPartOf":{"@id":"https:\/\/welovecinema.be\/nl\/overpeinzingen-bij-de-overgang-peter-de-maegd-het-oude-en-het-nieuwe-filmjaar\/"},"author":{"name":"Kurt.Vandemaele","@id":"https:\/\/welovecinema.be\/nl\/#\/schema\/person\/f475ac81c30903d8505475024494c658"},"headline":"Overpeinzingen bij de overgang : Peter De Maegd over het oude en het nieuwe filmjaar","datePublished":"2014-12-31T16:45:32+00:00","dateModified":"2015-01-12T11:42:13+00:00","mainEntityOfPage":{"@id":"https:\/\/welovecinema.be\/nl\/overpeinzingen-bij-de-overgang-peter-de-maegd-het-oude-en-het-nieuwe-filmjaar\/"},"wordCount":807,"publisher":{"@id":"https:\/\/welovecinema.be\/nl\/#organization"},"keywords":["De Baron","Hans Vercauter","jonas govaerts","Pierre Drouot","welp"],"articleSection":["Nieuws","Varia"],"inLanguage":"nl-NL"},{"@type":"WebPage","@id":"https:\/\/welovecinema.be\/nl\/overpeinzingen-bij-de-overgang-peter-de-maegd-het-oude-en-het-nieuwe-filmjaar\/","url":"https:\/\/welovecinema.be\/nl\/overpeinzingen-bij-de-overgang-peter-de-maegd-het-oude-en-het-nieuwe-filmjaar\/","name":"Overpeinzingen bij de overgang : Peter De Maegd over het oude en het nieuwe filmjaar - We Love Cinema","isPartOf":{"@id":"https:\/\/welovecinema.be\/nl\/#website"},"datePublished":"2014-12-31T16:45:32+00:00","dateModified":"2015-01-12T11:42:13+00:00","breadcrumb":{"@id":"https:\/\/welovecinema.be\/nl\/overpeinzingen-bij-de-overgang-peter-de-maegd-het-oude-en-het-nieuwe-filmjaar\/#breadcrumb"},"inLanguage":"nl-NL","potentialAction":[{"@type":"ReadAction","target":["https:\/\/welovecinema.be\/nl\/overpeinzingen-bij-de-overgang-peter-de-maegd-het-oude-en-het-nieuwe-filmjaar\/"]}]},{"@type":"BreadcrumbList","@id":"https:\/\/welovecinema.be\/nl\/overpeinzingen-bij-de-overgang-peter-de-maegd-het-oude-en-het-nieuwe-filmjaar\/#breadcrumb","itemListElement":[{"@type":"ListItem","position":1,"name":"Accueil","item":"https:\/\/welovecinema.be\/nl\/"},{"@type":"ListItem","position":2,"name":"Overpeinzingen bij de overgang : Peter De Maegd over het oude en het nieuwe filmjaar"}]},{"@type":"WebSite","@id":"https:\/\/welovecinema.be\/nl\/#website","url":"https:\/\/welovecinema.be\/nl\/","name":"We Love Cinema","description":"Toute l\u2019information du cin\u00e9ma en Belgique","publisher":{"@id":"https:\/\/welovecinema.be\/nl\/#organization"},"potentialAction":[{"@type":"SearchAction","target":{"@type":"EntryPoint","urlTemplate":"https:\/\/welovecinema.be\/nl\/?s={search_term_string}"},"query-input":"required name=search_term_string"}],"inLanguage":"nl-NL"},{"@type":"Organization","@id":"https:\/\/welovecinema.be\/nl\/#organization","name":"We Love Cinema","url":"https:\/\/welovecinema.be\/nl\/","logo":{"@type":"ImageObject","inLanguage":"nl-NL","@id":"https:\/\/welovecinema.be\/nl\/#\/schema\/logo\/image\/","url":"https:\/\/welovecinema.be\/wp-content\/uploads\/sites\/2\/2023\/03\/Logo-We-Love-Cinema305x128.jpg","contentUrl":"https:\/\/welovecinema.be\/wp-content\/uploads\/sites\/2\/2023\/03\/Logo-We-Love-Cinema305x128.jpg","width":305,"height":128,"caption":"We Love Cinema"},"image":{"@id":"https:\/\/welovecinema.be\/nl\/#\/schema\/logo\/image\/"},"sameAs":["https:\/\/www.facebook.com\/welovecinema.be","https:\/\/www.youtube.com\/channel\/UCX5LYGVhnKvYauW4Nta4HJA","https:\/\/www.instagram.com\/welovecinema.be\/"]},{"@type":"Person","@id":"https:\/\/welovecinema.be\/nl\/#\/schema\/person\/f475ac81c30903d8505475024494c658","name":"Kurt.Vandemaele","url":"https:\/\/welovecinema.be\/nl\/author\/kurt-vandemaele\/"}]}},"_links":{"self":[{"href":"https:\/\/welovecinema.be\/nl\/wp-json\/wp\/v2\/posts\/67825","targetHints":{"allow":["GET"]}}],"collection":[{"href":"https:\/\/welovecinema.be\/nl\/wp-json\/wp\/v2\/posts"}],"about":[{"href":"https:\/\/welovecinema.be\/nl\/wp-json\/wp\/v2\/types\/post"}],"author":[{"embeddable":true,"href":"https:\/\/welovecinema.be\/nl\/wp-json\/wp\/v2\/users\/8"}],"replies":[{"embeddable":true,"href":"https:\/\/welovecinema.be\/nl\/wp-json\/wp\/v2\/comments?post=67825"}],"version-history":[{"count":0,"href":"https:\/\/welovecinema.be\/nl\/wp-json\/wp\/v2\/posts\/67825\/revisions"}],"wp:featuredmedia":[{"embeddable":true,"href":"https:\/\/welovecinema.be\/nl\/wp-json\/wp\/v2\/media\/67905"}],"wp:attachment":[{"href":"https:\/\/welovecinema.be\/nl\/wp-json\/wp\/v2\/media?parent=67825"}],"wp:term":[{"taxonomy":"category","embeddable":true,"href":"https:\/\/welovecinema.be\/nl\/wp-json\/wp\/v2\/categories?post=67825"},{"taxonomy":"post_tag","embeddable":true,"href":"https:\/\/welovecinema.be\/nl\/wp-json\/wp\/v2\/tags?post=67825"}],"curies":[{"name":"wp","href":"https:\/\/api.w.org\/{rel}","templated":true}]}}