{"id":6159,"date":"2011-08-15T22:00:36","date_gmt":"2011-08-15T22:00:36","guid":{"rendered":"http:\/\/www.cinevox.be\/?p=6159"},"modified":"2011-08-31T10:00:45","modified_gmt":"2011-08-31T10:00:45","slug":"swooni-geselecteerd-voor-het-zeer-gerenommeerde-festival-van-toronto","status":"publish","type":"post","link":"https:\/\/welovecinema.be\/nl\/swooni-geselecteerd-voor-het-zeer-gerenommeerde-festival-van-toronto\/","title":{"rendered":"&#8216;Swooni&#8217; geselecteerd voor het zeer gerenommeerde festival van Toronto"},"content":{"rendered":"<p>Het langspeelfilmdebuut van <strong>Kaat Beels<\/strong> gaat in Belgi\u00eb in premi\u00e8re, maar internationaal beleeft <strong>&#8216;Swooni&#8217;<\/strong> zijn premi\u00e8re in het Canadese Toronto, tijdens het 36ste Toronto International Film Festival dat van 8 tot 8 september loopt. \u00a0Een hele eer om op zo&#8217;n festival te worden geselecteerd. \u00a0Een eer die nog niet veel Belgen te beurt viel. \u00a0En ze is niet alleen, ook <strong>Christophe Van Rompaey <em>(&#8216;Aanrijding in Moscou&#8217;)<\/em><\/strong> is uitgenodigd om zijn Nederlandse film <em><strong>&#8216;Lena&#8217;<\/strong><\/em> in Toronto te vertonen. <a title=\"Christophe Van Rompaey met \u2018Lena\u2019 naar Toronto\" href=\"http:\/\/www.cinevox.be\/nl\/christophe-van-rompaey-met-lena-naar-toronto\/\">(klik hier voor het bericht over &#8216;Lena&#8217;)<\/a>. \u00a0Ze worden beiden vertoond in The Contemporary World Cinema Program, een sectie waarin de beste films ter wereld te zien zijn. \u00a0Recent was ook nog <em><strong>&#8217;22 mei&#8217;<\/strong><\/em> van <strong>Koen Mortier<\/strong> in die selectie te zien.<\/p>\n<p>De film van Kaat Beels wordt in Toronto vertoond onder de titel <em><strong>&#8216;Hotel Swooni&#8217;<\/strong><\/em>. \u00a0Het verhaal speelt zich af in een Brussels hotel, waar zes levens gedurende 24 uur kruisen. \u00a0In de hoofdrollen zien we <strong>Sara De Roo<\/strong>, <strong>Geert Van Rampelberg<\/strong>, <strong>Natali Broods<\/strong>, <strong>Viviane De Muynck<\/strong>, <strong>Vigny Tchakouani <\/strong>en <strong>Issaka Sawadogo<\/strong>. \u00a0Ook bekende gezichten in de bijrollen : <strong>Maaike Neuville<\/strong>, <strong>Stijn Van Opstal<\/strong>, en <strong>Wim Danckaert<\/strong>.<\/p>\n<p>&#8216;Hotel Swooni&#8217; is meteen ook opgepikt door de Canadese salesagent Delphis Films voor internationale sales.<\/p>\n<p>De film komt bij ons uit op 24 augustus 2011. \u00a0<a title=\"Swooni\" href=\"http:\/\/www.cinevox.be\/nl\/videos\/swooni\/\">Klik hier om de trailer te zien<\/a><\/p>\n<p>Zie hier interviews met regisseur en cast :<\/p>\n<p>&#8211; <a title=\"Kaat Beels over \u2018Swooni\u2019 in zeven filmpjes\" href=\"http:\/\/www.cinevox.be\/nl\/kaat-beels-over-swooni-in-zeven-filmpjes\/\">Kaat Beels<\/a><\/p>\n<p>&#8211; <a title=\"Geert Van Rampelberg is hot\" href=\"http:\/\/www.cinevox.be\/nl\/geert-van-rampelberg-is-hot\/\">Geert Van Rampelberg<\/a><\/p>\n<p>&#8211;<a title=\"Sara De Roo in haar blootje\" href=\"http:\/\/www.cinevox.be\/nl\/videos\/sara-de-roo-in-haar-blootje\/\"> Sara De Roo<\/a><\/p>\n<p>&#8211; <a title=\"Viviane De Muynck is grappig in \u2018Swooni\u2019\" href=\"http:\/\/www.cinevox.be\/nl\/viviane-de-muynck-is-grappig-in-swooni\/\">Viviane De Muynck<\/a><\/p>\n<p>&#8211; <a title=\"Natali Broods houdt van de meisjes in \u2018Swooni\u2019\" href=\"http:\/\/www.cinevox.be\/nl\/natali-broods-houdt-van-de-meisjes-in-swooni\/\">Natali Broods<\/a><\/p>\n<p>&#8211; <a title=\"Het verlangen van Kaat Beels\" href=\"http:\/\/www.cinevox.be\/nl\/het-verlangen-van-kaat-beels\/\">Nog meer Kaat Beels<\/a><\/p>\n<p>&nbsp;<\/p>\n<p>&nbsp;<\/p>\n","protected":false},"excerpt":{"rendered":"<p>Het langspeelfilmdebuut van Kaat Beels gaat in Belgi\u00eb in premi\u00e8re, maar internationaal beleeft &#8216;Swooni&#8217; zijn premi\u00e8re in het Canadese Toronto, tijdens het 36ste Toronto International Film Festival dat van 8 tot 8 september loopt. \u00a0Een hele eer om op zo&#8217;n festival te worden geselecteerd. \u00a0Een eer die nog niet veel Belgen te beurt viel. \u00a0En &hellip;<\/p>\n","protected":false},"author":8,"featured_media":6182,"comment_status":"closed","ping_status":"closed","sticky":false,"template":"","format":"standard","meta":{"ngg_post_thumbnail":0,"footnotes":""},"categories":[35,30],"tags":[],"class_list":["post-6159","post","type-post","status-publish","format-standard","has-post-thumbnail","","category-in-the-zalen","category-nieuws"],"yoast_head":"<!-- This site is optimized with the Yoast SEO plugin v20.4 - https:\/\/yoast.com\/wordpress\/plugins\/seo\/ -->\n<title>&#039;Swooni&#039; geselecteerd voor het zeer gerenommeerde festival van Toronto - We Love Cinema<\/title>\n<meta name=\"robots\" content=\"index, follow, max-snippet:-1, max-image-preview:large, max-video-preview:-1\" \/>\n<link rel=\"canonical\" href=\"https:\/\/welovecinema.be\/nl\/swooni-geselecteerd-voor-het-zeer-gerenommeerde-festival-van-toronto\/\" \/>\n<meta property=\"og:locale\" content=\"nl_NL\" \/>\n<meta property=\"og:type\" content=\"article\" \/>\n<meta property=\"og:title\" content=\"&#039;Swooni&#039; geselecteerd voor het zeer gerenommeerde festival van Toronto - We Love Cinema\" \/>\n<meta property=\"og:description\" content=\"Het langspeelfilmdebuut van Kaat Beels gaat in Belgi\u00eb in premi\u00e8re, maar internationaal beleeft &#8216;Swooni&#8217; zijn premi\u00e8re in het Canadese Toronto, tijdens het 36ste Toronto International Film Festival dat van 8 tot 8 september loopt. \u00a0Een hele eer om op zo&#8217;n festival te worden geselecteerd. \u00a0Een eer die nog niet veel Belgen te beurt viel. \u00a0En &hellip;\" \/>\n<meta property=\"og:url\" content=\"https:\/\/welovecinema.be\/nl\/swooni-geselecteerd-voor-het-zeer-gerenommeerde-festival-van-toronto\/\" \/>\n<meta property=\"og:site_name\" content=\"We Love Cinema\" \/>\n<meta property=\"article:publisher\" content=\"https:\/\/www.facebook.com\/welovecinema.be\" \/>\n<meta property=\"article:published_time\" content=\"2011-08-15T22:00:36+00:00\" \/>\n<meta property=\"article:modified_time\" content=\"2011-08-31T10:00:45+00:00\" \/>\n<meta property=\"og:image\" content=\"https:\/\/welovecinema.be\/wp-content\/uploads\/sites\/2\/2011\/08\/swooni_06.jpg\" \/>\n\t<meta property=\"og:image:width\" content=\"1021\" \/>\n\t<meta property=\"og:image:height\" content=\"680\" \/>\n\t<meta property=\"og:image:type\" content=\"image\/jpeg\" \/>\n<meta name=\"author\" content=\"Kurt.Vandemaele\" \/>\n<meta name=\"twitter:card\" content=\"summary_large_image\" \/>\n<meta name=\"twitter:label1\" content=\"Geschreven door\" \/>\n\t<meta name=\"twitter:data1\" content=\"Kurt.Vandemaele\" \/>\n\t<meta name=\"twitter:label2\" content=\"Geschatte leestijd\" \/>\n\t<meta name=\"twitter:data2\" content=\"1 minuut\" \/>\n<script type=\"application\/ld+json\" class=\"yoast-schema-graph\">{\"@context\":\"https:\/\/schema.org\",\"@graph\":[{\"@type\":\"Article\",\"@id\":\"https:\/\/welovecinema.be\/nl\/swooni-geselecteerd-voor-het-zeer-gerenommeerde-festival-van-toronto\/#article\",\"isPartOf\":{\"@id\":\"https:\/\/welovecinema.be\/nl\/swooni-geselecteerd-voor-het-zeer-gerenommeerde-festival-van-toronto\/\"},\"author\":{\"name\":\"Kurt.Vandemaele\",\"@id\":\"https:\/\/welovecinema.be\/nl\/#\/schema\/person\/f475ac81c30903d8505475024494c658\"},\"headline\":\"&#8216;Swooni&#8217; geselecteerd voor het zeer gerenommeerde festival van Toronto\",\"datePublished\":\"2011-08-15T22:00:36+00:00\",\"dateModified\":\"2011-08-31T10:00:45+00:00\",\"mainEntityOfPage\":{\"@id\":\"https:\/\/welovecinema.be\/nl\/swooni-geselecteerd-voor-het-zeer-gerenommeerde-festival-van-toronto\/\"},\"wordCount\":254,\"publisher\":{\"@id\":\"https:\/\/welovecinema.be\/nl\/#organization\"},\"articleSection\":[\"In de zalen\",\"Nieuws\"],\"inLanguage\":\"nl-NL\"},{\"@type\":\"WebPage\",\"@id\":\"https:\/\/welovecinema.be\/nl\/swooni-geselecteerd-voor-het-zeer-gerenommeerde-festival-van-toronto\/\",\"url\":\"https:\/\/welovecinema.be\/nl\/swooni-geselecteerd-voor-het-zeer-gerenommeerde-festival-van-toronto\/\",\"name\":\"'Swooni' geselecteerd voor het zeer gerenommeerde festival van Toronto - We Love Cinema\",\"isPartOf\":{\"@id\":\"https:\/\/welovecinema.be\/nl\/#website\"},\"datePublished\":\"2011-08-15T22:00:36+00:00\",\"dateModified\":\"2011-08-31T10:00:45+00:00\",\"breadcrumb\":{\"@id\":\"https:\/\/welovecinema.be\/nl\/swooni-geselecteerd-voor-het-zeer-gerenommeerde-festival-van-toronto\/#breadcrumb\"},\"inLanguage\":\"nl-NL\",\"potentialAction\":[{\"@type\":\"ReadAction\",\"target\":[\"https:\/\/welovecinema.be\/nl\/swooni-geselecteerd-voor-het-zeer-gerenommeerde-festival-van-toronto\/\"]}]},{\"@type\":\"BreadcrumbList\",\"@id\":\"https:\/\/welovecinema.be\/nl\/swooni-geselecteerd-voor-het-zeer-gerenommeerde-festival-van-toronto\/#breadcrumb\",\"itemListElement\":[{\"@type\":\"ListItem\",\"position\":1,\"name\":\"Accueil\",\"item\":\"https:\/\/welovecinema.be\/nl\/\"},{\"@type\":\"ListItem\",\"position\":2,\"name\":\"&#8216;Swooni&#8217; geselecteerd voor het zeer gerenommeerde festival van Toronto\"}]},{\"@type\":\"WebSite\",\"@id\":\"https:\/\/welovecinema.be\/nl\/#website\",\"url\":\"https:\/\/welovecinema.be\/nl\/\",\"name\":\"We Love Cinema\",\"description\":\"Toute l\u2019information du cin\u00e9ma en Belgique\",\"publisher\":{\"@id\":\"https:\/\/welovecinema.be\/nl\/#organization\"},\"potentialAction\":[{\"@type\":\"SearchAction\",\"target\":{\"@type\":\"EntryPoint\",\"urlTemplate\":\"https:\/\/welovecinema.be\/nl\/?s={search_term_string}\"},\"query-input\":\"required name=search_term_string\"}],\"inLanguage\":\"nl-NL\"},{\"@type\":\"Organization\",\"@id\":\"https:\/\/welovecinema.be\/nl\/#organization\",\"name\":\"We Love Cinema\",\"url\":\"https:\/\/welovecinema.be\/nl\/\",\"logo\":{\"@type\":\"ImageObject\",\"inLanguage\":\"nl-NL\",\"@id\":\"https:\/\/welovecinema.be\/nl\/#\/schema\/logo\/image\/\",\"url\":\"https:\/\/welovecinema.be\/wp-content\/uploads\/sites\/2\/2023\/03\/Logo-We-Love-Cinema305x128.jpg\",\"contentUrl\":\"https:\/\/welovecinema.be\/wp-content\/uploads\/sites\/2\/2023\/03\/Logo-We-Love-Cinema305x128.jpg\",\"width\":305,\"height\":128,\"caption\":\"We Love Cinema\"},\"image\":{\"@id\":\"https:\/\/welovecinema.be\/nl\/#\/schema\/logo\/image\/\"},\"sameAs\":[\"https:\/\/www.facebook.com\/welovecinema.be\",\"https:\/\/www.youtube.com\/channel\/UCX5LYGVhnKvYauW4Nta4HJA\",\"https:\/\/www.instagram.com\/welovecinema.be\/\"]},{\"@type\":\"Person\",\"@id\":\"https:\/\/welovecinema.be\/nl\/#\/schema\/person\/f475ac81c30903d8505475024494c658\",\"name\":\"Kurt.Vandemaele\",\"url\":\"https:\/\/welovecinema.be\/nl\/author\/kurt-vandemaele\/\"}]}<\/script>\n<!-- \/ Yoast SEO plugin. -->","yoast_head_json":{"title":"'Swooni' geselecteerd voor het zeer gerenommeerde festival van Toronto - We Love Cinema","robots":{"index":"index","follow":"follow","max-snippet":"max-snippet:-1","max-image-preview":"max-image-preview:large","max-video-preview":"max-video-preview:-1"},"canonical":"https:\/\/welovecinema.be\/nl\/swooni-geselecteerd-voor-het-zeer-gerenommeerde-festival-van-toronto\/","og_locale":"nl_NL","og_type":"article","og_title":"'Swooni' geselecteerd voor het zeer gerenommeerde festival van Toronto - We Love Cinema","og_description":"Het langspeelfilmdebuut van Kaat Beels gaat in Belgi\u00eb in premi\u00e8re, maar internationaal beleeft &#8216;Swooni&#8217; zijn premi\u00e8re in het Canadese Toronto, tijdens het 36ste Toronto International Film Festival dat van 8 tot 8 september loopt. \u00a0Een hele eer om op zo&#8217;n festival te worden geselecteerd. \u00a0Een eer die nog niet veel Belgen te beurt viel. \u00a0En &hellip;","og_url":"https:\/\/welovecinema.be\/nl\/swooni-geselecteerd-voor-het-zeer-gerenommeerde-festival-van-toronto\/","og_site_name":"We Love Cinema","article_publisher":"https:\/\/www.facebook.com\/welovecinema.be","article_published_time":"2011-08-15T22:00:36+00:00","article_modified_time":"2011-08-31T10:00:45+00:00","og_image":[{"width":"1021","height":"680","url":"https:\/\/welovecinema.be\/wp-content\/uploads\/sites\/2\/2011\/08\/swooni_06.jpg","type":"image\/jpeg"}],"author":"Kurt.Vandemaele","twitter_card":"summary_large_image","twitter_misc":{"Geschreven door":"Kurt.Vandemaele","Geschatte leestijd":"1 minuut"},"schema":{"@context":"https:\/\/schema.org","@graph":[{"@type":"Article","@id":"https:\/\/welovecinema.be\/nl\/swooni-geselecteerd-voor-het-zeer-gerenommeerde-festival-van-toronto\/#article","isPartOf":{"@id":"https:\/\/welovecinema.be\/nl\/swooni-geselecteerd-voor-het-zeer-gerenommeerde-festival-van-toronto\/"},"author":{"name":"Kurt.Vandemaele","@id":"https:\/\/welovecinema.be\/nl\/#\/schema\/person\/f475ac81c30903d8505475024494c658"},"headline":"&#8216;Swooni&#8217; geselecteerd voor het zeer gerenommeerde festival van Toronto","datePublished":"2011-08-15T22:00:36+00:00","dateModified":"2011-08-31T10:00:45+00:00","mainEntityOfPage":{"@id":"https:\/\/welovecinema.be\/nl\/swooni-geselecteerd-voor-het-zeer-gerenommeerde-festival-van-toronto\/"},"wordCount":254,"publisher":{"@id":"https:\/\/welovecinema.be\/nl\/#organization"},"articleSection":["In de zalen","Nieuws"],"inLanguage":"nl-NL"},{"@type":"WebPage","@id":"https:\/\/welovecinema.be\/nl\/swooni-geselecteerd-voor-het-zeer-gerenommeerde-festival-van-toronto\/","url":"https:\/\/welovecinema.be\/nl\/swooni-geselecteerd-voor-het-zeer-gerenommeerde-festival-van-toronto\/","name":"'Swooni' geselecteerd voor het zeer gerenommeerde festival van Toronto - We Love Cinema","isPartOf":{"@id":"https:\/\/welovecinema.be\/nl\/#website"},"datePublished":"2011-08-15T22:00:36+00:00","dateModified":"2011-08-31T10:00:45+00:00","breadcrumb":{"@id":"https:\/\/welovecinema.be\/nl\/swooni-geselecteerd-voor-het-zeer-gerenommeerde-festival-van-toronto\/#breadcrumb"},"inLanguage":"nl-NL","potentialAction":[{"@type":"ReadAction","target":["https:\/\/welovecinema.be\/nl\/swooni-geselecteerd-voor-het-zeer-gerenommeerde-festival-van-toronto\/"]}]},{"@type":"BreadcrumbList","@id":"https:\/\/welovecinema.be\/nl\/swooni-geselecteerd-voor-het-zeer-gerenommeerde-festival-van-toronto\/#breadcrumb","itemListElement":[{"@type":"ListItem","position":1,"name":"Accueil","item":"https:\/\/welovecinema.be\/nl\/"},{"@type":"ListItem","position":2,"name":"&#8216;Swooni&#8217; geselecteerd voor het zeer gerenommeerde festival van Toronto"}]},{"@type":"WebSite","@id":"https:\/\/welovecinema.be\/nl\/#website","url":"https:\/\/welovecinema.be\/nl\/","name":"We Love Cinema","description":"Toute l\u2019information du cin\u00e9ma en Belgique","publisher":{"@id":"https:\/\/welovecinema.be\/nl\/#organization"},"potentialAction":[{"@type":"SearchAction","target":{"@type":"EntryPoint","urlTemplate":"https:\/\/welovecinema.be\/nl\/?s={search_term_string}"},"query-input":"required name=search_term_string"}],"inLanguage":"nl-NL"},{"@type":"Organization","@id":"https:\/\/welovecinema.be\/nl\/#organization","name":"We Love Cinema","url":"https:\/\/welovecinema.be\/nl\/","logo":{"@type":"ImageObject","inLanguage":"nl-NL","@id":"https:\/\/welovecinema.be\/nl\/#\/schema\/logo\/image\/","url":"https:\/\/welovecinema.be\/wp-content\/uploads\/sites\/2\/2023\/03\/Logo-We-Love-Cinema305x128.jpg","contentUrl":"https:\/\/welovecinema.be\/wp-content\/uploads\/sites\/2\/2023\/03\/Logo-We-Love-Cinema305x128.jpg","width":305,"height":128,"caption":"We Love Cinema"},"image":{"@id":"https:\/\/welovecinema.be\/nl\/#\/schema\/logo\/image\/"},"sameAs":["https:\/\/www.facebook.com\/welovecinema.be","https:\/\/www.youtube.com\/channel\/UCX5LYGVhnKvYauW4Nta4HJA","https:\/\/www.instagram.com\/welovecinema.be\/"]},{"@type":"Person","@id":"https:\/\/welovecinema.be\/nl\/#\/schema\/person\/f475ac81c30903d8505475024494c658","name":"Kurt.Vandemaele","url":"https:\/\/welovecinema.be\/nl\/author\/kurt-vandemaele\/"}]}},"_links":{"self":[{"href":"https:\/\/welovecinema.be\/nl\/wp-json\/wp\/v2\/posts\/6159","targetHints":{"allow":["GET"]}}],"collection":[{"href":"https:\/\/welovecinema.be\/nl\/wp-json\/wp\/v2\/posts"}],"about":[{"href":"https:\/\/welovecinema.be\/nl\/wp-json\/wp\/v2\/types\/post"}],"author":[{"embeddable":true,"href":"https:\/\/welovecinema.be\/nl\/wp-json\/wp\/v2\/users\/8"}],"replies":[{"embeddable":true,"href":"https:\/\/welovecinema.be\/nl\/wp-json\/wp\/v2\/comments?post=6159"}],"version-history":[{"count":0,"href":"https:\/\/welovecinema.be\/nl\/wp-json\/wp\/v2\/posts\/6159\/revisions"}],"wp:featuredmedia":[{"embeddable":true,"href":"https:\/\/welovecinema.be\/nl\/wp-json\/wp\/v2\/media\/6182"}],"wp:attachment":[{"href":"https:\/\/welovecinema.be\/nl\/wp-json\/wp\/v2\/media?parent=6159"}],"wp:term":[{"taxonomy":"category","embeddable":true,"href":"https:\/\/welovecinema.be\/nl\/wp-json\/wp\/v2\/categories?post=6159"},{"taxonomy":"post_tag","embeddable":true,"href":"https:\/\/welovecinema.be\/nl\/wp-json\/wp\/v2\/tags?post=6159"}],"curies":[{"name":"wp","href":"https:\/\/api.w.org\/{rel}","templated":true}]}}