{"id":60662,"date":"2014-08-21T17:47:50","date_gmt":"2014-08-21T15:47:50","guid":{"rendered":"http:\/\/www.cinevox.be\/?p=60662"},"modified":"2014-08-21T17:48:29","modified_gmt":"2014-08-21T15:48:29","slug":"trailer-waste-land","status":"publish","type":"post","link":"https:\/\/welovecinema.be\/nl\/trailer-waste-land\/","title":{"rendered":"trailer \u2019Waste Land&#8217;"},"content":{"rendered":"<p><em>\u2019Waste Land\u2019<\/em> is de nieuwste film van <strong>Pieter Van Hees<\/strong> (<em>\u2019Linkeroever\u2019, \u2019Dirty Mind\u2019<\/em>) met <strong>J\u00e9r\u00e9mie Renier<\/strong> en <strong>Natali Broods<\/strong> in de hoofdrollen. De film zal zijn wereldpremi\u00e8re beleven op het Filmfestival van Toronto, de Belgische premi\u00e8re is voorzien voor het Filmfestival van Gent.<\/p>\n","protected":false},"excerpt":{"rendered":"<p>\u2019Waste Land\u2019 is de nieuwste film van Pieter Van Hees (\u2019Linkeroever\u2019, \u2019Dirty Mind\u2019) met J\u00e9r\u00e9mie Renier en Natali Broods in de hoofdrollen. De film zal zijn wereldpremi\u00e8re beleven op het Filmfestival van Toronto, de Belgische premi\u00e8re is voorzien voor het Filmfestival van Gent.<\/p>\n","protected":false},"author":8,"featured_media":60663,"comment_status":"closed","ping_status":"closed","sticky":false,"template":"","format":"standard","meta":{"ngg_post_thumbnail":0,"footnotes":""},"categories":[54],"tags":[],"class_list":["post-60662","post","type-post","status-publish","format-standard","has-post-thumbnail","","category-binnenkort"],"yoast_head":"<!-- This site is optimized with the Yoast SEO plugin v20.4 - https:\/\/yoast.com\/wordpress\/plugins\/seo\/ -->\n<title>trailer \u2019Waste Land&#039; - We Love Cinema<\/title>\n<meta name=\"robots\" content=\"index, follow, max-snippet:-1, max-image-preview:large, max-video-preview:-1\" \/>\n<link rel=\"canonical\" href=\"https:\/\/welovecinema.be\/nl\/trailer-waste-land\/\" \/>\n<meta property=\"og:locale\" content=\"nl_NL\" \/>\n<meta property=\"og:type\" content=\"article\" \/>\n<meta property=\"og:title\" content=\"trailer \u2019Waste Land&#039; - We Love Cinema\" \/>\n<meta property=\"og:description\" content=\"\u2019Waste Land\u2019 is de nieuwste film van Pieter Van Hees (\u2019Linkeroever\u2019, \u2019Dirty Mind\u2019) met J\u00e9r\u00e9mie Renier en Natali Broods in de hoofdrollen. De film zal zijn wereldpremi\u00e8re beleven op het Filmfestival van Toronto, de Belgische premi\u00e8re is voorzien voor het Filmfestival van Gent.\" \/>\n<meta property=\"og:url\" content=\"https:\/\/welovecinema.be\/nl\/trailer-waste-land\/\" \/>\n<meta property=\"og:site_name\" content=\"We Love Cinema\" \/>\n<meta property=\"article:publisher\" content=\"https:\/\/www.facebook.com\/welovecinema.be\" \/>\n<meta property=\"article:published_time\" content=\"2014-08-21T15:47:50+00:00\" \/>\n<meta property=\"article:modified_time\" content=\"2014-08-21T15:48:29+00:00\" \/>\n<meta name=\"author\" content=\"Kurt.Vandemaele\" \/>\n<meta name=\"twitter:card\" content=\"summary_large_image\" \/>\n<meta name=\"twitter:image\" content=\"https:\/\/welovecinema.be\/wp-content\/uploads\/sites\/2\/2014\/08\/1._JEREMIE_CURTAIN.jpg.tiff\" \/>\n<meta name=\"twitter:label1\" content=\"Geschreven door\" \/>\n\t<meta name=\"twitter:data1\" content=\"Kurt.Vandemaele\" \/>\n<script type=\"application\/ld+json\" class=\"yoast-schema-graph\">{\"@context\":\"https:\/\/schema.org\",\"@graph\":[{\"@type\":\"Article\",\"@id\":\"https:\/\/welovecinema.be\/nl\/trailer-waste-land\/#article\",\"isPartOf\":{\"@id\":\"https:\/\/welovecinema.be\/nl\/trailer-waste-land\/\"},\"author\":{\"name\":\"Kurt.Vandemaele\",\"@id\":\"https:\/\/welovecinema.be\/nl\/#\/schema\/person\/f475ac81c30903d8505475024494c658\"},\"headline\":\"trailer \u2019Waste Land&#8217;\",\"datePublished\":\"2014-08-21T15:47:50+00:00\",\"dateModified\":\"2014-08-21T15:48:29+00:00\",\"mainEntityOfPage\":{\"@id\":\"https:\/\/welovecinema.be\/nl\/trailer-waste-land\/\"},\"wordCount\":50,\"publisher\":{\"@id\":\"https:\/\/welovecinema.be\/nl\/#organization\"},\"articleSection\":[\"Binnenkort\"],\"inLanguage\":\"nl-NL\"},{\"@type\":\"WebPage\",\"@id\":\"https:\/\/welovecinema.be\/nl\/trailer-waste-land\/\",\"url\":\"https:\/\/welovecinema.be\/nl\/trailer-waste-land\/\",\"name\":\"trailer \u2019Waste Land' - We Love Cinema\",\"isPartOf\":{\"@id\":\"https:\/\/welovecinema.be\/nl\/#website\"},\"datePublished\":\"2014-08-21T15:47:50+00:00\",\"dateModified\":\"2014-08-21T15:48:29+00:00\",\"breadcrumb\":{\"@id\":\"https:\/\/welovecinema.be\/nl\/trailer-waste-land\/#breadcrumb\"},\"inLanguage\":\"nl-NL\",\"potentialAction\":[{\"@type\":\"ReadAction\",\"target\":[\"https:\/\/welovecinema.be\/nl\/trailer-waste-land\/\"]}]},{\"@type\":\"BreadcrumbList\",\"@id\":\"https:\/\/welovecinema.be\/nl\/trailer-waste-land\/#breadcrumb\",\"itemListElement\":[{\"@type\":\"ListItem\",\"position\":1,\"name\":\"Accueil\",\"item\":\"https:\/\/welovecinema.be\/nl\/\"},{\"@type\":\"ListItem\",\"position\":2,\"name\":\"trailer \u2019Waste Land&#8217;\"}]},{\"@type\":\"WebSite\",\"@id\":\"https:\/\/welovecinema.be\/nl\/#website\",\"url\":\"https:\/\/welovecinema.be\/nl\/\",\"name\":\"We Love Cinema\",\"description\":\"Toute l\u2019information du cin\u00e9ma en Belgique\",\"publisher\":{\"@id\":\"https:\/\/welovecinema.be\/nl\/#organization\"},\"potentialAction\":[{\"@type\":\"SearchAction\",\"target\":{\"@type\":\"EntryPoint\",\"urlTemplate\":\"https:\/\/welovecinema.be\/nl\/?s={search_term_string}\"},\"query-input\":\"required name=search_term_string\"}],\"inLanguage\":\"nl-NL\"},{\"@type\":\"Organization\",\"@id\":\"https:\/\/welovecinema.be\/nl\/#organization\",\"name\":\"We Love Cinema\",\"url\":\"https:\/\/welovecinema.be\/nl\/\",\"logo\":{\"@type\":\"ImageObject\",\"inLanguage\":\"nl-NL\",\"@id\":\"https:\/\/welovecinema.be\/nl\/#\/schema\/logo\/image\/\",\"url\":\"https:\/\/welovecinema.be\/wp-content\/uploads\/sites\/2\/2023\/03\/Logo-We-Love-Cinema305x128.jpg\",\"contentUrl\":\"https:\/\/welovecinema.be\/wp-content\/uploads\/sites\/2\/2023\/03\/Logo-We-Love-Cinema305x128.jpg\",\"width\":305,\"height\":128,\"caption\":\"We Love Cinema\"},\"image\":{\"@id\":\"https:\/\/welovecinema.be\/nl\/#\/schema\/logo\/image\/\"},\"sameAs\":[\"https:\/\/www.facebook.com\/welovecinema.be\",\"https:\/\/www.youtube.com\/channel\/UCX5LYGVhnKvYauW4Nta4HJA\",\"https:\/\/www.instagram.com\/welovecinema.be\/\"]},{\"@type\":\"Person\",\"@id\":\"https:\/\/welovecinema.be\/nl\/#\/schema\/person\/f475ac81c30903d8505475024494c658\",\"name\":\"Kurt.Vandemaele\",\"url\":\"https:\/\/welovecinema.be\/nl\/author\/kurt-vandemaele\/\"}]}<\/script>\n<!-- \/ Yoast SEO plugin. -->","yoast_head_json":{"title":"trailer \u2019Waste Land' - We Love Cinema","robots":{"index":"index","follow":"follow","max-snippet":"max-snippet:-1","max-image-preview":"max-image-preview:large","max-video-preview":"max-video-preview:-1"},"canonical":"https:\/\/welovecinema.be\/nl\/trailer-waste-land\/","og_locale":"nl_NL","og_type":"article","og_title":"trailer \u2019Waste Land' - We Love Cinema","og_description":"\u2019Waste Land\u2019 is de nieuwste film van Pieter Van Hees (\u2019Linkeroever\u2019, \u2019Dirty Mind\u2019) met J\u00e9r\u00e9mie Renier en Natali Broods in de hoofdrollen. De film zal zijn wereldpremi\u00e8re beleven op het Filmfestival van Toronto, de Belgische premi\u00e8re is voorzien voor het Filmfestival van Gent.","og_url":"https:\/\/welovecinema.be\/nl\/trailer-waste-land\/","og_site_name":"We Love Cinema","article_publisher":"https:\/\/www.facebook.com\/welovecinema.be","article_published_time":"2014-08-21T15:47:50+00:00","article_modified_time":"2014-08-21T15:48:29+00:00","author":"Kurt.Vandemaele","twitter_card":"summary_large_image","twitter_image":"https:\/\/welovecinema.be\/wp-content\/uploads\/sites\/2\/2014\/08\/1._JEREMIE_CURTAIN.jpg.tiff","twitter_misc":{"Geschreven door":"Kurt.Vandemaele"},"schema":{"@context":"https:\/\/schema.org","@graph":[{"@type":"Article","@id":"https:\/\/welovecinema.be\/nl\/trailer-waste-land\/#article","isPartOf":{"@id":"https:\/\/welovecinema.be\/nl\/trailer-waste-land\/"},"author":{"name":"Kurt.Vandemaele","@id":"https:\/\/welovecinema.be\/nl\/#\/schema\/person\/f475ac81c30903d8505475024494c658"},"headline":"trailer \u2019Waste Land&#8217;","datePublished":"2014-08-21T15:47:50+00:00","dateModified":"2014-08-21T15:48:29+00:00","mainEntityOfPage":{"@id":"https:\/\/welovecinema.be\/nl\/trailer-waste-land\/"},"wordCount":50,"publisher":{"@id":"https:\/\/welovecinema.be\/nl\/#organization"},"articleSection":["Binnenkort"],"inLanguage":"nl-NL"},{"@type":"WebPage","@id":"https:\/\/welovecinema.be\/nl\/trailer-waste-land\/","url":"https:\/\/welovecinema.be\/nl\/trailer-waste-land\/","name":"trailer \u2019Waste Land' - We Love Cinema","isPartOf":{"@id":"https:\/\/welovecinema.be\/nl\/#website"},"datePublished":"2014-08-21T15:47:50+00:00","dateModified":"2014-08-21T15:48:29+00:00","breadcrumb":{"@id":"https:\/\/welovecinema.be\/nl\/trailer-waste-land\/#breadcrumb"},"inLanguage":"nl-NL","potentialAction":[{"@type":"ReadAction","target":["https:\/\/welovecinema.be\/nl\/trailer-waste-land\/"]}]},{"@type":"BreadcrumbList","@id":"https:\/\/welovecinema.be\/nl\/trailer-waste-land\/#breadcrumb","itemListElement":[{"@type":"ListItem","position":1,"name":"Accueil","item":"https:\/\/welovecinema.be\/nl\/"},{"@type":"ListItem","position":2,"name":"trailer \u2019Waste Land&#8217;"}]},{"@type":"WebSite","@id":"https:\/\/welovecinema.be\/nl\/#website","url":"https:\/\/welovecinema.be\/nl\/","name":"We Love Cinema","description":"Toute l\u2019information du cin\u00e9ma en Belgique","publisher":{"@id":"https:\/\/welovecinema.be\/nl\/#organization"},"potentialAction":[{"@type":"SearchAction","target":{"@type":"EntryPoint","urlTemplate":"https:\/\/welovecinema.be\/nl\/?s={search_term_string}"},"query-input":"required name=search_term_string"}],"inLanguage":"nl-NL"},{"@type":"Organization","@id":"https:\/\/welovecinema.be\/nl\/#organization","name":"We Love Cinema","url":"https:\/\/welovecinema.be\/nl\/","logo":{"@type":"ImageObject","inLanguage":"nl-NL","@id":"https:\/\/welovecinema.be\/nl\/#\/schema\/logo\/image\/","url":"https:\/\/welovecinema.be\/wp-content\/uploads\/sites\/2\/2023\/03\/Logo-We-Love-Cinema305x128.jpg","contentUrl":"https:\/\/welovecinema.be\/wp-content\/uploads\/sites\/2\/2023\/03\/Logo-We-Love-Cinema305x128.jpg","width":305,"height":128,"caption":"We Love Cinema"},"image":{"@id":"https:\/\/welovecinema.be\/nl\/#\/schema\/logo\/image\/"},"sameAs":["https:\/\/www.facebook.com\/welovecinema.be","https:\/\/www.youtube.com\/channel\/UCX5LYGVhnKvYauW4Nta4HJA","https:\/\/www.instagram.com\/welovecinema.be\/"]},{"@type":"Person","@id":"https:\/\/welovecinema.be\/nl\/#\/schema\/person\/f475ac81c30903d8505475024494c658","name":"Kurt.Vandemaele","url":"https:\/\/welovecinema.be\/nl\/author\/kurt-vandemaele\/"}]}},"_links":{"self":[{"href":"https:\/\/welovecinema.be\/nl\/wp-json\/wp\/v2\/posts\/60662","targetHints":{"allow":["GET"]}}],"collection":[{"href":"https:\/\/welovecinema.be\/nl\/wp-json\/wp\/v2\/posts"}],"about":[{"href":"https:\/\/welovecinema.be\/nl\/wp-json\/wp\/v2\/types\/post"}],"author":[{"embeddable":true,"href":"https:\/\/welovecinema.be\/nl\/wp-json\/wp\/v2\/users\/8"}],"replies":[{"embeddable":true,"href":"https:\/\/welovecinema.be\/nl\/wp-json\/wp\/v2\/comments?post=60662"}],"version-history":[{"count":0,"href":"https:\/\/welovecinema.be\/nl\/wp-json\/wp\/v2\/posts\/60662\/revisions"}],"wp:featuredmedia":[{"embeddable":true,"href":"https:\/\/welovecinema.be\/nl\/wp-json\/wp\/v2\/media\/60663"}],"wp:attachment":[{"href":"https:\/\/welovecinema.be\/nl\/wp-json\/wp\/v2\/media?parent=60662"}],"wp:term":[{"taxonomy":"category","embeddable":true,"href":"https:\/\/welovecinema.be\/nl\/wp-json\/wp\/v2\/categories?post=60662"},{"taxonomy":"post_tag","embeddable":true,"href":"https:\/\/welovecinema.be\/nl\/wp-json\/wp\/v2\/tags?post=60662"}],"curies":[{"name":"wp","href":"https:\/\/api.w.org\/{rel}","templated":true}]}}