{"id":60090,"date":"2014-08-08T17:00:21","date_gmt":"2014-08-08T15:00:21","guid":{"rendered":"http:\/\/www.cinevox.be\/?p=60090"},"modified":"2014-08-08T16:21:07","modified_gmt":"2014-08-08T14:21:07","slug":"60090","status":"publish","type":"post","link":"https:\/\/welovecinema.be\/nl\/60090\/","title":{"rendered":"Het Filmfestival Oostende stelt zijn programma voor"},"content":{"rendered":"<p>Cinevox maakte de voorbije weken al geregeld wat nieuws bekend over het Filmfestival van Oostende, op de recentste persconferentie werden daar vooral wat titels aan toegevoegd. \u00a0Zo kregen we te horen dat de absurde komedie<a title=\"Ellen Schoenaerts en Jozefien Scheepers over \u2018Liebling\u2019\" href=\"http:\/\/www.cinevox.be\/nl\/ellen-schoenaerts-en-jozefien-scheepers-over-liebling-2\/\"> <em>\u2019Liebling\u2019<\/em> <\/a>&#8212; een experimentele lowbudgetfilm van <strong>Jozefien\u00a0Schepers<\/strong> &#8212; er te zien zal zijn, dat <strong>Koen De Graeve<\/strong> er de Nederlandse film <a title=\"Koen De Graeve in Nederlands-Vlaamse film met Kim Van Kooten\" href=\"http:\/\/www.cinevox.be\/nl\/koen-de-graeve-nederlands-vlaamse-film-met-kim-van-kooten\/\"><em>\u2019Onder het Hart\u2019<\/em> <\/a>komt voorstellen &#8212; een film waarin hij de hoofdrol speelt &#8212; en dat <a title=\"\u2019Plan Bart\u2019 heeft een affiche\" href=\"http:\/\/www.cinevox.be\/nl\/plan-bart-heeft-een-affiche\/\"><em>\u2019Plan Bart<\/em>\u2019<\/a> van Roel Mondelaers er getoond wordt. \u00a0De film gaat er wel niet in premi\u00e8re. \u00a0Voor de rest focust het FFO zich wat Vlaamse film betreft vooral op jong talent, op kortfilms en documentaires, is<a title=\"Wim Willaert is dit jaar de master van het Filmfestival van Oostende\" href=\"http:\/\/www.cinevox.be\/nl\/wim-willaert-is-dit-jaar-master-van-het-filmfestival-van-oostende\/\"><strong> Wim Willaert<\/strong>\u00a0<\/a>als master onze gids en is er natuurlijk \u00a0de uitreiking van de Ensors, een evenement waar de hele Vlaamse filmindustrie jaarlijks naar uitkijkt.<\/p>\n<p><!--more--><\/p>\n<p>Dat het FFO 14 niet opent met een Vlaamse film was eerder al bekend gemaakt. Maar<a title=\"Het Filmfestival van Oostende opent niet met een Vlaamse film\" href=\"http:\/\/www.cinevox.be\/nl\/het-filmfestival-van-oostende-opent-niet-met-een-vlaamse-film\/\"> <em>&#8216;A Most Wanted Man&#8217;<\/em><\/a>, de spannende spionagethriller van de Nederlandse regisseur <strong>Anton Corbijn<\/strong>, is wel een heel mooie opener en het allereerste FFO opende ook al met een film van Corbijn, dus Corbijn is hier op zijn plaats. \u00a0Ook<em> \u2019The American\u2019<\/em>, zijn tweede, beleefde trouwens zijn Belgische premi\u00e8re op het Filmfestival van Oostende.<\/p>\n<p><a href=\"http:\/\/www.cinevox.be\/nl\/60090\/ffo14-2\/\" rel=\"attachment wp-att-60097\"><img loading=\"lazy\" decoding=\"async\" class=\"alignleft size-full wp-image-60097\" alt=\"\" src=\"http:\/\/www.cinevox.be\/wp-content\/uploads\/sites\/2\/2014\/08\/ffo14-2.jpg\" width=\"266\" height=\"400\" srcset=\"https:\/\/welovecinema.be\/wp-content\/uploads\/sites\/2\/2014\/08\/ffo14-2.jpg 266w, https:\/\/welovecinema.be\/wp-content\/uploads\/sites\/2\/2014\/08\/ffo14-2-179x270.jpg 179w\" sizes=\"auto, (max-width: 266px) 100vw, 266px\" \/><\/a>Met &#8216;A Most Wanted Man&#8217; willen Oostende en Master<strong> Wim Willaert<\/strong> bovendien een hommage brengen aan topacteur en Oscarwinnaar<strong> Philip Seymour Hoffman<\/strong>, die eerder dit jaar overleed. De slotfilm van het festival is wel Belgisch, of deels toch. Het is een film die geproduceerd werd door de Belgische producer <strong>Paul Breuls<\/strong>. \u00a0het mysterieuze romantische drama <em>&#8216;Third Person&#8217;<\/em> van Oscarwinnaar <strong>Paul Haggis<\/strong>. De film<a title=\"Amerikaanse film met Liam Neeson geproduceerd door Belgische Corsan geselecteerd voor Festival van Toronto\" href=\"http:\/\/www.cinevox.be\/nl\/corsan-productie-met-liam-neeson-geselecteerd-voor-festival-van-torontopersbericht-embargo-tot-woensdag-23-juli-2013-0500-am-l-a-confidentialbasinger\/\"> &#8216;Third Person&#8217;<\/a> pakt uit met een veelbelovende cast onder wie de veelvuldig bekroonde acteur <strong>Adrien Brody<\/strong>. Brody zal niet enkel op het Oostendse scherm te zien zijn, maar ook in levende lijve op de slotavond van FFO 14. \u00a0Hij zal uiteraard ook een ster krijgen op de walk of fame op de dijk van Oostende.<\/p>\n<p>&nbsp;<\/p>\n<h2>INTERNATIONALE COMPETITIES<\/h2>\n<p>De gekke Argentijnse thrillerkomedie<em> &#8216;Wild Tales&#8217;<\/em> geeft dit jaar het startschot van de internationale LOOK! competitie van Filmfestival Oostende. Regisseur <strong>Dami\u00e1n Szifr\u00f3n<\/strong> mixte zes korte verhalen tot \u00e9\u00e9n pikzwarte komedie. Vooral het visuele aspect van deze, en nog vijf andere geselecteerde films, staat in de kijker tijdens de tweede editie van de LOOK! competitie van FFO 14. Oostende trekt met deze competitie de aandacht naar het harde, professionele werk van de talenten achter de schermen.<\/p>\n<p>De geselecteerde films voor de LOOK! competitie zijn:<em> &#8216;Wild Tales&#8217;, \u2019Kreuzweg&#8217;, &#8216;Yves Saint Laurent&#8217;, &#8216;Field of Dogs&#8217;, \u2019Calvary&#8217;<\/em> en <em>\u2019Aloft\u2019<\/em>.<\/p>\n<p>FFO lanceert ook een uniek internationaal onderdeel: <em>&#8216;Taste of Europe&#8217;<\/em>. Veel Europese films die in eigen land grote successen boeken, bereiken nooit de Belgische zalen. Het Taste of Europe onderdeel wil hier verandering in brengen en toont zes Europese publieksfilms die de aandacht van het Belgische publiek absoluut verdienen. Een publieksjury, onder leiding van filmmaker <strong>Raoul Servais<\/strong>, zal de beste film kiezen.<\/p>\n<p>De keuze gaat tussen de volgende zes films: <em>&#8216;The Word&#8217;, \u2019Redirected&#8217;, &#8216;On The Edge&#8217;, &#8216;Waltz for Monika&#8217;, &#8216;The Priest\u2019s Children\u2019<\/em> en <em>\u2019Tangerines&#8217;.<\/em><\/p>\n<p>&nbsp;<\/p>\n<h2>TALENT VAN EIGEN BODEM<\/h2>\n<p>Ook dit jaar geeft het Filmfestival Oostende talent van eigen bodem de kans om zijn werk te tonen aan het grote publiek. Zowel kortfilms als documentaires van Vlaamse filmmakers krijgen hun welverdiende plaats op het FFO 14 in Kinepolis Oostende en strijden onderling voor een Ensor.<\/p>\n<p>Belgische documentairemakers wonnen al heel wat prijzen op internationale filmcompetities. Ook in Oostende strijden opnieuw 10 documentairefilms zoals<em> &#8216;Red Star Line&#8217;<\/em> van <strong>Dani\u00ebl Cattier<\/strong> en <strong>Fabio Wuytack<\/strong>,<a title=\"\u2019Feel My Love\u2019 volop in de race voor de publieksprijs op het Filmfestival van Rotterdam\" href=\"http:\/\/www.cinevox.be\/nl\/feel-love-volop-de-race-voor-de-publieksprijs-op-het-filmfestival-van-rotterdam\/\"><em> &#8216;Feel my Love&#8217;<\/em> <\/a>van <strong>Griet Teck<\/strong> en <em>&#8216;Beneath the surface&#8217;<\/em> van <strong>Alex Debreczeni<\/strong>, om de felbegeerde Ensor voor Beste Documentaire. De documentairejury bestaat uit producente <strong>Hanne Phlypo<\/strong>, docent <strong>Tom Van Herzele<\/strong> en natuurlijk ook de winnaar van vorig jaar <strong>Jozef Devill\u00e9<\/strong>.<\/p>\n<p><a href=\"http:\/\/www.cinevox.be\/?attachment_id=60093\" rel=\"attachment wp-att-60093\"><img loading=\"lazy\" decoding=\"async\" class=\"alignright size-large wp-image-60093\" alt=\"\" src=\"http:\/\/www.cinevox.be\/wp-content\/uploads\/sites\/2\/2014\/08\/test1posterautokleinuitnodig_905-424x600.jpg\" width=\"424\" height=\"600\" srcset=\"https:\/\/welovecinema.be\/wp-content\/uploads\/sites\/2\/2014\/08\/test1posterautokleinuitnodig_905-424x600.jpg 424w, https:\/\/welovecinema.be\/wp-content\/uploads\/sites\/2\/2014\/08\/test1posterautokleinuitnodig_905-191x270.jpg 191w, https:\/\/welovecinema.be\/wp-content\/uploads\/sites\/2\/2014\/08\/test1posterautokleinuitnodig_905.jpg 905w\" sizes=\"auto, (max-width: 424px) 100vw, 424px\" \/><\/a>Veel jong talent zet de eerste stappen in de filmwereld via een kortfilm. Het Filmfestival van Oostende wil ook deze frisse, verrassende en esthetische kortfilms voorstellen aan het grote publiek door hen te presenteren in het voorprogramma van een premi\u00e8re. De kortfilmcompetitie bestaat zowel uit fictie als uit animatie. Dit jaar kreeg Oostende een recordaantal inschrijvingen waaruit een mooie selectie gemaakt werd van reeds gekende kortfilms zoals <a title=\"trailer \u2019De Weg van Alle Vlees\u2019\" href=\"http:\/\/www.cinevox.be\/nl\/trailer-weg-van-alle-vlees\"><em>&#8216;De weg van alle vlees&#8217; <\/em><\/a>van <strong>Deben Van Dam<\/strong> en<a title=\"Kevin Meul dankt\u2026\" href=\"http:\/\/www.cinevox.be\/nl\/kevin-meul-dankt\/\"><em> \u2019Cadet&#8217;<\/em><\/a> van<strong> Kevin Meul<\/strong>, maar ook nieuwkomers zoals <em>&#8216;De Hemel geeft, wie vangt die heeft&#8217;<\/em> van <strong>Githa Hermans<\/strong> en <em>&#8216;Perfect Kill&#8217;<\/em> van <strong>Pieter Vermeersch<\/strong>. De kortfilmjury staat onder voorzitterschap van regisseur <strong>Hans Herbots<\/strong> en bestaat uit volgende leden: actrice<strong> Ruth Becquart<\/strong>, scenarist <strong>Carl Joos<\/strong>, productiedesigner <strong>Hubert Pouille<\/strong> en D.O.P. <strong>Michel Baudour<\/strong>.<\/p>\n<p>&nbsp;<\/p>\n<h2>WALK OF FAME<\/h2>\n<p>Heel wat nationale, maar ook internationale filmtalenten zakken in september af naar Oostende. Dit hoog bezoek krijgt dan ook een ster op de &#8216;Walk of Fame&#8217; van FFO. <a title=\"Wim Willaert is veel meer dan \u2018Eigen Kweek\u2019\" href=\"http:\/\/www.cinevox.be\/nl\/wim-willaert-veel-meer-dan-eigen-kweek\/\">Wim Willaert<\/a>, de Master van het filmfestival en bekend als Frank uit de succesvolle \u00c9\u00e9n-reeks <em>&#8216;Eigen Kweek&#8217;<\/em>, zal de spits afbijten op 12 september. Andere grote namen zullen zijn voorbeeld volgen van 12 tot 20 september op de achtste editie van het Filmfestival van Oostende. \u00a0E\u00e9n van hen is<a title=\"Yolande Moreau, schilder van gevoelens\" href=\"http:\/\/www.cinevox.be\/nl\/yolande-moreau-schilder-van-gevoelens\/\"><strong> Yolande Moreau<\/strong><\/a>, een goeie vriendin van Wim Willaert. \u00a0Moreau deed al vaker een beroep op Willaert, als acteur en componist :<\/p>\n<p>&nbsp;<\/p>\n<p><a href=\"http:\/\/www.cinevox.be\/?attachment_id=60091\" rel=\"attachment wp-att-60091\"><img loading=\"lazy\" decoding=\"async\" class=\"alignleft size-large wp-image-60091\" alt=\"\" src=\"http:\/\/www.cinevox.be\/wp-content\/uploads\/sites\/2\/2014\/08\/henri-moreau-422x600.jpg\" width=\"422\" height=\"600\" srcset=\"https:\/\/welovecinema.be\/wp-content\/uploads\/sites\/2\/2014\/08\/henri-moreau-422x600.jpg 422w, https:\/\/welovecinema.be\/wp-content\/uploads\/sites\/2\/2014\/08\/henri-moreau-190x270.jpg 190w, https:\/\/welovecinema.be\/wp-content\/uploads\/sites\/2\/2014\/08\/henri-moreau.jpg 874w\" sizes=\"auto, (max-width: 422px) 100vw, 422px\" \/><\/a>Yolande Moreau is zowel regisseur als actrice en zal op maandag 15 september de vertoning van haar film<em> &#8216;<a title=\"\u2018Henri\u2019 van Yolande Moreau met muziek van Wim Willaert is nu uit\" href=\"http:\/\/www.cinevox.be\/nl\/henri-van-yolande-moreau-met-muziek-van-wim-willaert-nu-uit\/\">Henri&#8217; <\/a><\/em>bijwonen op de Franse avond van het Filmfestival. Willaert schreef <a title=\"Wim Willaert, hoofdrolspeler uit \u2018Offline\u2019, schrijft filmmuziek voor Franstalige film\" href=\"http:\/\/www.cinevox.be\/nl\/wim-willaert-hoofdrolspeler-uit-offline-schrijft-filmmuziek-voor-franstalige-film\/\">de muziek<\/a> voor die film. Moreau mocht al drie C\u00e9sars in ontvangst nemen. Zo won ze er \u00e9\u00e9n voor de Beste Debuutfilm (<em>&#8216;Quand la mer monte&#8230;&#8217;<\/em>, 2005) en twee als Beste Actrice (<em>&#8216;Quand la mer monte&#8230;&#8217;<\/em>, 2005 &amp; <em>\u2019S\u00e9raphine&#8217;<\/em>, 2009). Ze is bij het grote publiek ook bekend als Madelaine Wallace uit <em>&#8216;Le Fabuleux Destin d&#8217;Am\u00e9lie Poulain\u2019\u00a0<\/em>(2001).<\/p>\n<p>&nbsp;<\/p>\n<p>&nbsp;<\/p>\n<p>&nbsp;<\/p>\n<h2>VLAAMSE FILMPRIJZEN<\/h2>\n<p><a href=\"http:\/\/www.cinevox.be\/nl\/60090\/ffo-3\/\" rel=\"attachment wp-att-60098\"><img loading=\"lazy\" decoding=\"async\" class=\"alignleft size-medium wp-image-60098\" alt=\"\" src=\"http:\/\/www.cinevox.be\/wp-content\/uploads\/sites\/2\/2014\/08\/ffo-480x270.jpg\" width=\"480\" height=\"270\" srcset=\"https:\/\/welovecinema.be\/wp-content\/uploads\/sites\/2\/2014\/08\/ffo-480x270.jpg 480w, https:\/\/welovecinema.be\/wp-content\/uploads\/sites\/2\/2014\/08\/ffo-200x113.jpg 200w, https:\/\/welovecinema.be\/wp-content\/uploads\/sites\/2\/2014\/08\/ffo-800x450.jpg 800w, https:\/\/welovecinema.be\/wp-content\/uploads\/sites\/2\/2014\/08\/ffo-300x169.jpg 300w, https:\/\/welovecinema.be\/wp-content\/uploads\/sites\/2\/2014\/08\/ffo-620x350.jpg 620w, https:\/\/welovecinema.be\/wp-content\/uploads\/sites\/2\/2014\/08\/ffo.jpg 1024w\" sizes=\"auto, (max-width: 480px) 100vw, 480px\" \/><\/a>Filmfestival Oostende steunt talent van eigen bodem en reikt dit jaar dan ook opnieuw de ENSORS uit, in samenwerking met Flanders Image en de filmsector. De Vlaamse Films krijgen hierbij hun verdiende aandacht aan de hand van een mooie filmprijs. De \u2019Ensors&#8217; worden uitgereikt op het Gala van de Ensors op 20 september 2014. Tijdens het festival leert het publiek de genomineerde films al kennen tijdens Filmcaf\u00e9 on Tour, een project waarbij de films getoond worden in plaatselijke volkscaf\u00e9s. De Vlaamse films die in aanmerking komen voor een Ensornominatie zijn:<\/p>\n<p>&#8211; <em>&#8217;82 Dagen in april&#8217;<\/em> (<strong>Bart Van den Bempt<\/strong>)<\/p>\n<p>&#8211; <em>\u2019Booster&#8217;<\/em> (<strong>Dani\u00ebl Lambo<\/strong>)<\/p>\n<p>&#8211; <em>&#8216;De Behandeling&#8217;<\/em> (<strong>Hans Herbots<\/strong>)<\/p>\n<p>&#8211;<em> \u2019Drift&#8217;<\/em> (<strong>Benny Vandendriessche<\/strong>)<\/p>\n<p>&#8211;<em> &#8216;Flying Home&#8217;<\/em> (<strong>Dominique Deruddere<\/strong>)<\/p>\n<p>&#8211;<em> \u2019Halfweg&#8217;<\/em> (<strong>Geoffrey Enthoven<\/strong>)<\/p>\n<p>&#8211; <em>&#8216;Het Vonnis&#8217;<\/em> (<strong>Jan Verheyen<\/strong>)<\/p>\n<p>&#8211; <em>&#8216;I\u2019m The Same, I\u2019m An Other&#8217;<\/em> (<strong>Caroline Strubbe<\/strong>)<\/p>\n<p>&#8211; <em>&#8216;Kampioen zijn blijft plezant!&#8217;<\/em> (<strong>Eric Wirix<\/strong>)<\/p>\n<p>&#8211; <em>\u2019Labyrinthus&#8217;<\/em> (<strong>Douglas Boswell<\/strong>)<\/p>\n<p>&#8211; <em>&#8216;Los Flamencos&#8217;<\/em> (<strong>Dani\u00ebl Lambo<\/strong>)<\/p>\n<p>&#8211; <em>\u2019Marina&#8217;<\/em> (<strong>Stijn Coninx<\/strong>)<\/p>\n<p>&#8211; <em>&#8216;W. Witse de film&#8217;<\/em> (<strong>Frank Van Mechelen<\/strong>)<\/p>\n<p>&nbsp;<\/p>\n<p><a href=\"http:\/\/www.cinevox.be\/?attachment_id=60092\" rel=\"attachment wp-att-60092\"><img loading=\"lazy\" decoding=\"async\" class=\"alignleft size-full wp-image-60092\" alt=\"\" src=\"http:\/\/www.cinevox.be\/wp-content\/uploads\/sites\/2\/2014\/08\/Unknown.jpeg\" width=\"259\" height=\"194\" \/><\/a>De genomineerden worden geselecteerd door een professionele jury, onder leiding van televisiemaker en scenarist <strong>Bart De Pauw<\/strong> (<em>\u2019Loft&#8217;, &#8216;Quiz me quick&#8217;<\/em>). Producer<strong> Dries Phlypo<\/strong>, regisseur en televisiepresentator <strong>Erik Van Looy<\/strong>, scenarist<strong> Christophe Dirickx<\/strong>, cameraman <strong>Stijn van der Veken<\/strong>, kostuumontwerpster <strong>Kristin Van Passel<\/strong>, acteur en regisseur <strong>Tom Van Dyck<\/strong>, filmrecensent <strong>Stefaan Werbrouck<\/strong>, zangeres <strong>Geike Arnaert<\/strong> en actrice<strong> Anemone Valcke<\/strong> zullen samen de Vlaamse Filmprijzen uitreiken.<\/p>\n<p>Zie ook :<\/p>\n<p>&#8211; <a title=\"Wim Willaert is dit jaar de master van het Filmfestival van Oostende\" href=\"http:\/\/www.cinevox.be\/nl\/wim-willaert-is-dit-jaar-master-van-het-filmfestival-van-oostende\/\">Wim Willaert is de master<\/a><\/p>\n<p>&#8211; <a title=\"Peter Craeymeersch over het Filmfestival van Oostende\" href=\"http:\/\/www.cinevox.be\/nl\/peter-craeymeersch-over-het-filmfestival-van-oostende\/\">Peter Craeymeersch over het FFO<\/a><\/p>\n<p>&#8211; <a title=\"De Dag van het Vlaamse Filmberoep\" href=\"http:\/\/www.cinevox.be\/nl\/dag-van-het-vlaamse-filmberoep\/\">Peter Craeymeersch over de Dag van het Filmberoep op het FFO<\/a><\/p>\n<p>&#8211; <a title=\"Het Filmfestival van Oostende opent niet met een Vlaamse film\" href=\"http:\/\/www.cinevox.be\/nl\/het-filmfestival-van-oostende-opent-niet-met-een-vlaamse-film\/\">Openingsfilm is van Anton Corbijn<\/a><\/p>\n<p>&#8211; <a title=\"Cinevox bioscoopjournaal mei 2014 : de gebroeders Dardenne en Wim Willaert\" href=\"http:\/\/www.cinevox.be\/nl\/cinevox-bioscoopjournaal-mei-2014-gebroeders-dardenne-en-wim-willaert\">Cinevoxjournaal met master Wim Willaert<\/a><\/p>\n","protected":false},"excerpt":{"rendered":"<p>Cinevox maakte de voorbije weken al geregeld wat nieuws bekend over het Filmfestival van Oostende, op de recentste persconferentie werden daar vooral wat titels aan toegevoegd. \u00a0Zo kregen we te horen dat de absurde komedie \u2019Liebling\u2019 &#8212; een experimentele lowbudgetfilm van Jozefien\u00a0Schepers &#8212; er te zien zal zijn, dat Koen De Graeve er de Nederlandse &hellip;<\/p>\n","protected":false},"author":8,"featured_media":60109,"comment_status":"closed","ping_status":"closed","sticky":false,"template":"","format":"standard","meta":{"ngg_post_thumbnail":0,"footnotes":""},"categories":[1069,30],"tags":[],"class_list":["post-60090","post","type-post","status-publish","format-standard","has-post-thumbnail","","category-festivals-nl","category-nieuws"],"yoast_head":"<!-- This site is optimized with the Yoast SEO plugin v20.4 - https:\/\/yoast.com\/wordpress\/plugins\/seo\/ -->\n<title>Het Filmfestival Oostende stelt zijn programma voor - We Love Cinema<\/title>\n<meta name=\"robots\" content=\"index, follow, max-snippet:-1, max-image-preview:large, max-video-preview:-1\" \/>\n<link rel=\"canonical\" href=\"https:\/\/welovecinema.be\/nl\/60090\/\" \/>\n<meta property=\"og:locale\" content=\"nl_NL\" \/>\n<meta property=\"og:type\" content=\"article\" \/>\n<meta property=\"og:title\" content=\"Het Filmfestival Oostende stelt zijn programma voor - We Love Cinema\" \/>\n<meta property=\"og:description\" content=\"Cinevox maakte de voorbije weken al geregeld wat nieuws bekend over het Filmfestival van Oostende, op de recentste persconferentie werden daar vooral wat titels aan toegevoegd. \u00a0Zo kregen we te horen dat de absurde komedie \u2019Liebling\u2019 &#8212; een experimentele lowbudgetfilm van Jozefien\u00a0Schepers &#8212; er te zien zal zijn, dat Koen De Graeve er de Nederlandse &hellip;\" \/>\n<meta property=\"og:url\" content=\"https:\/\/welovecinema.be\/nl\/60090\/\" \/>\n<meta property=\"og:site_name\" content=\"We Love Cinema\" \/>\n<meta property=\"article:publisher\" content=\"https:\/\/www.facebook.com\/welovecinema.be\" \/>\n<meta property=\"article:published_time\" content=\"2014-08-08T15:00:21+00:00\" \/>\n<meta property=\"article:modified_time\" content=\"2014-08-08T14:21:07+00:00\" \/>\n<meta property=\"og:image\" content=\"https:\/\/welovecinema.be\/wp-content\/uploads\/sites\/2\/2014\/08\/IMG_9001-800x533.jpg\" \/>\n\t<meta property=\"og:image:width\" content=\"800\" \/>\n\t<meta property=\"og:image:height\" content=\"533\" \/>\n\t<meta property=\"og:image:type\" content=\"image\/jpeg\" \/>\n<meta name=\"author\" content=\"Kurt.Vandemaele\" \/>\n<meta name=\"twitter:card\" content=\"summary_large_image\" \/>\n<meta name=\"twitter:label1\" content=\"Geschreven door\" \/>\n\t<meta name=\"twitter:data1\" content=\"Kurt.Vandemaele\" \/>\n\t<meta name=\"twitter:label2\" content=\"Geschatte leestijd\" \/>\n\t<meta name=\"twitter:data2\" content=\"6 minuten\" \/>\n<script type=\"application\/ld+json\" class=\"yoast-schema-graph\">{\"@context\":\"https:\/\/schema.org\",\"@graph\":[{\"@type\":\"Article\",\"@id\":\"https:\/\/welovecinema.be\/nl\/60090\/#article\",\"isPartOf\":{\"@id\":\"https:\/\/welovecinema.be\/nl\/60090\/\"},\"author\":{\"name\":\"Kurt.Vandemaele\",\"@id\":\"https:\/\/welovecinema.be\/nl\/#\/schema\/person\/f475ac81c30903d8505475024494c658\"},\"headline\":\"Het Filmfestival Oostende stelt zijn programma voor\",\"datePublished\":\"2014-08-08T15:00:21+00:00\",\"dateModified\":\"2014-08-08T14:21:07+00:00\",\"mainEntityOfPage\":{\"@id\":\"https:\/\/welovecinema.be\/nl\/60090\/\"},\"wordCount\":1220,\"publisher\":{\"@id\":\"https:\/\/welovecinema.be\/nl\/#organization\"},\"articleSection\":[\"Festivals\",\"Nieuws\"],\"inLanguage\":\"nl-NL\"},{\"@type\":\"WebPage\",\"@id\":\"https:\/\/welovecinema.be\/nl\/60090\/\",\"url\":\"https:\/\/welovecinema.be\/nl\/60090\/\",\"name\":\"Het Filmfestival Oostende stelt zijn programma voor - We Love Cinema\",\"isPartOf\":{\"@id\":\"https:\/\/welovecinema.be\/nl\/#website\"},\"datePublished\":\"2014-08-08T15:00:21+00:00\",\"dateModified\":\"2014-08-08T14:21:07+00:00\",\"breadcrumb\":{\"@id\":\"https:\/\/welovecinema.be\/nl\/60090\/#breadcrumb\"},\"inLanguage\":\"nl-NL\",\"potentialAction\":[{\"@type\":\"ReadAction\",\"target\":[\"https:\/\/welovecinema.be\/nl\/60090\/\"]}]},{\"@type\":\"BreadcrumbList\",\"@id\":\"https:\/\/welovecinema.be\/nl\/60090\/#breadcrumb\",\"itemListElement\":[{\"@type\":\"ListItem\",\"position\":1,\"name\":\"Accueil\",\"item\":\"https:\/\/welovecinema.be\/nl\/\"},{\"@type\":\"ListItem\",\"position\":2,\"name\":\"Het Filmfestival Oostende stelt zijn programma voor\"}]},{\"@type\":\"WebSite\",\"@id\":\"https:\/\/welovecinema.be\/nl\/#website\",\"url\":\"https:\/\/welovecinema.be\/nl\/\",\"name\":\"We Love Cinema\",\"description\":\"Toute l\u2019information du cin\u00e9ma en Belgique\",\"publisher\":{\"@id\":\"https:\/\/welovecinema.be\/nl\/#organization\"},\"potentialAction\":[{\"@type\":\"SearchAction\",\"target\":{\"@type\":\"EntryPoint\",\"urlTemplate\":\"https:\/\/welovecinema.be\/nl\/?s={search_term_string}\"},\"query-input\":\"required name=search_term_string\"}],\"inLanguage\":\"nl-NL\"},{\"@type\":\"Organization\",\"@id\":\"https:\/\/welovecinema.be\/nl\/#organization\",\"name\":\"We Love Cinema\",\"url\":\"https:\/\/welovecinema.be\/nl\/\",\"logo\":{\"@type\":\"ImageObject\",\"inLanguage\":\"nl-NL\",\"@id\":\"https:\/\/welovecinema.be\/nl\/#\/schema\/logo\/image\/\",\"url\":\"https:\/\/welovecinema.be\/wp-content\/uploads\/sites\/2\/2023\/03\/Logo-We-Love-Cinema305x128.jpg\",\"contentUrl\":\"https:\/\/welovecinema.be\/wp-content\/uploads\/sites\/2\/2023\/03\/Logo-We-Love-Cinema305x128.jpg\",\"width\":305,\"height\":128,\"caption\":\"We Love Cinema\"},\"image\":{\"@id\":\"https:\/\/welovecinema.be\/nl\/#\/schema\/logo\/image\/\"},\"sameAs\":[\"https:\/\/www.facebook.com\/welovecinema.be\",\"https:\/\/www.youtube.com\/channel\/UCX5LYGVhnKvYauW4Nta4HJA\",\"https:\/\/www.instagram.com\/welovecinema.be\/\"]},{\"@type\":\"Person\",\"@id\":\"https:\/\/welovecinema.be\/nl\/#\/schema\/person\/f475ac81c30903d8505475024494c658\",\"name\":\"Kurt.Vandemaele\",\"url\":\"https:\/\/welovecinema.be\/nl\/author\/kurt-vandemaele\/\"}]}<\/script>\n<!-- \/ Yoast SEO plugin. -->","yoast_head_json":{"title":"Het Filmfestival Oostende stelt zijn programma voor - We Love Cinema","robots":{"index":"index","follow":"follow","max-snippet":"max-snippet:-1","max-image-preview":"max-image-preview:large","max-video-preview":"max-video-preview:-1"},"canonical":"https:\/\/welovecinema.be\/nl\/60090\/","og_locale":"nl_NL","og_type":"article","og_title":"Het Filmfestival Oostende stelt zijn programma voor - We Love Cinema","og_description":"Cinevox maakte de voorbije weken al geregeld wat nieuws bekend over het Filmfestival van Oostende, op de recentste persconferentie werden daar vooral wat titels aan toegevoegd. \u00a0Zo kregen we te horen dat de absurde komedie \u2019Liebling\u2019 &#8212; een experimentele lowbudgetfilm van Jozefien\u00a0Schepers &#8212; er te zien zal zijn, dat Koen De Graeve er de Nederlandse &hellip;","og_url":"https:\/\/welovecinema.be\/nl\/60090\/","og_site_name":"We Love Cinema","article_publisher":"https:\/\/www.facebook.com\/welovecinema.be","article_published_time":"2014-08-08T15:00:21+00:00","article_modified_time":"2014-08-08T14:21:07+00:00","og_image":[{"width":800,"height":533,"url":"https:\/\/welovecinema.be\/wp-content\/uploads\/sites\/2\/2014\/08\/IMG_9001-800x533.jpg","type":"image\/jpeg"}],"author":"Kurt.Vandemaele","twitter_card":"summary_large_image","twitter_misc":{"Geschreven door":"Kurt.Vandemaele","Geschatte leestijd":"6 minuten"},"schema":{"@context":"https:\/\/schema.org","@graph":[{"@type":"Article","@id":"https:\/\/welovecinema.be\/nl\/60090\/#article","isPartOf":{"@id":"https:\/\/welovecinema.be\/nl\/60090\/"},"author":{"name":"Kurt.Vandemaele","@id":"https:\/\/welovecinema.be\/nl\/#\/schema\/person\/f475ac81c30903d8505475024494c658"},"headline":"Het Filmfestival Oostende stelt zijn programma voor","datePublished":"2014-08-08T15:00:21+00:00","dateModified":"2014-08-08T14:21:07+00:00","mainEntityOfPage":{"@id":"https:\/\/welovecinema.be\/nl\/60090\/"},"wordCount":1220,"publisher":{"@id":"https:\/\/welovecinema.be\/nl\/#organization"},"articleSection":["Festivals","Nieuws"],"inLanguage":"nl-NL"},{"@type":"WebPage","@id":"https:\/\/welovecinema.be\/nl\/60090\/","url":"https:\/\/welovecinema.be\/nl\/60090\/","name":"Het Filmfestival Oostende stelt zijn programma voor - We Love Cinema","isPartOf":{"@id":"https:\/\/welovecinema.be\/nl\/#website"},"datePublished":"2014-08-08T15:00:21+00:00","dateModified":"2014-08-08T14:21:07+00:00","breadcrumb":{"@id":"https:\/\/welovecinema.be\/nl\/60090\/#breadcrumb"},"inLanguage":"nl-NL","potentialAction":[{"@type":"ReadAction","target":["https:\/\/welovecinema.be\/nl\/60090\/"]}]},{"@type":"BreadcrumbList","@id":"https:\/\/welovecinema.be\/nl\/60090\/#breadcrumb","itemListElement":[{"@type":"ListItem","position":1,"name":"Accueil","item":"https:\/\/welovecinema.be\/nl\/"},{"@type":"ListItem","position":2,"name":"Het Filmfestival Oostende stelt zijn programma voor"}]},{"@type":"WebSite","@id":"https:\/\/welovecinema.be\/nl\/#website","url":"https:\/\/welovecinema.be\/nl\/","name":"We Love Cinema","description":"Toute l\u2019information du cin\u00e9ma en Belgique","publisher":{"@id":"https:\/\/welovecinema.be\/nl\/#organization"},"potentialAction":[{"@type":"SearchAction","target":{"@type":"EntryPoint","urlTemplate":"https:\/\/welovecinema.be\/nl\/?s={search_term_string}"},"query-input":"required name=search_term_string"}],"inLanguage":"nl-NL"},{"@type":"Organization","@id":"https:\/\/welovecinema.be\/nl\/#organization","name":"We Love Cinema","url":"https:\/\/welovecinema.be\/nl\/","logo":{"@type":"ImageObject","inLanguage":"nl-NL","@id":"https:\/\/welovecinema.be\/nl\/#\/schema\/logo\/image\/","url":"https:\/\/welovecinema.be\/wp-content\/uploads\/sites\/2\/2023\/03\/Logo-We-Love-Cinema305x128.jpg","contentUrl":"https:\/\/welovecinema.be\/wp-content\/uploads\/sites\/2\/2023\/03\/Logo-We-Love-Cinema305x128.jpg","width":305,"height":128,"caption":"We Love Cinema"},"image":{"@id":"https:\/\/welovecinema.be\/nl\/#\/schema\/logo\/image\/"},"sameAs":["https:\/\/www.facebook.com\/welovecinema.be","https:\/\/www.youtube.com\/channel\/UCX5LYGVhnKvYauW4Nta4HJA","https:\/\/www.instagram.com\/welovecinema.be\/"]},{"@type":"Person","@id":"https:\/\/welovecinema.be\/nl\/#\/schema\/person\/f475ac81c30903d8505475024494c658","name":"Kurt.Vandemaele","url":"https:\/\/welovecinema.be\/nl\/author\/kurt-vandemaele\/"}]}},"_links":{"self":[{"href":"https:\/\/welovecinema.be\/nl\/wp-json\/wp\/v2\/posts\/60090","targetHints":{"allow":["GET"]}}],"collection":[{"href":"https:\/\/welovecinema.be\/nl\/wp-json\/wp\/v2\/posts"}],"about":[{"href":"https:\/\/welovecinema.be\/nl\/wp-json\/wp\/v2\/types\/post"}],"author":[{"embeddable":true,"href":"https:\/\/welovecinema.be\/nl\/wp-json\/wp\/v2\/users\/8"}],"replies":[{"embeddable":true,"href":"https:\/\/welovecinema.be\/nl\/wp-json\/wp\/v2\/comments?post=60090"}],"version-history":[{"count":0,"href":"https:\/\/welovecinema.be\/nl\/wp-json\/wp\/v2\/posts\/60090\/revisions"}],"wp:featuredmedia":[{"embeddable":true,"href":"https:\/\/welovecinema.be\/nl\/wp-json\/wp\/v2\/media\/60109"}],"wp:attachment":[{"href":"https:\/\/welovecinema.be\/nl\/wp-json\/wp\/v2\/media?parent=60090"}],"wp:term":[{"taxonomy":"category","embeddable":true,"href":"https:\/\/welovecinema.be\/nl\/wp-json\/wp\/v2\/categories?post=60090"},{"taxonomy":"post_tag","embeddable":true,"href":"https:\/\/welovecinema.be\/nl\/wp-json\/wp\/v2\/tags?post=60090"}],"curies":[{"name":"wp","href":"https:\/\/api.w.org\/{rel}","templated":true}]}}