{"id":59453,"date":"2014-08-08T00:23:20","date_gmt":"2014-08-07T22:23:20","guid":{"rendered":"http:\/\/www.cinevox.be\/?p=59453"},"modified":"2014-08-29T15:34:02","modified_gmt":"2014-08-29T13:34:02","slug":"welke-films-komen-in-aanmerking-voor-ensors","status":"publish","type":"post","link":"https:\/\/welovecinema.be\/nl\/welke-films-komen-in-aanmerking-voor-ensors\/","title":{"rendered":"Welke films komen in aanmerking voor de Ensors?"},"content":{"rendered":"<p>Op 20 september worden in het Casino Kursaal van Oostende opnieuw de Ensors uitgereikt. \u00a0De jury kwam vorig weekend al samen om te bepalen wie de genomineerden worden, en die nominaties zullen in de loop van de week worden bekendgemaakt, maar eerst sommen we nog even de films op die in aanmerking komen voor de prijzen. \u00a0En ook de lijsten van de belangrijkste medewerkers aan die films, de mensen die straks in de prijzen kunnen vallen. \u00a0Het is een uitgebreide lijst, vol grote namen. \u00a0Wil zeggen dat het we ons aan een spannende strijd kunnen verwachten.<\/p>\n<p><!--more--><\/p>\n<p>Dit zijn alvast de films die in aanmerking komen voor een Ensornominatie :<\/p>\n<p>&nbsp;<\/p>\n<h2><span style=\"text-decoration: underline;\"><strong><em>\u201982 Dagen in April\u2019<\/em>\u00a0van Bart Van den Bempt<\/strong><\/span><\/h2>\n<p><span style=\"text-decoration: underline;\">Genre<\/span> : drama, familie<\/p>\n<p><span style=\"text-decoration: underline;\"><a href=\"http:\/\/www.cinevox.be\/nl\/welke-films-komen-in-aanmerking-voor-ensors\/1011410_nl_82_dagen_in_april_1389691521245\/\" rel=\"attachment wp-att-60124\"><img loading=\"lazy\" decoding=\"async\" class=\"alignleft size-medium wp-image-60124\" alt=\"\" src=\"http:\/\/www.cinevox.be\/wp-content\/uploads\/sites\/2\/2014\/08\/1011410_nl_82_dagen_in_april_1389691521245-202x270.jpg\" width=\"202\" height=\"270\" srcset=\"https:\/\/welovecinema.be\/wp-content\/uploads\/sites\/2\/2014\/08\/1011410_nl_82_dagen_in_april_1389691521245-202x270.jpg 202w, https:\/\/welovecinema.be\/wp-content\/uploads\/sites\/2\/2014\/08\/1011410_nl_82_dagen_in_april_1389691521245-450x600.jpg 450w, https:\/\/welovecinema.be\/wp-content\/uploads\/sites\/2\/2014\/08\/1011410_nl_82_dagen_in_april_1389691521245.jpg 600w\" sizes=\"auto, (max-width: 202px) 100vw, 202px\" \/><\/a>Synopsis<\/span> : Herman en Marie, een koppel van eind de vijftig, trekken naar Istanbul om de rugzak van hun overleden zoon op te pikken. Een pijnlijke confrontatie met het recente verlies van hun enige kind. Wanneer ze door zijn spullen gaan, vinden ze de restanten van een verloren leven: kleren, een aantekenboek, hotelrekeningen, tickets en ingangskaartjes. Herman is vastberaden om zijn zoons laatste reis te reconstrueren, te zien wat hij heeft gezien, en sleept zijn vrouw mee naar een voor hen onbekend stuk wereld in een poging om loutering te vinden.<\/p>\n<p><span style=\"font-family: Georgia, 'Bitstream Charter', serif; line-height: 1.5; text-decoration: underline; color: #ffffff;\">Scenario<\/span>\u00a0: Bart Van den Bempt<\/p>\n<p><span style=\"text-decoration: underline;\">Acteurs<\/span>\u00a0: Marc Peeters, Karen Vanparys, Stijn Steyaert, Halil Kumova, Vedat Hultekin<\/p>\n<p><span style=\"text-decoration: underline;\"><span class=\"Apple-style-span\" style=\"-webkit-text-decorations-in-effect: none;\">Producer<\/span><\/span><span class=\"Apple-style-span\" style=\"-webkit-text-decorations-in-effect: none;\">\u00a0: Ellen De Waele<\/span><\/p>\n<p><span style=\"text-decoration: underline;\">D.O.P.<\/span>\u00a0: Rik Zang<\/p>\n<p><span style=\"text-decoration: underline;\">Monteur<\/span>\u00a0: Dieter Diependaele<\/p>\n<p><span style=\"text-decoration: underline;\">Muziek<\/span>\u00a0: Arve Henriksen<\/p>\n<p><span style=\"text-decoration: underline;\">Art Direction\u00a0<\/span>: Nadide Argun<\/p>\n<p><span style=\"text-decoration: underline;\">Kostuums<\/span>\u00a0: Catherine Marchand<\/p>\n<p><a title=\"\u201982 Dagen in April\u2019 \u2013 trailer\" href=\"http:\/\/www.cinevox.be\/nl\/82-dagen-in-april-trailer\">BEKIJK HIER DE TRAILER<\/a><\/p>\n<p>&nbsp;<\/p>\n<h2><span style=\"text-decoration: underline;\"><strong><em>\u2019Booster\u2019<\/em>\u00a0van Daniel Lambo<\/strong><\/span><\/h2>\n<p><span style=\"text-decoration: underline;\">Genre<\/span> : familie<\/p>\n<p><span style=\"text-decoration: underline;\"><a href=\"http:\/\/www.cinevox.be\/nl\/welke-films-komen-in-aanmerking-voor-ensors\/booster-affiche-final-rgb-42x60\/\" rel=\"attachment wp-att-60126\"><img loading=\"lazy\" decoding=\"async\" class=\"alignleft size-medium wp-image-60126\" alt=\"\" src=\"http:\/\/www.cinevox.be\/wp-content\/uploads\/sites\/2\/2014\/08\/Booster-affiche-FINAL-rgb-42x60--189x270.jpg\" width=\"189\" height=\"270\" srcset=\"https:\/\/welovecinema.be\/wp-content\/uploads\/sites\/2\/2014\/08\/Booster-affiche-FINAL-rgb-42x60--189x270.jpg 189w, https:\/\/welovecinema.be\/wp-content\/uploads\/sites\/2\/2014\/08\/Booster-affiche-FINAL-rgb-42x60--420x600.jpg 420w\" sizes=\"auto, (max-width: 189px) 100vw, 189px\" \/><\/a>Synopsis<\/span> : \u2019Booster&#8217; brengt het leven in kaart van een stel jongeren die zich amuseren op de pleintjes in de voorstad en pronken met hun opgefokte brommertjes. Achter hun quasi onverschillige fa\u00e7ade worstelen ze met tienerproblemen: de eerste verliefdheid, de status in de groep en het vage besef dat er meer moet zijn in het leven dan dit. In \u2019Booster\u2019 vecht BMX-er Brent zijn kleine oorlogje uit met streetracer Jimmy. De inzet van de strijd: de liefde van \u2018het meisje\u2019, maar ook stille ambities en verborgen pijnen.<\/p>\n<p><span style=\"text-decoration: underline;\">Acteurs<\/span>\u00a0: Aaron Roggeman, Maurits De Baets, Nathan Gybels, Anna Franziska J\u00e4ger, \u00a0Lisa Ahenkona, Thijs J. Antonneau, Joke Devynck, Jurgen Delnaet en Frederike Migom<\/p>\n<p><span style=\"text-decoration: underline;\">Scenario<\/span>\u00a0: Daniel Lambo, Dirk Dobbeleers, Marc Hendrickx<\/p>\n<p><span style=\"text-decoration: underline;\">D.O.P.<\/span>\u00a0: Alexander De Backer<\/p>\n<p><span style=\"text-decoration: underline;\">Producer<\/span>\u00a0: Andreas Vermeulen<\/p>\n<p><a title=\"De trailer van \u2019Booster\u2019 van Dani\u00ebl Lambo\" href=\"http:\/\/www.cinevox.be\/nl\/de-trailer-van-booster-van-daniel-lambo\">BEKIJK HIER DE TRAILER<\/a><\/p>\n<p>&nbsp;<\/p>\n<div>\n<h2><span style=\"text-decoration: underline;\"><strong><em>\u2019De Behandeling\u2019<\/em>\u00a0van Hans Herbots<\/strong><\/span><\/h2>\n<p><span style=\"text-decoration: underline;\">Genre<\/span> : thriller<\/p>\n<p><span style=\"text-decoration: underline;\"><a href=\"http:\/\/www.cinevox.be\/nl\/welke-films-komen-in-aanmerking-voor-ensors\/1010850_nl_de_behandeling_1386083175434-3\/\" rel=\"attachment wp-att-60123\"><img loading=\"lazy\" decoding=\"async\" class=\"alignleft size-medium wp-image-60123\" alt=\"\" src=\"http:\/\/www.cinevox.be\/wp-content\/uploads\/sites\/2\/2014\/08\/1010850_nl_de_behandeling_13860831754341-202x270.jpg\" width=\"202\" height=\"270\" srcset=\"https:\/\/welovecinema.be\/wp-content\/uploads\/sites\/2\/2014\/08\/1010850_nl_de_behandeling_13860831754341-202x270.jpg 202w, https:\/\/welovecinema.be\/wp-content\/uploads\/sites\/2\/2014\/08\/1010850_nl_de_behandeling_13860831754341-450x600.jpg 450w, https:\/\/welovecinema.be\/wp-content\/uploads\/sites\/2\/2014\/08\/1010850_nl_de_behandeling_13860831754341.jpg 600w\" sizes=\"auto, (max-width: 202px) 100vw, 202px\" \/><\/a>Synopsis<\/span> : Rechercheur Nick Cafmeyer heeft de looks, is slim en maakt carri\u00e8re. Maar er hangt een zware schaduw over zijn leven en relaties. Nick worstelt sinds zijn 9de met de onopgeloste verdwijning van zijn broertje Bjorn. Op aanwijzen van de kleine Nick is zijn buurman Plettinckx, een edendelinquent, toen verhoord en weer vrijgelaten. Plettinckx woont na al die jaren nog steeds in dezelfde buurt als Nick en schept er genoegen in om hem te tergen. Het blijft op Nick wegen. De enige vrouw die op de hoogte is van dit drama uit zijn verleden, is zijn chef, Danni. Ze aarzelt om Nick te betrekken bij een nieuwe onrustwekkende zaak : een koppel is 3 dagen vastgehouden door een indringer. Van hun 9-jarig zoontje Robin en de dader ontbreekt elk spoor. Nick neemt de leiding in een adembenemende klopjacht.<\/p>\n<p><span style=\"text-decoration: underline;\">Scenario<\/span>\u00a0: Mo Hayder en Carl Joos<\/p>\n<p><span style=\"text-decoration: underline;\">Acteurs<\/span>\u00a0: Geert Van Rampelberg, Ina Geerts, Johan van Assche, Laura Verlinden, Ingrid De Vos, Dominique Van Malder, Tibo Vandenborre, Brit Van Hoof,&#8230;<\/p>\n<p><span style=\"text-decoration: underline;\">Producer<\/span>\u00a0: Peter Bouckaert (Eyeworks)<\/p>\n<p><span style=\"text-decoration: underline;\">D.O.P<\/span>.\u00a0: Frank van den Eeden<\/p>\n<p><span style=\"text-decoration: underline;\">Soundtrack<\/span> : Kieran Klaassen, Melcher Meirmans, Chrisnanne Wiegel<\/p>\n<p><span style=\"text-decoration: underline;\">Production-design<\/span>\u00a0: Johan Van Essche<\/p>\n<p><span style=\"text-decoration: underline;\">Kostuums<\/span>\u00a0: Nathalie Leborgne<\/p>\n<p><a title=\"Trailer \u2018De Behandeling\u2019 van Hans Herbots\" href=\"http:\/\/www.cinevox.be\/nl\/trailer-behandeling-van-hans-herbots\">BEKIJK HIER DE TRAILER<\/a><\/p>\n<p>&nbsp;<\/p>\n<p><b><i>\u00a0<\/i><\/b><\/p>\n<h2><span style=\"text-decoration: underline;\"><strong><em>\u2019Drift\u2019<\/em>\u00a0van Benny Vandendriessche<\/strong><\/span><\/h2>\n<p><span style=\"text-decoration: underline;\">Genre<\/span> : drama<\/p>\n<p><span style=\"text-decoration: underline;\"><a href=\"http:\/\/www.cinevox.be\/nl\/welke-films-komen-in-aanmerking-voor-ensors\/1011412_nl_drift_1396275097216\/\" rel=\"attachment wp-att-60164\"><img loading=\"lazy\" decoding=\"async\" class=\"alignleft size-medium wp-image-60164\" alt=\"\" src=\"http:\/\/www.cinevox.be\/wp-content\/uploads\/sites\/2\/2014\/08\/1011412_nl_drift_1396275097216-202x270.jpg\" width=\"202\" height=\"270\" srcset=\"https:\/\/welovecinema.be\/wp-content\/uploads\/sites\/2\/2014\/08\/1011412_nl_drift_1396275097216-202x270.jpg 202w, https:\/\/welovecinema.be\/wp-content\/uploads\/sites\/2\/2014\/08\/1011412_nl_drift_1396275097216-450x600.jpg 450w, https:\/\/welovecinema.be\/wp-content\/uploads\/sites\/2\/2014\/08\/1011412_nl_drift_1396275097216.jpg 600w\" sizes=\"auto, (max-width: 202px) 100vw, 202px\" \/><\/a>Synopsis<\/span> : Ergens in een leeg hotel in de Karpaten brengt een Belgisch koppel samen zijn laatste momenten door. \u00a0Het zijn hun laatste momenten van intens geluk. \u00a0Zij lijdt aan een slepende ziekte en is samen met haar man naar een uithoek van de wereld gevlucht om uit het leven te stappen. \u00a0Als het zover is, kan hij de realiteit van een leven zonder haar niet aan. \u00a0Hij geraakt op de dool, is samen met zijn geliefde ook zijn taal kwijt en vindt alleen nog gezelschap in de vele zwerfhonden die het Roemeense braakland bevolken.<\/p>\n<p><span style=\"text-decoration: underline;\">Scenario<\/span> : Benny Vandendriessche<\/p>\n<p><span style=\"text-decoration: underline;\">Acteurs<\/span>\u00a0: Dirk Hendrikx, Lieve Meeussen, Constantin Cojocaru, Vlad Gigla<\/p>\n<p><span style=\"text-decoration: underline;\">Productie<\/span> : Peter Kr\u00fcger<\/p>\n<p><span style=\"text-decoration: underline;\">D.O.P<\/span>.\u00a0: Carl Rottiers<\/p>\n<p><span style=\"text-decoration: underline;\">Montage<\/span> : Tom Denoyette<\/p>\n<p><span style=\"text-decoration: underline;\">Soundtrack<\/span> : Kris Dane<\/p>\n<p><span style=\"text-decoration: underline;\">Sound design<\/span> : Ranko Paukovic<\/p>\n<p><a title=\"Drift \u2013 trailer, deel 1\" href=\"http:\/\/www.cinevox.be\/nl\/drift-trailer-deel-1\">BEKIJK HIER DE TRAILER<\/a><\/p>\n<p>&nbsp;<\/p>\n<p>&nbsp;<\/p>\n<h2><span style=\"text-decoration: underline;\"><strong><em>\u2019Flying Home\u2019<\/em>\u00a0van Dominique Deruddere<\/strong><\/span><\/h2>\n<p><span style=\"text-decoration: underline;\">Genre<\/span> : Romantiek<\/p>\n<p><span style=\"text-decoration: underline;\"><a href=\"http:\/\/www.cinevox.be\/nl\/welke-films-komen-in-aanmerking-voor-ensors\/flying-home-poster\/\" rel=\"attachment wp-att-60169\"><img loading=\"lazy\" decoding=\"async\" class=\"alignleft size-medium wp-image-60169\" alt=\"\" src=\"http:\/\/www.cinevox.be\/wp-content\/uploads\/sites\/2\/2014\/08\/flying-home-poster-189x270.jpg\" width=\"189\" height=\"270\" srcset=\"https:\/\/welovecinema.be\/wp-content\/uploads\/sites\/2\/2014\/08\/flying-home-poster-189x270.jpg 189w, https:\/\/welovecinema.be\/wp-content\/uploads\/sites\/2\/2014\/08\/flying-home-poster-421x600.jpg 421w, https:\/\/welovecinema.be\/wp-content\/uploads\/sites\/2\/2014\/08\/flying-home-poster.jpg 500w\" sizes=\"auto, (max-width: 189px) 100vw, 189px\" \/><\/a>Synopsis<\/span> : Colin, een ambitieuze Amerikaanse investeringsbankier, stelt \u00e9\u00e9n van zijn potenti\u00eble klanten \u2013 een rijke Arabische sjeik en gepassioneerde duivenliefhebber \u2013 een deal voor: als hij erin slaagt de laamse duivenmelker Jos Pauwels te overtuigen zijn prijsduif te verkopen, dan gaat de sjeik met hem in zee. Colin vertrekt naar Vlaanderen en doet zich voor als een leraar. Maar wanneer hij de koppige eigenaar en vooral zijn mooie kleindochter Isabelle leert kennen, realiseert hij zich dat zijn opdracht moeilijker zal lopen dan gehoopt.<\/p>\n<p><span style=\"text-decoration: underline;\">Scenario<\/span>\u00a0: Dominique Deruddere<\/p>\n<p><span style=\"font-family: Georgia, 'Bitstream Charter', serif; line-height: 1.5; text-decoration: underline; color: #ffffff;\">Acteurs<\/span>\u00a0: Jamie Dornan, \u00a0Charlotte De Bruyne, Jan Decleir, Josse De Pauw, Viviane De Muynck, Ali Suliman<\/p>\n<p><span style=\"text-decoration: underline;\">Productie<\/span> : Ludo Poppe en Dominique Deruddere<\/p>\n<p><span style=\"text-decoration: underline;\">D.O.P<\/span>.\u00a0: Frank van den Eeden<\/p>\n<p><span style=\"text-decoration: underline;\">Montage<\/span>\u00a0: Els Voorspoels<\/p>\n<p><span style=\"text-decoration: underline;\">Production-design<\/span>\u00a0: Hubert Pouille<\/p>\n<p><span style=\"text-decoration: underline;\">Kostuums<\/span>\u00a0: Loret Meus<\/p>\n<p><a title=\"\u2019Flying Home\u2019 \u2013 trailer\" href=\"http:\/\/www.cinevox.be\/nl\/flying-home-trailer\">BEKIJK HIER DE TRAILER<\/a><\/p>\n<p>&nbsp;<\/p>\n<\/div>\n<h2><span style=\"text-decoration: underline;\"><strong><em>\u2019Halfweg\u2019<\/em>\u00a0van Geoffrey Enthoven<\/strong><\/span><\/h2>\n<p><span style=\"text-decoration: underline;\">Genre<\/span>\u00a0: komedie<\/p>\n<p><span style=\"text-decoration: underline;\"><a href=\"http:\/\/www.cinevox.be\/nl\/welke-films-komen-in-aanmerking-voor-ensors\/1468799_10152062653010801_1898416939_n-3\/\" rel=\"attachment wp-att-60148\"><img loading=\"lazy\" decoding=\"async\" class=\"alignleft size-medium wp-image-60148\" alt=\"\" src=\"http:\/\/www.cinevox.be\/wp-content\/uploads\/sites\/2\/2014\/08\/1468799_10152062653010801_1898416939_n-179x270.jpg\" width=\"179\" height=\"270\" srcset=\"https:\/\/welovecinema.be\/wp-content\/uploads\/sites\/2\/2014\/08\/1468799_10152062653010801_1898416939_n-179x270.jpg 179w, https:\/\/welovecinema.be\/wp-content\/uploads\/sites\/2\/2014\/08\/1468799_10152062653010801_1898416939_n-399x600.jpg 399w, https:\/\/welovecinema.be\/wp-content\/uploads\/sites\/2\/2014\/08\/1468799_10152062653010801_1898416939_n.jpg 639w\" sizes=\"auto, (max-width: 179px) 100vw, 179px\" \/><\/a>Synopsis<\/span>\u00a0: Stef zit midden in een scheiding en verhuist naar een prachtig huis dat hij flink onder de prijs heeft kunnen kopen. Daar wil hij in alle rust de dingen op een rij zetten, maar die rust wordt al snel verstoord. De vreemde Theo, die als een natte zwerver te pas en te onpas in het huis opduikt, beweert de ware eigenaar te zijn. Stef wil niet wijken en de pesterijen tussen de twee mannen lopen compleet uit de hand. Tot Stef ontdekt dat Theo inderdaad de vorige eigenaar is. En twee jaar geleden overleden. Maar dan staat er plots een jong meisje aan de deur en keert de rust weer. Of toch niet helemaal.<\/p>\n<p><span style=\"text-decoration: underline;\">Scenario<\/span>\u00a0: Pierre De Clercq<\/p>\n<p><span style=\"text-decoration: underline;\">Acteurs<\/span>\u00a0: Koen De Graeve, Jurgen Delnaet, Evelien Bosmans, Gilles De Schrijver, Veerle Baetens, Ella Leyers, Tom Audenaert, Tiny Bertels, Herwig Ilegems, Gunther Lesage, Jos Verbist, &#8230;<\/p>\n<p><span style=\"text-decoration: underline;\">Productie<\/span>\u00a0:Mariano Vanhoof<\/p>\n<p><span style=\"text-decoration: underline;\">D.O.P.<\/span>\u00a0: Gerd Schelfhout<\/p>\n<p><span style=\"text-decoration: underline;\">Montage<\/span>\u00a0: Dieter Diependaele<\/p>\n<p><span style=\"text-decoration: underline;\">Art Direction<\/span>\u00a0: Kurt Rigolle<\/p>\n<p><span style=\"text-decoration: underline;\">Kostuums<\/span>\u00a0: Jo\u00eblle Meerbergen<\/p>\n<p>&nbsp;<\/p>\n<h2><span style=\"text-decoration: underline;\"><strong><em>\u2019Het Vonnis\u2019<\/em>\u00a0 van Jan Verheyen<\/strong><\/span><\/h2>\n<p><span style=\"text-decoration: underline;\">Genre<\/span> : rechtbankdrama<\/p>\n<p><span style=\"text-decoration: underline;\"><a href=\"http:\/\/www.cinevox.be\/nl\/welke-films-komen-in-aanmerking-voor-ensors\/1010128_fr_het_vonnis_1372685710530\/\" rel=\"attachment wp-att-60188\"><img loading=\"lazy\" decoding=\"async\" class=\"alignleft size-medium wp-image-60188\" alt=\"\" src=\"http:\/\/www.cinevox.be\/wp-content\/uploads\/sites\/2\/2014\/08\/1010128_fr_het_vonnis_1372685710530-202x270.jpg\" width=\"202\" height=\"270\" srcset=\"https:\/\/welovecinema.be\/wp-content\/uploads\/sites\/2\/2014\/08\/1010128_fr_het_vonnis_1372685710530-202x270.jpg 202w, https:\/\/welovecinema.be\/wp-content\/uploads\/sites\/2\/2014\/08\/1010128_fr_het_vonnis_1372685710530-450x600.jpg 450w, https:\/\/welovecinema.be\/wp-content\/uploads\/sites\/2\/2014\/08\/1010128_fr_het_vonnis_1372685710530.jpg 600w\" sizes=\"auto, (max-width: 202px) 100vw, 202px\" \/><\/a>Synopsis<\/span> : Als de moordenaar van zijn vrouw door een procedurefout wordt vrijgelaten, slaan bij Luc Segers de stoppen door. Hij neemt het recht in eigen handen, en zal zich daarna meten met de rechtsstaat die hem in de steek heeft gelaten. \u2018Het Vonnis\u2019 is een pakkende rechtbankthriller over recht en rechtvaardigheid, over moraal en ethiek.<\/p>\n<p><span style=\"text-decoration: underline;\">Scenarist<\/span>\u00a0: Jan Verheyen<\/p>\n<p><span style=\"text-decoration: underline;\">Acteurs<\/span>\u00a0: Koen De Bouw, Jappe Claes, Veerle Baetens, Johan Leysen, Joke Devynck, Chris Lomme, Jo De Meyere, Viviane De Muynck en Ella Leyers<\/p>\n<p><span style=\"text-decoration: underline;\">Productie<\/span> : Peter Bouckaert<\/p>\n<p><span style=\"text-decoration: underline;\">Muziek<\/span> : Steve Willaert<\/p>\n<p><span style=\"text-decoration: underline;\">D.O.P.<\/span>\u00a0: Frank van den Eeden<\/p>\n<p><span style=\"text-decoration: underline;\">Montage<\/span> : Philippe Ravoet<\/p>\n<p><span style=\"text-decoration: underline;\">Production design<\/span>\u00a0: Johan Van Essche<\/p>\n<p><a title=\"Trailer \u2018Het Vonnis\u2019 van Jan Verheyen\" href=\"http:\/\/www.cinevox.be\/nl\/42456\">BEKIJK HIER DE TRAILER<\/a><\/p>\n<p>&nbsp;<\/p>\n<h2><span style=\"text-decoration: underline;\"><strong><em>\u2019I\u2019m the same, I\u2019m an other\u2019<\/em> van Caroline Strubbe<\/strong><\/span><\/h2>\n<p><span style=\"text-decoration: underline;\">Genre<\/span> : roadmovie, drama<\/p>\n<p><span style=\"text-decoration: underline;\"><a href=\"http:\/\/www.cinevox.be\/nl\/welke-films-komen-in-aanmerking-voor-ensors\/1011404_nl_i_m_the_same__i_m_an_other_1379602982780-2\/\" rel=\"attachment wp-att-60190\"><img loading=\"lazy\" decoding=\"async\" class=\"alignleft size-medium wp-image-60190\" alt=\"\" src=\"http:\/\/www.cinevox.be\/wp-content\/uploads\/sites\/2\/2014\/08\/1011404_nl_i_m_the_same__i_m_an_other_1379602982780-202x270.jpg\" width=\"202\" height=\"270\" srcset=\"https:\/\/welovecinema.be\/wp-content\/uploads\/sites\/2\/2014\/08\/1011404_nl_i_m_the_same__i_m_an_other_1379602982780-202x270.jpg 202w, https:\/\/welovecinema.be\/wp-content\/uploads\/sites\/2\/2014\/08\/1011404_nl_i_m_the_same__i_m_an_other_1379602982780.jpg 356w\" sizes=\"auto, (max-width: 202px) 100vw, 202px\" \/><\/a>Synopsis<\/span> : &#8216;I&#8217;m the same, I&#8217;m an other&#8217; is de innerlijke roadtrip van een man en een jong meisje samen op de vlucht. Op een vrachtboot richting Verenigd Koninkrijk komt hun gemeenschappelijk verleden aan het licht. Een verleden getekend door verlies. In het geheim duiken ze samen onder in een klein appartement aan de Engelse kust. Verbonden door rouw, leven ze van dag tot dag op zoek naar de grenzen van elkaars gevoelswereld. Maar kunnen ze hun geheim verborgen houden voor de buitenwereld?<\/p>\n<p><span style=\"text-decoration: underline;\">Scenario<\/span> : Caroline Strubbe<\/p>\n<p><span style=\"text-decoration: underline;\">Acteurs<\/span>\u00a0: Kimke Desart, Zoltan Miklos Hajdu<\/p>\n<p><span style=\"text-decoration: underline;\">Producer<\/span> : Tomas Leyers<\/p>\n<p><span style=\"text-decoration: underline;\">D.O.P.<\/span>\u00a0: David Williamson<\/p>\n<p><span style=\"text-decoration: underline;\">Muziek<\/span> : Albert Markos<\/p>\n<p><span style=\"text-decoration: underline;\">Monteur<\/span>\u00a0: David Verdurme<\/p>\n<p><span style=\"text-decoration: underline;\">Kostuums<\/span> : Catherine Van Bree<\/p>\n<p><a title=\"Trailer \u2018I\u2019m the same I\u2019m an other\u2019\" href=\"http:\/\/www.cinevox.be\/nl\/trailer-im-the-same-im-an-other\">BEKIJK HIER DE TRAILER<\/a><\/p>\n<p>&nbsp;<\/p>\n<h2><em><span style=\"text-decoration: underline; color: #ffffff;\"><span class=\"Apple-style-span\" style=\"font-size: 22px; line-height: 32px; text-decoration: underline;\"><strong>\u2019De Kampioenen : Kampioen zijn blijft plezant\u2019<\/strong><\/span><\/span><\/em><\/h2>\n<h2><span style=\"text-decoration: underline; color: #ffffff;\"><strong><em><\/em>van Eric Wirix<\/strong><\/span><\/h2>\n<p><span style=\"text-decoration: underline;\">Genre<\/span> : komedie<\/p>\n<p><span style=\"text-decoration: underline;\"><a href=\"http:\/\/www.cinevox.be\/nl\/welke-films-komen-in-aanmerking-voor-ensors\/1004355_nl_fc_de_kampioenen__de_film_1378205665565-2\/\" rel=\"attachment wp-att-60191\"><img loading=\"lazy\" decoding=\"async\" class=\"alignleft size-medium wp-image-60191\" alt=\"\" src=\"http:\/\/www.cinevox.be\/wp-content\/uploads\/sites\/2\/2014\/08\/1004355_nl_fc_de_kampioenen__de_film_1378205665565-202x270.jpg\" width=\"202\" height=\"270\" srcset=\"https:\/\/welovecinema.be\/wp-content\/uploads\/sites\/2\/2014\/08\/1004355_nl_fc_de_kampioenen__de_film_1378205665565-202x270.jpg 202w, https:\/\/welovecinema.be\/wp-content\/uploads\/sites\/2\/2014\/08\/1004355_nl_fc_de_kampioenen__de_film_1378205665565-450x600.jpg 450w, https:\/\/welovecinema.be\/wp-content\/uploads\/sites\/2\/2014\/08\/1004355_nl_fc_de_kampioenen__de_film_1378205665565.jpg 600w\" sizes=\"auto, (max-width: 202px) 100vw, 202px\" \/><\/a>Synopsis<\/span> : Balthazar Boma, de voorzitter van F.C. De Kampioenen, wil zich met zijn vrouw vestigen in een wijnkasteel in de Provence. Hij nodigt de hele ploeg uit in de Provence voor een vriendenmatch tegen Saint-Tintin, de ploeg van zijn zakenpartner Albert Tartuffe. Albert is een handlanger van een sjeik en heeft Boma uitgenodigd met bijbedoelingen. Zo probeert hij Boma het wijnkasteel te verkopen. De vrouwen van de voetballers hebben aanvankelijk weinig zin om mee te gaan, maar vertrekken uiteindelijk toch. Het wordt een lange en bewogen busrit met Fernand Costermans als reisleider. De reis verloopt niet zonder slag of stoot en wat de kampioenen niet weten, is dat Boma wil stoppen met de ploeg.<\/p>\n<p><span style=\"text-decoration: underline;\">Acteurs<\/span>\u00a0: Johnny Voners, Ann Tuts, Ben Rottiers, Marijn De Valck, Machteld Timmermans, Loes van den Heuvel, Danni Heylen, Tuur De Weert, Herman Verbruggen, An Swartenbroekx, Niels Destadsbader, Jaak Van Assche, Mike Verdrengh, Joyce Beullens, Amid Chakir, Mourade Zeguendi,&#8230;<\/p>\n<p><span style=\"text-decoration: underline;\">Scenario<\/span> : Bart Cooreman, Johan Gevers, Hec Leemans, Paul Piedfort, An Swartenbroekx<\/p>\n<p><span style=\"text-decoration: underline;\">Productie<\/span> : Eric Wirix, Jan Theys, Reinhout Nechelput<\/p>\n<p><span style=\"text-decoration: underline;\">D.O.P<\/span>.\u00a0: Philippe Vanpuyvelde<\/p>\n<p><span style=\"text-decoration: underline;\">Montage<\/span> : Jan Goossen<\/p>\n<p><span style=\"text-decoration: underline;\">Production-design<\/span>\u00a0: Gert Stas en Toon Mari\u00ebn<\/p>\n<p><span style=\"text-decoration: underline;\">Kostuums<\/span>\u00a0: Inge \u00a0Coleman en Tine Deseure<\/p>\n<p><a title=\"De trailer van \u2018F.C. De Kampioenen \u2013 Kampioen Zijn Blijft Plezant\u2019\" href=\"http:\/\/www.cinevox.be\/nl\/trailer-van-f-c-kampioenen-kampioen-zijn-blijft-plezant\">BEKIJK HIER DE TRAILER<\/a><\/p>\n<p>&nbsp;<\/p>\n<h2><span style=\"text-decoration: underline;\"><strong><em>\u2019Labyrinthus\u2019<\/em>\u00a0van Douglas Boswell<\/strong><\/span><\/h2>\n<p><span style=\"text-decoration: underline;\">Genre<\/span> : avontuur, kinderfilm, computeranimatie<\/p>\n<p><span style=\"text-decoration: underline;\"><a href=\"http:\/\/www.cinevox.be\/nl\/welke-films-komen-in-aanmerking-voor-ensors\/labyrinthus-poster\/\" rel=\"attachment wp-att-60192\"><img loading=\"lazy\" decoding=\"async\" class=\"alignleft size-medium wp-image-60192\" alt=\"\" src=\"http:\/\/www.cinevox.be\/wp-content\/uploads\/sites\/2\/2014\/08\/Labyrinthus-Poster-188x270.jpg\" width=\"188\" height=\"270\" srcset=\"https:\/\/welovecinema.be\/wp-content\/uploads\/sites\/2\/2014\/08\/Labyrinthus-Poster-188x270.jpg 188w, https:\/\/welovecinema.be\/wp-content\/uploads\/sites\/2\/2014\/08\/Labyrinthus-Poster-419x600.jpg 419w, https:\/\/welovecinema.be\/wp-content\/uploads\/sites\/2\/2014\/08\/Labyrinthus-Poster.jpg 1434w\" sizes=\"auto, (max-width: 188px) 100vw, 188px\" \/><\/a>Synopsis<\/span> : de film gaat over\u00a0de 14-jarige Frikke die zijn vrienden moet zien te redden uit een computerspel, waar ze via een\u00a0gevaarlijk fototoestel in beland zijn. Wie een foto neemt met dat toestel, katapulteert degene die in beeld komt in vreemd spel in een griezelige webzone, waar je nog moeilijk levend uitkomt. Wat aanvankelijk een onschuldig spel lijkt, is opeens een spel op leven en dood.<\/p>\n<p><span style=\"text-decoration: underline;\">Scenario<\/span> : Pierre De Clercq<\/p>\n<p><span style=\"color: #444444; font-family: Georgia, 'Bitstream Charter', serif; line-height: 1.5; text-decoration: underline;\">Acteurs<\/span>\u00a0: \u00a0Spencer Bogaert, Felix Maesschalk, Emma Verlinden, Ivan Pecnik, Herwig Ilegems, Pepijn Caudron, Tine Embrechts,&#8230;<\/p>\n<p><span style=\"text-decoration: underline;\">Productie<\/span>\u00a0: Bart Van Langendonck<\/p>\n<p><span style=\"text-decoration: underline;\">D.O.P<\/span>.\u00a0: Reinier Van Brummelen<\/p>\n<p><span style=\"text-decoration: underline;\">Montage\u00a0<\/span>: Jan Hameeuw<\/p>\n<p><span style=\"text-decoration: underline;\">Production design<\/span>\u00a0: Kurt Rigolle<\/p>\n<p><span style=\"text-decoration: underline;\">Art Direction<\/span>\u00a0: Merijn Sep<\/p>\n<p><span style=\"text-decoration: underline;\">Kostuums<\/span>\u00a0: Monica Petit<\/p>\n<p><a title=\"Trailer \u2019Labyrinthus\u2019\" href=\"http:\/\/www.cinevox.be\/nl\/trailer-labyrinthus\">BEKIJK HIER DE TRAILER<\/a><\/p>\n<div><\/div>\n<p>&nbsp;<\/p>\n<h2><span style=\"text-decoration: underline;\"><strong><em>\u2019Los Flamencos\u2019<\/em> van Daniel Lambo<\/strong><\/span><\/h2>\n<p><span style=\"text-decoration: underline;\">Genre<\/span> : komedie<\/p>\n<p><span style=\"text-decoration: underline;\"><a href=\"http:\/\/www.cinevox.be\/nl\/welke-films-komen-in-aanmerking-voor-ensors\/los_flamencos_2013_poster\/\" rel=\"attachment wp-att-60171\"><img loading=\"lazy\" decoding=\"async\" class=\"alignleft size-medium wp-image-60171\" alt=\"\" src=\"http:\/\/www.cinevox.be\/wp-content\/uploads\/sites\/2\/2014\/08\/los_flamencos_2013_poster-188x270.jpg\" width=\"188\" height=\"270\" srcset=\"https:\/\/welovecinema.be\/wp-content\/uploads\/sites\/2\/2014\/08\/los_flamencos_2013_poster-188x270.jpg 188w, https:\/\/welovecinema.be\/wp-content\/uploads\/sites\/2\/2014\/08\/los_flamencos_2013_poster-419x600.jpg 419w, https:\/\/welovecinema.be\/wp-content\/uploads\/sites\/2\/2014\/08\/los_flamencos_2013_poster.jpg 1024w\" sizes=\"auto, (max-width: 188px) 100vw, 188px\" \/><\/a>Synopsis<\/span> : De drie stokoude gebroeders Fleminckx &#8211; in hun jonge jaren, de schrik van Turnhout &#8211; zitten op het einde van hun leven financieel aan de grond. Raoul, de man met het plan, overtuigt zijn twee broers nog \u00e9\u00e9n grote slag te slaan: de kluis van een bank openbreken via de aanpalende woning&#8230; een begrafenisonderneming. Maar de dementerende C\u00e9sar die vroeger altijd de vluchtauto\u2019s bestuurde, krijgt nu amper nog een schommelstoel in gang. En de\u00a0stomme P\u00e9 draagt nu pampers en zonder zijn tanden lijkt hij weer klaar voor borstvoeding. Zijn deze krasse knarren op krukken en steunzolen nog wel in staat een bank te kraken? En vinden ze elk wat ze echt zoeken &#8211; de verloren liefde, een eigen stem of simpelweg een waardig leven &#8211; wel in de bankkluis?<\/p>\n<p><span style=\"text-decoration: underline;\">Scenario<\/span>\u00a0: Daniel Lambo<\/p>\n<p><span style=\"text-decoration: underline;\">Acteurs<\/span> : Herwig Ilegems, Mark Verstraeten, Peter Van den Eede, Koen De Bouw, Sien Eggers, Ben Segers, Philippe Geubels<\/p>\n<p><span style=\"text-decoration: underline;\">Producer<\/span> : Tomas Leyers<\/p>\n<p><span style=\"text-decoration: underline;\">D.O.P.<\/span> : Jan Dellaert<\/p>\n<p><span style=\"text-decoration: underline;\">Componist<\/span> : Steven De Bruyn<\/p>\n<p><span style=\"text-decoration: underline;\">Monteur<\/span> : Jan Hameeuw<\/p>\n<p><span style=\"text-decoration: underline;\">Art-direction<\/span> : Merijn Sep<\/p>\n<p><span style=\"text-decoration: underline;\">Kostuums<\/span> : Jutta Smeyers<\/p>\n<p><a title=\"Trailer \u2018Los Flamencos\u2019\" href=\"http:\/\/www.cinevox.be\/nl\/trailer-los-flamencos\">BEKIJK HIER DE TRAILER<\/a><\/p>\n<p>&nbsp;<\/p>\n<h2><strong><span style=\"text-decoration: underline;\"><em>\u2019Marina\u2019<\/em> van Stijn Coninx<\/span><\/strong><\/h2>\n<p><span style=\"text-decoration: underline;\">Genre<\/span> : drama, komedie, biografie<\/p>\n<p><span style=\"text-decoration: underline;\"><a href=\"http:\/\/www.cinevox.be\/nl\/welke-films-komen-in-aanmerking-voor-ensors\/marina_2013_poster\/\" rel=\"attachment wp-att-60172\"><img loading=\"lazy\" decoding=\"async\" class=\"alignleft size-medium wp-image-60172\" alt=\"\" src=\"http:\/\/www.cinevox.be\/wp-content\/uploads\/sites\/2\/2014\/08\/marina_2013_poster-190x270.jpg\" width=\"190\" height=\"270\" srcset=\"https:\/\/welovecinema.be\/wp-content\/uploads\/sites\/2\/2014\/08\/marina_2013_poster-190x270.jpg 190w, https:\/\/welovecinema.be\/wp-content\/uploads\/sites\/2\/2014\/08\/marina_2013_poster-424x600.jpg 424w, https:\/\/welovecinema.be\/wp-content\/uploads\/sites\/2\/2014\/08\/marina_2013_poster.jpg 679w\" sizes=\"auto, (max-width: 190px) 100vw, 190px\" \/><\/a>Synopsis<\/span> : Itali\u00eb 1948. De 10-jarige Rocco groeit op in een bergdorpje in Calabri\u00eb. Op een dag neemt zijn vader Salvatore een moedig besluit: hij wil een betere toekomst voor zijn gezin. En Belgi\u00eb is het beloofde land&#8230; Rocco\u2019s vader werkt in de steelkoolmijnen van Waterschei. Zijn plan: als een rijk man naar Itali\u00eb terugkeren. Maar al na een jaar laat hij zijn hele gezin naar Limburg overkomen. Rocco groeit op in een vreemde omgeving met een rare taal en een andere cultuur. Als rebellerende jongeman zoekt hij \u2013 tegen de wil en overtuiging van zijn vader \u2013 een uitweg in de muziek \u00e9n in de liefde. Hij volgt zijn hart om een eigen droom te realiseren.<\/p>\n<p><span style=\"text-decoration: underline;\"><span class=\"Apple-style-span\" style=\"-webkit-text-decorations-in-effect: none;\"><span style=\"text-decoration: underline;\">Scenario<\/span><\/span><\/span><span class=\"Apple-style-span\" style=\"-webkit-text-decorations-in-effect: none;\">\u00a0: Stijn Coninx en Rik D&#8217;Hiet<\/span><\/p>\n<p><span style=\"text-decoration: underline;\">Acteurs<\/span> : Matteo Simoni, Evelien Bosmans, Luigi Lo Cascio, Donatella Finocchiaro, Warre Borgmans, Wim Willaert, Chris Van Den Durpel<\/p>\n<p><span style=\"text-decoration: underline;\">Productie<\/span> : Peter Bouckaert<\/p>\n<p><span style=\"text-decoration: underline;\">D.O.P.<\/span> : Lou Berghmans<\/p>\n<p><span style=\"text-decoration: underline;\">Muziek<\/span> : Michelino Bisceglia<\/p>\n<p><span style=\"text-decoration: underline;\">Monteur<\/span> : Philippe Ravoet<\/p>\n<p><span style=\"text-decoration: underline;\">Production-design<\/span> : Hubert Pouille<\/p>\n<p><span style=\"text-decoration: underline;\">Kostuums<\/span> : Catherine Marchand<\/p>\n<p><a title=\"trailer \u2018Marina\u2019 van Stijn Coninx\" href=\"http:\/\/www.cinevox.be\/nl\/trailer-marina-van-stijn-coninx\">BEKIJK HIER DE TRAILER<\/a><\/p>\n<p>&nbsp;<\/p>\n<h2><strong><span style=\"text-decoration: underline;\"><em>\u2019W : Witse de film\u2019<\/em> van Frank Van Mechelen<\/span><\/strong><\/h2>\n<p><span style=\"text-decoration: underline;\">Genre<\/span> : misdaad<\/p>\n<p><span style=\"text-decoration: underline;\"><a href=\"http:\/\/www.cinevox.be\/nl\/welke-films-komen-in-aanmerking-voor-ensors\/1011472_nl_witse___de_filme_1387364278901\/\" rel=\"attachment wp-att-60193\"><img loading=\"lazy\" decoding=\"async\" class=\"alignleft size-medium wp-image-60193\" alt=\"\" src=\"http:\/\/www.cinevox.be\/wp-content\/uploads\/sites\/2\/2014\/08\/1011472_nl_witse___de_filme_1387364278901-202x270.jpg\" width=\"202\" height=\"270\" srcset=\"https:\/\/welovecinema.be\/wp-content\/uploads\/sites\/2\/2014\/08\/1011472_nl_witse___de_filme_1387364278901-202x270.jpg 202w, https:\/\/welovecinema.be\/wp-content\/uploads\/sites\/2\/2014\/08\/1011472_nl_witse___de_filme_1387364278901-450x600.jpg 450w, https:\/\/welovecinema.be\/wp-content\/uploads\/sites\/2\/2014\/08\/1011472_nl_witse___de_filme_1387364278901.jpg 600w\" sizes=\"auto, (max-width: 202px) 100vw, 202px\" \/><\/a>Synopsis<\/span> : Witse keert terug naar zijn geboortestreek om de moordenaar van zijn nichtje te vinden. Oude familiewonden worden opengereten. Het duurt niet lang voordat Witse in aanvaring komt met de lokale politie.<\/p>\n<p><span style=\"text-decoration: underline;\"><span class=\"Apple-style-span\" style=\"-webkit-text-decorations-in-effect: none;\"><span style=\"text-decoration: underline;\">Scenario<\/span><\/span><\/span><span class=\"Apple-style-span\" style=\"-webkit-text-decorations-in-effect: none;\">\u00a0: Ward Hulselmans<\/span><\/p>\n<p><span style=\"text-decoration: underline;\">Acteurs<\/span> : Hubert Damen, Wim Opbrouck, Mathijs Scheepers, Robbie Cleiren, Stefaan Degand, Katelijne Verbeke en Hilde Van Haesendonck<\/p>\n<p><span style=\"text-decoration: underline;\"><span class=\"Apple-style-span\" style=\"-webkit-text-decorations-in-effect: none;\"><span style=\"text-decoration: underline;\">Productie<\/span> : Eric Wirix<\/span><\/span><\/p>\n<p><span style=\"text-decoration: underline;\">D.O.P.<\/span> : Lou Berghmans<\/p>\n<p><span style=\"text-decoration: underline;\">Muziek<\/span> : Johan Hoogewijs<\/p>\n<p><span style=\"text-decoration: underline;\">Montage<\/span> : Pieter Smet<\/p>\n<p><a title=\"De affiche en een eerste teaser van \u2018W.\u2019, \u2018Witse De Film\u2019\" href=\"http:\/\/www.cinevox.be\/nl\/w-witse-de-film-de-teaser\">BEKIJK DE TRAILER<\/a><\/p>\n","protected":false},"excerpt":{"rendered":"<p>Op 20 september worden in het Casino Kursaal van Oostende opnieuw de Ensors uitgereikt. \u00a0De jury kwam vorig weekend al samen om te bepalen wie de genomineerden worden, en die nominaties zullen in de loop van de week worden bekendgemaakt, maar eerst sommen we nog even de films op die in aanmerking komen voor de &hellip;<\/p>\n","protected":false},"author":8,"featured_media":60200,"comment_status":"closed","ping_status":"closed","sticky":false,"template":"","format":"standard","meta":{"ngg_post_thumbnail":0,"footnotes":""},"categories":[30,31],"tags":[445,1209,1208,444,567,1311,72,374,1037,584,70,582,870,1591,1210,87,1589,71,348,80,237,1130,1193,370,927,685,330,372,817,1683,1409,449,154,202,1307,512,1681,373,450,1133,84,85,1593,222,1354,408,443,1590,1413,66,1682],"class_list":["post-59453","post","type-post","status-publish","format-standard","has-post-thumbnail","","category-nieuws","category-prijzen","tag-82-dagen-in-april","tag-an-swartenbroekx","tag-ann-tuts","tag-bart-van-den-bempt","tag-benny-vandendriessche","tag-booster","tag-charlotte-de-bruyne","tag-daniel-lambo","tag-de-behandeling","tag-dirk-hendrickx","tag-dominique-deruddere","tag-drift","tag-ella-leyers","tag-emma-verlinden","tag-eric-wirix","tag-evelien-bosmans","tag-felix-maesschalk","tag-flying-home","tag-frank-van-mechelen","tag-geert-van-rampelberg","tag-geoffrey-enthoven","tag-halfweg","tag-herwig-ilegems","tag-het-vonnis","tag-hubert-damen","tag-ina-geerts","tag-ivan-pecnik","tag-jan-verheyen","tag-johan-leysen","tag-johny-voners","tag-kampioen-zijn-blijft-plezant","tag-karen-vanparys","tag-koen-de-bouw","tag-koen-de-graeve","tag-labyrinthus","tag-laura-verlinden","tag-loret-meus","tag-los-flamencos","tag-marc-peeters","tag-marc-verstappen","tag-marina","tag-matteo-simoni","tag-pepijn-caudron","tag-peter-van-den-eede","tag-philippe-geubels","tag-pierre-de-clercq","tag-rik-zang","tag-spencer-bogaert","tag-tine-embrechts","tag-veerle-baetens","tag-w-witse-de-film"],"yoast_head":"<!-- This site is optimized with the Yoast SEO plugin v20.4 - https:\/\/yoast.com\/wordpress\/plugins\/seo\/ -->\n<title>Welke films komen in aanmerking voor de Ensors? - We Love Cinema<\/title>\n<meta name=\"robots\" content=\"index, follow, max-snippet:-1, max-image-preview:large, max-video-preview:-1\" \/>\n<link rel=\"canonical\" href=\"https:\/\/welovecinema.be\/nl\/welke-films-komen-in-aanmerking-voor-ensors\/\" \/>\n<meta property=\"og:locale\" content=\"nl_NL\" \/>\n<meta property=\"og:type\" content=\"article\" \/>\n<meta property=\"og:title\" content=\"Welke films komen in aanmerking voor de Ensors? - We Love Cinema\" \/>\n<meta property=\"og:description\" content=\"Op 20 september worden in het Casino Kursaal van Oostende opnieuw de Ensors uitgereikt. \u00a0De jury kwam vorig weekend al samen om te bepalen wie de genomineerden worden, en die nominaties zullen in de loop van de week worden bekendgemaakt, maar eerst sommen we nog even de films op die in aanmerking komen voor de &hellip;\" \/>\n<meta property=\"og:url\" content=\"https:\/\/welovecinema.be\/nl\/welke-films-komen-in-aanmerking-voor-ensors\/\" \/>\n<meta property=\"og:site_name\" content=\"We Love Cinema\" \/>\n<meta property=\"article:publisher\" content=\"https:\/\/www.facebook.com\/welovecinema.be\" \/>\n<meta property=\"article:published_time\" content=\"2014-08-07T22:23:20+00:00\" \/>\n<meta property=\"article:modified_time\" content=\"2014-08-29T13:34:02+00:00\" \/>\n<meta property=\"og:image\" content=\"https:\/\/welovecinema.be\/wp-content\/uploads\/sites\/2\/2014\/08\/1236343_10151566955256557_1809795522_n.jpg\" \/>\n\t<meta property=\"og:image:width\" content=\"840\" \/>\n\t<meta property=\"og:image:height\" content=\"560\" \/>\n\t<meta property=\"og:image:type\" content=\"image\/jpeg\" \/>\n<meta name=\"author\" content=\"Kurt.Vandemaele\" \/>\n<meta name=\"twitter:card\" content=\"summary_large_image\" \/>\n<meta name=\"twitter:label1\" content=\"Geschreven door\" \/>\n\t<meta name=\"twitter:data1\" content=\"Kurt.Vandemaele\" \/>\n\t<meta name=\"twitter:label2\" content=\"Geschatte leestijd\" \/>\n\t<meta name=\"twitter:data2\" content=\"10 minuten\" \/>\n<script type=\"application\/ld+json\" class=\"yoast-schema-graph\">{\"@context\":\"https:\/\/schema.org\",\"@graph\":[{\"@type\":\"Article\",\"@id\":\"https:\/\/welovecinema.be\/nl\/welke-films-komen-in-aanmerking-voor-ensors\/#article\",\"isPartOf\":{\"@id\":\"https:\/\/welovecinema.be\/nl\/welke-films-komen-in-aanmerking-voor-ensors\/\"},\"author\":{\"name\":\"Kurt.Vandemaele\",\"@id\":\"https:\/\/welovecinema.be\/nl\/#\/schema\/person\/f475ac81c30903d8505475024494c658\"},\"headline\":\"Welke films komen in aanmerking voor de Ensors?\",\"datePublished\":\"2014-08-07T22:23:20+00:00\",\"dateModified\":\"2014-08-29T13:34:02+00:00\",\"mainEntityOfPage\":{\"@id\":\"https:\/\/welovecinema.be\/nl\/welke-films-komen-in-aanmerking-voor-ensors\/\"},\"wordCount\":2055,\"publisher\":{\"@id\":\"https:\/\/welovecinema.be\/nl\/#organization\"},\"keywords\":[\"82 Dagen in April\",\"An Swartenbroekx\",\"Ann Tuts\",\"Bart Van den Bempt\",\"Benny Vandendriessche\",\"Booster\",\"Charlotte De Bruyne\",\"Daniel Lambo\",\"De Behandeling\",\"Dirk Hendrickx\",\"Dominique Deruddere\",\"Drift\",\"Ella Leyers\",\"Emma Verlinden\",\"Eric Wirix\",\"evelien bosmans\",\"Felix Maesschalk\",\"Flying Home\",\"Frank Van Mechelen\",\"Geert Van Rampelberg\",\"Geoffrey Enthoven\",\"Halfweg\",\"Herwig Ilegems\",\"Het Vonnis\",\"Hubert Damen\",\"Ina Geerts\",\"Ivan Pecnik\",\"Jan Verheyen\",\"Johan Leysen\",\"Johny Voners\",\"Kampioen Zijn Blijft Plezant\",\"Karen Vanparys\",\"Koen De Bouw\",\"Koen De Graeve\",\"Labyrinthus\",\"Laura Verlinden\",\"Loret Meus\",\"Los Flamencos\",\"Marc Peeters\",\"Marc Verstappen\",\"marina\",\"matteo simoni\",\"Pepijn Caudron\",\"Peter Van den Eede\",\"Philippe Geubels\",\"Pierre De Clercq\",\"Rik Zang\",\"Spencer Bogaert\",\"Tine Embrechts\",\"Veerle Baetens\",\"W. Witse de film\"],\"articleSection\":[\"Nieuws\",\"Prijzen\"],\"inLanguage\":\"nl-NL\"},{\"@type\":\"WebPage\",\"@id\":\"https:\/\/welovecinema.be\/nl\/welke-films-komen-in-aanmerking-voor-ensors\/\",\"url\":\"https:\/\/welovecinema.be\/nl\/welke-films-komen-in-aanmerking-voor-ensors\/\",\"name\":\"Welke films komen in aanmerking voor de Ensors? - We Love Cinema\",\"isPartOf\":{\"@id\":\"https:\/\/welovecinema.be\/nl\/#website\"},\"datePublished\":\"2014-08-07T22:23:20+00:00\",\"dateModified\":\"2014-08-29T13:34:02+00:00\",\"breadcrumb\":{\"@id\":\"https:\/\/welovecinema.be\/nl\/welke-films-komen-in-aanmerking-voor-ensors\/#breadcrumb\"},\"inLanguage\":\"nl-NL\",\"potentialAction\":[{\"@type\":\"ReadAction\",\"target\":[\"https:\/\/welovecinema.be\/nl\/welke-films-komen-in-aanmerking-voor-ensors\/\"]}]},{\"@type\":\"BreadcrumbList\",\"@id\":\"https:\/\/welovecinema.be\/nl\/welke-films-komen-in-aanmerking-voor-ensors\/#breadcrumb\",\"itemListElement\":[{\"@type\":\"ListItem\",\"position\":1,\"name\":\"Accueil\",\"item\":\"https:\/\/welovecinema.be\/nl\/\"},{\"@type\":\"ListItem\",\"position\":2,\"name\":\"Welke films komen in aanmerking voor de Ensors?\"}]},{\"@type\":\"WebSite\",\"@id\":\"https:\/\/welovecinema.be\/nl\/#website\",\"url\":\"https:\/\/welovecinema.be\/nl\/\",\"name\":\"We Love Cinema\",\"description\":\"Toute l\u2019information du cin\u00e9ma en Belgique\",\"publisher\":{\"@id\":\"https:\/\/welovecinema.be\/nl\/#organization\"},\"potentialAction\":[{\"@type\":\"SearchAction\",\"target\":{\"@type\":\"EntryPoint\",\"urlTemplate\":\"https:\/\/welovecinema.be\/nl\/?s={search_term_string}\"},\"query-input\":\"required name=search_term_string\"}],\"inLanguage\":\"nl-NL\"},{\"@type\":\"Organization\",\"@id\":\"https:\/\/welovecinema.be\/nl\/#organization\",\"name\":\"We Love Cinema\",\"url\":\"https:\/\/welovecinema.be\/nl\/\",\"logo\":{\"@type\":\"ImageObject\",\"inLanguage\":\"nl-NL\",\"@id\":\"https:\/\/welovecinema.be\/nl\/#\/schema\/logo\/image\/\",\"url\":\"https:\/\/welovecinema.be\/wp-content\/uploads\/sites\/2\/2023\/03\/Logo-We-Love-Cinema305x128.jpg\",\"contentUrl\":\"https:\/\/welovecinema.be\/wp-content\/uploads\/sites\/2\/2023\/03\/Logo-We-Love-Cinema305x128.jpg\",\"width\":305,\"height\":128,\"caption\":\"We Love Cinema\"},\"image\":{\"@id\":\"https:\/\/welovecinema.be\/nl\/#\/schema\/logo\/image\/\"},\"sameAs\":[\"https:\/\/www.facebook.com\/welovecinema.be\",\"https:\/\/www.youtube.com\/channel\/UCX5LYGVhnKvYauW4Nta4HJA\",\"https:\/\/www.instagram.com\/welovecinema.be\/\"]},{\"@type\":\"Person\",\"@id\":\"https:\/\/welovecinema.be\/nl\/#\/schema\/person\/f475ac81c30903d8505475024494c658\",\"name\":\"Kurt.Vandemaele\",\"url\":\"https:\/\/welovecinema.be\/nl\/author\/kurt-vandemaele\/\"}]}<\/script>\n<!-- \/ Yoast SEO plugin. -->","yoast_head_json":{"title":"Welke films komen in aanmerking voor de Ensors? - We Love Cinema","robots":{"index":"index","follow":"follow","max-snippet":"max-snippet:-1","max-image-preview":"max-image-preview:large","max-video-preview":"max-video-preview:-1"},"canonical":"https:\/\/welovecinema.be\/nl\/welke-films-komen-in-aanmerking-voor-ensors\/","og_locale":"nl_NL","og_type":"article","og_title":"Welke films komen in aanmerking voor de Ensors? - We Love Cinema","og_description":"Op 20 september worden in het Casino Kursaal van Oostende opnieuw de Ensors uitgereikt. \u00a0De jury kwam vorig weekend al samen om te bepalen wie de genomineerden worden, en die nominaties zullen in de loop van de week worden bekendgemaakt, maar eerst sommen we nog even de films op die in aanmerking komen voor de &hellip;","og_url":"https:\/\/welovecinema.be\/nl\/welke-films-komen-in-aanmerking-voor-ensors\/","og_site_name":"We Love Cinema","article_publisher":"https:\/\/www.facebook.com\/welovecinema.be","article_published_time":"2014-08-07T22:23:20+00:00","article_modified_time":"2014-08-29T13:34:02+00:00","og_image":[{"width":840,"height":560,"url":"https:\/\/welovecinema.be\/wp-content\/uploads\/sites\/2\/2014\/08\/1236343_10151566955256557_1809795522_n.jpg","type":"image\/jpeg"}],"author":"Kurt.Vandemaele","twitter_card":"summary_large_image","twitter_misc":{"Geschreven door":"Kurt.Vandemaele","Geschatte leestijd":"10 minuten"},"schema":{"@context":"https:\/\/schema.org","@graph":[{"@type":"Article","@id":"https:\/\/welovecinema.be\/nl\/welke-films-komen-in-aanmerking-voor-ensors\/#article","isPartOf":{"@id":"https:\/\/welovecinema.be\/nl\/welke-films-komen-in-aanmerking-voor-ensors\/"},"author":{"name":"Kurt.Vandemaele","@id":"https:\/\/welovecinema.be\/nl\/#\/schema\/person\/f475ac81c30903d8505475024494c658"},"headline":"Welke films komen in aanmerking voor de Ensors?","datePublished":"2014-08-07T22:23:20+00:00","dateModified":"2014-08-29T13:34:02+00:00","mainEntityOfPage":{"@id":"https:\/\/welovecinema.be\/nl\/welke-films-komen-in-aanmerking-voor-ensors\/"},"wordCount":2055,"publisher":{"@id":"https:\/\/welovecinema.be\/nl\/#organization"},"keywords":["82 Dagen in April","An Swartenbroekx","Ann Tuts","Bart Van den Bempt","Benny Vandendriessche","Booster","Charlotte De Bruyne","Daniel Lambo","De Behandeling","Dirk Hendrickx","Dominique Deruddere","Drift","Ella Leyers","Emma Verlinden","Eric Wirix","evelien bosmans","Felix Maesschalk","Flying Home","Frank Van Mechelen","Geert Van Rampelberg","Geoffrey Enthoven","Halfweg","Herwig Ilegems","Het Vonnis","Hubert Damen","Ina Geerts","Ivan Pecnik","Jan Verheyen","Johan Leysen","Johny Voners","Kampioen Zijn Blijft Plezant","Karen Vanparys","Koen De Bouw","Koen De Graeve","Labyrinthus","Laura Verlinden","Loret Meus","Los Flamencos","Marc Peeters","Marc Verstappen","marina","matteo simoni","Pepijn Caudron","Peter Van den Eede","Philippe Geubels","Pierre De Clercq","Rik Zang","Spencer Bogaert","Tine Embrechts","Veerle Baetens","W. Witse de film"],"articleSection":["Nieuws","Prijzen"],"inLanguage":"nl-NL"},{"@type":"WebPage","@id":"https:\/\/welovecinema.be\/nl\/welke-films-komen-in-aanmerking-voor-ensors\/","url":"https:\/\/welovecinema.be\/nl\/welke-films-komen-in-aanmerking-voor-ensors\/","name":"Welke films komen in aanmerking voor de Ensors? - We Love Cinema","isPartOf":{"@id":"https:\/\/welovecinema.be\/nl\/#website"},"datePublished":"2014-08-07T22:23:20+00:00","dateModified":"2014-08-29T13:34:02+00:00","breadcrumb":{"@id":"https:\/\/welovecinema.be\/nl\/welke-films-komen-in-aanmerking-voor-ensors\/#breadcrumb"},"inLanguage":"nl-NL","potentialAction":[{"@type":"ReadAction","target":["https:\/\/welovecinema.be\/nl\/welke-films-komen-in-aanmerking-voor-ensors\/"]}]},{"@type":"BreadcrumbList","@id":"https:\/\/welovecinema.be\/nl\/welke-films-komen-in-aanmerking-voor-ensors\/#breadcrumb","itemListElement":[{"@type":"ListItem","position":1,"name":"Accueil","item":"https:\/\/welovecinema.be\/nl\/"},{"@type":"ListItem","position":2,"name":"Welke films komen in aanmerking voor de Ensors?"}]},{"@type":"WebSite","@id":"https:\/\/welovecinema.be\/nl\/#website","url":"https:\/\/welovecinema.be\/nl\/","name":"We Love Cinema","description":"Toute l\u2019information du cin\u00e9ma en Belgique","publisher":{"@id":"https:\/\/welovecinema.be\/nl\/#organization"},"potentialAction":[{"@type":"SearchAction","target":{"@type":"EntryPoint","urlTemplate":"https:\/\/welovecinema.be\/nl\/?s={search_term_string}"},"query-input":"required name=search_term_string"}],"inLanguage":"nl-NL"},{"@type":"Organization","@id":"https:\/\/welovecinema.be\/nl\/#organization","name":"We Love Cinema","url":"https:\/\/welovecinema.be\/nl\/","logo":{"@type":"ImageObject","inLanguage":"nl-NL","@id":"https:\/\/welovecinema.be\/nl\/#\/schema\/logo\/image\/","url":"https:\/\/welovecinema.be\/wp-content\/uploads\/sites\/2\/2023\/03\/Logo-We-Love-Cinema305x128.jpg","contentUrl":"https:\/\/welovecinema.be\/wp-content\/uploads\/sites\/2\/2023\/03\/Logo-We-Love-Cinema305x128.jpg","width":305,"height":128,"caption":"We Love Cinema"},"image":{"@id":"https:\/\/welovecinema.be\/nl\/#\/schema\/logo\/image\/"},"sameAs":["https:\/\/www.facebook.com\/welovecinema.be","https:\/\/www.youtube.com\/channel\/UCX5LYGVhnKvYauW4Nta4HJA","https:\/\/www.instagram.com\/welovecinema.be\/"]},{"@type":"Person","@id":"https:\/\/welovecinema.be\/nl\/#\/schema\/person\/f475ac81c30903d8505475024494c658","name":"Kurt.Vandemaele","url":"https:\/\/welovecinema.be\/nl\/author\/kurt-vandemaele\/"}]}},"_links":{"self":[{"href":"https:\/\/welovecinema.be\/nl\/wp-json\/wp\/v2\/posts\/59453","targetHints":{"allow":["GET"]}}],"collection":[{"href":"https:\/\/welovecinema.be\/nl\/wp-json\/wp\/v2\/posts"}],"about":[{"href":"https:\/\/welovecinema.be\/nl\/wp-json\/wp\/v2\/types\/post"}],"author":[{"embeddable":true,"href":"https:\/\/welovecinema.be\/nl\/wp-json\/wp\/v2\/users\/8"}],"replies":[{"embeddable":true,"href":"https:\/\/welovecinema.be\/nl\/wp-json\/wp\/v2\/comments?post=59453"}],"version-history":[{"count":0,"href":"https:\/\/welovecinema.be\/nl\/wp-json\/wp\/v2\/posts\/59453\/revisions"}],"wp:featuredmedia":[{"embeddable":true,"href":"https:\/\/welovecinema.be\/nl\/wp-json\/wp\/v2\/media\/60200"}],"wp:attachment":[{"href":"https:\/\/welovecinema.be\/nl\/wp-json\/wp\/v2\/media?parent=59453"}],"wp:term":[{"taxonomy":"category","embeddable":true,"href":"https:\/\/welovecinema.be\/nl\/wp-json\/wp\/v2\/categories?post=59453"},{"taxonomy":"post_tag","embeddable":true,"href":"https:\/\/welovecinema.be\/nl\/wp-json\/wp\/v2\/tags?post=59453"}],"curies":[{"name":"wp","href":"https:\/\/api.w.org\/{rel}","templated":true}]}}