{"id":59063,"date":"2014-07-06T16:53:34","date_gmt":"2014-07-06T14:53:34","guid":{"rendered":"http:\/\/www.cinevox.be\/?p=59063"},"modified":"2014-07-06T16:53:34","modified_gmt":"2014-07-06T14:53:34","slug":"internationale-trailer-van-the-drop-nieuwe-film-van-michael-r-roskam","status":"publish","type":"post","link":"https:\/\/welovecinema.be\/nl\/internationale-trailer-van-the-drop-nieuwe-film-van-michael-r-roskam\/","title":{"rendered":"De internationale trailer van \u2019The Drop\u2019, de nieuwe film van Micha\u00ebl R. Roskam"},"content":{"rendered":"<p>Er was al een Amerikaanse trailer voor <em>\u2019The Drop\u2019<\/em>, nu is er dus ook een internationale trailer. \u00a0Iets korter, maar met iets meer aanwezigheid van <strong>Matthias Schoenaerts<\/strong>. Het is in ieder geval duidelijk : \u2019The Drop\u2019 van <strong>Micha\u00ebl R. Roskam<\/strong> krijgt niet alleen een Amerikaanse carri\u00e8re, maar ook een volwaardige internationale carri\u00e8re. \u00a0Terecht, zo kunnen we alleen maar afleiden uit beide trailers.<\/p>\n","protected":false},"excerpt":{"rendered":"<p>Er was al een Amerikaanse trailer voor \u2019The Drop\u2019, nu is er dus ook een internationale trailer. \u00a0Iets korter, maar met iets meer aanwezigheid van Matthias Schoenaerts. Het is in ieder geval duidelijk : \u2019The Drop\u2019 van Micha\u00ebl R. Roskam krijgt niet alleen een Amerikaanse carri\u00e8re, maar ook een volwaardige internationale carri\u00e8re. \u00a0Terecht, zo kunnen &hellip;<\/p>\n","protected":false},"author":8,"featured_media":59064,"comment_status":"closed","ping_status":"closed","sticky":false,"template":"","format":"standard","meta":{"ngg_post_thumbnail":0,"footnotes":""},"categories":[54],"tags":[],"class_list":["post-59063","post","type-post","status-publish","format-standard","has-post-thumbnail","","category-binnenkort"],"yoast_head":"<!-- This site is optimized with the Yoast SEO plugin v20.4 - https:\/\/yoast.com\/wordpress\/plugins\/seo\/ -->\n<title>De internationale trailer van \u2019The Drop\u2019, de nieuwe film van Micha\u00ebl R. Roskam - We Love Cinema<\/title>\n<meta name=\"robots\" content=\"index, follow, max-snippet:-1, max-image-preview:large, max-video-preview:-1\" \/>\n<link rel=\"canonical\" href=\"https:\/\/welovecinema.be\/nl\/internationale-trailer-van-the-drop-nieuwe-film-van-michael-r-roskam\/\" \/>\n<meta property=\"og:locale\" content=\"nl_NL\" \/>\n<meta property=\"og:type\" content=\"article\" \/>\n<meta property=\"og:title\" content=\"De internationale trailer van \u2019The Drop\u2019, de nieuwe film van Micha\u00ebl R. Roskam - We Love Cinema\" \/>\n<meta property=\"og:description\" content=\"Er was al een Amerikaanse trailer voor \u2019The Drop\u2019, nu is er dus ook een internationale trailer. \u00a0Iets korter, maar met iets meer aanwezigheid van Matthias Schoenaerts. Het is in ieder geval duidelijk : \u2019The Drop\u2019 van Micha\u00ebl R. Roskam krijgt niet alleen een Amerikaanse carri\u00e8re, maar ook een volwaardige internationale carri\u00e8re. \u00a0Terecht, zo kunnen &hellip;\" \/>\n<meta property=\"og:url\" content=\"https:\/\/welovecinema.be\/nl\/internationale-trailer-van-the-drop-nieuwe-film-van-michael-r-roskam\/\" \/>\n<meta property=\"og:site_name\" content=\"We Love Cinema\" \/>\n<meta property=\"article:publisher\" content=\"https:\/\/www.facebook.com\/welovecinema.be\" \/>\n<meta property=\"article:published_time\" content=\"2014-07-06T14:53:34+00:00\" \/>\n<meta property=\"og:image\" content=\"https:\/\/welovecinema.be\/wp-content\/uploads\/sites\/2\/2014\/07\/the_drop_5.jpg\" \/>\n\t<meta property=\"og:image:width\" content=\"540\" \/>\n\t<meta property=\"og:image:height\" content=\"380\" \/>\n\t<meta property=\"og:image:type\" content=\"image\/jpeg\" \/>\n<meta name=\"author\" content=\"Kurt.Vandemaele\" \/>\n<meta name=\"twitter:card\" content=\"summary_large_image\" \/>\n<meta name=\"twitter:label1\" content=\"Geschreven door\" \/>\n\t<meta name=\"twitter:data1\" content=\"Kurt.Vandemaele\" \/>\n<script type=\"application\/ld+json\" class=\"yoast-schema-graph\">{\"@context\":\"https:\/\/schema.org\",\"@graph\":[{\"@type\":\"Article\",\"@id\":\"https:\/\/welovecinema.be\/nl\/internationale-trailer-van-the-drop-nieuwe-film-van-michael-r-roskam\/#article\",\"isPartOf\":{\"@id\":\"https:\/\/welovecinema.be\/nl\/internationale-trailer-van-the-drop-nieuwe-film-van-michael-r-roskam\/\"},\"author\":{\"name\":\"Kurt.Vandemaele\",\"@id\":\"https:\/\/welovecinema.be\/nl\/#\/schema\/person\/f475ac81c30903d8505475024494c658\"},\"headline\":\"De internationale trailer van \u2019The Drop\u2019, de nieuwe film van Micha\u00ebl R. Roskam\",\"datePublished\":\"2014-07-06T14:53:34+00:00\",\"dateModified\":\"2014-07-06T14:53:34+00:00\",\"mainEntityOfPage\":{\"@id\":\"https:\/\/welovecinema.be\/nl\/internationale-trailer-van-the-drop-nieuwe-film-van-michael-r-roskam\/\"},\"wordCount\":78,\"publisher\":{\"@id\":\"https:\/\/welovecinema.be\/nl\/#organization\"},\"articleSection\":[\"Binnenkort\"],\"inLanguage\":\"nl-NL\"},{\"@type\":\"WebPage\",\"@id\":\"https:\/\/welovecinema.be\/nl\/internationale-trailer-van-the-drop-nieuwe-film-van-michael-r-roskam\/\",\"url\":\"https:\/\/welovecinema.be\/nl\/internationale-trailer-van-the-drop-nieuwe-film-van-michael-r-roskam\/\",\"name\":\"De internationale trailer van \u2019The Drop\u2019, de nieuwe film van Micha\u00ebl R. Roskam - We Love Cinema\",\"isPartOf\":{\"@id\":\"https:\/\/welovecinema.be\/nl\/#website\"},\"datePublished\":\"2014-07-06T14:53:34+00:00\",\"dateModified\":\"2014-07-06T14:53:34+00:00\",\"breadcrumb\":{\"@id\":\"https:\/\/welovecinema.be\/nl\/internationale-trailer-van-the-drop-nieuwe-film-van-michael-r-roskam\/#breadcrumb\"},\"inLanguage\":\"nl-NL\",\"potentialAction\":[{\"@type\":\"ReadAction\",\"target\":[\"https:\/\/welovecinema.be\/nl\/internationale-trailer-van-the-drop-nieuwe-film-van-michael-r-roskam\/\"]}]},{\"@type\":\"BreadcrumbList\",\"@id\":\"https:\/\/welovecinema.be\/nl\/internationale-trailer-van-the-drop-nieuwe-film-van-michael-r-roskam\/#breadcrumb\",\"itemListElement\":[{\"@type\":\"ListItem\",\"position\":1,\"name\":\"Accueil\",\"item\":\"https:\/\/welovecinema.be\/nl\/\"},{\"@type\":\"ListItem\",\"position\":2,\"name\":\"De internationale trailer van \u2019The Drop\u2019, de nieuwe film van Micha\u00ebl R. Roskam\"}]},{\"@type\":\"WebSite\",\"@id\":\"https:\/\/welovecinema.be\/nl\/#website\",\"url\":\"https:\/\/welovecinema.be\/nl\/\",\"name\":\"We Love Cinema\",\"description\":\"Toute l\u2019information du cin\u00e9ma en Belgique\",\"publisher\":{\"@id\":\"https:\/\/welovecinema.be\/nl\/#organization\"},\"potentialAction\":[{\"@type\":\"SearchAction\",\"target\":{\"@type\":\"EntryPoint\",\"urlTemplate\":\"https:\/\/welovecinema.be\/nl\/?s={search_term_string}\"},\"query-input\":\"required name=search_term_string\"}],\"inLanguage\":\"nl-NL\"},{\"@type\":\"Organization\",\"@id\":\"https:\/\/welovecinema.be\/nl\/#organization\",\"name\":\"We Love Cinema\",\"url\":\"https:\/\/welovecinema.be\/nl\/\",\"logo\":{\"@type\":\"ImageObject\",\"inLanguage\":\"nl-NL\",\"@id\":\"https:\/\/welovecinema.be\/nl\/#\/schema\/logo\/image\/\",\"url\":\"https:\/\/welovecinema.be\/wp-content\/uploads\/sites\/2\/2023\/03\/Logo-We-Love-Cinema305x128.jpg\",\"contentUrl\":\"https:\/\/welovecinema.be\/wp-content\/uploads\/sites\/2\/2023\/03\/Logo-We-Love-Cinema305x128.jpg\",\"width\":305,\"height\":128,\"caption\":\"We Love Cinema\"},\"image\":{\"@id\":\"https:\/\/welovecinema.be\/nl\/#\/schema\/logo\/image\/\"},\"sameAs\":[\"https:\/\/www.facebook.com\/welovecinema.be\",\"https:\/\/www.youtube.com\/channel\/UCX5LYGVhnKvYauW4Nta4HJA\",\"https:\/\/www.instagram.com\/welovecinema.be\/\"]},{\"@type\":\"Person\",\"@id\":\"https:\/\/welovecinema.be\/nl\/#\/schema\/person\/f475ac81c30903d8505475024494c658\",\"name\":\"Kurt.Vandemaele\",\"url\":\"https:\/\/welovecinema.be\/nl\/author\/kurt-vandemaele\/\"}]}<\/script>\n<!-- \/ Yoast SEO plugin. -->","yoast_head_json":{"title":"De internationale trailer van \u2019The Drop\u2019, de nieuwe film van Micha\u00ebl R. Roskam - We Love Cinema","robots":{"index":"index","follow":"follow","max-snippet":"max-snippet:-1","max-image-preview":"max-image-preview:large","max-video-preview":"max-video-preview:-1"},"canonical":"https:\/\/welovecinema.be\/nl\/internationale-trailer-van-the-drop-nieuwe-film-van-michael-r-roskam\/","og_locale":"nl_NL","og_type":"article","og_title":"De internationale trailer van \u2019The Drop\u2019, de nieuwe film van Micha\u00ebl R. Roskam - We Love Cinema","og_description":"Er was al een Amerikaanse trailer voor \u2019The Drop\u2019, nu is er dus ook een internationale trailer. \u00a0Iets korter, maar met iets meer aanwezigheid van Matthias Schoenaerts. Het is in ieder geval duidelijk : \u2019The Drop\u2019 van Micha\u00ebl R. Roskam krijgt niet alleen een Amerikaanse carri\u00e8re, maar ook een volwaardige internationale carri\u00e8re. \u00a0Terecht, zo kunnen &hellip;","og_url":"https:\/\/welovecinema.be\/nl\/internationale-trailer-van-the-drop-nieuwe-film-van-michael-r-roskam\/","og_site_name":"We Love Cinema","article_publisher":"https:\/\/www.facebook.com\/welovecinema.be","article_published_time":"2014-07-06T14:53:34+00:00","og_image":[{"width":540,"height":380,"url":"https:\/\/welovecinema.be\/wp-content\/uploads\/sites\/2\/2014\/07\/the_drop_5.jpg","type":"image\/jpeg"}],"author":"Kurt.Vandemaele","twitter_card":"summary_large_image","twitter_misc":{"Geschreven door":"Kurt.Vandemaele"},"schema":{"@context":"https:\/\/schema.org","@graph":[{"@type":"Article","@id":"https:\/\/welovecinema.be\/nl\/internationale-trailer-van-the-drop-nieuwe-film-van-michael-r-roskam\/#article","isPartOf":{"@id":"https:\/\/welovecinema.be\/nl\/internationale-trailer-van-the-drop-nieuwe-film-van-michael-r-roskam\/"},"author":{"name":"Kurt.Vandemaele","@id":"https:\/\/welovecinema.be\/nl\/#\/schema\/person\/f475ac81c30903d8505475024494c658"},"headline":"De internationale trailer van \u2019The Drop\u2019, de nieuwe film van Micha\u00ebl R. Roskam","datePublished":"2014-07-06T14:53:34+00:00","dateModified":"2014-07-06T14:53:34+00:00","mainEntityOfPage":{"@id":"https:\/\/welovecinema.be\/nl\/internationale-trailer-van-the-drop-nieuwe-film-van-michael-r-roskam\/"},"wordCount":78,"publisher":{"@id":"https:\/\/welovecinema.be\/nl\/#organization"},"articleSection":["Binnenkort"],"inLanguage":"nl-NL"},{"@type":"WebPage","@id":"https:\/\/welovecinema.be\/nl\/internationale-trailer-van-the-drop-nieuwe-film-van-michael-r-roskam\/","url":"https:\/\/welovecinema.be\/nl\/internationale-trailer-van-the-drop-nieuwe-film-van-michael-r-roskam\/","name":"De internationale trailer van \u2019The Drop\u2019, de nieuwe film van Micha\u00ebl R. Roskam - We Love Cinema","isPartOf":{"@id":"https:\/\/welovecinema.be\/nl\/#website"},"datePublished":"2014-07-06T14:53:34+00:00","dateModified":"2014-07-06T14:53:34+00:00","breadcrumb":{"@id":"https:\/\/welovecinema.be\/nl\/internationale-trailer-van-the-drop-nieuwe-film-van-michael-r-roskam\/#breadcrumb"},"inLanguage":"nl-NL","potentialAction":[{"@type":"ReadAction","target":["https:\/\/welovecinema.be\/nl\/internationale-trailer-van-the-drop-nieuwe-film-van-michael-r-roskam\/"]}]},{"@type":"BreadcrumbList","@id":"https:\/\/welovecinema.be\/nl\/internationale-trailer-van-the-drop-nieuwe-film-van-michael-r-roskam\/#breadcrumb","itemListElement":[{"@type":"ListItem","position":1,"name":"Accueil","item":"https:\/\/welovecinema.be\/nl\/"},{"@type":"ListItem","position":2,"name":"De internationale trailer van \u2019The Drop\u2019, de nieuwe film van Micha\u00ebl R. Roskam"}]},{"@type":"WebSite","@id":"https:\/\/welovecinema.be\/nl\/#website","url":"https:\/\/welovecinema.be\/nl\/","name":"We Love Cinema","description":"Toute l\u2019information du cin\u00e9ma en Belgique","publisher":{"@id":"https:\/\/welovecinema.be\/nl\/#organization"},"potentialAction":[{"@type":"SearchAction","target":{"@type":"EntryPoint","urlTemplate":"https:\/\/welovecinema.be\/nl\/?s={search_term_string}"},"query-input":"required name=search_term_string"}],"inLanguage":"nl-NL"},{"@type":"Organization","@id":"https:\/\/welovecinema.be\/nl\/#organization","name":"We Love Cinema","url":"https:\/\/welovecinema.be\/nl\/","logo":{"@type":"ImageObject","inLanguage":"nl-NL","@id":"https:\/\/welovecinema.be\/nl\/#\/schema\/logo\/image\/","url":"https:\/\/welovecinema.be\/wp-content\/uploads\/sites\/2\/2023\/03\/Logo-We-Love-Cinema305x128.jpg","contentUrl":"https:\/\/welovecinema.be\/wp-content\/uploads\/sites\/2\/2023\/03\/Logo-We-Love-Cinema305x128.jpg","width":305,"height":128,"caption":"We Love Cinema"},"image":{"@id":"https:\/\/welovecinema.be\/nl\/#\/schema\/logo\/image\/"},"sameAs":["https:\/\/www.facebook.com\/welovecinema.be","https:\/\/www.youtube.com\/channel\/UCX5LYGVhnKvYauW4Nta4HJA","https:\/\/www.instagram.com\/welovecinema.be\/"]},{"@type":"Person","@id":"https:\/\/welovecinema.be\/nl\/#\/schema\/person\/f475ac81c30903d8505475024494c658","name":"Kurt.Vandemaele","url":"https:\/\/welovecinema.be\/nl\/author\/kurt-vandemaele\/"}]}},"_links":{"self":[{"href":"https:\/\/welovecinema.be\/nl\/wp-json\/wp\/v2\/posts\/59063","targetHints":{"allow":["GET"]}}],"collection":[{"href":"https:\/\/welovecinema.be\/nl\/wp-json\/wp\/v2\/posts"}],"about":[{"href":"https:\/\/welovecinema.be\/nl\/wp-json\/wp\/v2\/types\/post"}],"author":[{"embeddable":true,"href":"https:\/\/welovecinema.be\/nl\/wp-json\/wp\/v2\/users\/8"}],"replies":[{"embeddable":true,"href":"https:\/\/welovecinema.be\/nl\/wp-json\/wp\/v2\/comments?post=59063"}],"version-history":[{"count":0,"href":"https:\/\/welovecinema.be\/nl\/wp-json\/wp\/v2\/posts\/59063\/revisions"}],"wp:featuredmedia":[{"embeddable":true,"href":"https:\/\/welovecinema.be\/nl\/wp-json\/wp\/v2\/media\/59064"}],"wp:attachment":[{"href":"https:\/\/welovecinema.be\/nl\/wp-json\/wp\/v2\/media?parent=59063"}],"wp:term":[{"taxonomy":"category","embeddable":true,"href":"https:\/\/welovecinema.be\/nl\/wp-json\/wp\/v2\/categories?post=59063"},{"taxonomy":"post_tag","embeddable":true,"href":"https:\/\/welovecinema.be\/nl\/wp-json\/wp\/v2\/tags?post=59063"}],"curies":[{"name":"wp","href":"https:\/\/api.w.org\/{rel}","templated":true}]}}