{"id":57040,"date":"2014-05-25T11:27:35","date_gmt":"2014-05-25T09:27:35","guid":{"rendered":"http:\/\/www.cinevox.be\/?p=57040"},"modified":"2014-05-25T12:03:45","modified_gmt":"2014-05-25T10:03:45","slug":"sam-louwyck-is-enige-belg-die-wint-in-cannes","status":"publish","type":"post","link":"https:\/\/welovecinema.be\/nl\/sam-louwyck-is-enige-belg-die-wint-in-cannes\/","title":{"rendered":"Sam Louwyck is de enige Belg die wint in Cannes"},"content":{"rendered":"<p>De prijsuitreikingen in Cannes zijn een tegenvaller geworden voor de Belgen. \u00a0Van ons part had <strong>Fabrice Du Welz<\/strong> in de prijzen mogen vallen in de Quinzaine voor zijn<em> \u2019Alleluia!\u2019<\/em>, maar hij was niet bij de gelukkigen. \u00a0En heel erg verrassend werd <em>\u2019Deux jours, une nuit\u2019<\/em> helemaal genegeerd door de jury. \u00a0Zelfs de Franse heldin <strong>Marion Cotillard<\/strong> won geen prijs. \u00a0Wie wel won, was<strong> Sam Louwyck<\/strong>. \u00a0Onrechtstreeks toch. \u00a0Want regisseur <strong>Alice Rohrwacher<\/strong> kreeg voor <em>\u2019Le Meraviglie\u2019<\/em>, de film waarin hij de mannelijke hoofdrol vertolkt, \u2019Le Grand Prix\u2019 uit handen van <strong>Sophia Loren<\/strong>.<\/p>\n<p><!--more--><\/p>\n<p>\u201cOnverhoopt\u201d, zo laat Sam Louywyck weten in een eerste reactie. De acteur kan terecht trots zijn, want de Grand Prix Award is \u00ad na de Gouden Palm \u00ad de hoogste onderscheiding in Cannes. Illustere voorgangers van \u2018Le Meraviglie\u2019 waren de voorbije jaren onder meer <em>\u2018Inside Llewyn Davis\u2019<\/em> (2013) van de gebroeders <strong>Coen<\/strong> en <em>\u2018Le Gamin au V\u00e9lo&#8217;<\/em> (2011) van Jean-\u00adPierre en Luc Dardenne. De jury werd dit jaar voorgezeten door <strong>Jane Campion<\/strong>, terwijl ook <strong>Sofia Coppola<\/strong>, <strong>Willem Dafoe<\/strong> en <strong>Gael Garcia Bernal<\/strong> deel uitmaakten van dit selecte clubje..<\/p>\n<h2>STOP DE TIJD<\/h2>\n<p>\u2019Le Meraviglie\u2019 is een Italiaans-Duits-Zwitserse coproductie over een gezin dat op de buiten woont en niets wil te maken hebben met de wereld waarin het er allemaal snel en artificieel toegaat. \u00a0Wolfgang, vader van vier dochters, tracht hardnekkig de evolutie tegen te houden en kweekt bijen, diertjes die ook bedreigd worden door de evolutie. \u00a0E\u00e9nmaal oudste dochter Gelsomina echter haar zinnen zet op een commerci\u00eble tv\u00ad-wedstrijd (gepresenteerd door <strong>Monica Bellucci<\/strong>) duurt het niet lang vooraleer het pantser van het traditionele gezin de eerste barsten vertoont.\u00a0Wolfgang is een koppig man die gedreven wordt door zijn instincten. \u00a0Het was vooral de lichaamstaal die Alice Rohrwacher ervan overtuigde dat ze hem moest hebben voor die mannelijke hoofdrol in haar film.<\/p>\n<p><a href=\"http:\/\/www.cinevox.be\/nl\/sam-louwyck-is-enige-belg-die-wint-in-cannes\/samlou-lemeraviglie20\/\" rel=\"attachment wp-att-57041\"><img loading=\"lazy\" decoding=\"async\" class=\"aligncenter size-large wp-image-57041\" alt=\"\" src=\"http:\/\/www.cinevox.be\/wp-content\/uploads\/sites\/2\/2014\/05\/SamLou-LeMeraviglie20-800x500.jpg\" width=\"640\" height=\"400\" srcset=\"https:\/\/welovecinema.be\/wp-content\/uploads\/sites\/2\/2014\/05\/SamLou-LeMeraviglie20-800x500.jpg 800w, https:\/\/welovecinema.be\/wp-content\/uploads\/sites\/2\/2014\/05\/SamLou-LeMeraviglie20-432x270.jpg 432w, https:\/\/welovecinema.be\/wp-content\/uploads\/sites\/2\/2014\/05\/SamLou-LeMeraviglie20.jpg 1920w\" sizes=\"auto, (max-width: 640px) 100vw, 640px\" \/><\/a><\/p>\n<p>De Britse The Telegraph had deze week al 5 sterrren veil voor dit \u2018coming of age\u2019 sprookje en dit is beslist niet het einde voor Alice Rohrwacher en haar equipaggio.<\/p>\n<h2>DRUKKE TIJDEN VOOR SAM<\/h2>\n<p>En of het dus drukke weken en maanden worden voor Sam Louwyck. In Cannes werd de afgelopen week ook <em>\u2018Emperor\u2019<b> <\/b><\/em>voorgesteld. Deze historische film wordt geregisseerd door <b>Lee Tamahori <\/b>(bekend van <em>\u2018Die Another Day\u2019<\/em> en<em> \u2018The Devils Double\u2019<\/em>) en gaat over het leven van Keizer Karel. Een rol die wordt vertolkt door Oscarwinnaar <b>Adrien Brody <\/b>(<em>\u2018The Pianist\u2019<\/em>). Louwyck neemt de vertolking van Jan van Gent op zich en ook Michael Pas doet mee. Morgen start hij in Luxemburg met de opnames van <em>\u2018Le Chant des Hommes\u2019<b> <\/b><\/em>van <strong>B\u00e9n\u00e9dicte Li\u00e9nard<\/strong> en <strong>Mary Jimenez<\/strong>. Met zijn band <b>Falling Man <\/b>is de Bruggeling deze zomer dan weer te zien op <b>Boomtown <\/b>(23 juli) in Gent.<\/p>\n<p><a href=\"http:\/\/www.cinevox.be\/nl\/sam-louwyck-is-enige-belg-die-wint-in-cannes\/samloubrugge31\/\" rel=\"attachment wp-att-57048\"><img loading=\"lazy\" decoding=\"async\" class=\"aligncenter size-large wp-image-57048\" alt=\"\" src=\"http:\/\/www.cinevox.be\/wp-content\/uploads\/sites\/2\/2014\/05\/SamLouBrugge31-800x500.jpg\" width=\"640\" height=\"400\" srcset=\"https:\/\/welovecinema.be\/wp-content\/uploads\/sites\/2\/2014\/05\/SamLouBrugge31-800x500.jpg 800w, https:\/\/welovecinema.be\/wp-content\/uploads\/sites\/2\/2014\/05\/SamLouBrugge31-432x270.jpg 432w, https:\/\/welovecinema.be\/wp-content\/uploads\/sites\/2\/2014\/05\/SamLouBrugge31.jpg 1920w\" sizes=\"auto, (max-width: 640px) 100vw, 640px\" \/><\/a><\/p>\n<p>Zie ook:<\/p>\n<p><a title=\"Sam Louwyck over \u2019Le Meraviglie\u2019\" href=\"http:\/\/www.cinevox.be\/nl\/sam-louwyck-over-meravil\">Sam Louwyck over \u2019Le Meraviglie&#8217;<\/a><\/p>\n<p><a title=\"Sam Louwyck speelt de hoofdrol in een nieuwe film met Monica Belluci\" href=\"http:\/\/www.cinevox.be\/nl\/sam-louwyck-speelt-de-hoofdrol-een-nieuwe-film-met-monica-belluci\/\">Sam Louwyck over werken met Monica Bellucci<\/a><\/p>\n<p><a title=\"Sam Louwyck is nerveus voor Cannes\" href=\"http:\/\/www.cinevox.be\/nl\/sam-louwyck-is-nerveus-voor-cannes\">Sam Louwyck is nerveus voor Cannes<\/a><\/p>\n<p><a title=\"Sam Louwyck gaat naar Cannes om te winnen\" href=\"http:\/\/www.cinevox.be\/nl\/sam-louwyck-gaat-naar-cannes-om-te-winnen\">Sam Louwyck gaat naar Cannes om te winnen<\/a><\/p>\n<p><a title=\"Sam Louwyck is alleen op de wereld\" href=\"http:\/\/www.cinevox.be\/nl\/sam-louwyck-is-alleen-op-wereld\">Sam Louwyck is alleen op de wereld<\/a><\/p>\n<p><a title=\"Sam Louwyck is autodidact en daardoor minder misvormd en minder zelfverzekerd\" href=\"http:\/\/www.cinevox.be\/nl\/sam-louwyck-is-autodidact-en-daardoor-minder-misvormd-en-minder-zelfverzekerd\">Sam Louwyck is autodidact<\/a><\/p>\n<p><a title=\"Sam Louwyck en zijn stamcaf\u00e9 Brugs Hof\" href=\"http:\/\/www.cinevox.be\/nl\/sam-louwyck-en-zijn-stamcafe-brugs-hof\">Sam Louwyck over zijn stamcaf\u00e9<\/a><\/p>\n<p><a title=\"Sam Louwyck met Olivier Gourmet in \u2018Terre Battue\u2019\" href=\"http:\/\/www.cinevox.be\/nl\/sam-louwyck-met-olivier-gourmet-terre-battue\">Sam Louwyck met Olivier Gourmet in \u2019Terre Battue&#8217;<\/a><\/p>\n<p><a title=\"Sam Louwyck had 36 uren niet geslapen voor zijn rol in \u2018De Weg van Alle Vlees\u2019\" href=\"http:\/\/www.cinevox.be\/nl\/sam-louwyck-36-uren-niet-geslapen-voor-zijn-rol-de-weg-van-alle-vlees\">Sam Louwyck over zijn rol in \u2019De Weg van Alle Vlees&#8217;<\/a><\/p>\n<p><a title=\"Sam Louwyck met Wim Willaert in \u2018Zinneke\u2019\" href=\"http:\/\/www.cinevox.be\/nl\/sam-louwyck-met-wim-willaert-zinneke\/\">Sam Louwyck over zijn rol in \u2019Zinneke&#8217;<\/a><\/p>\n<p><a title=\"De drukste acteur van Belgi\u00eb : Sam Louwyck\" href=\"http:\/\/www.cinevox.be\/nl\/de-drukste-acteur-van-belgie-sam-louwyck\/\">Sam Louwyck : de drukst bezette acteur van het land<\/a><\/p>\n<p>&nbsp;<\/p>\n","protected":false},"excerpt":{"rendered":"<p>De prijsuitreikingen in Cannes zijn een tegenvaller geworden voor de Belgen. \u00a0Van ons part had Fabrice Du Welz in de prijzen mogen vallen in de Quinzaine voor zijn \u2019Alleluia!\u2019, maar hij was niet bij de gelukkigen. \u00a0En heel erg verrassend werd \u2019Deux jours, une nuit\u2019 helemaal genegeerd door de jury. \u00a0Zelfs de Franse heldin Marion &hellip;<\/p>\n","protected":false},"author":8,"featured_media":57043,"comment_status":"closed","ping_status":"closed","sticky":false,"template":"","format":"standard","meta":{"ngg_post_thumbnail":0,"footnotes":""},"categories":[30,31],"tags":[],"class_list":["post-57040","post","type-post","status-publish","format-standard","has-post-thumbnail","","category-nieuws","category-prijzen"],"yoast_head":"<!-- This site is optimized with the Yoast SEO plugin v20.4 - https:\/\/yoast.com\/wordpress\/plugins\/seo\/ -->\n<title>Sam Louwyck is de enige Belg die wint in Cannes - We Love Cinema<\/title>\n<meta name=\"robots\" content=\"index, follow, max-snippet:-1, max-image-preview:large, max-video-preview:-1\" \/>\n<link rel=\"canonical\" href=\"https:\/\/welovecinema.be\/nl\/sam-louwyck-is-enige-belg-die-wint-in-cannes\/\" \/>\n<meta property=\"og:locale\" content=\"nl_NL\" \/>\n<meta property=\"og:type\" content=\"article\" \/>\n<meta property=\"og:title\" content=\"Sam Louwyck is de enige Belg die wint in Cannes - We Love Cinema\" \/>\n<meta property=\"og:description\" content=\"De prijsuitreikingen in Cannes zijn een tegenvaller geworden voor de Belgen. \u00a0Van ons part had Fabrice Du Welz in de prijzen mogen vallen in de Quinzaine voor zijn \u2019Alleluia!\u2019, maar hij was niet bij de gelukkigen. \u00a0En heel erg verrassend werd \u2019Deux jours, une nuit\u2019 helemaal genegeerd door de jury. \u00a0Zelfs de Franse heldin Marion &hellip;\" \/>\n<meta property=\"og:url\" content=\"https:\/\/welovecinema.be\/nl\/sam-louwyck-is-enige-belg-die-wint-in-cannes\/\" \/>\n<meta property=\"og:site_name\" content=\"We Love Cinema\" \/>\n<meta property=\"article:publisher\" content=\"https:\/\/www.facebook.com\/welovecinema.be\" \/>\n<meta property=\"article:published_time\" content=\"2014-05-25T09:27:35+00:00\" \/>\n<meta property=\"article:modified_time\" content=\"2014-05-25T10:03:45+00:00\" \/>\n<meta property=\"og:image\" content=\"https:\/\/welovecinema.be\/wp-content\/uploads\/sites\/2\/2014\/05\/SamLou-LeMeraviglie23.jpg\" \/>\n\t<meta property=\"og:image:width\" content=\"1920\" \/>\n\t<meta property=\"og:image:height\" content=\"1200\" \/>\n\t<meta property=\"og:image:type\" content=\"image\/jpeg\" \/>\n<meta name=\"author\" content=\"Kurt.Vandemaele\" \/>\n<meta name=\"twitter:card\" content=\"summary_large_image\" \/>\n<meta name=\"twitter:label1\" content=\"Geschreven door\" \/>\n\t<meta name=\"twitter:data1\" content=\"Kurt.Vandemaele\" \/>\n\t<meta name=\"twitter:label2\" content=\"Geschatte leestijd\" \/>\n\t<meta name=\"twitter:data2\" content=\"3 minuten\" \/>\n<script type=\"application\/ld+json\" class=\"yoast-schema-graph\">{\"@context\":\"https:\/\/schema.org\",\"@graph\":[{\"@type\":\"Article\",\"@id\":\"https:\/\/welovecinema.be\/nl\/sam-louwyck-is-enige-belg-die-wint-in-cannes\/#article\",\"isPartOf\":{\"@id\":\"https:\/\/welovecinema.be\/nl\/sam-louwyck-is-enige-belg-die-wint-in-cannes\/\"},\"author\":{\"name\":\"Kurt.Vandemaele\",\"@id\":\"https:\/\/welovecinema.be\/nl\/#\/schema\/person\/f475ac81c30903d8505475024494c658\"},\"headline\":\"Sam Louwyck is de enige Belg die wint in Cannes\",\"datePublished\":\"2014-05-25T09:27:35+00:00\",\"dateModified\":\"2014-05-25T10:03:45+00:00\",\"mainEntityOfPage\":{\"@id\":\"https:\/\/welovecinema.be\/nl\/sam-louwyck-is-enige-belg-die-wint-in-cannes\/\"},\"wordCount\":538,\"publisher\":{\"@id\":\"https:\/\/welovecinema.be\/nl\/#organization\"},\"articleSection\":[\"Nieuws\",\"Prijzen\"],\"inLanguage\":\"nl-NL\"},{\"@type\":\"WebPage\",\"@id\":\"https:\/\/welovecinema.be\/nl\/sam-louwyck-is-enige-belg-die-wint-in-cannes\/\",\"url\":\"https:\/\/welovecinema.be\/nl\/sam-louwyck-is-enige-belg-die-wint-in-cannes\/\",\"name\":\"Sam Louwyck is de enige Belg die wint in Cannes - We Love Cinema\",\"isPartOf\":{\"@id\":\"https:\/\/welovecinema.be\/nl\/#website\"},\"datePublished\":\"2014-05-25T09:27:35+00:00\",\"dateModified\":\"2014-05-25T10:03:45+00:00\",\"breadcrumb\":{\"@id\":\"https:\/\/welovecinema.be\/nl\/sam-louwyck-is-enige-belg-die-wint-in-cannes\/#breadcrumb\"},\"inLanguage\":\"nl-NL\",\"potentialAction\":[{\"@type\":\"ReadAction\",\"target\":[\"https:\/\/welovecinema.be\/nl\/sam-louwyck-is-enige-belg-die-wint-in-cannes\/\"]}]},{\"@type\":\"BreadcrumbList\",\"@id\":\"https:\/\/welovecinema.be\/nl\/sam-louwyck-is-enige-belg-die-wint-in-cannes\/#breadcrumb\",\"itemListElement\":[{\"@type\":\"ListItem\",\"position\":1,\"name\":\"Accueil\",\"item\":\"https:\/\/welovecinema.be\/nl\/\"},{\"@type\":\"ListItem\",\"position\":2,\"name\":\"Sam Louwyck is de enige Belg die wint in Cannes\"}]},{\"@type\":\"WebSite\",\"@id\":\"https:\/\/welovecinema.be\/nl\/#website\",\"url\":\"https:\/\/welovecinema.be\/nl\/\",\"name\":\"We Love Cinema\",\"description\":\"Toute l\u2019information du cin\u00e9ma en Belgique\",\"publisher\":{\"@id\":\"https:\/\/welovecinema.be\/nl\/#organization\"},\"potentialAction\":[{\"@type\":\"SearchAction\",\"target\":{\"@type\":\"EntryPoint\",\"urlTemplate\":\"https:\/\/welovecinema.be\/nl\/?s={search_term_string}\"},\"query-input\":\"required name=search_term_string\"}],\"inLanguage\":\"nl-NL\"},{\"@type\":\"Organization\",\"@id\":\"https:\/\/welovecinema.be\/nl\/#organization\",\"name\":\"We Love Cinema\",\"url\":\"https:\/\/welovecinema.be\/nl\/\",\"logo\":{\"@type\":\"ImageObject\",\"inLanguage\":\"nl-NL\",\"@id\":\"https:\/\/welovecinema.be\/nl\/#\/schema\/logo\/image\/\",\"url\":\"https:\/\/welovecinema.be\/wp-content\/uploads\/sites\/2\/2023\/03\/Logo-We-Love-Cinema305x128.jpg\",\"contentUrl\":\"https:\/\/welovecinema.be\/wp-content\/uploads\/sites\/2\/2023\/03\/Logo-We-Love-Cinema305x128.jpg\",\"width\":305,\"height\":128,\"caption\":\"We Love Cinema\"},\"image\":{\"@id\":\"https:\/\/welovecinema.be\/nl\/#\/schema\/logo\/image\/\"},\"sameAs\":[\"https:\/\/www.facebook.com\/welovecinema.be\",\"https:\/\/www.youtube.com\/channel\/UCX5LYGVhnKvYauW4Nta4HJA\",\"https:\/\/www.instagram.com\/welovecinema.be\/\"]},{\"@type\":\"Person\",\"@id\":\"https:\/\/welovecinema.be\/nl\/#\/schema\/person\/f475ac81c30903d8505475024494c658\",\"name\":\"Kurt.Vandemaele\",\"url\":\"https:\/\/welovecinema.be\/nl\/author\/kurt-vandemaele\/\"}]}<\/script>\n<!-- \/ Yoast SEO plugin. -->","yoast_head_json":{"title":"Sam Louwyck is de enige Belg die wint in Cannes - We Love Cinema","robots":{"index":"index","follow":"follow","max-snippet":"max-snippet:-1","max-image-preview":"max-image-preview:large","max-video-preview":"max-video-preview:-1"},"canonical":"https:\/\/welovecinema.be\/nl\/sam-louwyck-is-enige-belg-die-wint-in-cannes\/","og_locale":"nl_NL","og_type":"article","og_title":"Sam Louwyck is de enige Belg die wint in Cannes - We Love Cinema","og_description":"De prijsuitreikingen in Cannes zijn een tegenvaller geworden voor de Belgen. \u00a0Van ons part had Fabrice Du Welz in de prijzen mogen vallen in de Quinzaine voor zijn \u2019Alleluia!\u2019, maar hij was niet bij de gelukkigen. \u00a0En heel erg verrassend werd \u2019Deux jours, une nuit\u2019 helemaal genegeerd door de jury. \u00a0Zelfs de Franse heldin Marion &hellip;","og_url":"https:\/\/welovecinema.be\/nl\/sam-louwyck-is-enige-belg-die-wint-in-cannes\/","og_site_name":"We Love Cinema","article_publisher":"https:\/\/www.facebook.com\/welovecinema.be","article_published_time":"2014-05-25T09:27:35+00:00","article_modified_time":"2014-05-25T10:03:45+00:00","og_image":[{"width":1920,"height":1200,"url":"https:\/\/welovecinema.be\/wp-content\/uploads\/sites\/2\/2014\/05\/SamLou-LeMeraviglie23.jpg","type":"image\/jpeg"}],"author":"Kurt.Vandemaele","twitter_card":"summary_large_image","twitter_misc":{"Geschreven door":"Kurt.Vandemaele","Geschatte leestijd":"3 minuten"},"schema":{"@context":"https:\/\/schema.org","@graph":[{"@type":"Article","@id":"https:\/\/welovecinema.be\/nl\/sam-louwyck-is-enige-belg-die-wint-in-cannes\/#article","isPartOf":{"@id":"https:\/\/welovecinema.be\/nl\/sam-louwyck-is-enige-belg-die-wint-in-cannes\/"},"author":{"name":"Kurt.Vandemaele","@id":"https:\/\/welovecinema.be\/nl\/#\/schema\/person\/f475ac81c30903d8505475024494c658"},"headline":"Sam Louwyck is de enige Belg die wint in Cannes","datePublished":"2014-05-25T09:27:35+00:00","dateModified":"2014-05-25T10:03:45+00:00","mainEntityOfPage":{"@id":"https:\/\/welovecinema.be\/nl\/sam-louwyck-is-enige-belg-die-wint-in-cannes\/"},"wordCount":538,"publisher":{"@id":"https:\/\/welovecinema.be\/nl\/#organization"},"articleSection":["Nieuws","Prijzen"],"inLanguage":"nl-NL"},{"@type":"WebPage","@id":"https:\/\/welovecinema.be\/nl\/sam-louwyck-is-enige-belg-die-wint-in-cannes\/","url":"https:\/\/welovecinema.be\/nl\/sam-louwyck-is-enige-belg-die-wint-in-cannes\/","name":"Sam Louwyck is de enige Belg die wint in Cannes - We Love Cinema","isPartOf":{"@id":"https:\/\/welovecinema.be\/nl\/#website"},"datePublished":"2014-05-25T09:27:35+00:00","dateModified":"2014-05-25T10:03:45+00:00","breadcrumb":{"@id":"https:\/\/welovecinema.be\/nl\/sam-louwyck-is-enige-belg-die-wint-in-cannes\/#breadcrumb"},"inLanguage":"nl-NL","potentialAction":[{"@type":"ReadAction","target":["https:\/\/welovecinema.be\/nl\/sam-louwyck-is-enige-belg-die-wint-in-cannes\/"]}]},{"@type":"BreadcrumbList","@id":"https:\/\/welovecinema.be\/nl\/sam-louwyck-is-enige-belg-die-wint-in-cannes\/#breadcrumb","itemListElement":[{"@type":"ListItem","position":1,"name":"Accueil","item":"https:\/\/welovecinema.be\/nl\/"},{"@type":"ListItem","position":2,"name":"Sam Louwyck is de enige Belg die wint in Cannes"}]},{"@type":"WebSite","@id":"https:\/\/welovecinema.be\/nl\/#website","url":"https:\/\/welovecinema.be\/nl\/","name":"We Love Cinema","description":"Toute l\u2019information du cin\u00e9ma en Belgique","publisher":{"@id":"https:\/\/welovecinema.be\/nl\/#organization"},"potentialAction":[{"@type":"SearchAction","target":{"@type":"EntryPoint","urlTemplate":"https:\/\/welovecinema.be\/nl\/?s={search_term_string}"},"query-input":"required name=search_term_string"}],"inLanguage":"nl-NL"},{"@type":"Organization","@id":"https:\/\/welovecinema.be\/nl\/#organization","name":"We Love Cinema","url":"https:\/\/welovecinema.be\/nl\/","logo":{"@type":"ImageObject","inLanguage":"nl-NL","@id":"https:\/\/welovecinema.be\/nl\/#\/schema\/logo\/image\/","url":"https:\/\/welovecinema.be\/wp-content\/uploads\/sites\/2\/2023\/03\/Logo-We-Love-Cinema305x128.jpg","contentUrl":"https:\/\/welovecinema.be\/wp-content\/uploads\/sites\/2\/2023\/03\/Logo-We-Love-Cinema305x128.jpg","width":305,"height":128,"caption":"We Love Cinema"},"image":{"@id":"https:\/\/welovecinema.be\/nl\/#\/schema\/logo\/image\/"},"sameAs":["https:\/\/www.facebook.com\/welovecinema.be","https:\/\/www.youtube.com\/channel\/UCX5LYGVhnKvYauW4Nta4HJA","https:\/\/www.instagram.com\/welovecinema.be\/"]},{"@type":"Person","@id":"https:\/\/welovecinema.be\/nl\/#\/schema\/person\/f475ac81c30903d8505475024494c658","name":"Kurt.Vandemaele","url":"https:\/\/welovecinema.be\/nl\/author\/kurt-vandemaele\/"}]}},"_links":{"self":[{"href":"https:\/\/welovecinema.be\/nl\/wp-json\/wp\/v2\/posts\/57040","targetHints":{"allow":["GET"]}}],"collection":[{"href":"https:\/\/welovecinema.be\/nl\/wp-json\/wp\/v2\/posts"}],"about":[{"href":"https:\/\/welovecinema.be\/nl\/wp-json\/wp\/v2\/types\/post"}],"author":[{"embeddable":true,"href":"https:\/\/welovecinema.be\/nl\/wp-json\/wp\/v2\/users\/8"}],"replies":[{"embeddable":true,"href":"https:\/\/welovecinema.be\/nl\/wp-json\/wp\/v2\/comments?post=57040"}],"version-history":[{"count":0,"href":"https:\/\/welovecinema.be\/nl\/wp-json\/wp\/v2\/posts\/57040\/revisions"}],"wp:featuredmedia":[{"embeddable":true,"href":"https:\/\/welovecinema.be\/nl\/wp-json\/wp\/v2\/media\/57043"}],"wp:attachment":[{"href":"https:\/\/welovecinema.be\/nl\/wp-json\/wp\/v2\/media?parent=57040"}],"wp:term":[{"taxonomy":"category","embeddable":true,"href":"https:\/\/welovecinema.be\/nl\/wp-json\/wp\/v2\/categories?post=57040"},{"taxonomy":"post_tag","embeddable":true,"href":"https:\/\/welovecinema.be\/nl\/wp-json\/wp\/v2\/tags?post=57040"}],"curies":[{"name":"wp","href":"https:\/\/api.w.org\/{rel}","templated":true}]}}