{"id":56221,"date":"2014-05-08T11:41:55","date_gmt":"2014-05-08T09:41:55","guid":{"rendered":"http:\/\/www.cinevox.be\/?p=56221"},"modified":"2014-05-08T11:41:55","modified_gmt":"2014-05-08T09:41:55","slug":"eerste-beelden-blue-silence-van-bulent-ozturk","status":"publish","type":"post","link":"https:\/\/welovecinema.be\/nl\/eerste-beelden-blue-silence-van-bulent-ozturk\/","title":{"rendered":"eerste beelden \u2019Blue Silence\u2019 van B\u00fclent \u00d6zt\u00fcrk"},"content":{"rendered":"<p><em>\u2019Blue Silence\u2019<\/em> moet de eerste langspeelfilm worden van <strong>B\u00fclent \u00d6zt\u00fcrk<\/strong>. \u00a0Maar het project is al een tijd in de maak. \u00a0Lambofilms zou nu produceren. Maar eerst moet ook de subsidie rond geraken. In afwachting deed B\u00fclent al enkele probeerselen, met onder meer <strong>Laura Verlinden<\/strong>.<\/p>\n","protected":false},"excerpt":{"rendered":"<p>\u2019Blue Silence\u2019 moet de eerste langspeelfilm worden van B\u00fclent \u00d6zt\u00fcrk. \u00a0Maar het project is al een tijd in de maak. \u00a0Lambofilms zou nu produceren. Maar eerst moet ook de subsidie rond geraken. In afwachting deed B\u00fclent al enkele probeerselen, met onder meer Laura Verlinden.<\/p>\n","protected":false},"author":8,"featured_media":56222,"comment_status":"closed","ping_status":"closed","sticky":false,"template":"","format":"standard","meta":{"ngg_post_thumbnail":0,"footnotes":""},"categories":[],"tags":[],"class_list":["post-56221","post","type-post","status-publish","format-standard","has-post-thumbnail",""],"yoast_head":"<!-- This site is optimized with the Yoast SEO plugin v20.4 - https:\/\/yoast.com\/wordpress\/plugins\/seo\/ -->\n<title>eerste beelden \u2019Blue Silence\u2019 van B\u00fclent \u00d6zt\u00fcrk - We Love Cinema<\/title>\n<meta name=\"robots\" content=\"index, follow, max-snippet:-1, max-image-preview:large, max-video-preview:-1\" \/>\n<link rel=\"canonical\" href=\"https:\/\/welovecinema.be\/nl\/eerste-beelden-blue-silence-van-bulent-ozturk\/\" \/>\n<meta property=\"og:locale\" content=\"nl_NL\" \/>\n<meta property=\"og:type\" content=\"article\" \/>\n<meta property=\"og:title\" content=\"eerste beelden \u2019Blue Silence\u2019 van B\u00fclent \u00d6zt\u00fcrk - We Love Cinema\" \/>\n<meta property=\"og:description\" content=\"\u2019Blue Silence\u2019 moet de eerste langspeelfilm worden van B\u00fclent \u00d6zt\u00fcrk. \u00a0Maar het project is al een tijd in de maak. \u00a0Lambofilms zou nu produceren. Maar eerst moet ook de subsidie rond geraken. In afwachting deed B\u00fclent al enkele probeerselen, met onder meer Laura Verlinden.\" \/>\n<meta property=\"og:url\" content=\"https:\/\/welovecinema.be\/nl\/eerste-beelden-blue-silence-van-bulent-ozturk\/\" \/>\n<meta property=\"og:site_name\" content=\"We Love Cinema\" \/>\n<meta property=\"article:publisher\" content=\"https:\/\/www.facebook.com\/welovecinema.be\" \/>\n<meta property=\"article:published_time\" content=\"2014-05-08T09:41:55+00:00\" \/>\n<meta property=\"og:image\" content=\"https:\/\/welovecinema.be\/wp-content\/uploads\/sites\/2\/2014\/05\/mqdefault.jpg\" \/>\n\t<meta property=\"og:image:width\" content=\"320\" \/>\n\t<meta property=\"og:image:height\" content=\"180\" \/>\n\t<meta property=\"og:image:type\" content=\"image\/jpeg\" \/>\n<meta name=\"author\" content=\"Kurt.Vandemaele\" \/>\n<meta name=\"twitter:card\" content=\"summary_large_image\" \/>\n<meta name=\"twitter:label1\" content=\"Geschreven door\" \/>\n\t<meta name=\"twitter:data1\" content=\"Kurt.Vandemaele\" \/>\n<script type=\"application\/ld+json\" class=\"yoast-schema-graph\">{\"@context\":\"https:\/\/schema.org\",\"@graph\":[{\"@type\":\"Article\",\"@id\":\"https:\/\/welovecinema.be\/nl\/eerste-beelden-blue-silence-van-bulent-ozturk\/#article\",\"isPartOf\":{\"@id\":\"https:\/\/welovecinema.be\/nl\/eerste-beelden-blue-silence-van-bulent-ozturk\/\"},\"author\":{\"name\":\"Kurt.Vandemaele\",\"@id\":\"https:\/\/welovecinema.be\/nl\/#\/schema\/person\/f475ac81c30903d8505475024494c658\"},\"headline\":\"eerste beelden \u2019Blue Silence\u2019 van B\u00fclent \u00d6zt\u00fcrk\",\"datePublished\":\"2014-05-08T09:41:55+00:00\",\"dateModified\":\"2014-05-08T09:41:55+00:00\",\"mainEntityOfPage\":{\"@id\":\"https:\/\/welovecinema.be\/nl\/eerste-beelden-blue-silence-van-bulent-ozturk\/\"},\"wordCount\":56,\"publisher\":{\"@id\":\"https:\/\/welovecinema.be\/nl\/#organization\"},\"inLanguage\":\"nl-NL\"},{\"@type\":\"WebPage\",\"@id\":\"https:\/\/welovecinema.be\/nl\/eerste-beelden-blue-silence-van-bulent-ozturk\/\",\"url\":\"https:\/\/welovecinema.be\/nl\/eerste-beelden-blue-silence-van-bulent-ozturk\/\",\"name\":\"eerste beelden \u2019Blue Silence\u2019 van B\u00fclent \u00d6zt\u00fcrk - We Love Cinema\",\"isPartOf\":{\"@id\":\"https:\/\/welovecinema.be\/nl\/#website\"},\"datePublished\":\"2014-05-08T09:41:55+00:00\",\"dateModified\":\"2014-05-08T09:41:55+00:00\",\"breadcrumb\":{\"@id\":\"https:\/\/welovecinema.be\/nl\/eerste-beelden-blue-silence-van-bulent-ozturk\/#breadcrumb\"},\"inLanguage\":\"nl-NL\",\"potentialAction\":[{\"@type\":\"ReadAction\",\"target\":[\"https:\/\/welovecinema.be\/nl\/eerste-beelden-blue-silence-van-bulent-ozturk\/\"]}]},{\"@type\":\"BreadcrumbList\",\"@id\":\"https:\/\/welovecinema.be\/nl\/eerste-beelden-blue-silence-van-bulent-ozturk\/#breadcrumb\",\"itemListElement\":[{\"@type\":\"ListItem\",\"position\":1,\"name\":\"Accueil\",\"item\":\"https:\/\/welovecinema.be\/nl\/\"},{\"@type\":\"ListItem\",\"position\":2,\"name\":\"eerste beelden \u2019Blue Silence\u2019 van B\u00fclent \u00d6zt\u00fcrk\"}]},{\"@type\":\"WebSite\",\"@id\":\"https:\/\/welovecinema.be\/nl\/#website\",\"url\":\"https:\/\/welovecinema.be\/nl\/\",\"name\":\"We Love Cinema\",\"description\":\"Toute l\u2019information du cin\u00e9ma en Belgique\",\"publisher\":{\"@id\":\"https:\/\/welovecinema.be\/nl\/#organization\"},\"potentialAction\":[{\"@type\":\"SearchAction\",\"target\":{\"@type\":\"EntryPoint\",\"urlTemplate\":\"https:\/\/welovecinema.be\/nl\/?s={search_term_string}\"},\"query-input\":\"required name=search_term_string\"}],\"inLanguage\":\"nl-NL\"},{\"@type\":\"Organization\",\"@id\":\"https:\/\/welovecinema.be\/nl\/#organization\",\"name\":\"We Love Cinema\",\"url\":\"https:\/\/welovecinema.be\/nl\/\",\"logo\":{\"@type\":\"ImageObject\",\"inLanguage\":\"nl-NL\",\"@id\":\"https:\/\/welovecinema.be\/nl\/#\/schema\/logo\/image\/\",\"url\":\"https:\/\/welovecinema.be\/wp-content\/uploads\/sites\/2\/2023\/03\/Logo-We-Love-Cinema305x128.jpg\",\"contentUrl\":\"https:\/\/welovecinema.be\/wp-content\/uploads\/sites\/2\/2023\/03\/Logo-We-Love-Cinema305x128.jpg\",\"width\":305,\"height\":128,\"caption\":\"We Love Cinema\"},\"image\":{\"@id\":\"https:\/\/welovecinema.be\/nl\/#\/schema\/logo\/image\/\"},\"sameAs\":[\"https:\/\/www.facebook.com\/welovecinema.be\",\"https:\/\/www.youtube.com\/channel\/UCX5LYGVhnKvYauW4Nta4HJA\",\"https:\/\/www.instagram.com\/welovecinema.be\/\"]},{\"@type\":\"Person\",\"@id\":\"https:\/\/welovecinema.be\/nl\/#\/schema\/person\/f475ac81c30903d8505475024494c658\",\"name\":\"Kurt.Vandemaele\",\"url\":\"https:\/\/welovecinema.be\/nl\/author\/kurt-vandemaele\/\"}]}<\/script>\n<!-- \/ Yoast SEO plugin. -->","yoast_head_json":{"title":"eerste beelden \u2019Blue Silence\u2019 van B\u00fclent \u00d6zt\u00fcrk - We Love Cinema","robots":{"index":"index","follow":"follow","max-snippet":"max-snippet:-1","max-image-preview":"max-image-preview:large","max-video-preview":"max-video-preview:-1"},"canonical":"https:\/\/welovecinema.be\/nl\/eerste-beelden-blue-silence-van-bulent-ozturk\/","og_locale":"nl_NL","og_type":"article","og_title":"eerste beelden \u2019Blue Silence\u2019 van B\u00fclent \u00d6zt\u00fcrk - We Love Cinema","og_description":"\u2019Blue Silence\u2019 moet de eerste langspeelfilm worden van B\u00fclent \u00d6zt\u00fcrk. \u00a0Maar het project is al een tijd in de maak. \u00a0Lambofilms zou nu produceren. Maar eerst moet ook de subsidie rond geraken. In afwachting deed B\u00fclent al enkele probeerselen, met onder meer Laura Verlinden.","og_url":"https:\/\/welovecinema.be\/nl\/eerste-beelden-blue-silence-van-bulent-ozturk\/","og_site_name":"We Love Cinema","article_publisher":"https:\/\/www.facebook.com\/welovecinema.be","article_published_time":"2014-05-08T09:41:55+00:00","og_image":[{"width":320,"height":180,"url":"https:\/\/welovecinema.be\/wp-content\/uploads\/sites\/2\/2014\/05\/mqdefault.jpg","type":"image\/jpeg"}],"author":"Kurt.Vandemaele","twitter_card":"summary_large_image","twitter_misc":{"Geschreven door":"Kurt.Vandemaele"},"schema":{"@context":"https:\/\/schema.org","@graph":[{"@type":"Article","@id":"https:\/\/welovecinema.be\/nl\/eerste-beelden-blue-silence-van-bulent-ozturk\/#article","isPartOf":{"@id":"https:\/\/welovecinema.be\/nl\/eerste-beelden-blue-silence-van-bulent-ozturk\/"},"author":{"name":"Kurt.Vandemaele","@id":"https:\/\/welovecinema.be\/nl\/#\/schema\/person\/f475ac81c30903d8505475024494c658"},"headline":"eerste beelden \u2019Blue Silence\u2019 van B\u00fclent \u00d6zt\u00fcrk","datePublished":"2014-05-08T09:41:55+00:00","dateModified":"2014-05-08T09:41:55+00:00","mainEntityOfPage":{"@id":"https:\/\/welovecinema.be\/nl\/eerste-beelden-blue-silence-van-bulent-ozturk\/"},"wordCount":56,"publisher":{"@id":"https:\/\/welovecinema.be\/nl\/#organization"},"inLanguage":"nl-NL"},{"@type":"WebPage","@id":"https:\/\/welovecinema.be\/nl\/eerste-beelden-blue-silence-van-bulent-ozturk\/","url":"https:\/\/welovecinema.be\/nl\/eerste-beelden-blue-silence-van-bulent-ozturk\/","name":"eerste beelden \u2019Blue Silence\u2019 van B\u00fclent \u00d6zt\u00fcrk - We Love Cinema","isPartOf":{"@id":"https:\/\/welovecinema.be\/nl\/#website"},"datePublished":"2014-05-08T09:41:55+00:00","dateModified":"2014-05-08T09:41:55+00:00","breadcrumb":{"@id":"https:\/\/welovecinema.be\/nl\/eerste-beelden-blue-silence-van-bulent-ozturk\/#breadcrumb"},"inLanguage":"nl-NL","potentialAction":[{"@type":"ReadAction","target":["https:\/\/welovecinema.be\/nl\/eerste-beelden-blue-silence-van-bulent-ozturk\/"]}]},{"@type":"BreadcrumbList","@id":"https:\/\/welovecinema.be\/nl\/eerste-beelden-blue-silence-van-bulent-ozturk\/#breadcrumb","itemListElement":[{"@type":"ListItem","position":1,"name":"Accueil","item":"https:\/\/welovecinema.be\/nl\/"},{"@type":"ListItem","position":2,"name":"eerste beelden \u2019Blue Silence\u2019 van B\u00fclent \u00d6zt\u00fcrk"}]},{"@type":"WebSite","@id":"https:\/\/welovecinema.be\/nl\/#website","url":"https:\/\/welovecinema.be\/nl\/","name":"We Love Cinema","description":"Toute l\u2019information du cin\u00e9ma en Belgique","publisher":{"@id":"https:\/\/welovecinema.be\/nl\/#organization"},"potentialAction":[{"@type":"SearchAction","target":{"@type":"EntryPoint","urlTemplate":"https:\/\/welovecinema.be\/nl\/?s={search_term_string}"},"query-input":"required name=search_term_string"}],"inLanguage":"nl-NL"},{"@type":"Organization","@id":"https:\/\/welovecinema.be\/nl\/#organization","name":"We Love Cinema","url":"https:\/\/welovecinema.be\/nl\/","logo":{"@type":"ImageObject","inLanguage":"nl-NL","@id":"https:\/\/welovecinema.be\/nl\/#\/schema\/logo\/image\/","url":"https:\/\/welovecinema.be\/wp-content\/uploads\/sites\/2\/2023\/03\/Logo-We-Love-Cinema305x128.jpg","contentUrl":"https:\/\/welovecinema.be\/wp-content\/uploads\/sites\/2\/2023\/03\/Logo-We-Love-Cinema305x128.jpg","width":305,"height":128,"caption":"We Love Cinema"},"image":{"@id":"https:\/\/welovecinema.be\/nl\/#\/schema\/logo\/image\/"},"sameAs":["https:\/\/www.facebook.com\/welovecinema.be","https:\/\/www.youtube.com\/channel\/UCX5LYGVhnKvYauW4Nta4HJA","https:\/\/www.instagram.com\/welovecinema.be\/"]},{"@type":"Person","@id":"https:\/\/welovecinema.be\/nl\/#\/schema\/person\/f475ac81c30903d8505475024494c658","name":"Kurt.Vandemaele","url":"https:\/\/welovecinema.be\/nl\/author\/kurt-vandemaele\/"}]}},"_links":{"self":[{"href":"https:\/\/welovecinema.be\/nl\/wp-json\/wp\/v2\/posts\/56221","targetHints":{"allow":["GET"]}}],"collection":[{"href":"https:\/\/welovecinema.be\/nl\/wp-json\/wp\/v2\/posts"}],"about":[{"href":"https:\/\/welovecinema.be\/nl\/wp-json\/wp\/v2\/types\/post"}],"author":[{"embeddable":true,"href":"https:\/\/welovecinema.be\/nl\/wp-json\/wp\/v2\/users\/8"}],"replies":[{"embeddable":true,"href":"https:\/\/welovecinema.be\/nl\/wp-json\/wp\/v2\/comments?post=56221"}],"version-history":[{"count":0,"href":"https:\/\/welovecinema.be\/nl\/wp-json\/wp\/v2\/posts\/56221\/revisions"}],"wp:featuredmedia":[{"embeddable":true,"href":"https:\/\/welovecinema.be\/nl\/wp-json\/wp\/v2\/media\/56222"}],"wp:attachment":[{"href":"https:\/\/welovecinema.be\/nl\/wp-json\/wp\/v2\/media?parent=56221"}],"wp:term":[{"taxonomy":"category","embeddable":true,"href":"https:\/\/welovecinema.be\/nl\/wp-json\/wp\/v2\/categories?post=56221"},{"taxonomy":"post_tag","embeddable":true,"href":"https:\/\/welovecinema.be\/nl\/wp-json\/wp\/v2\/tags?post=56221"}],"curies":[{"name":"wp","href":"https:\/\/api.w.org\/{rel}","templated":true}]}}