{"id":51103,"date":"2014-01-25T15:00:33","date_gmt":"2014-01-25T14:00:33","guid":{"rendered":"http:\/\/www.cinevox.be\/?p=51103"},"modified":"2014-01-25T15:05:59","modified_gmt":"2014-01-25T14:05:59","slug":"bulent-ozturk-2014","status":"publish","type":"post","link":"https:\/\/welovecinema.be\/nl\/bulent-ozturk-2014\/","title":{"rendered":"B\u00fclent \u00d6zt\u00fcrk over 2014"},"content":{"rendered":"<p>&nbsp;<\/p>\n<p>B\u00fclent \u00d6zt\u00fcrk won vorig jaar op het Filmfestival van Veneti\u00eb de prijs voor de Beste Kortfilm voor zijn <em>\u2018Houses with Small Windows\u2019<\/em>. Als je op zo\u2019n belangrijk festival zo\u2019n belangrijk prijs in de wacht sleept, dan weet je dat je iemand bent.\u00a0 Iemand die weet waar hij mee bezig is.\u00a0 En iemand die weet waar hij mee bezig is, is druk bezig.\u00a0 Bij B\u00fclent is het niet anders.\u00a0 Toch vond hij de tijd om onze nieuwjaarvraagjes te beantwoorden. Bondig. Omdat hij zo bezig is natuurlijk. Maar als je hem uitgebreider aan het woord wil zien en horen, klik dan vooral op de link onderaan.\u00a0 Want niet zo lang geleden haalden wij hem nog voor onze camera. Maar eerst dus zijn antwoorden op onze nieuwjaarvragen :<\/p>\n<p><!--more--><\/p>\n<p>1) Er zijn in 2014 vrij veel Vlaamse films uitgekomen.\u00a0 Welke vond u persoonlijk de beste?<\/p>\n<p>&nbsp;<\/p>\n<p>Kortfilm :\u00a0 \u2018Sonnet 81\u2019 van\u00a0 Maaike Neuville<\/p>\n<p>Langsspeelfilm : \u2018The Broken Circle Breakdown\u2019 van Felix van Groeningen. En \u2018I\u2019m the Same I\u2019m An Other\u2019 van Caroline Strubbe<\/p>\n<p>&nbsp;<\/p>\n<p>2) Wie is voor u de Vlaamse filmfiguur van het jaar ?<\/p>\n<p>&nbsp;<\/p>\n<p>&nbsp;<\/p>\n<p>Hadewych Cocquyt DOP van mijn kortfilm &#8216;Houses with small windows&#8217;<\/p>\n<p>&nbsp;<\/p>\n<p>3) Waar hoopt u in 2014 op filmvlak mee bezig te kunnen zijn?<\/p>\n<p>&nbsp;<\/p>\n<p>Mijn eerste langspeelfilm &#8220;Blue silence&#8221;\u00a0 met succes draaien<\/p>\n<p><a href=\"http:\/\/www.cinevox.be\/nl\/bulent-ozturk-2014\/21892_10151323902737526_522555072_n\/\" rel=\"attachment wp-att-51105\"><img loading=\"lazy\" decoding=\"async\" class=\"alignright size-medium wp-image-51105\" alt=\"\" src=\"http:\/\/www.cinevox.be\/wp-content\/uploads\/sites\/2\/2014\/01\/21892_10151323902737526_522555072_n-405x270.jpg\" width=\"405\" height=\"270\" srcset=\"https:\/\/welovecinema.be\/wp-content\/uploads\/sites\/2\/2014\/01\/21892_10151323902737526_522555072_n-405x270.jpg 405w, https:\/\/welovecinema.be\/wp-content\/uploads\/sites\/2\/2014\/01\/21892_10151323902737526_522555072_n-800x532.jpg 800w, https:\/\/welovecinema.be\/wp-content\/uploads\/sites\/2\/2014\/01\/21892_10151323902737526_522555072_n.jpg 960w\" sizes=\"auto, (max-width: 405px) 100vw, 405px\" \/><\/a><\/p>\n<p>4) Welke zijn de Belgische en eventueel internationale films waar u naar uitkijkt?<\/p>\n<p>&nbsp;<\/p>\n<p>De volgende film van Michael Haneke, Carlos Reygadas en de gebroeders Dardenne.<\/p>\n<p>&nbsp;<\/p>\n<p>&nbsp;<\/p>\n<p>&nbsp;<\/p>\n<p>5) Is er een Vlaamse filmmaker, acteur, actrice, D.O.P., setdesigner, of iemand anders uit de branche, die we speciaal in de gaten moeten houden?<\/p>\n<p>&nbsp;<\/p>\n<p>Er zijn gewoon veel te veel creative zielen om op te noemen.<\/p>\n<p>&nbsp;<\/p>\n<p>6) Wie breekt er nationaal en internationaal door?<\/p>\n<p>&nbsp;<\/p>\n<p>Felix van Groeningen, Tom Van Avermaet en het VAF.<\/p>\n<p>&nbsp;<\/p>\n<p>Zie ook :<\/p>\n<p><a title=\"B\u00fclent \u00d6zt\u00fcrk : \u2018Mijn volgende film draai ik in Antwerpen\u2019\" href=\"http:\/\/www.cinevox.be\/nl\/46943\/\">Een gesprek met B\u00fclent \u00d6zt\u00fcrk<\/a><\/p>\n<p><a title=\"Het jaar zoals het was en het jaar zoals het zal zijn : van 2013 naar 2014\" href=\"http:\/\/www.cinevox.be\/nl\/het-jaar-zoals-het-en-het-jaar-zoals-het-zal-zijn-van-2013-naar-2014\/\">TERUG NAAR DE LIJST<\/a><\/p>\n","protected":false},"excerpt":{"rendered":"<p>&nbsp; B\u00fclent \u00d6zt\u00fcrk won vorig jaar op het Filmfestival van Veneti\u00eb de prijs voor de Beste Kortfilm voor zijn \u2018Houses with Small Windows\u2019. Als je op zo\u2019n belangrijk festival zo\u2019n belangrijk prijs in de wacht sleept, dan weet je dat je iemand bent.\u00a0 Iemand die weet waar hij mee bezig is.\u00a0 En iemand die weet &hellip;<\/p>\n","protected":false},"author":8,"featured_media":51107,"comment_status":"closed","ping_status":"closed","sticky":false,"template":"","format":"standard","meta":{"ngg_post_thumbnail":0,"footnotes":""},"categories":[30,3],"tags":[],"class_list":["post-51103","post","type-post","status-publish","format-standard","has-post-thumbnail","","category-nieuws","category-varia-nl"],"yoast_head":"<!-- This site is optimized with the Yoast SEO plugin v20.4 - https:\/\/yoast.com\/wordpress\/plugins\/seo\/ -->\n<title>B\u00fclent \u00d6zt\u00fcrk over 2014 - We Love Cinema<\/title>\n<meta name=\"robots\" content=\"index, follow, max-snippet:-1, max-image-preview:large, max-video-preview:-1\" \/>\n<link rel=\"canonical\" href=\"https:\/\/welovecinema.be\/nl\/bulent-ozturk-2014\/\" \/>\n<meta property=\"og:locale\" content=\"nl_NL\" \/>\n<meta property=\"og:type\" content=\"article\" \/>\n<meta property=\"og:title\" content=\"B\u00fclent \u00d6zt\u00fcrk over 2014 - We Love Cinema\" \/>\n<meta property=\"og:description\" content=\"&nbsp; B\u00fclent \u00d6zt\u00fcrk won vorig jaar op het Filmfestival van Veneti\u00eb de prijs voor de Beste Kortfilm voor zijn \u2018Houses with Small Windows\u2019. Als je op zo\u2019n belangrijk festival zo\u2019n belangrijk prijs in de wacht sleept, dan weet je dat je iemand bent.\u00a0 Iemand die weet waar hij mee bezig is.\u00a0 En iemand die weet &hellip;\" \/>\n<meta property=\"og:url\" content=\"https:\/\/welovecinema.be\/nl\/bulent-ozturk-2014\/\" \/>\n<meta property=\"og:site_name\" content=\"We Love Cinema\" \/>\n<meta property=\"article:publisher\" content=\"https:\/\/www.facebook.com\/welovecinema.be\" \/>\n<meta property=\"article:published_time\" content=\"2014-01-25T14:00:33+00:00\" \/>\n<meta property=\"article:modified_time\" content=\"2014-01-25T14:05:59+00:00\" \/>\n<meta property=\"og:image\" content=\"https:\/\/welovecinema.be\/wp-content\/uploads\/sites\/2\/2014\/01\/1394449_10151979746657526_1262003220_n.jpg\" \/>\n\t<meta property=\"og:image:width\" content=\"960\" \/>\n\t<meta property=\"og:image:height\" content=\"641\" \/>\n\t<meta property=\"og:image:type\" content=\"image\/jpeg\" \/>\n<meta name=\"author\" content=\"Kurt.Vandemaele\" \/>\n<meta name=\"twitter:card\" content=\"summary_large_image\" \/>\n<meta name=\"twitter:label1\" content=\"Geschreven door\" \/>\n\t<meta name=\"twitter:data1\" content=\"Kurt.Vandemaele\" \/>\n\t<meta name=\"twitter:label2\" content=\"Geschatte leestijd\" \/>\n\t<meta name=\"twitter:data2\" content=\"2 minuten\" \/>\n<script type=\"application\/ld+json\" class=\"yoast-schema-graph\">{\"@context\":\"https:\/\/schema.org\",\"@graph\":[{\"@type\":\"Article\",\"@id\":\"https:\/\/welovecinema.be\/nl\/bulent-ozturk-2014\/#article\",\"isPartOf\":{\"@id\":\"https:\/\/welovecinema.be\/nl\/bulent-ozturk-2014\/\"},\"author\":{\"name\":\"Kurt.Vandemaele\",\"@id\":\"https:\/\/welovecinema.be\/nl\/#\/schema\/person\/f475ac81c30903d8505475024494c658\"},\"headline\":\"B\u00fclent \u00d6zt\u00fcrk over 2014\",\"datePublished\":\"2014-01-25T14:00:33+00:00\",\"dateModified\":\"2014-01-25T14:05:59+00:00\",\"mainEntityOfPage\":{\"@id\":\"https:\/\/welovecinema.be\/nl\/bulent-ozturk-2014\/\"},\"wordCount\":318,\"publisher\":{\"@id\":\"https:\/\/welovecinema.be\/nl\/#organization\"},\"articleSection\":[\"Nieuws\",\"Varia\"],\"inLanguage\":\"nl-NL\"},{\"@type\":\"WebPage\",\"@id\":\"https:\/\/welovecinema.be\/nl\/bulent-ozturk-2014\/\",\"url\":\"https:\/\/welovecinema.be\/nl\/bulent-ozturk-2014\/\",\"name\":\"B\u00fclent \u00d6zt\u00fcrk over 2014 - We Love Cinema\",\"isPartOf\":{\"@id\":\"https:\/\/welovecinema.be\/nl\/#website\"},\"datePublished\":\"2014-01-25T14:00:33+00:00\",\"dateModified\":\"2014-01-25T14:05:59+00:00\",\"breadcrumb\":{\"@id\":\"https:\/\/welovecinema.be\/nl\/bulent-ozturk-2014\/#breadcrumb\"},\"inLanguage\":\"nl-NL\",\"potentialAction\":[{\"@type\":\"ReadAction\",\"target\":[\"https:\/\/welovecinema.be\/nl\/bulent-ozturk-2014\/\"]}]},{\"@type\":\"BreadcrumbList\",\"@id\":\"https:\/\/welovecinema.be\/nl\/bulent-ozturk-2014\/#breadcrumb\",\"itemListElement\":[{\"@type\":\"ListItem\",\"position\":1,\"name\":\"Accueil\",\"item\":\"https:\/\/welovecinema.be\/nl\/\"},{\"@type\":\"ListItem\",\"position\":2,\"name\":\"B\u00fclent \u00d6zt\u00fcrk over 2014\"}]},{\"@type\":\"WebSite\",\"@id\":\"https:\/\/welovecinema.be\/nl\/#website\",\"url\":\"https:\/\/welovecinema.be\/nl\/\",\"name\":\"We Love Cinema\",\"description\":\"Toute l\u2019information du cin\u00e9ma en Belgique\",\"publisher\":{\"@id\":\"https:\/\/welovecinema.be\/nl\/#organization\"},\"potentialAction\":[{\"@type\":\"SearchAction\",\"target\":{\"@type\":\"EntryPoint\",\"urlTemplate\":\"https:\/\/welovecinema.be\/nl\/?s={search_term_string}\"},\"query-input\":\"required name=search_term_string\"}],\"inLanguage\":\"nl-NL\"},{\"@type\":\"Organization\",\"@id\":\"https:\/\/welovecinema.be\/nl\/#organization\",\"name\":\"We Love Cinema\",\"url\":\"https:\/\/welovecinema.be\/nl\/\",\"logo\":{\"@type\":\"ImageObject\",\"inLanguage\":\"nl-NL\",\"@id\":\"https:\/\/welovecinema.be\/nl\/#\/schema\/logo\/image\/\",\"url\":\"https:\/\/welovecinema.be\/wp-content\/uploads\/sites\/2\/2023\/03\/Logo-We-Love-Cinema305x128.jpg\",\"contentUrl\":\"https:\/\/welovecinema.be\/wp-content\/uploads\/sites\/2\/2023\/03\/Logo-We-Love-Cinema305x128.jpg\",\"width\":305,\"height\":128,\"caption\":\"We Love Cinema\"},\"image\":{\"@id\":\"https:\/\/welovecinema.be\/nl\/#\/schema\/logo\/image\/\"},\"sameAs\":[\"https:\/\/www.facebook.com\/welovecinema.be\",\"https:\/\/www.youtube.com\/channel\/UCX5LYGVhnKvYauW4Nta4HJA\",\"https:\/\/www.instagram.com\/welovecinema.be\/\"]},{\"@type\":\"Person\",\"@id\":\"https:\/\/welovecinema.be\/nl\/#\/schema\/person\/f475ac81c30903d8505475024494c658\",\"name\":\"Kurt.Vandemaele\",\"url\":\"https:\/\/welovecinema.be\/nl\/author\/kurt-vandemaele\/\"}]}<\/script>\n<!-- \/ Yoast SEO plugin. -->","yoast_head_json":{"title":"B\u00fclent \u00d6zt\u00fcrk over 2014 - We Love Cinema","robots":{"index":"index","follow":"follow","max-snippet":"max-snippet:-1","max-image-preview":"max-image-preview:large","max-video-preview":"max-video-preview:-1"},"canonical":"https:\/\/welovecinema.be\/nl\/bulent-ozturk-2014\/","og_locale":"nl_NL","og_type":"article","og_title":"B\u00fclent \u00d6zt\u00fcrk over 2014 - We Love Cinema","og_description":"&nbsp; B\u00fclent \u00d6zt\u00fcrk won vorig jaar op het Filmfestival van Veneti\u00eb de prijs voor de Beste Kortfilm voor zijn \u2018Houses with Small Windows\u2019. Als je op zo\u2019n belangrijk festival zo\u2019n belangrijk prijs in de wacht sleept, dan weet je dat je iemand bent.\u00a0 Iemand die weet waar hij mee bezig is.\u00a0 En iemand die weet &hellip;","og_url":"https:\/\/welovecinema.be\/nl\/bulent-ozturk-2014\/","og_site_name":"We Love Cinema","article_publisher":"https:\/\/www.facebook.com\/welovecinema.be","article_published_time":"2014-01-25T14:00:33+00:00","article_modified_time":"2014-01-25T14:05:59+00:00","og_image":[{"width":960,"height":641,"url":"https:\/\/welovecinema.be\/wp-content\/uploads\/sites\/2\/2014\/01\/1394449_10151979746657526_1262003220_n.jpg","type":"image\/jpeg"}],"author":"Kurt.Vandemaele","twitter_card":"summary_large_image","twitter_misc":{"Geschreven door":"Kurt.Vandemaele","Geschatte leestijd":"2 minuten"},"schema":{"@context":"https:\/\/schema.org","@graph":[{"@type":"Article","@id":"https:\/\/welovecinema.be\/nl\/bulent-ozturk-2014\/#article","isPartOf":{"@id":"https:\/\/welovecinema.be\/nl\/bulent-ozturk-2014\/"},"author":{"name":"Kurt.Vandemaele","@id":"https:\/\/welovecinema.be\/nl\/#\/schema\/person\/f475ac81c30903d8505475024494c658"},"headline":"B\u00fclent \u00d6zt\u00fcrk over 2014","datePublished":"2014-01-25T14:00:33+00:00","dateModified":"2014-01-25T14:05:59+00:00","mainEntityOfPage":{"@id":"https:\/\/welovecinema.be\/nl\/bulent-ozturk-2014\/"},"wordCount":318,"publisher":{"@id":"https:\/\/welovecinema.be\/nl\/#organization"},"articleSection":["Nieuws","Varia"],"inLanguage":"nl-NL"},{"@type":"WebPage","@id":"https:\/\/welovecinema.be\/nl\/bulent-ozturk-2014\/","url":"https:\/\/welovecinema.be\/nl\/bulent-ozturk-2014\/","name":"B\u00fclent \u00d6zt\u00fcrk over 2014 - We Love Cinema","isPartOf":{"@id":"https:\/\/welovecinema.be\/nl\/#website"},"datePublished":"2014-01-25T14:00:33+00:00","dateModified":"2014-01-25T14:05:59+00:00","breadcrumb":{"@id":"https:\/\/welovecinema.be\/nl\/bulent-ozturk-2014\/#breadcrumb"},"inLanguage":"nl-NL","potentialAction":[{"@type":"ReadAction","target":["https:\/\/welovecinema.be\/nl\/bulent-ozturk-2014\/"]}]},{"@type":"BreadcrumbList","@id":"https:\/\/welovecinema.be\/nl\/bulent-ozturk-2014\/#breadcrumb","itemListElement":[{"@type":"ListItem","position":1,"name":"Accueil","item":"https:\/\/welovecinema.be\/nl\/"},{"@type":"ListItem","position":2,"name":"B\u00fclent \u00d6zt\u00fcrk over 2014"}]},{"@type":"WebSite","@id":"https:\/\/welovecinema.be\/nl\/#website","url":"https:\/\/welovecinema.be\/nl\/","name":"We Love Cinema","description":"Toute l\u2019information du cin\u00e9ma en Belgique","publisher":{"@id":"https:\/\/welovecinema.be\/nl\/#organization"},"potentialAction":[{"@type":"SearchAction","target":{"@type":"EntryPoint","urlTemplate":"https:\/\/welovecinema.be\/nl\/?s={search_term_string}"},"query-input":"required name=search_term_string"}],"inLanguage":"nl-NL"},{"@type":"Organization","@id":"https:\/\/welovecinema.be\/nl\/#organization","name":"We Love Cinema","url":"https:\/\/welovecinema.be\/nl\/","logo":{"@type":"ImageObject","inLanguage":"nl-NL","@id":"https:\/\/welovecinema.be\/nl\/#\/schema\/logo\/image\/","url":"https:\/\/welovecinema.be\/wp-content\/uploads\/sites\/2\/2023\/03\/Logo-We-Love-Cinema305x128.jpg","contentUrl":"https:\/\/welovecinema.be\/wp-content\/uploads\/sites\/2\/2023\/03\/Logo-We-Love-Cinema305x128.jpg","width":305,"height":128,"caption":"We Love Cinema"},"image":{"@id":"https:\/\/welovecinema.be\/nl\/#\/schema\/logo\/image\/"},"sameAs":["https:\/\/www.facebook.com\/welovecinema.be","https:\/\/www.youtube.com\/channel\/UCX5LYGVhnKvYauW4Nta4HJA","https:\/\/www.instagram.com\/welovecinema.be\/"]},{"@type":"Person","@id":"https:\/\/welovecinema.be\/nl\/#\/schema\/person\/f475ac81c30903d8505475024494c658","name":"Kurt.Vandemaele","url":"https:\/\/welovecinema.be\/nl\/author\/kurt-vandemaele\/"}]}},"_links":{"self":[{"href":"https:\/\/welovecinema.be\/nl\/wp-json\/wp\/v2\/posts\/51103","targetHints":{"allow":["GET"]}}],"collection":[{"href":"https:\/\/welovecinema.be\/nl\/wp-json\/wp\/v2\/posts"}],"about":[{"href":"https:\/\/welovecinema.be\/nl\/wp-json\/wp\/v2\/types\/post"}],"author":[{"embeddable":true,"href":"https:\/\/welovecinema.be\/nl\/wp-json\/wp\/v2\/users\/8"}],"replies":[{"embeddable":true,"href":"https:\/\/welovecinema.be\/nl\/wp-json\/wp\/v2\/comments?post=51103"}],"version-history":[{"count":0,"href":"https:\/\/welovecinema.be\/nl\/wp-json\/wp\/v2\/posts\/51103\/revisions"}],"wp:featuredmedia":[{"embeddable":true,"href":"https:\/\/welovecinema.be\/nl\/wp-json\/wp\/v2\/media\/51107"}],"wp:attachment":[{"href":"https:\/\/welovecinema.be\/nl\/wp-json\/wp\/v2\/media?parent=51103"}],"wp:term":[{"taxonomy":"category","embeddable":true,"href":"https:\/\/welovecinema.be\/nl\/wp-json\/wp\/v2\/categories?post=51103"},{"taxonomy":"post_tag","embeddable":true,"href":"https:\/\/welovecinema.be\/nl\/wp-json\/wp\/v2\/tags?post=51103"}],"curies":[{"name":"wp","href":"https:\/\/api.w.org\/{rel}","templated":true}]}}