{"id":48730,"date":"2013-12-02T09:59:55","date_gmt":"2013-12-02T08:59:55","guid":{"rendered":"http:\/\/www.cinevox.be\/?p=48730"},"modified":"2013-12-02T13:49:31","modified_gmt":"2013-12-02T12:49:31","slug":"arber-aliaj-taxi-ii","status":"publish","type":"post","link":"https:\/\/welovecinema.be\/nl\/arber-aliaj-taxi-ii\/","title":{"rendered":"Arber Aliaj over &#8216;I Taxi II&#8217;"},"content":{"rendered":"<p><strong><span style=\"color: #888888;\"><span style=\"color: #ffffff;\">Arber Aliaj<\/span> studeert nog aan het NARAFI, maar hij laat zich nu al opmerken met een selectie voor het Internationaal Kortfilmfestival van Leuven.\u00a0 Zijn film is een thriller en heet<em><span style=\"color: #ffffff;\"> \u20181 Taxi 2\u2019<\/span><\/em>. De trailer ziet er zo goed uit, dat je heel benieuwd geraakt.\u00a0 Wij ook, en dus namen we emailsgewijs contact met hem op.\u00a0 En zie eens daar, we kwamen tot een conversatie.\u00a0<\/span><\/strong><\/p>\n<p><!--more--><\/p>\n<p><strong><span style=\"color: #888888;\">Voor \u00e9\u00e9n van de hoofdrollen kreeg je meteen Manou Kersting te strikken.\u00a0 Hoe heb je dat geflikt?<\/span><\/strong><\/p>\n<p><strong><span style=\"color: #888888;\">\u00a0<\/span><\/strong><\/p>\n<p><strong><span style=\"color: #888888;\">Arber Aliaj<\/span> <\/strong>: \u2018Ik ken <span style=\"color: #888888;\">Jehon Gorani<\/span> (<em><span style=\"color: #888888;\">\u2018Dossier K\u2019<\/span><\/em>, <em><span style=\"color: #888888;\">\u2018Code 37\u2019<\/span><\/em>) die vaak met Manou heeft gespeeld en Jehon beschreef Manou als \u00e9\u00e9n van de leukste mensen om mee samen te werken. Dit gaf me nog meer goesting om Manou te contacteren. Dat deed ik ook. Manou was in het begin aan het aarzelen (wat perfect begrijpelijk is, ik ben nog maar een student). Hij vroeg me\u2028\u2028\u2028\u2028\u2028\u2028\u2028\u2028\u2028 om het scenario door te sturen. Een dag nadat ik het scenario had doorgestuurd, belde hij mij terug op en liet me weten dat hij graag zou meedoen.\u2019<\/p>\n<p>&nbsp;<\/p>\n<p><strong><span style=\"color: #888888;\">Je hebt voor het NARAFI ook een zelfportret gedraaid (dat we <a title=\"Arber Aliaj over zijn twijfels : regisseren of acteren?\" href=\"http:\/\/www.cinevox.be\/nl\/arber-aliaj-zijn-twijfels-regisseren-acteren\"><span style=\"color: #ffffff;\">HIER<\/span> <\/a>kunnen bekijken) en daar vertel je onder meer dat je twijfelt tussen acteren en regisseren.\u00a0 Ben je er al uit? Wat wordt het?<\/span><\/strong><\/p>\n<p><strong><span style=\"color: #888888;\">\u00a0<\/span><\/strong><\/p>\n<p><strong><span style=\"color: #888888;\">Arber Aliaj <\/span><\/strong>: \u2018Het virus van het acteren heeft zich vroeg gemanifesteerd bij mij. Ik geloof dat ik een jaar of 8 a 9 was toen ik aan mijn ouders vroeg om mij in te schrijven voor de les drama in de muziekacademie van Sint-Agatha-Berchem. Sindsdien ben ik altijd blijven acteren. Eerst een aantal jaar in de muziekacademie van St.-Agatha-Berchem, dan 3 jaar lang een avondopleiding in Antwerpen, ACSENT genoemd, nu doe ik nog steeds stage in Brussel met o.a. Beatriz Flores Silva. Ik heb nooit een &#8220;pure&#8221; regie-opleiding gevolgd, maar ik ben in juni 2013 afgestudeerd aan het NARAFI in Vorst. Nu ben ik een schakelprogramma aan het doen op het Sint-Lukas in Brussel om volgend jaar een master te doen in film. Ik denk dat als ik afstudeer aan het Sint-Lukas dat ik dan wel een papier krijg waar er regisseur op staat. :-)\u2019<\/p>\n<p><a href=\"http:\/\/www.cinevox.be\/nl\/arber-alaij-taxi-ii\/unknown-7-14\/\" rel=\"attachment wp-att-48731\"><img loading=\"lazy\" decoding=\"async\" class=\"alignright size-full wp-image-48731\" alt=\"\" src=\"http:\/\/www.cinevox.be\/wp-content\/uploads\/sites\/2\/2013\/12\/Unknown-72.jpeg\" width=\"300\" height=\"168\" srcset=\"https:\/\/welovecinema.be\/wp-content\/uploads\/sites\/2\/2013\/12\/Unknown-72.jpeg 300w, https:\/\/welovecinema.be\/wp-content\/uploads\/sites\/2\/2013\/12\/Unknown-72-200x113.jpeg 200w\" sizes=\"auto, (max-width: 300px) 100vw, 300px\" \/><\/a><\/p>\n<p><strong><span style=\"color: #c0c0c0;\">Hoe komt het dat je zo gefascineerd bent door film?<\/span><\/strong><\/p>\n<p><strong><span style=\"color: #c0c0c0;\">\u00a0<\/span><\/strong><\/p>\n<p><strong><span style=\"color: #c0c0c0;\">Arber Aliaj<\/span> <\/strong>: \u2018Mijn passie voor film is gegroeid uit verschillende zaken. Eerst en vooral door mijn vader die journaliste\/documentaire-maker\/schrijver is. Hij heeft mij van kleins af getriggerd met verhalen. Ik heb ooit ook in een van zijn animatiefilms gespeeld&#8230;Ik was nog maar 10 jaar als ik geconfronteerd werd met filmen en monteren. Anderzijds was het ook door het acteren. We namen onze eigen theaterrepetities op om achteraf te kunnen visioneren. Beetje bij beetje merken mensen dat op en vragen ze om iets voor hen op te nemen&#8230; Zo gaat dat.\u2019<\/p>\n<p>&nbsp;<\/p>\n<p><strong><span style=\"color: #c0c0c0;\">Je naam laat vermoeden dat je van vreemde afkomst bent.\u00a0 Vertaalt die afkomst zich ook in je werk?<\/span><\/strong><\/p>\n<p><strong><span style=\"color: #c0c0c0;\">\u00a0<\/span><\/strong><\/p>\n<p><strong><span style=\"color: #c0c0c0;\">Arber Aliaj<\/span><\/strong> : \u2018Ik ben inderdaad van Albanese afkomst.\u00a0 Ik ben trouwens ook in Tirana geboren. Dat weerspiegelt zich sowieso denk ik, in kleine dingen zoals bijvoorbeeld bij \u20181Taxi2\u2019 de nazar die aan de spiegel van mijn hoofdpersonage hangt (typisch Balkan) dient om het boze oog weg te jagen. Mijn personages zijn mensen met weinig woorden die in moeilijke situaties vertoeven.<\/p>\n<p><strong><span style=\"color: #c0c0c0;\">Tegenwoordig zijn er wel meer kortfilmmakers van vreemde origine die het lijken te maken : Sahim Omar Kalifa, B\u00fclent \u00d6zt\u00fcrk, Roman Klochkov, Adil El Arbi en Bilall Fallah. Is dat toeval, denk je?\u00a0 Of is er bij mensen met een andere achtergrond een grotere goesting, meer gedrevenheid?<\/span><\/strong><\/p>\n<p><strong><span style=\"color: #c0c0c0;\">\u00a0<\/span><\/strong><\/p>\n<p><strong><span style=\"color: #c0c0c0;\">Arber Aliaj<\/span><\/strong> : \u2018Sahim Omar Kalifa is voor mij echt een meester. Zijn films zijn zo authentiek. De andere regisseur ken ik vooral van naam, maar niet genoeg om mij erover uit te spreken.\u00a0 Volgens mij is het niet een kwestie van gedrevenheid of goesting. Ik heb het gevoel dat al de regisseurs die je vernoemt naar hun afkomst teruggrijpen, omdat ze een zekere \u2018echtheid\u2019 trachten weer te geven in hun films. Niet enkel als acteur, maar ook als regisseur moet je je durven blootstellen om thema\u2019s en verhalen te vertellen die je echt raken. Afhankelijk van je afkomst zal de aanpak lichtjes anders zijn. Misschien dat Belgische regisseurs niet genoeg van hun eigen cultuur vertrekken, maar eerder van een goed geconstrueerd verhaal, waardoor je the Belgian touch verliest. <span style=\"color: #c0c0c0;\">Felix Van Groeningen<\/span> doet het wel. Kijk naar<em><span style=\"color: #c0c0c0;\"> \u2018Helaasheid der Dingen\u2019<\/span><\/em>.\u00a0 Of naar<em><span style=\"color: #c0c0c0;\"> \u2018Dikkenek\u2019<\/span><\/em> van <span style=\"color: #c0c0c0;\">Oliver Van Hoofstadt<\/span>.\u00a0 Ik wil meer \u2018Belgische\u2019 films zien. \ud83d\ude42 .\u2019<\/p>\n<p><a href=\"http:\/\/www.cinevox.be\/nl\/arber-alaij-taxi-ii\/unknown-9-8\/\" rel=\"attachment wp-att-48732\"><img loading=\"lazy\" decoding=\"async\" class=\"alignright size-full wp-image-48732\" alt=\"\" src=\"http:\/\/www.cinevox.be\/wp-content\/uploads\/sites\/2\/2013\/12\/Unknown-92.jpeg\" width=\"280\" height=\"157\" srcset=\"https:\/\/welovecinema.be\/wp-content\/uploads\/sites\/2\/2013\/12\/Unknown-92.jpeg 280w, https:\/\/welovecinema.be\/wp-content\/uploads\/sites\/2\/2013\/12\/Unknown-92-200x113.jpeg 200w\" sizes=\"auto, (max-width: 280px) 100vw, 280px\" \/><\/a><\/p>\n<p><a title=\"\u2018I Taxi II\u2019 van Arber Alaij\" href=\"http:\/\/www.cinevox.be\/nl\/taxi-ii-van-arber-alaij\">Bekijk hier de trailer van \u2018I Taxi II\u2019<\/a><\/p>\n<p><a title=\"Arber Aliaj over zijn twijfels : regisseren of acteren?\" href=\"http:\/\/www.cinevox.be\/nl\/arber-aliaj-zijn-twijfels-regisseren-acteren\">Arber Aliaj over zijn twijfels : acteren of regisseren<\/a><\/p>\n<p>&nbsp;<\/p>\n<p><em>De film van Arber draait in programma 4 van de Vlaamse competitie voor fictiefilms in Leuven. Die kan je nog gaan bekijken op 5 december om 17u30 en op 6 december om 22u in de Soetezaal van \u2019t Stuk in Leuven.<\/em><\/p>\n","protected":false},"excerpt":{"rendered":"<p>Arber Aliaj studeert nog aan het NARAFI, maar hij laat zich nu al opmerken met een selectie voor het Internationaal Kortfilmfestival van Leuven.\u00a0 Zijn film is een thriller en heet \u20181 Taxi 2\u2019. De trailer ziet er zo goed uit, dat je heel benieuwd geraakt.\u00a0 Wij ook, en dus namen we emailsgewijs contact met hem &hellip;<\/p>\n","protected":false},"author":8,"featured_media":48735,"comment_status":"closed","ping_status":"closed","sticky":false,"template":"","format":"standard","meta":{"ngg_post_thumbnail":0,"footnotes":""},"categories":[1069,41,30],"tags":[412,1475,413,1474,88],"class_list":["post-48730","post","type-post","status-publish","format-standard","has-post-thumbnail","","category-festivals-nl","category-interviews-nl","category-nieuws","tag-adil-el-arbi","tag-arber-aliaj","tag-bilall-fallah","tag-i-taxi-ii","tag-sahim-omar-kalifa"],"yoast_head":"<!-- This site is optimized with the Yoast SEO plugin v20.4 - https:\/\/yoast.com\/wordpress\/plugins\/seo\/ -->\n<title>Arber Aliaj over &#039;I Taxi II&#039; - We Love Cinema<\/title>\n<meta name=\"robots\" content=\"index, follow, max-snippet:-1, max-image-preview:large, max-video-preview:-1\" \/>\n<link rel=\"canonical\" href=\"https:\/\/welovecinema.be\/nl\/arber-aliaj-taxi-ii\/\" \/>\n<meta property=\"og:locale\" content=\"nl_NL\" \/>\n<meta property=\"og:type\" content=\"article\" \/>\n<meta property=\"og:title\" content=\"Arber Aliaj over &#039;I Taxi II&#039; - We Love Cinema\" \/>\n<meta property=\"og:description\" content=\"Arber Aliaj studeert nog aan het NARAFI, maar hij laat zich nu al opmerken met een selectie voor het Internationaal Kortfilmfestival van Leuven.\u00a0 Zijn film is een thriller en heet \u20181 Taxi 2\u2019. De trailer ziet er zo goed uit, dat je heel benieuwd geraakt.\u00a0 Wij ook, en dus namen we emailsgewijs contact met hem &hellip;\" \/>\n<meta property=\"og:url\" content=\"https:\/\/welovecinema.be\/nl\/arber-aliaj-taxi-ii\/\" \/>\n<meta property=\"og:site_name\" content=\"We Love Cinema\" \/>\n<meta property=\"article:publisher\" content=\"https:\/\/www.facebook.com\/welovecinema.be\" \/>\n<meta property=\"article:published_time\" content=\"2013-12-02T08:59:55+00:00\" \/>\n<meta property=\"article:modified_time\" content=\"2013-12-02T12:49:31+00:00\" \/>\n<meta property=\"og:image\" content=\"https:\/\/welovecinema.be\/wp-content\/uploads\/sites\/2\/2013\/12\/Unknown-8.jpeg\" \/>\n\t<meta property=\"og:image:width\" content=\"225\" \/>\n\t<meta property=\"og:image:height\" content=\"225\" \/>\n\t<meta property=\"og:image:type\" content=\"image\/jpeg\" \/>\n<meta name=\"author\" content=\"Kurt.Vandemaele\" \/>\n<meta name=\"twitter:card\" content=\"summary_large_image\" \/>\n<meta name=\"twitter:label1\" content=\"Geschreven door\" \/>\n\t<meta name=\"twitter:data1\" content=\"Kurt.Vandemaele\" \/>\n\t<meta name=\"twitter:label2\" content=\"Geschatte leestijd\" \/>\n\t<meta name=\"twitter:data2\" content=\"4 minuten\" \/>\n<script type=\"application\/ld+json\" class=\"yoast-schema-graph\">{\"@context\":\"https:\/\/schema.org\",\"@graph\":[{\"@type\":\"Article\",\"@id\":\"https:\/\/welovecinema.be\/nl\/arber-aliaj-taxi-ii\/#article\",\"isPartOf\":{\"@id\":\"https:\/\/welovecinema.be\/nl\/arber-aliaj-taxi-ii\/\"},\"author\":{\"name\":\"Kurt.Vandemaele\",\"@id\":\"https:\/\/welovecinema.be\/nl\/#\/schema\/person\/f475ac81c30903d8505475024494c658\"},\"headline\":\"Arber Aliaj over &#8216;I Taxi II&#8217;\",\"datePublished\":\"2013-12-02T08:59:55+00:00\",\"dateModified\":\"2013-12-02T12:49:31+00:00\",\"mainEntityOfPage\":{\"@id\":\"https:\/\/welovecinema.be\/nl\/arber-aliaj-taxi-ii\/\"},\"wordCount\":796,\"publisher\":{\"@id\":\"https:\/\/welovecinema.be\/nl\/#organization\"},\"keywords\":[\"Adil El Arbi\",\"Arber Aliaj\",\"Bilall Fallah\",\"I Taxi II\",\"sahim omar kalifa\"],\"articleSection\":[\"Festivals\",\"Interviews\",\"Nieuws\"],\"inLanguage\":\"nl-NL\"},{\"@type\":\"WebPage\",\"@id\":\"https:\/\/welovecinema.be\/nl\/arber-aliaj-taxi-ii\/\",\"url\":\"https:\/\/welovecinema.be\/nl\/arber-aliaj-taxi-ii\/\",\"name\":\"Arber Aliaj over 'I Taxi II' - We Love Cinema\",\"isPartOf\":{\"@id\":\"https:\/\/welovecinema.be\/nl\/#website\"},\"datePublished\":\"2013-12-02T08:59:55+00:00\",\"dateModified\":\"2013-12-02T12:49:31+00:00\",\"breadcrumb\":{\"@id\":\"https:\/\/welovecinema.be\/nl\/arber-aliaj-taxi-ii\/#breadcrumb\"},\"inLanguage\":\"nl-NL\",\"potentialAction\":[{\"@type\":\"ReadAction\",\"target\":[\"https:\/\/welovecinema.be\/nl\/arber-aliaj-taxi-ii\/\"]}]},{\"@type\":\"BreadcrumbList\",\"@id\":\"https:\/\/welovecinema.be\/nl\/arber-aliaj-taxi-ii\/#breadcrumb\",\"itemListElement\":[{\"@type\":\"ListItem\",\"position\":1,\"name\":\"Accueil\",\"item\":\"https:\/\/welovecinema.be\/nl\/\"},{\"@type\":\"ListItem\",\"position\":2,\"name\":\"Arber Aliaj over &#8216;I Taxi II&#8217;\"}]},{\"@type\":\"WebSite\",\"@id\":\"https:\/\/welovecinema.be\/nl\/#website\",\"url\":\"https:\/\/welovecinema.be\/nl\/\",\"name\":\"We Love Cinema\",\"description\":\"Toute l\u2019information du cin\u00e9ma en Belgique\",\"publisher\":{\"@id\":\"https:\/\/welovecinema.be\/nl\/#organization\"},\"potentialAction\":[{\"@type\":\"SearchAction\",\"target\":{\"@type\":\"EntryPoint\",\"urlTemplate\":\"https:\/\/welovecinema.be\/nl\/?s={search_term_string}\"},\"query-input\":\"required name=search_term_string\"}],\"inLanguage\":\"nl-NL\"},{\"@type\":\"Organization\",\"@id\":\"https:\/\/welovecinema.be\/nl\/#organization\",\"name\":\"We Love Cinema\",\"url\":\"https:\/\/welovecinema.be\/nl\/\",\"logo\":{\"@type\":\"ImageObject\",\"inLanguage\":\"nl-NL\",\"@id\":\"https:\/\/welovecinema.be\/nl\/#\/schema\/logo\/image\/\",\"url\":\"https:\/\/welovecinema.be\/wp-content\/uploads\/sites\/2\/2023\/03\/Logo-We-Love-Cinema305x128.jpg\",\"contentUrl\":\"https:\/\/welovecinema.be\/wp-content\/uploads\/sites\/2\/2023\/03\/Logo-We-Love-Cinema305x128.jpg\",\"width\":305,\"height\":128,\"caption\":\"We Love Cinema\"},\"image\":{\"@id\":\"https:\/\/welovecinema.be\/nl\/#\/schema\/logo\/image\/\"},\"sameAs\":[\"https:\/\/www.facebook.com\/welovecinema.be\",\"https:\/\/www.youtube.com\/channel\/UCX5LYGVhnKvYauW4Nta4HJA\",\"https:\/\/www.instagram.com\/welovecinema.be\/\"]},{\"@type\":\"Person\",\"@id\":\"https:\/\/welovecinema.be\/nl\/#\/schema\/person\/f475ac81c30903d8505475024494c658\",\"name\":\"Kurt.Vandemaele\",\"url\":\"https:\/\/welovecinema.be\/nl\/author\/kurt-vandemaele\/\"}]}<\/script>\n<!-- \/ Yoast SEO plugin. -->","yoast_head_json":{"title":"Arber Aliaj over 'I Taxi II' - We Love Cinema","robots":{"index":"index","follow":"follow","max-snippet":"max-snippet:-1","max-image-preview":"max-image-preview:large","max-video-preview":"max-video-preview:-1"},"canonical":"https:\/\/welovecinema.be\/nl\/arber-aliaj-taxi-ii\/","og_locale":"nl_NL","og_type":"article","og_title":"Arber Aliaj over 'I Taxi II' - We Love Cinema","og_description":"Arber Aliaj studeert nog aan het NARAFI, maar hij laat zich nu al opmerken met een selectie voor het Internationaal Kortfilmfestival van Leuven.\u00a0 Zijn film is een thriller en heet \u20181 Taxi 2\u2019. De trailer ziet er zo goed uit, dat je heel benieuwd geraakt.\u00a0 Wij ook, en dus namen we emailsgewijs contact met hem &hellip;","og_url":"https:\/\/welovecinema.be\/nl\/arber-aliaj-taxi-ii\/","og_site_name":"We Love Cinema","article_publisher":"https:\/\/www.facebook.com\/welovecinema.be","article_published_time":"2013-12-02T08:59:55+00:00","article_modified_time":"2013-12-02T12:49:31+00:00","og_image":[{"width":225,"height":225,"url":"https:\/\/welovecinema.be\/wp-content\/uploads\/sites\/2\/2013\/12\/Unknown-8.jpeg","type":"image\/jpeg"}],"author":"Kurt.Vandemaele","twitter_card":"summary_large_image","twitter_misc":{"Geschreven door":"Kurt.Vandemaele","Geschatte leestijd":"4 minuten"},"schema":{"@context":"https:\/\/schema.org","@graph":[{"@type":"Article","@id":"https:\/\/welovecinema.be\/nl\/arber-aliaj-taxi-ii\/#article","isPartOf":{"@id":"https:\/\/welovecinema.be\/nl\/arber-aliaj-taxi-ii\/"},"author":{"name":"Kurt.Vandemaele","@id":"https:\/\/welovecinema.be\/nl\/#\/schema\/person\/f475ac81c30903d8505475024494c658"},"headline":"Arber Aliaj over &#8216;I Taxi II&#8217;","datePublished":"2013-12-02T08:59:55+00:00","dateModified":"2013-12-02T12:49:31+00:00","mainEntityOfPage":{"@id":"https:\/\/welovecinema.be\/nl\/arber-aliaj-taxi-ii\/"},"wordCount":796,"publisher":{"@id":"https:\/\/welovecinema.be\/nl\/#organization"},"keywords":["Adil El Arbi","Arber Aliaj","Bilall Fallah","I Taxi II","sahim omar kalifa"],"articleSection":["Festivals","Interviews","Nieuws"],"inLanguage":"nl-NL"},{"@type":"WebPage","@id":"https:\/\/welovecinema.be\/nl\/arber-aliaj-taxi-ii\/","url":"https:\/\/welovecinema.be\/nl\/arber-aliaj-taxi-ii\/","name":"Arber Aliaj over 'I Taxi II' - We Love Cinema","isPartOf":{"@id":"https:\/\/welovecinema.be\/nl\/#website"},"datePublished":"2013-12-02T08:59:55+00:00","dateModified":"2013-12-02T12:49:31+00:00","breadcrumb":{"@id":"https:\/\/welovecinema.be\/nl\/arber-aliaj-taxi-ii\/#breadcrumb"},"inLanguage":"nl-NL","potentialAction":[{"@type":"ReadAction","target":["https:\/\/welovecinema.be\/nl\/arber-aliaj-taxi-ii\/"]}]},{"@type":"BreadcrumbList","@id":"https:\/\/welovecinema.be\/nl\/arber-aliaj-taxi-ii\/#breadcrumb","itemListElement":[{"@type":"ListItem","position":1,"name":"Accueil","item":"https:\/\/welovecinema.be\/nl\/"},{"@type":"ListItem","position":2,"name":"Arber Aliaj over &#8216;I Taxi II&#8217;"}]},{"@type":"WebSite","@id":"https:\/\/welovecinema.be\/nl\/#website","url":"https:\/\/welovecinema.be\/nl\/","name":"We Love Cinema","description":"Toute l\u2019information du cin\u00e9ma en Belgique","publisher":{"@id":"https:\/\/welovecinema.be\/nl\/#organization"},"potentialAction":[{"@type":"SearchAction","target":{"@type":"EntryPoint","urlTemplate":"https:\/\/welovecinema.be\/nl\/?s={search_term_string}"},"query-input":"required name=search_term_string"}],"inLanguage":"nl-NL"},{"@type":"Organization","@id":"https:\/\/welovecinema.be\/nl\/#organization","name":"We Love Cinema","url":"https:\/\/welovecinema.be\/nl\/","logo":{"@type":"ImageObject","inLanguage":"nl-NL","@id":"https:\/\/welovecinema.be\/nl\/#\/schema\/logo\/image\/","url":"https:\/\/welovecinema.be\/wp-content\/uploads\/sites\/2\/2023\/03\/Logo-We-Love-Cinema305x128.jpg","contentUrl":"https:\/\/welovecinema.be\/wp-content\/uploads\/sites\/2\/2023\/03\/Logo-We-Love-Cinema305x128.jpg","width":305,"height":128,"caption":"We Love Cinema"},"image":{"@id":"https:\/\/welovecinema.be\/nl\/#\/schema\/logo\/image\/"},"sameAs":["https:\/\/www.facebook.com\/welovecinema.be","https:\/\/www.youtube.com\/channel\/UCX5LYGVhnKvYauW4Nta4HJA","https:\/\/www.instagram.com\/welovecinema.be\/"]},{"@type":"Person","@id":"https:\/\/welovecinema.be\/nl\/#\/schema\/person\/f475ac81c30903d8505475024494c658","name":"Kurt.Vandemaele","url":"https:\/\/welovecinema.be\/nl\/author\/kurt-vandemaele\/"}]}},"_links":{"self":[{"href":"https:\/\/welovecinema.be\/nl\/wp-json\/wp\/v2\/posts\/48730","targetHints":{"allow":["GET"]}}],"collection":[{"href":"https:\/\/welovecinema.be\/nl\/wp-json\/wp\/v2\/posts"}],"about":[{"href":"https:\/\/welovecinema.be\/nl\/wp-json\/wp\/v2\/types\/post"}],"author":[{"embeddable":true,"href":"https:\/\/welovecinema.be\/nl\/wp-json\/wp\/v2\/users\/8"}],"replies":[{"embeddable":true,"href":"https:\/\/welovecinema.be\/nl\/wp-json\/wp\/v2\/comments?post=48730"}],"version-history":[{"count":0,"href":"https:\/\/welovecinema.be\/nl\/wp-json\/wp\/v2\/posts\/48730\/revisions"}],"wp:featuredmedia":[{"embeddable":true,"href":"https:\/\/welovecinema.be\/nl\/wp-json\/wp\/v2\/media\/48735"}],"wp:attachment":[{"href":"https:\/\/welovecinema.be\/nl\/wp-json\/wp\/v2\/media?parent=48730"}],"wp:term":[{"taxonomy":"category","embeddable":true,"href":"https:\/\/welovecinema.be\/nl\/wp-json\/wp\/v2\/categories?post=48730"},{"taxonomy":"post_tag","embeddable":true,"href":"https:\/\/welovecinema.be\/nl\/wp-json\/wp\/v2\/tags?post=48730"}],"curies":[{"name":"wp","href":"https:\/\/api.w.org\/{rel}","templated":true}]}}