{"id":46543,"date":"2013-10-09T13:14:44","date_gmt":"2013-10-09T11:14:44","guid":{"rendered":"http:\/\/www.cinevox.be\/?p=46543"},"modified":"2013-10-09T13:58:45","modified_gmt":"2013-10-09T11:58:45","slug":"46543","status":"publish","type":"post","link":"https:\/\/welovecinema.be\/nl\/46543\/","title":{"rendered":"Koen De Bouw over een carri\u00e8re in het buitenland"},"content":{"rendered":"<p><span style=\"color: #888888;\">Toen de film <em><span style=\"color: #ffffff;\">&#8216;Het Vonnis&#8217;<\/span> <\/em>in wereldpremi\u00e8re ging in Montr\u00e9al zag <span style=\"color: #ffffff;\">Koen De Bouw<\/span> met eigen ogen hoe hij een internationaal publiek kan bewegen, ontroeren. \u00a0En dus nog maar eens de vraag of dat hem niet aan het denken zette over een mogelijke internationale carri\u00e8re. Hij antwoordt eigenlijk negatief. Zegt dat hij zich niet zeker voelt in een andere taal. \u00a0Een grappig antwoord, des te meer doordat enkele dagen later bekend werd dat hij \u00e9\u00e9n van de Vlaamse namen is die in de internationale serie <span style=\"color: #ffffff;\">&#8216;The Team\u2019<\/span> zal te zien zijn.<\/span><\/p>\n","protected":false},"excerpt":{"rendered":"<p>Toen de film &#8216;Het Vonnis&#8217; in wereldpremi\u00e8re ging in Montr\u00e9al zag Koen De Bouw met eigen ogen hoe hij een internationaal publiek kan bewegen, ontroeren. \u00a0En dus nog maar eens de vraag of dat hem niet aan het denken zette over een mogelijke internationale carri\u00e8re. Hij antwoordt eigenlijk negatief. Zegt dat hij zich niet zeker &hellip;<\/p>\n","protected":false},"author":8,"featured_media":46544,"comment_status":"closed","ping_status":"closed","sticky":false,"template":"","format":"standard","meta":{"ngg_post_thumbnail":0,"footnotes":""},"categories":[],"tags":[],"class_list":["post-46543","post","type-post","status-publish","format-standard","has-post-thumbnail",""],"yoast_head":"<!-- This site is optimized with the Yoast SEO plugin v20.4 - https:\/\/yoast.com\/wordpress\/plugins\/seo\/ -->\n<title>Koen De Bouw over een carri\u00e8re in het buitenland - We Love Cinema<\/title>\n<meta name=\"robots\" content=\"index, follow, max-snippet:-1, max-image-preview:large, max-video-preview:-1\" \/>\n<link rel=\"canonical\" href=\"https:\/\/welovecinema.be\/nl\/46543\/\" \/>\n<meta property=\"og:locale\" content=\"nl_NL\" \/>\n<meta property=\"og:type\" content=\"article\" \/>\n<meta property=\"og:title\" content=\"Koen De Bouw over een carri\u00e8re in het buitenland - We Love Cinema\" \/>\n<meta property=\"og:description\" content=\"Toen de film &#8216;Het Vonnis&#8217; in wereldpremi\u00e8re ging in Montr\u00e9al zag Koen De Bouw met eigen ogen hoe hij een internationaal publiek kan bewegen, ontroeren. \u00a0En dus nog maar eens de vraag of dat hem niet aan het denken zette over een mogelijke internationale carri\u00e8re. Hij antwoordt eigenlijk negatief. Zegt dat hij zich niet zeker &hellip;\" \/>\n<meta property=\"og:url\" content=\"https:\/\/welovecinema.be\/nl\/46543\/\" \/>\n<meta property=\"og:site_name\" content=\"We Love Cinema\" \/>\n<meta property=\"article:publisher\" content=\"https:\/\/www.facebook.com\/welovecinema.be\" \/>\n<meta property=\"article:published_time\" content=\"2013-10-09T11:14:44+00:00\" \/>\n<meta property=\"article:modified_time\" content=\"2013-10-09T11:58:45+00:00\" \/>\n<meta property=\"og:image\" content=\"https:\/\/welovecinema.be\/wp-content\/uploads\/sites\/2\/2013\/10\/Koen-De-Bouw-4-2013-10-09-om-12.44.14.png\" \/>\n\t<meta property=\"og:image:width\" content=\"1920\" \/>\n\t<meta property=\"og:image:height\" content=\"1200\" \/>\n\t<meta property=\"og:image:type\" content=\"image\/png\" \/>\n<meta name=\"author\" content=\"Kurt.Vandemaele\" \/>\n<meta name=\"twitter:card\" content=\"summary_large_image\" \/>\n<meta name=\"twitter:label1\" content=\"Geschreven door\" \/>\n\t<meta name=\"twitter:data1\" content=\"Kurt.Vandemaele\" \/>\n<script type=\"application\/ld+json\" class=\"yoast-schema-graph\">{\"@context\":\"https:\/\/schema.org\",\"@graph\":[{\"@type\":\"Article\",\"@id\":\"https:\/\/welovecinema.be\/nl\/46543\/#article\",\"isPartOf\":{\"@id\":\"https:\/\/welovecinema.be\/nl\/46543\/\"},\"author\":{\"name\":\"Kurt.Vandemaele\",\"@id\":\"https:\/\/welovecinema.be\/nl\/#\/schema\/person\/f475ac81c30903d8505475024494c658\"},\"headline\":\"Koen De Bouw over een carri\u00e8re in het buitenland\",\"datePublished\":\"2013-10-09T11:14:44+00:00\",\"dateModified\":\"2013-10-09T11:58:45+00:00\",\"mainEntityOfPage\":{\"@id\":\"https:\/\/welovecinema.be\/nl\/46543\/\"},\"wordCount\":104,\"publisher\":{\"@id\":\"https:\/\/welovecinema.be\/nl\/#organization\"},\"inLanguage\":\"nl-NL\"},{\"@type\":\"WebPage\",\"@id\":\"https:\/\/welovecinema.be\/nl\/46543\/\",\"url\":\"https:\/\/welovecinema.be\/nl\/46543\/\",\"name\":\"Koen De Bouw over een carri\u00e8re in het buitenland - We Love Cinema\",\"isPartOf\":{\"@id\":\"https:\/\/welovecinema.be\/nl\/#website\"},\"datePublished\":\"2013-10-09T11:14:44+00:00\",\"dateModified\":\"2013-10-09T11:58:45+00:00\",\"breadcrumb\":{\"@id\":\"https:\/\/welovecinema.be\/nl\/46543\/#breadcrumb\"},\"inLanguage\":\"nl-NL\",\"potentialAction\":[{\"@type\":\"ReadAction\",\"target\":[\"https:\/\/welovecinema.be\/nl\/46543\/\"]}]},{\"@type\":\"BreadcrumbList\",\"@id\":\"https:\/\/welovecinema.be\/nl\/46543\/#breadcrumb\",\"itemListElement\":[{\"@type\":\"ListItem\",\"position\":1,\"name\":\"Accueil\",\"item\":\"https:\/\/welovecinema.be\/nl\/\"},{\"@type\":\"ListItem\",\"position\":2,\"name\":\"Koen De Bouw over een carri\u00e8re in het buitenland\"}]},{\"@type\":\"WebSite\",\"@id\":\"https:\/\/welovecinema.be\/nl\/#website\",\"url\":\"https:\/\/welovecinema.be\/nl\/\",\"name\":\"We Love Cinema\",\"description\":\"Toute l\u2019information du cin\u00e9ma en Belgique\",\"publisher\":{\"@id\":\"https:\/\/welovecinema.be\/nl\/#organization\"},\"potentialAction\":[{\"@type\":\"SearchAction\",\"target\":{\"@type\":\"EntryPoint\",\"urlTemplate\":\"https:\/\/welovecinema.be\/nl\/?s={search_term_string}\"},\"query-input\":\"required name=search_term_string\"}],\"inLanguage\":\"nl-NL\"},{\"@type\":\"Organization\",\"@id\":\"https:\/\/welovecinema.be\/nl\/#organization\",\"name\":\"We Love Cinema\",\"url\":\"https:\/\/welovecinema.be\/nl\/\",\"logo\":{\"@type\":\"ImageObject\",\"inLanguage\":\"nl-NL\",\"@id\":\"https:\/\/welovecinema.be\/nl\/#\/schema\/logo\/image\/\",\"url\":\"https:\/\/welovecinema.be\/wp-content\/uploads\/sites\/2\/2023\/03\/Logo-We-Love-Cinema305x128.jpg\",\"contentUrl\":\"https:\/\/welovecinema.be\/wp-content\/uploads\/sites\/2\/2023\/03\/Logo-We-Love-Cinema305x128.jpg\",\"width\":305,\"height\":128,\"caption\":\"We Love Cinema\"},\"image\":{\"@id\":\"https:\/\/welovecinema.be\/nl\/#\/schema\/logo\/image\/\"},\"sameAs\":[\"https:\/\/www.facebook.com\/welovecinema.be\",\"https:\/\/www.youtube.com\/channel\/UCX5LYGVhnKvYauW4Nta4HJA\",\"https:\/\/www.instagram.com\/welovecinema.be\/\"]},{\"@type\":\"Person\",\"@id\":\"https:\/\/welovecinema.be\/nl\/#\/schema\/person\/f475ac81c30903d8505475024494c658\",\"name\":\"Kurt.Vandemaele\",\"url\":\"https:\/\/welovecinema.be\/nl\/author\/kurt-vandemaele\/\"}]}<\/script>\n<!-- \/ Yoast SEO plugin. -->","yoast_head_json":{"title":"Koen De Bouw over een carri\u00e8re in het buitenland - We Love Cinema","robots":{"index":"index","follow":"follow","max-snippet":"max-snippet:-1","max-image-preview":"max-image-preview:large","max-video-preview":"max-video-preview:-1"},"canonical":"https:\/\/welovecinema.be\/nl\/46543\/","og_locale":"nl_NL","og_type":"article","og_title":"Koen De Bouw over een carri\u00e8re in het buitenland - We Love Cinema","og_description":"Toen de film &#8216;Het Vonnis&#8217; in wereldpremi\u00e8re ging in Montr\u00e9al zag Koen De Bouw met eigen ogen hoe hij een internationaal publiek kan bewegen, ontroeren. \u00a0En dus nog maar eens de vraag of dat hem niet aan het denken zette over een mogelijke internationale carri\u00e8re. Hij antwoordt eigenlijk negatief. Zegt dat hij zich niet zeker &hellip;","og_url":"https:\/\/welovecinema.be\/nl\/46543\/","og_site_name":"We Love Cinema","article_publisher":"https:\/\/www.facebook.com\/welovecinema.be","article_published_time":"2013-10-09T11:14:44+00:00","article_modified_time":"2013-10-09T11:58:45+00:00","og_image":[{"width":1920,"height":1200,"url":"https:\/\/welovecinema.be\/wp-content\/uploads\/sites\/2\/2013\/10\/Koen-De-Bouw-4-2013-10-09-om-12.44.14.png","type":"image\/png"}],"author":"Kurt.Vandemaele","twitter_card":"summary_large_image","twitter_misc":{"Geschreven door":"Kurt.Vandemaele"},"schema":{"@context":"https:\/\/schema.org","@graph":[{"@type":"Article","@id":"https:\/\/welovecinema.be\/nl\/46543\/#article","isPartOf":{"@id":"https:\/\/welovecinema.be\/nl\/46543\/"},"author":{"name":"Kurt.Vandemaele","@id":"https:\/\/welovecinema.be\/nl\/#\/schema\/person\/f475ac81c30903d8505475024494c658"},"headline":"Koen De Bouw over een carri\u00e8re in het buitenland","datePublished":"2013-10-09T11:14:44+00:00","dateModified":"2013-10-09T11:58:45+00:00","mainEntityOfPage":{"@id":"https:\/\/welovecinema.be\/nl\/46543\/"},"wordCount":104,"publisher":{"@id":"https:\/\/welovecinema.be\/nl\/#organization"},"inLanguage":"nl-NL"},{"@type":"WebPage","@id":"https:\/\/welovecinema.be\/nl\/46543\/","url":"https:\/\/welovecinema.be\/nl\/46543\/","name":"Koen De Bouw over een carri\u00e8re in het buitenland - We Love Cinema","isPartOf":{"@id":"https:\/\/welovecinema.be\/nl\/#website"},"datePublished":"2013-10-09T11:14:44+00:00","dateModified":"2013-10-09T11:58:45+00:00","breadcrumb":{"@id":"https:\/\/welovecinema.be\/nl\/46543\/#breadcrumb"},"inLanguage":"nl-NL","potentialAction":[{"@type":"ReadAction","target":["https:\/\/welovecinema.be\/nl\/46543\/"]}]},{"@type":"BreadcrumbList","@id":"https:\/\/welovecinema.be\/nl\/46543\/#breadcrumb","itemListElement":[{"@type":"ListItem","position":1,"name":"Accueil","item":"https:\/\/welovecinema.be\/nl\/"},{"@type":"ListItem","position":2,"name":"Koen De Bouw over een carri\u00e8re in het buitenland"}]},{"@type":"WebSite","@id":"https:\/\/welovecinema.be\/nl\/#website","url":"https:\/\/welovecinema.be\/nl\/","name":"We Love Cinema","description":"Toute l\u2019information du cin\u00e9ma en Belgique","publisher":{"@id":"https:\/\/welovecinema.be\/nl\/#organization"},"potentialAction":[{"@type":"SearchAction","target":{"@type":"EntryPoint","urlTemplate":"https:\/\/welovecinema.be\/nl\/?s={search_term_string}"},"query-input":"required name=search_term_string"}],"inLanguage":"nl-NL"},{"@type":"Organization","@id":"https:\/\/welovecinema.be\/nl\/#organization","name":"We Love Cinema","url":"https:\/\/welovecinema.be\/nl\/","logo":{"@type":"ImageObject","inLanguage":"nl-NL","@id":"https:\/\/welovecinema.be\/nl\/#\/schema\/logo\/image\/","url":"https:\/\/welovecinema.be\/wp-content\/uploads\/sites\/2\/2023\/03\/Logo-We-Love-Cinema305x128.jpg","contentUrl":"https:\/\/welovecinema.be\/wp-content\/uploads\/sites\/2\/2023\/03\/Logo-We-Love-Cinema305x128.jpg","width":305,"height":128,"caption":"We Love Cinema"},"image":{"@id":"https:\/\/welovecinema.be\/nl\/#\/schema\/logo\/image\/"},"sameAs":["https:\/\/www.facebook.com\/welovecinema.be","https:\/\/www.youtube.com\/channel\/UCX5LYGVhnKvYauW4Nta4HJA","https:\/\/www.instagram.com\/welovecinema.be\/"]},{"@type":"Person","@id":"https:\/\/welovecinema.be\/nl\/#\/schema\/person\/f475ac81c30903d8505475024494c658","name":"Kurt.Vandemaele","url":"https:\/\/welovecinema.be\/nl\/author\/kurt-vandemaele\/"}]}},"_links":{"self":[{"href":"https:\/\/welovecinema.be\/nl\/wp-json\/wp\/v2\/posts\/46543","targetHints":{"allow":["GET"]}}],"collection":[{"href":"https:\/\/welovecinema.be\/nl\/wp-json\/wp\/v2\/posts"}],"about":[{"href":"https:\/\/welovecinema.be\/nl\/wp-json\/wp\/v2\/types\/post"}],"author":[{"embeddable":true,"href":"https:\/\/welovecinema.be\/nl\/wp-json\/wp\/v2\/users\/8"}],"replies":[{"embeddable":true,"href":"https:\/\/welovecinema.be\/nl\/wp-json\/wp\/v2\/comments?post=46543"}],"version-history":[{"count":0,"href":"https:\/\/welovecinema.be\/nl\/wp-json\/wp\/v2\/posts\/46543\/revisions"}],"wp:featuredmedia":[{"embeddable":true,"href":"https:\/\/welovecinema.be\/nl\/wp-json\/wp\/v2\/media\/46544"}],"wp:attachment":[{"href":"https:\/\/welovecinema.be\/nl\/wp-json\/wp\/v2\/media?parent=46543"}],"wp:term":[{"taxonomy":"category","embeddable":true,"href":"https:\/\/welovecinema.be\/nl\/wp-json\/wp\/v2\/categories?post=46543"},{"taxonomy":"post_tag","embeddable":true,"href":"https:\/\/welovecinema.be\/nl\/wp-json\/wp\/v2\/tags?post=46543"}],"curies":[{"name":"wp","href":"https:\/\/api.w.org\/{rel}","templated":true}]}}