{"id":43579,"date":"2013-07-23T19:13:37","date_gmt":"2013-07-23T17:13:37","guid":{"rendered":"http:\/\/www.cinevox.be\/?p=43579"},"modified":"2013-07-23T19:21:21","modified_gmt":"2013-07-23T17:21:21","slug":"corsan-productie-met-liam-neeson-geselecteerd-voor-festival-van-torontopersbericht-embargo-tot-woensdag-23-juli-2013-0500-am-l-a-confidentialbasinger","status":"publish","type":"post","link":"https:\/\/welovecinema.be\/nl\/corsan-productie-met-liam-neeson-geselecteerd-voor-festival-van-torontopersbericht-embargo-tot-woensdag-23-juli-2013-0500-am-l-a-confidentialbasinger\/","title":{"rendered":"Amerikaanse film met Liam Neeson geproduceerd door Belgische Corsan geselecteerd voor Festival van Toronto"},"content":{"rendered":"<p>BELGISCHE FILM THIRD PERSON IN REGIE VAN PAUL HAGGIS, GEPRODUCEERD DOOR PAUL BREULS EN MET LIAM NEESON, OLIVIA WILDE, MILA KUNIS, ADRIEN BRODY, JAMES FRANCO EN KIM BASINGER GESELECTEERD VOOR TORONTO FILM FESTIVAL (TIFF)<\/p>\n<p><span style=\"color: #999999;\"><b>ANTWERPEN \u2013 Dinsdag 22 juli 2013: Hoe hij het doet, blijft een raadsel. in het Belgische filmmilieu heeft Paul Breuls geen al te beste faam, maar daar lijkt Hollywood zich niets van aan te trekken.\u00a0<\/b><\/span><span style=\"color: #999999;\"><b>Belgisch filmproductiebedrijf Corsan, onder leiding van producent Paul Breuls, meldt dat Third person, in regie van en geschreven door tweevoudig Oscarwinnaar Paul Haggis (Crash, Million dollar baby) en geproduceerd door Paul Breuls, ge\u00efnviteerd werd voor het gerenommeerde Toronto Film Festival (TIFF) dat van 5 tot 15 september plaatsvindt in de hogergenoemde stad<\/b><b>.<\/b><\/span><\/p>\n<p>&nbsp;<\/p>\n<p>De hoofdrollen van Third Person worden vertolkt door Liam Neeson (Taken 1 &amp; 2, Shindler\u2019s list), Olivia Wilde (Tron: legacy, The next three days), Mila Kunis (Ted, Black swan), James Franco (The Iceman, 127 hours), en Oscarwinnaars Adrien Brody (The Pianist) en Kim<span style=\"color: #333333; font-family: Georgia, 'Times New Roman', 'Bitstream Charter', Times, serif;\">Basinger<\/span><em id=\"__mceDel\"><span style=\"color: #333333; font-family: Georgia, 'Times New Roman', 'Bitstream Charter', Times, serif;\">(<i>L.A. confidential)<\/i><\/span><\/em><\/p>\n<p>Third person zal op maandag 9 september om 21:30u in het beroemde Elgin Theatre voor het eerst \u2013 in wereldpremi\u00e8re &#8211; getoond worden aan vertegenwoordigers van de internationale filmindustrie. De volledige cast, regisseur en de gedelegeerden van Corsan zullen aanwezig zijn. De vertoning zal gevolgd worden door een VIP party.<\/p>\n<p>De film werd uitgenodigd door het selectie comit\u00e9 van het festival, in het Special Presentations Programme. In deze sectie worden high profile films van toonaangevende filmmakers getoond.<\/p>\n<p>Third person is een Belgische film van het Antwerpse productiehuis Corsan, onder leiding van CEO Paul Breuls. De film werd ontwikkeld, gefinancierd en geproduceerd, mede dankzij het bestaan van de Belgische Tax Shelter, door het vaste Belgische team van Corsan. Ook de internationale verkoop, marketing en distributie van de film wordt door het in house sales team van Corsan waargenomen.<\/p>\n<p>Momenteel legt regisseur Paul Haggis de laatste hand aan de film in Antwerpen, waar hij al enkele maanden verblijft voor de afwerking van de film.<\/p>\n<p><span style=\"text-decoration: underline;\">Over de film<\/span><\/p>\n<p>Third Person vertelt drie liefdesverhalen van drie koppels die zich afspelen in drie verschillende steden. Ieder verhaal concentreert zich op een ander moment en een andere emotie in de relatie; het begin, het midden en het einde van de relatie.<\/p>\n<p>Rome &#8211; Scott (Adrien Brody), een Amerikaanse zakenman, wordt verliefd op een Italiaanse zigeunerin Monika (Moran Atias). Hij komt in een complot terecht waarin hij Monika\u2019s gekidnapte dochter probeert te bevrijden. Tijdens de zoektocht naar de dochter rijzen echter de vragen naar de waarheid omtrent het hele verhaal.<\/p>\n<p>Parijs &#8211; Michael (Liam Neeson), een succesvol schrijver, heeft onlangs zijn vrouw Elaine (Kim Basinger) verlaten. In zijn hotelsuite ontvangt hij bezoek van zijn minnares Anna (Olivia Wilde), een jonge beloftevolle schrijfster. Hun aan-en-uit-relatie verloopt gecompliceerd. Een onthutsend geheim is hiervan de oorzaak.<\/p>\n<p>New York &#8211; Julia (Mila Kunis), een gewezen soap opera actrice, is aan het scheiden van haar man Rick (James Franco), een bekend kunstschilder. Het stel verzeilt in een bitsige procedure om het hoederecht over hun zoontje te bekomen.<\/p>\n<p>De drie verhalen vloeien naadloos in mekaar over. Het resultaat is een intelligente, fascinerende en eigentijdse relatiefilm, het handelsmerk van Paul Haggis.<\/p>\n<p><span style=\"text-decoration: underline;\">Quote Paul Haggis<\/span><\/p>\n<p><em><a href=\"http:\/\/www.cinevox.be\/nl\/corsan-productie-met-liam-neeson-geselecteerd-voor-festival-van-torontopersbericht-embargo-tot-woensdag-23-juli-2013-0500-am-l-a-confidentialbasinger\/image-13\/\" rel=\"attachment wp-att-43580\"><img loading=\"lazy\" decoding=\"async\" class=\"alignright size-large wp-image-43580\" alt=\"\" src=\"http:\/\/www.cinevox.be\/wp-content\/uploads\/sites\/2\/2013\/07\/image10-800x433.jpg\" width=\"640\" height=\"346\" srcset=\"https:\/\/welovecinema.be\/wp-content\/uploads\/sites\/2\/2013\/07\/image10-800x433.jpg 800w, https:\/\/welovecinema.be\/wp-content\/uploads\/sites\/2\/2013\/07\/image10-480x260.jpg 480w, https:\/\/welovecinema.be\/wp-content\/uploads\/sites\/2\/2013\/07\/image10.jpg 1920w\" sizes=\"auto, (max-width: 640px) 100vw, 640px\" \/><\/a>\u2018One of the great joys of shooting third person almost entirely in Europe has been spending some real time in cities I only knew as a tourist. As i explored Antwerp I quickly came to love it, and will miss it, and the great friends I made, when we finally leave. I can&#8217;t thank Paul Breuls enough for believing in our film, and giving me the creative freedom to make it. Corsan has been a great partner, and I look forward to the next step we take together in releasing our film.\u2019<\/em><\/p>\n<p><em>\u2018I like to write about things I don\u2019t really understand at the beginning of the writing process and these three stories about relationships evolved. It took me two and a half years to write, six days a week, eight hours a day often getting it wrong. It is very similar to Crash in that it took a long time to percolate<\/em><\/p>\n<p><span style=\"text-decoration: underline;\">Quote Paul Breuls<\/span><\/p>\n<p>\u2018Een intelligente en intrigerende relatiefilm maken, dat was voor mij al lang een uitdaging. De opportuniteit om met the master himself \u2013 Paul Haggis \u2013 samen te werken en te zien hoe deze groep brilliante acteurs de karakters uit de film interpreteerden, was een uitzinnige en \u2018more than hoped for\u2019 ervaring.<\/p>\n<p>Een release datum wordt binnenkort aangekondigd. Een trailer zal n.a.v. het festival van Toronto worden vrij gegeven. (Een eerste still is beschikbaar bij Emelie Vervecken &#8211; contactgegevens onderaan).<\/p>\n<p><span style=\"text-decoration: underline;\">Andere recente en lopende producties van Corsan zijn o.a.:<\/span><\/p>\n<p>\u00d8 Killing season in regie van Mark Steven Johnson (Daredevil, Ghost rider). Een script van Evan Daugherty (Snow white and the huntsman). Met Robert De Niro en John Travolta. De film werd op 12 juli gereleaset in de VS en zal op in september getoond worden op het Franse Deauville film festival.<\/p>\n<p>\u00d8 Martin Scorsese-project. Tijdens het afgelopen Cannes film festival ging Corsan een coproductie akkoord aan voor de volgende film van regisseur Martin Scorsese Silence. Deze zal in 2014 gedraaid worden.<\/p>\n<p>\u00d8 Emperor in regie van Lee Tamahori (The devil\u2019s double, Die another day, Once were warriors). De film is in pre-productie. Regisseur Lee Tamahori verblijft momenteel in Belgi\u00eb om de film voor te bereiden.<\/p>\n<p>\u00d8 Chet Baker-project. Verfilming van pijnlijk mooie momenten uit het tragisch-avontuurlijk leven van de legendarische muzikant Chet Baker. Deze productie is in ontwikkelingsfase.<\/p>\n<p>\u00d8 Confessions of an economic hitman. Een politieke thriller, een choquerende inside story over hoe Noord-Amerika werkelijk de wereld veroverd heeft. Deze productie is in ontwikkelingsfase.<\/p>\n<p>\u00d8 Singularity in regie van Oscar winnaar Roland Joff\u00e9, wordt momenteel voorbereid voor de distributiemarkt. Dirk Bross\u00e9, die enkele dagen geleden voor een Emmy genomineerd werd, componeerde en dirigeerde de muziek voor dit episch avontuur.<\/p>\n<p><span style=\"text-decoration: underline;\">Over Corsan<\/span><\/p>\n<p>Corsan werd opgericht in 1989 en evolueerde naar een volledig ge\u00efntegreerd filmproductie, financiering- en \u2013verkoopbedrijf.<\/p>\n<p>Corsan startte met het produceren van Vlaamse films als Het sacrament, De verlossing (Hugo Claus) en Eline Verre (Harry K\u00fcmel). Nadien volgden enkele Engelstalige producties waaronder Suite 16 (Dominique Deruddere) en Shades (Erik Van Looy).<\/p>\n<p>Met de komst van de Belgische Tax Shelterwetgeving in 2004, richtte Corsan haar eigen Tax Shelterafdeling op.<\/p>\n<p>Corsan bereikte door haar jarenlange inzet en ge\u00ebvolueerde expertise allianties met agentschappen, financiers, managers en talent op internationaal niveau. Hierdoor, in combinatie met het ontstaan van de Belgische Tax Shelter, kan Corsan Belgische films maken die bestemd en exploiteerbaar zijn voor de wereldmarkt.<\/p>\n<p>Films van Corsan werden op verschillende vooraanstaande film festivals uitgenodigd en gelauwerd. The devil\u2019s double &#8211; selectie Sundance Film Festival 2011 (VS), selectie Panorama sectie Berlin Film Festival 2011, Anchoress &#8211; First Film Prize Montr\u00e9al World Film Festival 1993 (CA), nominatie Joseph Plateau Award 1994, Un Certain Regard (Cannes Film Festival) 1993, De verlossing \u2013 nominatie Filmfestival Gent 2001, Joseph Plateau Award 2003, Suite 16 \u2013 selectie Panorama sectie Berlin Film Festival.<\/p>\n","protected":false},"excerpt":{"rendered":"<p>BELGISCHE FILM THIRD PERSON IN REGIE VAN PAUL HAGGIS, GEPRODUCEERD DOOR PAUL BREULS EN MET LIAM NEESON, OLIVIA WILDE, MILA KUNIS, ADRIEN BRODY, JAMES FRANCO EN KIM BASINGER GESELECTEERD VOOR TORONTO FILM FESTIVAL (TIFF) ANTWERPEN \u2013 Dinsdag 22 juli 2013: Hoe hij het doet, blijft een raadsel. in het Belgische filmmilieu heeft Paul Breuls geen &hellip;<\/p>\n","protected":false},"author":8,"featured_media":43586,"comment_status":"closed","ping_status":"closed","sticky":false,"template":"","format":"standard","meta":{"ngg_post_thumbnail":0,"footnotes":""},"categories":[1069,30,3],"tags":[],"class_list":["post-43579","post","type-post","status-publish","format-standard","has-post-thumbnail","","category-festivals-nl","category-nieuws","category-varia-nl"],"yoast_head":"<!-- This site is optimized with the Yoast SEO plugin v20.4 - https:\/\/yoast.com\/wordpress\/plugins\/seo\/ -->\n<title>Amerikaanse film met Liam Neeson geproduceerd door Paul Breuls geselecteerd voor Toronto<\/title>\n<meta name=\"robots\" content=\"index, follow, max-snippet:-1, max-image-preview:large, max-video-preview:-1\" \/>\n<link rel=\"canonical\" href=\"https:\/\/welovecinema.be\/nl\/corsan-productie-met-liam-neeson-geselecteerd-voor-festival-van-torontopersbericht-embargo-tot-woensdag-23-juli-2013-0500-am-l-a-confidentialbasinger\/\" \/>\n<meta property=\"og:locale\" content=\"nl_NL\" \/>\n<meta property=\"og:type\" content=\"article\" \/>\n<meta property=\"og:title\" content=\"Amerikaanse film met Liam Neeson geproduceerd door Paul Breuls geselecteerd voor Toronto\" \/>\n<meta property=\"og:description\" content=\"BELGISCHE FILM THIRD PERSON IN REGIE VAN PAUL HAGGIS, GEPRODUCEERD DOOR PAUL BREULS EN MET LIAM NEESON, OLIVIA WILDE, MILA KUNIS, ADRIEN BRODY, JAMES FRANCO EN KIM BASINGER GESELECTEERD VOOR TORONTO FILM FESTIVAL (TIFF) ANTWERPEN \u2013 Dinsdag 22 juli 2013: Hoe hij het doet, blijft een raadsel. in het Belgische filmmilieu heeft Paul Breuls geen &hellip;\" \/>\n<meta property=\"og:url\" content=\"https:\/\/welovecinema.be\/nl\/corsan-productie-met-liam-neeson-geselecteerd-voor-festival-van-torontopersbericht-embargo-tot-woensdag-23-juli-2013-0500-am-l-a-confidentialbasinger\/\" \/>\n<meta property=\"og:site_name\" content=\"We Love Cinema\" \/>\n<meta property=\"article:publisher\" content=\"https:\/\/www.facebook.com\/welovecinema.be\" \/>\n<meta property=\"article:published_time\" content=\"2013-07-23T17:13:37+00:00\" \/>\n<meta property=\"article:modified_time\" content=\"2013-07-23T17:21:21+00:00\" \/>\n<meta property=\"og:image\" content=\"https:\/\/welovecinema.be\/wp-content\/uploads\/sites\/2\/2013\/07\/image12.jpg\" \/>\n\t<meta property=\"og:image:width\" content=\"175\" \/>\n\t<meta property=\"og:image:height\" content=\"260\" \/>\n\t<meta property=\"og:image:type\" content=\"image\/jpeg\" \/>\n<meta name=\"author\" content=\"Kurt.Vandemaele\" \/>\n<meta name=\"twitter:card\" content=\"summary_large_image\" \/>\n<meta name=\"twitter:label1\" content=\"Geschreven door\" \/>\n\t<meta name=\"twitter:data1\" content=\"Kurt.Vandemaele\" \/>\n\t<meta name=\"twitter:label2\" content=\"Geschatte leestijd\" \/>\n\t<meta name=\"twitter:data2\" content=\"6 minuten\" \/>\n<script type=\"application\/ld+json\" class=\"yoast-schema-graph\">{\"@context\":\"https:\/\/schema.org\",\"@graph\":[{\"@type\":\"Article\",\"@id\":\"https:\/\/welovecinema.be\/nl\/corsan-productie-met-liam-neeson-geselecteerd-voor-festival-van-torontopersbericht-embargo-tot-woensdag-23-juli-2013-0500-am-l-a-confidentialbasinger\/#article\",\"isPartOf\":{\"@id\":\"https:\/\/welovecinema.be\/nl\/corsan-productie-met-liam-neeson-geselecteerd-voor-festival-van-torontopersbericht-embargo-tot-woensdag-23-juli-2013-0500-am-l-a-confidentialbasinger\/\"},\"author\":{\"name\":\"Kurt.Vandemaele\",\"@id\":\"https:\/\/welovecinema.be\/nl\/#\/schema\/person\/f475ac81c30903d8505475024494c658\"},\"headline\":\"Amerikaanse film met Liam Neeson geproduceerd door Belgische Corsan geselecteerd voor Festival van Toronto\",\"datePublished\":\"2013-07-23T17:13:37+00:00\",\"dateModified\":\"2013-07-23T17:21:21+00:00\",\"mainEntityOfPage\":{\"@id\":\"https:\/\/welovecinema.be\/nl\/corsan-productie-met-liam-neeson-geselecteerd-voor-festival-van-torontopersbericht-embargo-tot-woensdag-23-juli-2013-0500-am-l-a-confidentialbasinger\/\"},\"wordCount\":1152,\"publisher\":{\"@id\":\"https:\/\/welovecinema.be\/nl\/#organization\"},\"articleSection\":[\"Festivals\",\"Nieuws\",\"Varia\"],\"inLanguage\":\"nl-NL\"},{\"@type\":\"WebPage\",\"@id\":\"https:\/\/welovecinema.be\/nl\/corsan-productie-met-liam-neeson-geselecteerd-voor-festival-van-torontopersbericht-embargo-tot-woensdag-23-juli-2013-0500-am-l-a-confidentialbasinger\/\",\"url\":\"https:\/\/welovecinema.be\/nl\/corsan-productie-met-liam-neeson-geselecteerd-voor-festival-van-torontopersbericht-embargo-tot-woensdag-23-juli-2013-0500-am-l-a-confidentialbasinger\/\",\"name\":\"Amerikaanse film met Liam Neeson geproduceerd door Paul Breuls geselecteerd voor Toronto\",\"isPartOf\":{\"@id\":\"https:\/\/welovecinema.be\/nl\/#website\"},\"datePublished\":\"2013-07-23T17:13:37+00:00\",\"dateModified\":\"2013-07-23T17:21:21+00:00\",\"breadcrumb\":{\"@id\":\"https:\/\/welovecinema.be\/nl\/corsan-productie-met-liam-neeson-geselecteerd-voor-festival-van-torontopersbericht-embargo-tot-woensdag-23-juli-2013-0500-am-l-a-confidentialbasinger\/#breadcrumb\"},\"inLanguage\":\"nl-NL\",\"potentialAction\":[{\"@type\":\"ReadAction\",\"target\":[\"https:\/\/welovecinema.be\/nl\/corsan-productie-met-liam-neeson-geselecteerd-voor-festival-van-torontopersbericht-embargo-tot-woensdag-23-juli-2013-0500-am-l-a-confidentialbasinger\/\"]}]},{\"@type\":\"BreadcrumbList\",\"@id\":\"https:\/\/welovecinema.be\/nl\/corsan-productie-met-liam-neeson-geselecteerd-voor-festival-van-torontopersbericht-embargo-tot-woensdag-23-juli-2013-0500-am-l-a-confidentialbasinger\/#breadcrumb\",\"itemListElement\":[{\"@type\":\"ListItem\",\"position\":1,\"name\":\"Accueil\",\"item\":\"https:\/\/welovecinema.be\/nl\/\"},{\"@type\":\"ListItem\",\"position\":2,\"name\":\"Amerikaanse film met Liam Neeson geproduceerd door Belgische Corsan geselecteerd voor Festival van Toronto\"}]},{\"@type\":\"WebSite\",\"@id\":\"https:\/\/welovecinema.be\/nl\/#website\",\"url\":\"https:\/\/welovecinema.be\/nl\/\",\"name\":\"We Love Cinema\",\"description\":\"Toute l\u2019information du cin\u00e9ma en Belgique\",\"publisher\":{\"@id\":\"https:\/\/welovecinema.be\/nl\/#organization\"},\"potentialAction\":[{\"@type\":\"SearchAction\",\"target\":{\"@type\":\"EntryPoint\",\"urlTemplate\":\"https:\/\/welovecinema.be\/nl\/?s={search_term_string}\"},\"query-input\":\"required name=search_term_string\"}],\"inLanguage\":\"nl-NL\"},{\"@type\":\"Organization\",\"@id\":\"https:\/\/welovecinema.be\/nl\/#organization\",\"name\":\"We Love Cinema\",\"url\":\"https:\/\/welovecinema.be\/nl\/\",\"logo\":{\"@type\":\"ImageObject\",\"inLanguage\":\"nl-NL\",\"@id\":\"https:\/\/welovecinema.be\/nl\/#\/schema\/logo\/image\/\",\"url\":\"https:\/\/welovecinema.be\/wp-content\/uploads\/sites\/2\/2023\/03\/Logo-We-Love-Cinema305x128.jpg\",\"contentUrl\":\"https:\/\/welovecinema.be\/wp-content\/uploads\/sites\/2\/2023\/03\/Logo-We-Love-Cinema305x128.jpg\",\"width\":305,\"height\":128,\"caption\":\"We Love Cinema\"},\"image\":{\"@id\":\"https:\/\/welovecinema.be\/nl\/#\/schema\/logo\/image\/\"},\"sameAs\":[\"https:\/\/www.facebook.com\/welovecinema.be\",\"https:\/\/www.youtube.com\/channel\/UCX5LYGVhnKvYauW4Nta4HJA\",\"https:\/\/www.instagram.com\/welovecinema.be\/\"]},{\"@type\":\"Person\",\"@id\":\"https:\/\/welovecinema.be\/nl\/#\/schema\/person\/f475ac81c30903d8505475024494c658\",\"name\":\"Kurt.Vandemaele\",\"url\":\"https:\/\/welovecinema.be\/nl\/author\/kurt-vandemaele\/\"}]}<\/script>\n<!-- \/ Yoast SEO plugin. -->","yoast_head_json":{"title":"Amerikaanse film met Liam Neeson geproduceerd door Paul Breuls geselecteerd voor Toronto","robots":{"index":"index","follow":"follow","max-snippet":"max-snippet:-1","max-image-preview":"max-image-preview:large","max-video-preview":"max-video-preview:-1"},"canonical":"https:\/\/welovecinema.be\/nl\/corsan-productie-met-liam-neeson-geselecteerd-voor-festival-van-torontopersbericht-embargo-tot-woensdag-23-juli-2013-0500-am-l-a-confidentialbasinger\/","og_locale":"nl_NL","og_type":"article","og_title":"Amerikaanse film met Liam Neeson geproduceerd door Paul Breuls geselecteerd voor Toronto","og_description":"BELGISCHE FILM THIRD PERSON IN REGIE VAN PAUL HAGGIS, GEPRODUCEERD DOOR PAUL BREULS EN MET LIAM NEESON, OLIVIA WILDE, MILA KUNIS, ADRIEN BRODY, JAMES FRANCO EN KIM BASINGER GESELECTEERD VOOR TORONTO FILM FESTIVAL (TIFF) ANTWERPEN \u2013 Dinsdag 22 juli 2013: Hoe hij het doet, blijft een raadsel. in het Belgische filmmilieu heeft Paul Breuls geen &hellip;","og_url":"https:\/\/welovecinema.be\/nl\/corsan-productie-met-liam-neeson-geselecteerd-voor-festival-van-torontopersbericht-embargo-tot-woensdag-23-juli-2013-0500-am-l-a-confidentialbasinger\/","og_site_name":"We Love Cinema","article_publisher":"https:\/\/www.facebook.com\/welovecinema.be","article_published_time":"2013-07-23T17:13:37+00:00","article_modified_time":"2013-07-23T17:21:21+00:00","og_image":[{"width":175,"height":260,"url":"https:\/\/welovecinema.be\/wp-content\/uploads\/sites\/2\/2013\/07\/image12.jpg","type":"image\/jpeg"}],"author":"Kurt.Vandemaele","twitter_card":"summary_large_image","twitter_misc":{"Geschreven door":"Kurt.Vandemaele","Geschatte leestijd":"6 minuten"},"schema":{"@context":"https:\/\/schema.org","@graph":[{"@type":"Article","@id":"https:\/\/welovecinema.be\/nl\/corsan-productie-met-liam-neeson-geselecteerd-voor-festival-van-torontopersbericht-embargo-tot-woensdag-23-juli-2013-0500-am-l-a-confidentialbasinger\/#article","isPartOf":{"@id":"https:\/\/welovecinema.be\/nl\/corsan-productie-met-liam-neeson-geselecteerd-voor-festival-van-torontopersbericht-embargo-tot-woensdag-23-juli-2013-0500-am-l-a-confidentialbasinger\/"},"author":{"name":"Kurt.Vandemaele","@id":"https:\/\/welovecinema.be\/nl\/#\/schema\/person\/f475ac81c30903d8505475024494c658"},"headline":"Amerikaanse film met Liam Neeson geproduceerd door Belgische Corsan geselecteerd voor Festival van Toronto","datePublished":"2013-07-23T17:13:37+00:00","dateModified":"2013-07-23T17:21:21+00:00","mainEntityOfPage":{"@id":"https:\/\/welovecinema.be\/nl\/corsan-productie-met-liam-neeson-geselecteerd-voor-festival-van-torontopersbericht-embargo-tot-woensdag-23-juli-2013-0500-am-l-a-confidentialbasinger\/"},"wordCount":1152,"publisher":{"@id":"https:\/\/welovecinema.be\/nl\/#organization"},"articleSection":["Festivals","Nieuws","Varia"],"inLanguage":"nl-NL"},{"@type":"WebPage","@id":"https:\/\/welovecinema.be\/nl\/corsan-productie-met-liam-neeson-geselecteerd-voor-festival-van-torontopersbericht-embargo-tot-woensdag-23-juli-2013-0500-am-l-a-confidentialbasinger\/","url":"https:\/\/welovecinema.be\/nl\/corsan-productie-met-liam-neeson-geselecteerd-voor-festival-van-torontopersbericht-embargo-tot-woensdag-23-juli-2013-0500-am-l-a-confidentialbasinger\/","name":"Amerikaanse film met Liam Neeson geproduceerd door Paul Breuls geselecteerd voor Toronto","isPartOf":{"@id":"https:\/\/welovecinema.be\/nl\/#website"},"datePublished":"2013-07-23T17:13:37+00:00","dateModified":"2013-07-23T17:21:21+00:00","breadcrumb":{"@id":"https:\/\/welovecinema.be\/nl\/corsan-productie-met-liam-neeson-geselecteerd-voor-festival-van-torontopersbericht-embargo-tot-woensdag-23-juli-2013-0500-am-l-a-confidentialbasinger\/#breadcrumb"},"inLanguage":"nl-NL","potentialAction":[{"@type":"ReadAction","target":["https:\/\/welovecinema.be\/nl\/corsan-productie-met-liam-neeson-geselecteerd-voor-festival-van-torontopersbericht-embargo-tot-woensdag-23-juli-2013-0500-am-l-a-confidentialbasinger\/"]}]},{"@type":"BreadcrumbList","@id":"https:\/\/welovecinema.be\/nl\/corsan-productie-met-liam-neeson-geselecteerd-voor-festival-van-torontopersbericht-embargo-tot-woensdag-23-juli-2013-0500-am-l-a-confidentialbasinger\/#breadcrumb","itemListElement":[{"@type":"ListItem","position":1,"name":"Accueil","item":"https:\/\/welovecinema.be\/nl\/"},{"@type":"ListItem","position":2,"name":"Amerikaanse film met Liam Neeson geproduceerd door Belgische Corsan geselecteerd voor Festival van Toronto"}]},{"@type":"WebSite","@id":"https:\/\/welovecinema.be\/nl\/#website","url":"https:\/\/welovecinema.be\/nl\/","name":"We Love Cinema","description":"Toute l\u2019information du cin\u00e9ma en Belgique","publisher":{"@id":"https:\/\/welovecinema.be\/nl\/#organization"},"potentialAction":[{"@type":"SearchAction","target":{"@type":"EntryPoint","urlTemplate":"https:\/\/welovecinema.be\/nl\/?s={search_term_string}"},"query-input":"required name=search_term_string"}],"inLanguage":"nl-NL"},{"@type":"Organization","@id":"https:\/\/welovecinema.be\/nl\/#organization","name":"We Love Cinema","url":"https:\/\/welovecinema.be\/nl\/","logo":{"@type":"ImageObject","inLanguage":"nl-NL","@id":"https:\/\/welovecinema.be\/nl\/#\/schema\/logo\/image\/","url":"https:\/\/welovecinema.be\/wp-content\/uploads\/sites\/2\/2023\/03\/Logo-We-Love-Cinema305x128.jpg","contentUrl":"https:\/\/welovecinema.be\/wp-content\/uploads\/sites\/2\/2023\/03\/Logo-We-Love-Cinema305x128.jpg","width":305,"height":128,"caption":"We Love Cinema"},"image":{"@id":"https:\/\/welovecinema.be\/nl\/#\/schema\/logo\/image\/"},"sameAs":["https:\/\/www.facebook.com\/welovecinema.be","https:\/\/www.youtube.com\/channel\/UCX5LYGVhnKvYauW4Nta4HJA","https:\/\/www.instagram.com\/welovecinema.be\/"]},{"@type":"Person","@id":"https:\/\/welovecinema.be\/nl\/#\/schema\/person\/f475ac81c30903d8505475024494c658","name":"Kurt.Vandemaele","url":"https:\/\/welovecinema.be\/nl\/author\/kurt-vandemaele\/"}]}},"_links":{"self":[{"href":"https:\/\/welovecinema.be\/nl\/wp-json\/wp\/v2\/posts\/43579","targetHints":{"allow":["GET"]}}],"collection":[{"href":"https:\/\/welovecinema.be\/nl\/wp-json\/wp\/v2\/posts"}],"about":[{"href":"https:\/\/welovecinema.be\/nl\/wp-json\/wp\/v2\/types\/post"}],"author":[{"embeddable":true,"href":"https:\/\/welovecinema.be\/nl\/wp-json\/wp\/v2\/users\/8"}],"replies":[{"embeddable":true,"href":"https:\/\/welovecinema.be\/nl\/wp-json\/wp\/v2\/comments?post=43579"}],"version-history":[{"count":0,"href":"https:\/\/welovecinema.be\/nl\/wp-json\/wp\/v2\/posts\/43579\/revisions"}],"wp:featuredmedia":[{"embeddable":true,"href":"https:\/\/welovecinema.be\/nl\/wp-json\/wp\/v2\/media\/43586"}],"wp:attachment":[{"href":"https:\/\/welovecinema.be\/nl\/wp-json\/wp\/v2\/media?parent=43579"}],"wp:term":[{"taxonomy":"category","embeddable":true,"href":"https:\/\/welovecinema.be\/nl\/wp-json\/wp\/v2\/categories?post=43579"},{"taxonomy":"post_tag","embeddable":true,"href":"https:\/\/welovecinema.be\/nl\/wp-json\/wp\/v2\/tags?post=43579"}],"curies":[{"name":"wp","href":"https:\/\/api.w.org\/{rel}","templated":true}]}}