{"id":43129,"date":"2013-07-20T08:31:32","date_gmt":"2013-07-20T08:31:32","guid":{"rendered":"http:\/\/www.cinevox.be\/?p=43129"},"modified":"2013-07-10T08:32:14","modified_gmt":"2013-07-10T08:32:14","slug":"hans-herbots-over-de-behandeling","status":"publish","type":"post","link":"https:\/\/welovecinema.be\/nl\/hans-herbots-over-de-behandeling\/","title":{"rendered":"Hans Herbots over &#8216;De Behandeling&#8217;"},"content":{"rendered":"<p><strong><span style=\"color: #c0c0c0;\"><span style=\"color: #ffffff;\">&#8220;Hans Herbots<\/span> is 43 en is de laatste jaen alsmaar harder aan het werken.\u00a0 Zijn CV begint mooi gevuld te geraken : films en series als<em><span style=\"color: #ffffff;\"> \u2018Falling\u2019<\/span><\/em>, <em><span style=\"color: #ffffff;\">\u2018Windkracht 10\u2019<\/span><\/em>, <em><span style=\"color: #ffffff;\">\u2018Verlengd Weekend\u2019<\/span><\/em>, <em><span style=\"color: #ffffff;\">\u2018Bo\u2019<\/span><\/em>, <em><span style=\"color: #ffffff;\">\u2018Het Goddelijke Monster\u2019<\/span><\/em> en <em><span style=\"color: #ffffff;\">\u2018The Spiral\u2019<\/span><\/em>, daar kan je al eens mee uitpakken.\u00a0 En de voorbije maanden stond hij op de set van zijn nieuwe film <em><span style=\"color: #ffffff;\">\u2018The Treatment\u2019<\/span><\/em> of <em><span style=\"color: #ffffff;\">\u2018De Behandeling\u2019<\/span><\/em>, een bewerking van het gelijknamige boek van Britse en vrouwelijke thrillerauteur <span style=\"color: #ffffff;\">Mo Hayder<\/span>.\u00a0 Niet gelezen. Het schijnt een keiharde politiethriller te zien die draait rond politiedetective Jack Caffery.\u00a0 In de Vlaamse versie, een bewerking van scenarist <span style=\"color: #ffffff;\">Carl Joos<\/span>, heet ie Nick Cafmeyer. <span style=\"color: #ffffff;\">Geert Van Rampelberg<\/span> speelt de hoofdrol en naast hem zullen we mensen te zien krijgen als <span style=\"color: #ffffff;\">Ina Geerts<\/span>, <span style=\"color: #ffffff;\">Laura Verlinden<\/span>, <span style=\"color: #ffffff;\">Tibo Vandenborre<\/span>, <span style=\"color: #ffffff;\">Johan Van Assche<\/span>, <span style=\"color: #ffffff;\">Ingrid De Vos<\/span> en <span style=\"color: #ffffff;\">Dominique Van Malder<\/span>.\u00a0 <span style=\"color: #ffffff;\">Frank Van den Eeden<\/span> hanteert de camera.\u00a0 En tijdens een lunchpauze van de ploeg kregen wij de regisseur te spreken.\u00a0<\/span><\/strong><\/p>\n<p>&nbsp;<\/p>\n<p><strong><span style=\"text-decoration: underline; color: #c0c0c0;\">De mensen die het scenario van Carl Joos al gelezen hebben, hoor ik alleen maar euforisch reageren. <\/span><\/strong><\/p>\n<p>&nbsp;<\/p>\n<p>HERBOTS : \u201cGoed om te horen.\u00a0 Het is inderdaad een goed script.\u00a0 Ik ben vertrokken van het script. Ik heb wel het boek gelezen, een aantal keer, maar het is een heel goeie bewerking van een heel goed boek.\u00a0 Dan zit je meteen op een goed beginpunt.\u00a0 Een goed scenario is het beste beginpunt dat je kunt hebben. Het zit in ieder geval goed in mekaar. Het is een intens verhaal, maar het wordt wel gedragen door die emotie.\u00a0 Ik denk wel dat het de mensen zal meetrekken in de intensiteit, en hen op het einde hopelijk ook het gevoel van opluchting geeft en een gevoel van verlossing of van vergeving.\u201d<\/p>\n<p><span style=\"text-decoration: underline;\">\u00a0<\/span><\/p>\n<p><strong><span style=\"text-decoration: underline; color: #c0c0c0;\">En eindelijk eens iemand die Geert Van Rampelberg de hoofdrol geeft.<\/span><\/strong><\/p>\n<p>&nbsp;<\/p>\n<p>HERBOTS : \u201cIk vond dat hij in <strong><em><span style=\"color: #c0c0c0;\">\u2018Tot Altijd\u2019<\/span><\/em><\/strong> eigenlijk ook al wel de hoofdrol had.\u00a0 Hoewel<a href=\"http:\/\/www.cinevox.be\/?attachment_id=43131\" rel=\"attachment wp-att-43131\"><img loading=\"lazy\" decoding=\"async\" class=\"alignright size-large wp-image-43131\" alt=\"\" src=\"http:\/\/www.cinevox.be\/wp-content\/uploads\/sites\/2\/2013\/07\/IMG_0038-448x600.jpg\" width=\"448\" height=\"600\" srcset=\"https:\/\/welovecinema.be\/wp-content\/uploads\/sites\/2\/2013\/07\/IMG_0038-448x600.jpg 448w, https:\/\/welovecinema.be\/wp-content\/uploads\/sites\/2\/2013\/07\/IMG_0038-201x270.jpg 201w, https:\/\/welovecinema.be\/wp-content\/uploads\/sites\/2\/2013\/07\/IMG_0038.jpg 1936w\" sizes=\"auto, (max-width: 448px) 100vw, 448px\" \/><\/a> er zeer veel is geschreven over <strong><span style=\"color: #c0c0c0;\">Koen De Graeve<\/span><\/strong>. \u00a0En ik vond hem in ieder geval de ideale man voor deze film. Ik heb hem bewust omringd met mensen die in de filmwereld minder bekend zijn. De meeste komen uit het theater. <strong><span style=\"color: #c0c0c0;\">Gunther Schmidt<\/span><\/strong> en <strong><span style=\"color: #c0c0c0;\">Sarah De Vries<\/span><\/strong> hebben mee de casting gedaan. En ik ben zelf ook naar een aantal voorstellingen gaan kijken. Een lang proces. Maar absoluut de moeite om lang bij stil te staan, omdat de acteurs samen met het scenario toch de basiselementen zijn van je verhaal. \u00a0In het begin ga je op zoek naar acteurs die helemaal beantwoorden aan de beschrijving zoals die op papier staat of die je denkt \u2018dat moet het zijn\u2019, maar sinds <em><span style=\"color: #c0c0c0;\">\u2018Het Goddelijke Monster\u2019<\/span><\/em> heb ik gemerkt dat het soms veel interessanter is om gewoon interessante acteurs te kiezen die op hun beurt de rol vastpakken en er iets mee doen. Dat leidt eigenlijk tot veel betere resultaten leidt dan dat je per se wil vasthouden aan iemand die er zo of zo uitziet. Zo zijn er een aantal acteurs in de film beland die op het eerste zicht helemaal niet voor hun rol in aanmerking zouden zijn gekomen, maar die, net doordat ik niet aan het papier vasthield, een interessante touch aan het verhaal toevoegen.\u201d<\/p>\n<p>&nbsp;<\/p>\n<p><strong><span style=\"text-decoration: underline; color: #c0c0c0;\">Je had nochtans een duidelijk beeld van hoe je bepaalde acteurs wou zien. Ina Geerts wou je in het zwart. Ze zei zelf : het was Hans zijn idee om mijn haar te kleuren.<\/span><\/strong><\/p>\n<p>&nbsp;<\/p>\n<p>HERBOTS : \u201cIk zou nooit op voorhand gedacht hebben : Ina moet haar haar kleuren.\u00a0 Maar Ina is zo\u2019n actrice die zich werpt, die werkt op haar rol.\u00a0 En plots kwam dat beeld van <strong><span style=\"color: #c0c0c0;\">Chrissie Hynde<\/span><\/strong> naar voor, als madame die nogal sterk is, maar tegelijkertijd heel mooie dingen maakt en doet.\u00a0 En vandaar\u2026 In Vlaanderen is het nu eenmaal zo dat acteurs in heel veel dingen tegelijk meespelen en dat je dus niets kunt veranderen aan haarkleur, haarsnit of weet ik veel wat, omdat ze er in de theaterproductie of de serie waarvoor ze tegelijkertijd werken niet plots met een andere coupe kunnen komen aanzetten,\u2026 Dus hier was het de bedoeling om met mensen te werken die zich helemaal konden vrijmaken voor de film, waardoor we ook hier iets verder konden gaan. Bij Dominique Van Malder zijn er plukken uit zijn haar gehaald. We konden eens andere dingen doen. Wat altijd wel leuk is.\u201d<\/p>\n<h2><span style=\"color: #c0c0c0;\">\u00a0&#8220;Een film is \u00e9\u00e9n huis bouwen en een serie is een nieuwe wijk zetten&#8221;<\/span><\/h2>\n<p><strong><span style=\"text-decoration: underline; color: #c0c0c0;\">Filmopnamen zijn vaak heel intens.\u00a0 Maar voor jou zijn ze wellicht de korte sprint ten opzichte van de marathons die je met de series deed.<\/span><\/strong><\/p>\n<p>&nbsp;<\/p>\n<p>HERBOTS : \u201cJa, het is wel korter.\u00a0 \u2018The Spiral\u2019 was vier of vijf maanden draaien, \u2018Het Goddelijke Monster\u2019 zes. En dat betekent dat je veel meer materiaal in je hoofd moet verwerken.\u00a0 En je moet ook sneller draaien. Het leuke nu is dat het meer beheersbaar is. En de opnamen duren minder lang waardoor je er echt elke dag helemaal voor kunt gaan. Denk ik. Een film is \u00e9\u00e9n huis bouwen en een serie is een nieuwe wijk zetten, waarbij je je middelen meer moet verdelen en zuiniger moet zijn met sommige dingen en moet inzetten op een paar dingen, en bij een film kan je echt dat ene droomhuis \u2013 binnen bepaalde grenzen toch \u2013 bouwen.\u00a0 En dat is wel leuk.\u201d<\/p>\n<p>&nbsp;<\/p>\n<p><strong><span style=\"text-decoration: underline; color: #c0c0c0;\">Had je eerder met Frank Van den Eeden gewerkt?<\/span><\/strong><\/p>\n<p>&nbsp;<\/p>\n<p>HERBOTS : \u201cMet Frank heb ik heel lang geleden gewerkt, op de reeks<strong><em><span style=\"color: #c0c0c0;\"> \u2018Sedes &amp; Belli\u2019<\/span><\/em><\/strong>, \u00e9\u00e9n van de eerste dingen die ik deed, en waar Frank D.O.P. op was. Ik was al lang aan het denken dat ik weer eens met hem moest werken. En toen zag ik vorig jaar \u2018The Invader\u2019, een goeie film en heel straf van fotografie, die er ook internationaal uitzag. Ik vind ook wat hij altijd met Fien Troch doet heel knap van beeld. Van beeldtaal. En het interesseerde me om bij dat soort film zijn insteek en mijn insteek samen te gooien om te zien of 1 en 1 drie zou worden. En ik denk dat dit bij deze film aan het gebeuren is.\u00a0 Ik wou echt al lang met hem werken. We hebben eens dicht bij een samenwerking gestaan en dat is toen niet kunnen doorgaan.\u201d<\/p>\n<p>&nbsp;<\/p>\n<p><strong><span style=\"text-decoration: underline; color: #c0c0c0;\">Hoe technisch ben jij zelf?<\/span><\/strong><\/p>\n<p>&nbsp;<\/p>\n<p><a href=\"http:\/\/www.cinevox.be\/?attachment_id=43132\" rel=\"attachment wp-att-43132\"><img loading=\"lazy\" decoding=\"async\" class=\"alignleft size-large wp-image-43132\" alt=\"\" src=\"http:\/\/www.cinevox.be\/wp-content\/uploads\/sites\/2\/2013\/07\/IMG_0011-448x600.jpg\" width=\"448\" height=\"600\" srcset=\"https:\/\/welovecinema.be\/wp-content\/uploads\/sites\/2\/2013\/07\/IMG_0011-448x600.jpg 448w, https:\/\/welovecinema.be\/wp-content\/uploads\/sites\/2\/2013\/07\/IMG_0011-201x270.jpg 201w, https:\/\/welovecinema.be\/wp-content\/uploads\/sites\/2\/2013\/07\/IMG_0011.jpg 1936w\" sizes=\"auto, (max-width: 448px) 100vw, 448px\" \/><\/a>HERBOTS : \u201cRedelijk.\u00a0 Tot op bepaalde hoogte. Van lenzen bijvoorbeeld weet ik wel iets af.\u00a0 Omdat het ook mee het verhaal bepaalt.\u00a0 Of je nu dichtbij gaat staan met een korte lens of veraf met een lange lens, dat vertelt iets anders. De lens die je gebruikt bepaalt het spel van de acteur. Of hij groot of kleiner speelt, of wat je eruit gaat halen.\u00a0 Maar de diepgaande technische kennis van een Frank heb ik niet. \u00a0Dat is ook niet nodig om te kunnen duidelijk maken wat je wilt, welke sfeer je zoekt. Het is een beetje de taal die je spreekt, net zoals je ook met acteurs een aparte taal spreekt. Ik heb twee jaar lang een theateropleiding gevolgd, terwijl ik op het RITS zat ook, om met acteurs te kunnen babbelen over \u2018breed\u2019, \u2018diep\u2019 en \u2018voor\u2019 en \u2018achter\u2019 en dat soort dingen.\u00a0 Het is de grammatica die je zowat overneemt die wel nodig is om te kunnen communiceren.\u201d<\/p>\n<p>&nbsp;<\/p>\n<p><strong><span style=\"text-decoration: underline; color: #c0c0c0;\">Jij bent een heel gemoedelijke, rustige mens. \u00a0Is dat altijd zo?<\/span><\/strong><\/p>\n<p>&nbsp;<\/p>\n<p>HERBOTS : \u201cVaak verberg ik mijn zenuwen om niet iedereen rondom mij zenuwachtig te maken. Dat leidt tot niets. Maar soms lukt dat al wat minder goed. Soms loopt er iets mis en heb ik ook moeite om me in te tomen. Deze film is helemaal gepland rond het licht.\u00a0 De planning is niet alleen ingedeeld volgens de locaties en de beschikbaarheden van de acteurs, maar we hebben er ook voor gekozen om vooral tussen 6 en 10 buiten te kunnen draaien, zodat we echt maximaal het ondergaande licht hebben, het wegdeemsterende licht.\u00a0 Omdat het een film is die zich afspeelt tussen licht en donker.\u00a0 Wilden we dat ook zo goed mogelijk uitspelen, waardoor we alle buitensc\u00e8nes gedraaid hebben tussen 6 en 10.\u201d<\/p>\n<p>&nbsp;<\/p>\n<p>\u201cDat is heel moeilijk, want dat licht blijft redelijk constant maar vanaf half tien gaat het heel snel weg en dan neemt de stress natuurlijk toe. Dan voel je het beginnen zakken, zakken, zakken.\u00a0 Als je dan bepaalde sc\u00e8nes nog niet hebt, dan kan het al eens zijn dat je minder takes kunt doen.\u00a0 Moet je er echt voor gaan.\u00a0 Maar dat is een heel bewuste keuze. Dat is heel mooi licht, zeker in deze periode van het jaar. In het begin hadden we een paar keer regen en de schemer werd toen echt een sombere donkerte.\u00a0 Wat echt wel tof was. En hier hebben we geluk dat de zon wel scheen, zoals hier, in de sequentie vanavond, hebben we een open vlakte, de zon gaat hier heel schoon onder, in tegenlicht, wat hopelijk de sfeer weergeeft van dat<em><span style=\"color: #c0c0c0;\"> unheimliche<\/span> <\/em>dat ook in de film zit. Het is voor mij de eerste keer dat we een film gepland hebben rond die uren, met alle consequenties vandien.\u201d<\/p>\n<p>&nbsp;<\/p>\n<p><strong><span style=\"text-decoration: underline; color: #c0c0c0;\">Was dat het idee van Frank of van jou?<\/span><\/strong><\/p>\n<p>&nbsp;<\/p>\n<p>HERBOTS : \u201cGoh, dat groeit organisch.\u00a0 In de loop van de voorbereiding, kijk je naar films, naar foto\u2019s ook.\u201d<\/p>\n<p>&nbsp;<\/p>\n<p><strong><span style=\"text-decoration: underline; color: #c0c0c0;\">Naar welke films heb je gekeken?<\/span><\/strong><\/p>\n<p>&nbsp;<\/p>\n<p>HERBOTS : \u201cVooral naar <strong><em><span style=\"color: #c0c0c0;\">\u2018The Tree of Life\u2019<\/span><\/em><\/strong> van <strong><span style=\"color: #c0c0c0;\">Terrence Malick<\/span><\/strong>, omdat die zo mooi <a href=\"http:\/\/www.cinevox.be\/?attachment_id=43133\" rel=\"attachment wp-att-43133\"><img loading=\"lazy\" decoding=\"async\" class=\"size-large wp-image-43133 alignright\" alt=\"\" src=\"http:\/\/www.cinevox.be\/wp-content\/uploads\/sites\/2\/2013\/07\/IMG_6099-450x600.jpg\" width=\"450\" height=\"600\" srcset=\"https:\/\/welovecinema.be\/wp-content\/uploads\/sites\/2\/2013\/07\/IMG_6099-450x600.jpg 450w, https:\/\/welovecinema.be\/wp-content\/uploads\/sites\/2\/2013\/07\/IMG_6099-202x270.jpg 202w\" sizes=\"auto, (max-width: 450px) 100vw, 450px\" \/><\/a>is van licht.\u00a0 De nieuwste heb ik nog niet gezien, ik hoor daar heel gemengde dingen over, maar dat vond ik wel een heel mooie film, omdat je daar constant een ondergaande zon had, waardoor die film heel melancholisch werd.\u00a0 En ook droevig.\u00a0 En hier hangt ook constant de droefheid van een gemis over het verhaal. En de bedoeling was om dat ook met licht\u00a0 te vertellen. En dan heb je zo dat wegdeemsterend licht op een zomeravond doet je om de ene of andere reden altijd aan je jeugd denken.\u00a0 Ik weet niet waarom. Daarmee heb je een extramiddel om het verhaal hopelijk goed te vertellen.\u201d<\/p>\n<h2><span style=\"color: #c0c0c0;\">&#8220;Tijdens de opnamen leef je even in een parallel universum&#8221;<\/span><\/h2>\n<p><strong><span style=\"text-decoration: underline; color: #c0c0c0;\">Je ziet er moe uit.\u00a0 Je slaapt wellicht weinig.<\/span><\/strong><\/p>\n<p>&nbsp;<\/p>\n<p>HERBOTS : \u201cTijdens de acht weken van de opnamen, leef je in een ander ritme.\u00a0 Je slaapt minder.\u00a0 Je leeft in een trip eigenlijk. Is ook intenser dan een reeks eigenlijk, omdat je je reserves minder lang moet ophouden. Nu is het elke dag draaien van \u2019s middags tot tien uur, elf uur \u2019s avonds.\u00a0 En volgende week schuift het op van vier uur tot twee uur \u2019s nachts. Wat ook wel tof is.\u00a0 Dan leef je even in een parallel universum.\u00a0 Op zich is dat wel fijn. Omdat je in die trip geraakt.\u00a0 Ook de acteurs, merk ik. Die geraken zo in hun ding. Dat is toch niet onbelangrijk. Zo \u2019s morgens, tegen dat je dan op de set aankomt, de drukte van de wereld is een beetje aan je voorbijgegaan, en ook \u2019s avonds, de avondspits en zo is over, het is ook weer donker als je thuiskomt, en je leeft zo echt in je bubbel, wat voor dit verhaal ook weer goed is. Zoals Geert ook, je komt in een ding dat toch binnen sijpelt. We hebben nu veel sc\u00e8nes gedraaid met vastgebonden mensen en gejammer, dat kruipt toch ook in je kleren, waardoor alles zo wat <em>gloomy<\/em> wordt. En hopelijk straalt dat af in de film.\u201d<\/p>\n<p>&nbsp;<\/p>\n<p><span style=\"text-decoration: underline;\">Terwijl jij nu net in een andere bubbel moet zitten.\u00a0 Je wordt binnenkort weer papa. <\/span><\/p>\n<p><span style=\"text-decoration: underline;\">Is dat niet verwarrend? Je bent met een materie bezig die heel erg donker is.<\/span><\/p>\n<p>&nbsp;<\/p>\n<p>HERBOTS : \u201cDe bevalling is gepland voor drie weken na de shoot.\u00a0 Maar dat komt wel goed.\u00a0 Hoop ik.\u00a0 Net door die donkerte op te zoeken, verlang je naar dat licht.\u00a0 Het draait om kinderen in de goeie en slechte zin, en het zijn net lichtpunten in het verhaal.\u00a0 Het is ook iets heel\u2026.\u00a0 Het lijkt een heel donkere en grimmige film.\u00a0 Gisteren bij mijn ouders bijvoorbeeld\u2026 Die waren : <em>\u2018Waar ben je in godsnaam mee bezig?\u00a0 Gaan we dat wel willen zien?\u2019\u00a0<\/em> En dan denk ik.\u00a0 Ja en nee.\u00a0 Het verhaal baadt in de somberheid, maar er zitten wel lichtpunten in.\u00a0 Het gaat ook net over hoe dat misbruik, want daar gaat de film voor een klein stukje over, hoe dat misbruik iets is dat niet stopt bij slachtoffers maar iets is dat vaak van generatie op generatie overgaat. En hoe je daar moet proberen van los te komen en er iets positiefs moet tegenover stellen. Een balans zoeken.\u00a0 Klinkt cryptisch. Tegerlijkertijd is het ook wel een herinnering aan goeie dingen.\u00a0 Denk ik. Hou ik mezelf toch voor.\u201d<\/p>\n<p>&nbsp;<\/p>\n<p><strong><span style=\"text-decoration: underline; color: #c0c0c0;\">Je bent intussen al een tijd bezig, je bent iemand en er zijn verwachtingen als je iets maakt.\u00a0 Is dat ook bij jezelf zo?\u00a0 Mogen het meesterwerken zijn van nu af aan?<\/span><\/strong><\/p>\n<p>&nbsp;<\/p>\n<p>HERBOTS : \u201cHet zou heel gevaarlijk zijn om dat te zeggen.\u201d<\/p>\n<p>&nbsp;<\/p>\n<p><strong><span style=\"text-decoration: underline; color: #c0c0c0;\">In het begin ben je wellicht blij dat je een film mag maken en dat je hem goed af krijgt.<\/span><\/strong><\/p>\n<p>&nbsp;<\/p>\n<p>HERBOTS : \u201cGoh, ik denk dat dat gevoel nooit weggaat.\u00a0 Elke film blijft uniek, je begint eraan en je hoopt\u2026 Ik kan natuurlijk alleen voor mezelf spreken, maar ik denk dat mensen vaak de onzekerheid onderschatten van iemand die iets probeert te maken. Voor een architect die een huis tekent. Misschien ook voor een journalist die een stuk schrijft. Je begint aan een verhaal, je verzamelt je informatie, begint te wroeten en dan hoop je dat er iets uitkomt. Je doet er alles aan om het zo goed mogelijk te maken, maar iedere keer is er toch zo, tijdens het maken, dat moment van onzekerheid, van twijfel.\u00a0 Het zijn ook net die momenten die je weer voortdrijven, dus die moeten er ook zijn. Maar dat proces verandert ook niet.\u00a0 Zelfs acteurs die al heel veel bewezen hebben, zijn nerveus een paar minuten voor ze het podium op moeten. Wat goed is, want dat moet om een bepaalde spanning te brengen. Dat is iets wat ook niet weggaat, denk ik. Wat je wel merkt is dat je natuurlijk de middelen om een verhaal te vertellen beter begint te beheersen en hopelijk maak je daar als maker een evolutie in door. Kan je die beter uitbuiten en kan je daar verder in gaan.\u00a0 Dus ik hoop inderdaad ook wel dat je daar in groeit.\u00a0 Dat kan je maar hopen als mens eigenlijk, in alles wat je doet.\u00a0 Dus ik hoop natuurlijk altijd dat het volgende beter is dan het vorige. Dat houdt je wel aan de praat.&#8221;<\/p>\n<p>&nbsp;<\/p>\n<p><strong><span style=\"text-decoration: underline; color: #c0c0c0;\">Wat is voor jou eigenlijk het beste dat je gedaan hebt?<\/span><\/strong><\/p>\n<p>&nbsp;<\/p>\n<p>HERBOTS : \u201cIk vind dat een moeilijke vraag. Ik heb veel uiteenlopende dingen gedaan en ik vind dat er aan elk project dingen zitten die ik niet had willen missen of die ik niet had willen doen. \u2018Het Goddelijke Monster\u2019 was voor mij iets waar vele dingen samenvielen. Omdat je vertrok met een heel sterk verhaal. En met een beeldtaal en een manier van acteur waarbij bijna alles eigenlijk heel schoon samenviel. Dat vond ik eigenlijk zelf eigenlijk iets waarbij alles wat ik in mijn hoofd had op het scherm is overgekomen. Maar \u2018The Spiral\u2019 bijvoorbeeld, waar het dan dramatisch een gevecht was om het op een bepaalde hoogte te krijgen, was dan weer bijzonder interessant omdat je in al die Europese landen kon werken met acteurs van ginder.\u00a0 En met technici van ginder. Wat dan ook weer een rijke ervaring was. \u2018Het Goddelijke Monster\u2019 vond ik zelf dat wat ik in mijn hoofd had, het beste op het scherm te vinden is.\u00a0 Hier wordt geen West-Vlaams en geen Engels gesproken.\u00a0 Wat me in \u2018Het Goddelijke Monster\u2019 beviel was dat het een verhaal was dat soms durfde in de vertelling alle middelen aan te wenden. Die sterfsc\u00e8ne van Elvire, die 8 minuten duurt, stops en slowmotion, die uit het verhaal treedt als het ware, de werkelijkheid even stop zet. Die dingen zitten ook hier in.\u00a0 Ik merk dat mensen daar ook wel soms op afhaken. Je moet daar voor zijn als kijker.\u00a0 Soms is het veel. En als het te ver doorslaat, wordt het kitsch, of grotesk.\u201d<\/p>\n<h2><span style=\"color: #c0c0c0;\">\u00a0&#8220;Vroeger was pellicule heel duur en moest je zuiniger zijn&#8221;<\/span><\/h2>\n<p><strong><span style=\"text-decoration: underline; color: #c0c0c0;\">Filmmaken is een verhaal van lange adem h\u00e9.\u00a0 Wanneer je op de set staat, ben je eigenlijk al maanden bezig. <\/span><\/strong><\/p>\n<p>&nbsp;<\/p>\n<p><a href=\"http:\/\/www.cinevox.be\/?attachment_id=43134\" rel=\"attachment wp-att-43134\"><img loading=\"lazy\" decoding=\"async\" class=\"alignleft size-large wp-image-43134\" alt=\"\" src=\"http:\/\/www.cinevox.be\/wp-content\/uploads\/sites\/2\/2013\/07\/IMG_0031-448x600.jpg\" width=\"448\" height=\"600\" srcset=\"https:\/\/welovecinema.be\/wp-content\/uploads\/sites\/2\/2013\/07\/IMG_0031-448x600.jpg 448w, https:\/\/welovecinema.be\/wp-content\/uploads\/sites\/2\/2013\/07\/IMG_0031-201x270.jpg 201w, https:\/\/welovecinema.be\/wp-content\/uploads\/sites\/2\/2013\/07\/IMG_0031.jpg 1936w\" sizes=\"auto, (max-width: 448px) 100vw, 448px\" \/><\/a>HERBOTS : \u201cJa, maar ik merk toch elke keer, dat hoe beter je bent voorbereid, hoe beter je kunt loslaten als je op een set komt. Die voorbereiding is eigenlijk een soort proces waar je doorheen moet. Je weet dat misschien 70 % van wat je op voorhand bedacht hebt, misschien nog zal veranderen. Maar het is net doordat je zo goed voorbereid bent, dat je durft te veranderen, durft aan te passen. En ik vind dat zelf heel fijn om op de set nog dingen aan te passen terwijl de camera draait. Dat is nu een heel fijne evolutie met de digitale camera\u2019s. Vroeger was pellicule heel duur en moest je zuiniger zijn.\u00a0 Nu kan je de camera laten draaien en tussenkomen en zeggen : \u2018blijven gaan\u2026\u2019. Waardoor je een soort intensiteit kunt opwekken die in deze film ook wel heel goed van pas komt om\u2026 Zij kunnen niet neen zeggen als de camera loopt.\u00a0 Ze kunnen dat wel, maar ze doen het niet.\u00a0 Dus ze doen wat je vraagt. En nog eens en nog eens.\u00a0 Eigenlijk vind ik het wel fijn om op de set te zoeken. Wat, denk ik, voor de ploeg, best wel zwaar is, want veel dingen veranderen nog, of worden aangepast, of worden weggegooid en nieuwe dingen zijn nodig, maar dat geeft wel iets heel scherp, iets heel intens.\u201d<\/p>\n<p>&nbsp;<\/p>\n<p><span style=\"text-decoration: underline;\">Hoe veel last van g\u00eane heb jij om tussen te komen? Als een acteur afgepeigerd is en aan het einde van een sc\u00e8ne komt, kom jij tussen en roep je : \u2018Nog, nog, nog\u2026\u2019 blijven gaan!\u00a0 Heb jij dan geen schaamte?<\/span><\/p>\n<p>&nbsp;<\/p>\n<p>HERBOTS : \u201cNee, dat is misschien omdat ik al lang bezig ben. Omdat de acteurs nu toch al lang aan het acteren zijn en er samen zijn ingegroeid. Dat je allemaal op dezelfde golflengte zit.\u00a0 Ze vinden dat zelf ook wel tof.\u00a0 Ze vloeken wel, maar achteraf zijn ze tevreden dat ze zo diep gegaan zijn. Het pusht hen ook.\u00a0 En iedereen die hier op zit wil daar ook heel ver in gaan.\u201d<\/p>\n<p><span style=\"text-decoration: underline;\">\u00a0<\/span><\/p>\n<p><span style=\"text-decoration: underline;\">Heb je nu eigenlijk al een totaalbeeld van de montage, van de muziek\u2026?<\/span><\/p>\n<p>&nbsp;<\/p>\n<p>HERBOTS : \u201cIk heb dat wel, maar net zoals hier zullen er tijdens het proces nog tal van dingen veranderen, of misschien niet lukken. Als je ze in je hoofd hebt en het gaat niet, dan moet je naar oplossingen zoeken.\u00a0 De film wordt drie keer gemaakt zeggen ze altijd : \u00e9\u00e9n keer bij het scenarioschrijven, \u00e9\u00e9n keer bij het filmen en dan nog bij de montage. Dat zal hier nu ook zo zijn, denk ik.\u00a0 Soms brengt de muziek zelfs nog dingen bij die je niet vermoed had, of door het weglaten van muziek waar je ze altijd vermoed had, verandert er ook weer iets.\u00a0 Stilte kan soms wonderen doen.\u00a0 Alles zit nu wel op een bepaalde manier in mijn hoofd en ik maak ook keuzes in een bepaalde richting, maar dat kan voor hetzelfde geld in de montage nog tot iets anders leiden.\u201d<\/p>\n<p>&nbsp;<\/p>\n<p><span style=\"text-decoration: underline;\">Weet je al wie de muziek doet?\u00a0 <\/span><\/p>\n<p>&nbsp;<\/p>\n<p>HERBOTS : \u201cJa, de muziek wordt gemaakt door drie mensen uit Amsterdam.\u00a0 Die heten <em><span style=\"color: #c0c0c0;\">Wreck Sound<\/span><\/em>. Bizarre naam vind ik zelf, maar drie goeie muzikanten.\u201d<\/p>\n<p>&nbsp;<\/p>\n<p><span style=\"text-decoration: underline;\">Hoe ben je daar bij gekomen? <\/span><\/p>\n<p>&nbsp;<\/p>\n<p>HERBOTS : Via Eyeworks eigenlijk. Ze hebben veel gemaakt voor Eyeworks Nederland, voor \u2018<em><span style=\"color: #c0c0c0;\">Komt een Vrouw bij de Dokter\u2019<\/span><\/em>, voor <em><span style=\"color: #c0c0c0;\">\u2018Dossier K.\u2019<\/span><\/em> ook, een Vlaamse film van<strong><span style=\"color: #c0c0c0;\"> Jan Verheyen<\/span><\/strong>, hele donkere muziek ook.\u00a0 Het zijn gasten die heel graag experimenteren met instrumenten. Dat is iets wat ook hier\u00a0 heel erg van toepassing is.\u201d<\/p>\n<p><span style=\"text-decoration: underline;\">\u00a0<\/span><\/p>\n<p><strong><span style=\"text-decoration: underline; color: #c0c0c0;\">En wie monteert er? <\/span><\/strong><\/p>\n<p>&nbsp;<\/p>\n<p>HERBOTS : \u201c<strong><span style=\"color: #c0c0c0;\">Philippe Ravoet<\/span><\/strong>. Die veel monteert en die ook&#8217; The Spiral&#8217; gemonteerd heeft.\u201d<\/p>\n<p>&nbsp;<\/p>\n<p><strong><span style=\"text-decoration: underline; color: #c0c0c0;\">Hoe gaat dat bij de montage?<\/span><\/strong><\/p>\n<p>&nbsp;<\/p>\n<p>HERBOTS : \u201cHij gaat eerst door de beelden, houdt rekening bij wat ik aangeef.\u00a0 Ik geef nu al dingen aan bij de script en hij gaat vanavond al door de eerste beelden.\u00a0 En morgenvroeg, hij weet meteen waar hij moet op letten. Hij is een soort filter die met een frisse blik door al dat materiaal gaat. Wij kunnen misschien wel heel wild zijn over iets, maar als hij fris ziet werkt dat misschien minder goed dan we dachten. Dat is eigenlijk wel handig, dat er zo iemand doorgaat die er anders tegenaan kijkt. Die onze gevoelens van op de set niet deelt.\u00a0 Die er een frisse blik op heeft.\u00a0 Meestal maakt hij heel goeie keuzes. Daarom is hij ook zo goed.\u201d<\/p>\n<p>&nbsp;<\/p>\n<p>&nbsp;<\/p>\n","protected":false},"excerpt":{"rendered":"<p>&#8220;Hans Herbots is 43 en is de laatste jaen alsmaar harder aan het werken.\u00a0 Zijn CV begint mooi gevuld te geraken : films en series als \u2018Falling\u2019, \u2018Windkracht 10\u2019, \u2018Verlengd Weekend\u2019, \u2018Bo\u2019, \u2018Het Goddelijke Monster\u2019 en \u2018The Spiral\u2019, daar kan je al eens mee uitpakken.\u00a0 En de voorbije maanden stond hij op de set van &hellip;<\/p>\n","protected":false},"author":8,"featured_media":43136,"comment_status":"closed","ping_status":"closed","sticky":false,"template":"","format":"standard","meta":{"ngg_post_thumbnail":0,"footnotes":""},"categories":[41],"tags":[],"class_list":["post-43129","post","type-post","status-publish","format-standard","has-post-thumbnail","","category-interviews-nl"],"yoast_head":"<!-- This site is optimized with the Yoast SEO plugin v20.4 - https:\/\/yoast.com\/wordpress\/plugins\/seo\/ -->\n<title>Hans Herbots over &#039;De Behandeling&#039; - We Love Cinema<\/title>\n<meta name=\"robots\" content=\"index, follow, max-snippet:-1, max-image-preview:large, max-video-preview:-1\" \/>\n<link rel=\"canonical\" href=\"https:\/\/welovecinema.be\/nl\/hans-herbots-over-de-behandeling\/\" \/>\n<meta property=\"og:locale\" content=\"nl_NL\" \/>\n<meta property=\"og:type\" content=\"article\" \/>\n<meta property=\"og:title\" content=\"Hans Herbots over &#039;De Behandeling&#039; - We Love Cinema\" \/>\n<meta property=\"og:description\" content=\"&#8220;Hans Herbots is 43 en is de laatste jaen alsmaar harder aan het werken.\u00a0 Zijn CV begint mooi gevuld te geraken : films en series als \u2018Falling\u2019, \u2018Windkracht 10\u2019, \u2018Verlengd Weekend\u2019, \u2018Bo\u2019, \u2018Het Goddelijke Monster\u2019 en \u2018The Spiral\u2019, daar kan je al eens mee uitpakken.\u00a0 En de voorbije maanden stond hij op de set van &hellip;\" \/>\n<meta property=\"og:url\" content=\"https:\/\/welovecinema.be\/nl\/hans-herbots-over-de-behandeling\/\" \/>\n<meta property=\"og:site_name\" content=\"We Love Cinema\" \/>\n<meta property=\"article:publisher\" content=\"https:\/\/www.facebook.com\/welovecinema.be\" \/>\n<meta property=\"article:published_time\" content=\"2013-07-20T08:31:32+00:00\" \/>\n<meta property=\"article:modified_time\" content=\"2013-07-10T08:32:14+00:00\" \/>\n<meta property=\"og:image\" content=\"https:\/\/welovecinema.be\/wp-content\/uploads\/sites\/2\/2013\/07\/IMG_0036.jpg\" \/>\n\t<meta property=\"og:image:width\" content=\"1936\" \/>\n\t<meta property=\"og:image:height\" content=\"2592\" \/>\n\t<meta property=\"og:image:type\" content=\"image\/jpeg\" \/>\n<meta name=\"author\" content=\"Kurt.Vandemaele\" \/>\n<meta name=\"twitter:card\" content=\"summary_large_image\" \/>\n<meta name=\"twitter:label1\" content=\"Geschreven door\" \/>\n\t<meta name=\"twitter:data1\" content=\"Kurt.Vandemaele\" \/>\n\t<meta name=\"twitter:label2\" content=\"Geschatte leestijd\" \/>\n\t<meta name=\"twitter:data2\" content=\"17 minuten\" \/>\n<script type=\"application\/ld+json\" class=\"yoast-schema-graph\">{\"@context\":\"https:\/\/schema.org\",\"@graph\":[{\"@type\":\"Article\",\"@id\":\"https:\/\/welovecinema.be\/nl\/hans-herbots-over-de-behandeling\/#article\",\"isPartOf\":{\"@id\":\"https:\/\/welovecinema.be\/nl\/hans-herbots-over-de-behandeling\/\"},\"author\":{\"name\":\"Kurt.Vandemaele\",\"@id\":\"https:\/\/welovecinema.be\/nl\/#\/schema\/person\/f475ac81c30903d8505475024494c658\"},\"headline\":\"Hans Herbots over &#8216;De Behandeling&#8217;\",\"datePublished\":\"2013-07-20T08:31:32+00:00\",\"dateModified\":\"2013-07-10T08:32:14+00:00\",\"mainEntityOfPage\":{\"@id\":\"https:\/\/welovecinema.be\/nl\/hans-herbots-over-de-behandeling\/\"},\"wordCount\":3455,\"publisher\":{\"@id\":\"https:\/\/welovecinema.be\/nl\/#organization\"},\"articleSection\":[\"Interviews\"],\"inLanguage\":\"nl-NL\"},{\"@type\":\"WebPage\",\"@id\":\"https:\/\/welovecinema.be\/nl\/hans-herbots-over-de-behandeling\/\",\"url\":\"https:\/\/welovecinema.be\/nl\/hans-herbots-over-de-behandeling\/\",\"name\":\"Hans Herbots over 'De Behandeling' - We Love Cinema\",\"isPartOf\":{\"@id\":\"https:\/\/welovecinema.be\/nl\/#website\"},\"datePublished\":\"2013-07-20T08:31:32+00:00\",\"dateModified\":\"2013-07-10T08:32:14+00:00\",\"breadcrumb\":{\"@id\":\"https:\/\/welovecinema.be\/nl\/hans-herbots-over-de-behandeling\/#breadcrumb\"},\"inLanguage\":\"nl-NL\",\"potentialAction\":[{\"@type\":\"ReadAction\",\"target\":[\"https:\/\/welovecinema.be\/nl\/hans-herbots-over-de-behandeling\/\"]}]},{\"@type\":\"BreadcrumbList\",\"@id\":\"https:\/\/welovecinema.be\/nl\/hans-herbots-over-de-behandeling\/#breadcrumb\",\"itemListElement\":[{\"@type\":\"ListItem\",\"position\":1,\"name\":\"Accueil\",\"item\":\"https:\/\/welovecinema.be\/nl\/\"},{\"@type\":\"ListItem\",\"position\":2,\"name\":\"Hans Herbots over &#8216;De Behandeling&#8217;\"}]},{\"@type\":\"WebSite\",\"@id\":\"https:\/\/welovecinema.be\/nl\/#website\",\"url\":\"https:\/\/welovecinema.be\/nl\/\",\"name\":\"We Love Cinema\",\"description\":\"Toute l\u2019information du cin\u00e9ma en Belgique\",\"publisher\":{\"@id\":\"https:\/\/welovecinema.be\/nl\/#organization\"},\"potentialAction\":[{\"@type\":\"SearchAction\",\"target\":{\"@type\":\"EntryPoint\",\"urlTemplate\":\"https:\/\/welovecinema.be\/nl\/?s={search_term_string}\"},\"query-input\":\"required name=search_term_string\"}],\"inLanguage\":\"nl-NL\"},{\"@type\":\"Organization\",\"@id\":\"https:\/\/welovecinema.be\/nl\/#organization\",\"name\":\"We Love Cinema\",\"url\":\"https:\/\/welovecinema.be\/nl\/\",\"logo\":{\"@type\":\"ImageObject\",\"inLanguage\":\"nl-NL\",\"@id\":\"https:\/\/welovecinema.be\/nl\/#\/schema\/logo\/image\/\",\"url\":\"https:\/\/welovecinema.be\/wp-content\/uploads\/sites\/2\/2023\/03\/Logo-We-Love-Cinema305x128.jpg\",\"contentUrl\":\"https:\/\/welovecinema.be\/wp-content\/uploads\/sites\/2\/2023\/03\/Logo-We-Love-Cinema305x128.jpg\",\"width\":305,\"height\":128,\"caption\":\"We Love Cinema\"},\"image\":{\"@id\":\"https:\/\/welovecinema.be\/nl\/#\/schema\/logo\/image\/\"},\"sameAs\":[\"https:\/\/www.facebook.com\/welovecinema.be\",\"https:\/\/www.youtube.com\/channel\/UCX5LYGVhnKvYauW4Nta4HJA\",\"https:\/\/www.instagram.com\/welovecinema.be\/\"]},{\"@type\":\"Person\",\"@id\":\"https:\/\/welovecinema.be\/nl\/#\/schema\/person\/f475ac81c30903d8505475024494c658\",\"name\":\"Kurt.Vandemaele\",\"url\":\"https:\/\/welovecinema.be\/nl\/author\/kurt-vandemaele\/\"}]}<\/script>\n<!-- \/ Yoast SEO plugin. -->","yoast_head_json":{"title":"Hans Herbots over 'De Behandeling' - We Love Cinema","robots":{"index":"index","follow":"follow","max-snippet":"max-snippet:-1","max-image-preview":"max-image-preview:large","max-video-preview":"max-video-preview:-1"},"canonical":"https:\/\/welovecinema.be\/nl\/hans-herbots-over-de-behandeling\/","og_locale":"nl_NL","og_type":"article","og_title":"Hans Herbots over 'De Behandeling' - We Love Cinema","og_description":"&#8220;Hans Herbots is 43 en is de laatste jaen alsmaar harder aan het werken.\u00a0 Zijn CV begint mooi gevuld te geraken : films en series als \u2018Falling\u2019, \u2018Windkracht 10\u2019, \u2018Verlengd Weekend\u2019, \u2018Bo\u2019, \u2018Het Goddelijke Monster\u2019 en \u2018The Spiral\u2019, daar kan je al eens mee uitpakken.\u00a0 En de voorbije maanden stond hij op de set van &hellip;","og_url":"https:\/\/welovecinema.be\/nl\/hans-herbots-over-de-behandeling\/","og_site_name":"We Love Cinema","article_publisher":"https:\/\/www.facebook.com\/welovecinema.be","article_published_time":"2013-07-20T08:31:32+00:00","article_modified_time":"2013-07-10T08:32:14+00:00","og_image":[{"width":1936,"height":2592,"url":"https:\/\/welovecinema.be\/wp-content\/uploads\/sites\/2\/2013\/07\/IMG_0036.jpg","type":"image\/jpeg"}],"author":"Kurt.Vandemaele","twitter_card":"summary_large_image","twitter_misc":{"Geschreven door":"Kurt.Vandemaele","Geschatte leestijd":"17 minuten"},"schema":{"@context":"https:\/\/schema.org","@graph":[{"@type":"Article","@id":"https:\/\/welovecinema.be\/nl\/hans-herbots-over-de-behandeling\/#article","isPartOf":{"@id":"https:\/\/welovecinema.be\/nl\/hans-herbots-over-de-behandeling\/"},"author":{"name":"Kurt.Vandemaele","@id":"https:\/\/welovecinema.be\/nl\/#\/schema\/person\/f475ac81c30903d8505475024494c658"},"headline":"Hans Herbots over &#8216;De Behandeling&#8217;","datePublished":"2013-07-20T08:31:32+00:00","dateModified":"2013-07-10T08:32:14+00:00","mainEntityOfPage":{"@id":"https:\/\/welovecinema.be\/nl\/hans-herbots-over-de-behandeling\/"},"wordCount":3455,"publisher":{"@id":"https:\/\/welovecinema.be\/nl\/#organization"},"articleSection":["Interviews"],"inLanguage":"nl-NL"},{"@type":"WebPage","@id":"https:\/\/welovecinema.be\/nl\/hans-herbots-over-de-behandeling\/","url":"https:\/\/welovecinema.be\/nl\/hans-herbots-over-de-behandeling\/","name":"Hans Herbots over 'De Behandeling' - We Love Cinema","isPartOf":{"@id":"https:\/\/welovecinema.be\/nl\/#website"},"datePublished":"2013-07-20T08:31:32+00:00","dateModified":"2013-07-10T08:32:14+00:00","breadcrumb":{"@id":"https:\/\/welovecinema.be\/nl\/hans-herbots-over-de-behandeling\/#breadcrumb"},"inLanguage":"nl-NL","potentialAction":[{"@type":"ReadAction","target":["https:\/\/welovecinema.be\/nl\/hans-herbots-over-de-behandeling\/"]}]},{"@type":"BreadcrumbList","@id":"https:\/\/welovecinema.be\/nl\/hans-herbots-over-de-behandeling\/#breadcrumb","itemListElement":[{"@type":"ListItem","position":1,"name":"Accueil","item":"https:\/\/welovecinema.be\/nl\/"},{"@type":"ListItem","position":2,"name":"Hans Herbots over &#8216;De Behandeling&#8217;"}]},{"@type":"WebSite","@id":"https:\/\/welovecinema.be\/nl\/#website","url":"https:\/\/welovecinema.be\/nl\/","name":"We Love Cinema","description":"Toute l\u2019information du cin\u00e9ma en Belgique","publisher":{"@id":"https:\/\/welovecinema.be\/nl\/#organization"},"potentialAction":[{"@type":"SearchAction","target":{"@type":"EntryPoint","urlTemplate":"https:\/\/welovecinema.be\/nl\/?s={search_term_string}"},"query-input":"required name=search_term_string"}],"inLanguage":"nl-NL"},{"@type":"Organization","@id":"https:\/\/welovecinema.be\/nl\/#organization","name":"We Love Cinema","url":"https:\/\/welovecinema.be\/nl\/","logo":{"@type":"ImageObject","inLanguage":"nl-NL","@id":"https:\/\/welovecinema.be\/nl\/#\/schema\/logo\/image\/","url":"https:\/\/welovecinema.be\/wp-content\/uploads\/sites\/2\/2023\/03\/Logo-We-Love-Cinema305x128.jpg","contentUrl":"https:\/\/welovecinema.be\/wp-content\/uploads\/sites\/2\/2023\/03\/Logo-We-Love-Cinema305x128.jpg","width":305,"height":128,"caption":"We Love Cinema"},"image":{"@id":"https:\/\/welovecinema.be\/nl\/#\/schema\/logo\/image\/"},"sameAs":["https:\/\/www.facebook.com\/welovecinema.be","https:\/\/www.youtube.com\/channel\/UCX5LYGVhnKvYauW4Nta4HJA","https:\/\/www.instagram.com\/welovecinema.be\/"]},{"@type":"Person","@id":"https:\/\/welovecinema.be\/nl\/#\/schema\/person\/f475ac81c30903d8505475024494c658","name":"Kurt.Vandemaele","url":"https:\/\/welovecinema.be\/nl\/author\/kurt-vandemaele\/"}]}},"_links":{"self":[{"href":"https:\/\/welovecinema.be\/nl\/wp-json\/wp\/v2\/posts\/43129","targetHints":{"allow":["GET"]}}],"collection":[{"href":"https:\/\/welovecinema.be\/nl\/wp-json\/wp\/v2\/posts"}],"about":[{"href":"https:\/\/welovecinema.be\/nl\/wp-json\/wp\/v2\/types\/post"}],"author":[{"embeddable":true,"href":"https:\/\/welovecinema.be\/nl\/wp-json\/wp\/v2\/users\/8"}],"replies":[{"embeddable":true,"href":"https:\/\/welovecinema.be\/nl\/wp-json\/wp\/v2\/comments?post=43129"}],"version-history":[{"count":0,"href":"https:\/\/welovecinema.be\/nl\/wp-json\/wp\/v2\/posts\/43129\/revisions"}],"wp:featuredmedia":[{"embeddable":true,"href":"https:\/\/welovecinema.be\/nl\/wp-json\/wp\/v2\/media\/43136"}],"wp:attachment":[{"href":"https:\/\/welovecinema.be\/nl\/wp-json\/wp\/v2\/media?parent=43129"}],"wp:term":[{"taxonomy":"category","embeddable":true,"href":"https:\/\/welovecinema.be\/nl\/wp-json\/wp\/v2\/categories?post=43129"},{"taxonomy":"post_tag","embeddable":true,"href":"https:\/\/welovecinema.be\/nl\/wp-json\/wp\/v2\/tags?post=43129"}],"curies":[{"name":"wp","href":"https:\/\/api.w.org\/{rel}","templated":true}]}}