{"id":43060,"date":"2013-07-08T17:31:56","date_gmt":"2013-07-08T17:31:56","guid":{"rendered":"http:\/\/www.cinevox.be\/?p=43060"},"modified":"2013-10-07T16:17:32","modified_gmt":"2013-10-07T14:17:32","slug":"de-gebroeders-dardenne-willen-een-baby-van-u","status":"publish","type":"post","link":"https:\/\/welovecinema.be\/nl\/de-gebroeders-dardenne-willen-een-baby-van-u\/","title":{"rendered":"De gebroeders Dardenne willen een baby van u"},"content":{"rendered":"<p><strong><span style=\"color: #c0c0c0;\"><span style=\"color: #ffffff;\">Emilie Dequenne<\/span>, <span style=\"color: #ffffff;\">D\u00e9borah Fran\u00e7ois<\/span>, <span style=\"color: #ffffff;\">Thomas Doret<\/span>, <span style=\"color: #ffffff;\">J\u00e9r\u00e9mie Renier<\/span>\u2026 Het zijn allemaal mensen die op jonge leeftijd hun carri\u00e8res door de gebroeders <span style=\"color: #ffffff;\">Dardenne<\/span> gelanceerd zagen en inmiddels zijn uitgegroeid tot vaste waarden. Maar nu zoeken ze nog jonger talent en de taal speelt niet meteen een rol. \u00a0Een kans misschien om uw kind een filmcarri\u00e8re te bezorgen nog voor het goed en wel beseft dat het leeft.\u00a0\u00a0<\/span><\/strong><\/p>\n<p><!--more--><\/p>\n<p>Het filmproductiehuis van de bekende broers, <em>&#8220;Les Films du Fleuve&#8221;<\/em>, zoekt baby\u2019s, liefst wel van mediterane origine. \u00a0Het zijn wel heel verse exemplaren die gezocht worden : geboren eind juni of begin juli. \u00a0De baby\u2019s mogen meespelen in <em><strong><span style=\"color: #c0c0c0;\">&#8216;Deux Jours, Une Nuit\u2019<\/span><\/strong><\/em>, hun nieuwe film die in de buurt van Luik wordt gedraaid. \u00a0Moet u het haar van uw kersverse baby wat bijkleuren, moet u het een pruikje opzetten, het lijkt ons de moeite waard. Want het is weinigen gegeven te kunnen zeggen dat ze op de set van een film van de gebroeders Dardenne hebben gestaan.<\/p>\n<p><strong><span style=\"color: #c0c0c0;\">Marion Cotillard<\/span><\/strong>, de Franse tegenspeelster van <strong><span style=\"color: #c0c0c0;\">Matthias Schoenaerts<\/span><\/strong> in <em><strong><span style=\"color: #c0c0c0;\">&#8216;De Rouille et d\u2019Os\u2019<\/span> <\/strong><\/em>doet ook mee. \u00a0Met een beetje geluk belandt u kind dus wel in de armen van de Franse oscarwinnares. \u00a0En u kunt er \u00a0ook iets mee verdienen. Want de film wordt gedraaid met een budget van 7 miljoen euro, zo vernamen we pas. \u00a0Gigantisch veel geld naar Belgische normen.<\/p>\n<p>De baby\u2019s in kwestie zijn nodig voor opnamen die plaatsvinden eind juli in Luik. \u00a0De aanwezigheid van de ouders is meer dan gewenst.<br \/>\nVoor alle verdere inlichtingen kunt u terecht bij Corentin Lahaye op het nummer 0474 83 00 52 of per mail op lesfilmsdufleuve.figu@gmail.com.<\/p>\n","protected":false},"excerpt":{"rendered":"<p>Emilie Dequenne, D\u00e9borah Fran\u00e7ois, Thomas Doret, J\u00e9r\u00e9mie Renier\u2026 Het zijn allemaal mensen die op jonge leeftijd hun carri\u00e8res door de gebroeders Dardenne gelanceerd zagen en inmiddels zijn uitgegroeid tot vaste waarden. Maar nu zoeken ze nog jonger talent en de taal speelt niet meteen een rol. \u00a0Een kans misschien om uw kind een filmcarri\u00e8re te &hellip;<\/p>\n","protected":false},"author":8,"featured_media":43064,"comment_status":"closed","ping_status":"closed","sticky":false,"template":"","format":"standard","meta":{"ngg_post_thumbnail":0,"footnotes":""},"categories":[37],"tags":[1192,841,921,925,429,799,914,909,75,828,926],"class_list":["post-43060","post","type-post","status-publish","format-standard","has-post-thumbnail","","category-cinejobs-nl","tag-dardenne","tag-de-rouille-et-dos","tag-deborah-francois","tag-deux-jours","tag-emilie-dequenne","tag-jeremie-renier","tag-les-films-du-fleuve","tag-marion-cotillard","tag-matthias-schoenaerts","tag-thomas-doret","tag-une-nuit"],"yoast_head":"<!-- This site is optimized with the Yoast SEO plugin v20.4 - https:\/\/yoast.com\/wordpress\/plugins\/seo\/ -->\n<title>De gebroeders Dardenne willen een baby van u - We Love Cinema<\/title>\n<meta name=\"robots\" content=\"index, follow, max-snippet:-1, max-image-preview:large, max-video-preview:-1\" \/>\n<link rel=\"canonical\" href=\"https:\/\/welovecinema.be\/nl\/de-gebroeders-dardenne-willen-een-baby-van-u\/\" \/>\n<meta property=\"og:locale\" content=\"nl_NL\" \/>\n<meta property=\"og:type\" content=\"article\" \/>\n<meta property=\"og:title\" content=\"De gebroeders Dardenne willen een baby van u - We Love Cinema\" \/>\n<meta property=\"og:description\" content=\"Emilie Dequenne, D\u00e9borah Fran\u00e7ois, Thomas Doret, J\u00e9r\u00e9mie Renier\u2026 Het zijn allemaal mensen die op jonge leeftijd hun carri\u00e8res door de gebroeders Dardenne gelanceerd zagen en inmiddels zijn uitgegroeid tot vaste waarden. Maar nu zoeken ze nog jonger talent en de taal speelt niet meteen een rol. \u00a0Een kans misschien om uw kind een filmcarri\u00e8re te &hellip;\" \/>\n<meta property=\"og:url\" content=\"https:\/\/welovecinema.be\/nl\/de-gebroeders-dardenne-willen-een-baby-van-u\/\" \/>\n<meta property=\"og:site_name\" content=\"We Love Cinema\" \/>\n<meta property=\"article:publisher\" content=\"https:\/\/www.facebook.com\/welovecinema.be\" \/>\n<meta property=\"article:published_time\" content=\"2013-07-08T17:31:56+00:00\" \/>\n<meta property=\"article:modified_time\" content=\"2013-10-07T14:17:32+00:00\" \/>\n<meta property=\"og:image\" content=\"https:\/\/welovecinema.be\/wp-content\/uploads\/sites\/2\/2013\/07\/pc-2-300x1691.jpg\" \/>\n\t<meta property=\"og:image:width\" content=\"300\" \/>\n\t<meta property=\"og:image:height\" content=\"169\" \/>\n\t<meta property=\"og:image:type\" content=\"image\/jpeg\" \/>\n<meta name=\"author\" content=\"Kurt.Vandemaele\" \/>\n<meta name=\"twitter:card\" content=\"summary_large_image\" \/>\n<meta name=\"twitter:label1\" content=\"Geschreven door\" \/>\n\t<meta name=\"twitter:data1\" content=\"Kurt.Vandemaele\" \/>\n\t<meta name=\"twitter:label2\" content=\"Geschatte leestijd\" \/>\n\t<meta name=\"twitter:data2\" content=\"1 minuut\" \/>\n<script type=\"application\/ld+json\" class=\"yoast-schema-graph\">{\"@context\":\"https:\/\/schema.org\",\"@graph\":[{\"@type\":\"Article\",\"@id\":\"https:\/\/welovecinema.be\/nl\/de-gebroeders-dardenne-willen-een-baby-van-u\/#article\",\"isPartOf\":{\"@id\":\"https:\/\/welovecinema.be\/nl\/de-gebroeders-dardenne-willen-een-baby-van-u\/\"},\"author\":{\"name\":\"Kurt.Vandemaele\",\"@id\":\"https:\/\/welovecinema.be\/nl\/#\/schema\/person\/f475ac81c30903d8505475024494c658\"},\"headline\":\"De gebroeders Dardenne willen een baby van u\",\"datePublished\":\"2013-07-08T17:31:56+00:00\",\"dateModified\":\"2013-10-07T14:17:32+00:00\",\"mainEntityOfPage\":{\"@id\":\"https:\/\/welovecinema.be\/nl\/de-gebroeders-dardenne-willen-een-baby-van-u\/\"},\"wordCount\":285,\"publisher\":{\"@id\":\"https:\/\/welovecinema.be\/nl\/#organization\"},\"keywords\":[\"Dardenne\",\"De Rouille et d'Os\",\"D\u00e9borah Fran\u00e7ois\",\"Deux Jours\",\"Emilie Dequenne\",\"jeremie renier\",\"Les Films du Fleuve\",\"Marion Cotillard\",\"matthias schoenaerts\",\"Thomas Doret\",\"Une Nuit\"],\"articleSection\":[\"Cinejobs\"],\"inLanguage\":\"nl-NL\"},{\"@type\":\"WebPage\",\"@id\":\"https:\/\/welovecinema.be\/nl\/de-gebroeders-dardenne-willen-een-baby-van-u\/\",\"url\":\"https:\/\/welovecinema.be\/nl\/de-gebroeders-dardenne-willen-een-baby-van-u\/\",\"name\":\"De gebroeders Dardenne willen een baby van u - We Love Cinema\",\"isPartOf\":{\"@id\":\"https:\/\/welovecinema.be\/nl\/#website\"},\"datePublished\":\"2013-07-08T17:31:56+00:00\",\"dateModified\":\"2013-10-07T14:17:32+00:00\",\"breadcrumb\":{\"@id\":\"https:\/\/welovecinema.be\/nl\/de-gebroeders-dardenne-willen-een-baby-van-u\/#breadcrumb\"},\"inLanguage\":\"nl-NL\",\"potentialAction\":[{\"@type\":\"ReadAction\",\"target\":[\"https:\/\/welovecinema.be\/nl\/de-gebroeders-dardenne-willen-een-baby-van-u\/\"]}]},{\"@type\":\"BreadcrumbList\",\"@id\":\"https:\/\/welovecinema.be\/nl\/de-gebroeders-dardenne-willen-een-baby-van-u\/#breadcrumb\",\"itemListElement\":[{\"@type\":\"ListItem\",\"position\":1,\"name\":\"Accueil\",\"item\":\"https:\/\/welovecinema.be\/nl\/\"},{\"@type\":\"ListItem\",\"position\":2,\"name\":\"De gebroeders Dardenne willen een baby van u\"}]},{\"@type\":\"WebSite\",\"@id\":\"https:\/\/welovecinema.be\/nl\/#website\",\"url\":\"https:\/\/welovecinema.be\/nl\/\",\"name\":\"We Love Cinema\",\"description\":\"Toute l\u2019information du cin\u00e9ma en Belgique\",\"publisher\":{\"@id\":\"https:\/\/welovecinema.be\/nl\/#organization\"},\"potentialAction\":[{\"@type\":\"SearchAction\",\"target\":{\"@type\":\"EntryPoint\",\"urlTemplate\":\"https:\/\/welovecinema.be\/nl\/?s={search_term_string}\"},\"query-input\":\"required name=search_term_string\"}],\"inLanguage\":\"nl-NL\"},{\"@type\":\"Organization\",\"@id\":\"https:\/\/welovecinema.be\/nl\/#organization\",\"name\":\"We Love Cinema\",\"url\":\"https:\/\/welovecinema.be\/nl\/\",\"logo\":{\"@type\":\"ImageObject\",\"inLanguage\":\"nl-NL\",\"@id\":\"https:\/\/welovecinema.be\/nl\/#\/schema\/logo\/image\/\",\"url\":\"https:\/\/welovecinema.be\/wp-content\/uploads\/sites\/2\/2023\/03\/Logo-We-Love-Cinema305x128.jpg\",\"contentUrl\":\"https:\/\/welovecinema.be\/wp-content\/uploads\/sites\/2\/2023\/03\/Logo-We-Love-Cinema305x128.jpg\",\"width\":305,\"height\":128,\"caption\":\"We Love Cinema\"},\"image\":{\"@id\":\"https:\/\/welovecinema.be\/nl\/#\/schema\/logo\/image\/\"},\"sameAs\":[\"https:\/\/www.facebook.com\/welovecinema.be\",\"https:\/\/www.youtube.com\/channel\/UCX5LYGVhnKvYauW4Nta4HJA\",\"https:\/\/www.instagram.com\/welovecinema.be\/\"]},{\"@type\":\"Person\",\"@id\":\"https:\/\/welovecinema.be\/nl\/#\/schema\/person\/f475ac81c30903d8505475024494c658\",\"name\":\"Kurt.Vandemaele\",\"url\":\"https:\/\/welovecinema.be\/nl\/author\/kurt-vandemaele\/\"}]}<\/script>\n<!-- \/ Yoast SEO plugin. -->","yoast_head_json":{"title":"De gebroeders Dardenne willen een baby van u - We Love Cinema","robots":{"index":"index","follow":"follow","max-snippet":"max-snippet:-1","max-image-preview":"max-image-preview:large","max-video-preview":"max-video-preview:-1"},"canonical":"https:\/\/welovecinema.be\/nl\/de-gebroeders-dardenne-willen-een-baby-van-u\/","og_locale":"nl_NL","og_type":"article","og_title":"De gebroeders Dardenne willen een baby van u - We Love Cinema","og_description":"Emilie Dequenne, D\u00e9borah Fran\u00e7ois, Thomas Doret, J\u00e9r\u00e9mie Renier\u2026 Het zijn allemaal mensen die op jonge leeftijd hun carri\u00e8res door de gebroeders Dardenne gelanceerd zagen en inmiddels zijn uitgegroeid tot vaste waarden. Maar nu zoeken ze nog jonger talent en de taal speelt niet meteen een rol. \u00a0Een kans misschien om uw kind een filmcarri\u00e8re te &hellip;","og_url":"https:\/\/welovecinema.be\/nl\/de-gebroeders-dardenne-willen-een-baby-van-u\/","og_site_name":"We Love Cinema","article_publisher":"https:\/\/www.facebook.com\/welovecinema.be","article_published_time":"2013-07-08T17:31:56+00:00","article_modified_time":"2013-10-07T14:17:32+00:00","og_image":[{"width":300,"height":169,"url":"https:\/\/welovecinema.be\/wp-content\/uploads\/sites\/2\/2013\/07\/pc-2-300x1691.jpg","type":"image\/jpeg"}],"author":"Kurt.Vandemaele","twitter_card":"summary_large_image","twitter_misc":{"Geschreven door":"Kurt.Vandemaele","Geschatte leestijd":"1 minuut"},"schema":{"@context":"https:\/\/schema.org","@graph":[{"@type":"Article","@id":"https:\/\/welovecinema.be\/nl\/de-gebroeders-dardenne-willen-een-baby-van-u\/#article","isPartOf":{"@id":"https:\/\/welovecinema.be\/nl\/de-gebroeders-dardenne-willen-een-baby-van-u\/"},"author":{"name":"Kurt.Vandemaele","@id":"https:\/\/welovecinema.be\/nl\/#\/schema\/person\/f475ac81c30903d8505475024494c658"},"headline":"De gebroeders Dardenne willen een baby van u","datePublished":"2013-07-08T17:31:56+00:00","dateModified":"2013-10-07T14:17:32+00:00","mainEntityOfPage":{"@id":"https:\/\/welovecinema.be\/nl\/de-gebroeders-dardenne-willen-een-baby-van-u\/"},"wordCount":285,"publisher":{"@id":"https:\/\/welovecinema.be\/nl\/#organization"},"keywords":["Dardenne","De Rouille et d'Os","D\u00e9borah Fran\u00e7ois","Deux Jours","Emilie Dequenne","jeremie renier","Les Films du Fleuve","Marion Cotillard","matthias schoenaerts","Thomas Doret","Une Nuit"],"articleSection":["Cinejobs"],"inLanguage":"nl-NL"},{"@type":"WebPage","@id":"https:\/\/welovecinema.be\/nl\/de-gebroeders-dardenne-willen-een-baby-van-u\/","url":"https:\/\/welovecinema.be\/nl\/de-gebroeders-dardenne-willen-een-baby-van-u\/","name":"De gebroeders Dardenne willen een baby van u - We Love Cinema","isPartOf":{"@id":"https:\/\/welovecinema.be\/nl\/#website"},"datePublished":"2013-07-08T17:31:56+00:00","dateModified":"2013-10-07T14:17:32+00:00","breadcrumb":{"@id":"https:\/\/welovecinema.be\/nl\/de-gebroeders-dardenne-willen-een-baby-van-u\/#breadcrumb"},"inLanguage":"nl-NL","potentialAction":[{"@type":"ReadAction","target":["https:\/\/welovecinema.be\/nl\/de-gebroeders-dardenne-willen-een-baby-van-u\/"]}]},{"@type":"BreadcrumbList","@id":"https:\/\/welovecinema.be\/nl\/de-gebroeders-dardenne-willen-een-baby-van-u\/#breadcrumb","itemListElement":[{"@type":"ListItem","position":1,"name":"Accueil","item":"https:\/\/welovecinema.be\/nl\/"},{"@type":"ListItem","position":2,"name":"De gebroeders Dardenne willen een baby van u"}]},{"@type":"WebSite","@id":"https:\/\/welovecinema.be\/nl\/#website","url":"https:\/\/welovecinema.be\/nl\/","name":"We Love Cinema","description":"Toute l\u2019information du cin\u00e9ma en Belgique","publisher":{"@id":"https:\/\/welovecinema.be\/nl\/#organization"},"potentialAction":[{"@type":"SearchAction","target":{"@type":"EntryPoint","urlTemplate":"https:\/\/welovecinema.be\/nl\/?s={search_term_string}"},"query-input":"required name=search_term_string"}],"inLanguage":"nl-NL"},{"@type":"Organization","@id":"https:\/\/welovecinema.be\/nl\/#organization","name":"We Love Cinema","url":"https:\/\/welovecinema.be\/nl\/","logo":{"@type":"ImageObject","inLanguage":"nl-NL","@id":"https:\/\/welovecinema.be\/nl\/#\/schema\/logo\/image\/","url":"https:\/\/welovecinema.be\/wp-content\/uploads\/sites\/2\/2023\/03\/Logo-We-Love-Cinema305x128.jpg","contentUrl":"https:\/\/welovecinema.be\/wp-content\/uploads\/sites\/2\/2023\/03\/Logo-We-Love-Cinema305x128.jpg","width":305,"height":128,"caption":"We Love Cinema"},"image":{"@id":"https:\/\/welovecinema.be\/nl\/#\/schema\/logo\/image\/"},"sameAs":["https:\/\/www.facebook.com\/welovecinema.be","https:\/\/www.youtube.com\/channel\/UCX5LYGVhnKvYauW4Nta4HJA","https:\/\/www.instagram.com\/welovecinema.be\/"]},{"@type":"Person","@id":"https:\/\/welovecinema.be\/nl\/#\/schema\/person\/f475ac81c30903d8505475024494c658","name":"Kurt.Vandemaele","url":"https:\/\/welovecinema.be\/nl\/author\/kurt-vandemaele\/"}]}},"_links":{"self":[{"href":"https:\/\/welovecinema.be\/nl\/wp-json\/wp\/v2\/posts\/43060","targetHints":{"allow":["GET"]}}],"collection":[{"href":"https:\/\/welovecinema.be\/nl\/wp-json\/wp\/v2\/posts"}],"about":[{"href":"https:\/\/welovecinema.be\/nl\/wp-json\/wp\/v2\/types\/post"}],"author":[{"embeddable":true,"href":"https:\/\/welovecinema.be\/nl\/wp-json\/wp\/v2\/users\/8"}],"replies":[{"embeddable":true,"href":"https:\/\/welovecinema.be\/nl\/wp-json\/wp\/v2\/comments?post=43060"}],"version-history":[{"count":0,"href":"https:\/\/welovecinema.be\/nl\/wp-json\/wp\/v2\/posts\/43060\/revisions"}],"wp:featuredmedia":[{"embeddable":true,"href":"https:\/\/welovecinema.be\/nl\/wp-json\/wp\/v2\/media\/43064"}],"wp:attachment":[{"href":"https:\/\/welovecinema.be\/nl\/wp-json\/wp\/v2\/media?parent=43060"}],"wp:term":[{"taxonomy":"category","embeddable":true,"href":"https:\/\/welovecinema.be\/nl\/wp-json\/wp\/v2\/categories?post=43060"},{"taxonomy":"post_tag","embeddable":true,"href":"https:\/\/welovecinema.be\/nl\/wp-json\/wp\/v2\/tags?post=43060"}],"curies":[{"name":"wp","href":"https:\/\/api.w.org\/{rel}","templated":true}]}}