{"id":272304,"date":"2026-09-01T17:59:31","date_gmt":"2026-09-01T15:59:31","guid":{"rendered":"https:\/\/welovecinema.be\/?p=272304"},"modified":"2026-09-01T17:59:31","modified_gmt":"2026-09-01T15:59:31","slug":"nieuwe-trailer-voor-the-social-reckoning","status":"publish","type":"post","link":"https:\/\/welovecinema.be\/nl\/nieuwe-trailer-voor-the-social-reckoning\/","title":{"rendered":"Nieuwe trailer voor \u00abThe Social Reckoning\u00bb!"},"content":{"rendered":"<div><\/div>\n<div>\n<p class=\"Hoofdtekst\"><b><span lang=\"NL\">Zestien jaar geleden scoorde David Fincher \u00e9\u00e9n van de grootste hits uit zijn carri\u00e8re met <i>The Social Network<\/i>, over de begindagen van Facebook. Nu maakt Hollywood zich op het dossier rond die beruchte site en zijn moederbedrijf Meta nog eens open te slaan. <i>The Social Reckoning<\/i> heet de nieuwe film, en het wordt een dramatische en biografische thriller die volgens de makers de geest van het origineel verderzet. Het scenario is opnieuw van Aaron Sorkin, die deze keer ook de regie voor zijn rekening neemt. <i>The Social Reckoning<\/i> komt op 7 oktober in de bioscoop.<\/span><\/b><\/p>\n<\/div>\n<div>\n<p class=\"Hoofdtekst\"><span lang=\"NL\">In 2010 deed <i>The Social Network<\/i> de turbulente ontstaansgeschiedenis van Facebook uit de doeken, in een studentenkamer aan de universiteit van Harvard. <i>The Social Reckoning<\/i> richt zijn pijlen nu op de grootschalige gevolgen van de heerschappij van tech-reus Meta.<\/span><\/p>\n<\/div>\n<div>\n<p class=\"Hoofdtekst\"><span lang=\"NL\">Het scenario is rechtstreeks ge\u00efnspireerd door <i>The Facebook Files<\/i>, het beroemde onderzoek van de <i>Wall Street Journal<\/i> en zijn journalist Jeff Horowitz, die zich op zijn beurt baseerde op de onthullingen van klokkenluidster Frances Haugen uit 2021. Zij bracht een en ander aan het licht over de interne werking van Facebook, de manier waarop het platform priv\u00e9gegevens beheert en de impact van algoritmen in het algemeen op de samenleving.<\/span><\/p>\n<\/div>\n<div>\n<p><iframe loading=\"lazy\" title=\"THE SOCIAL RECKONING \u2013 New Trailer (4K)\" width=\"618\" height=\"348\" src=\"https:\/\/www.youtube.com\/embed\/MfHEZw7Xw_c?feature=oembed\" frameborder=\"0\" allow=\"accelerometer; autoplay; clipboard-write; encrypted-media; gyroscope; picture-in-picture; web-share\" referrerpolicy=\"strict-origin-when-cross-origin\" allowfullscreen><\/iframe><\/p>\n<\/div>\n<div>\n<p class=\"Hoofdtekst\"><span lang=\"NL\">Om dit latere hoofdstuk uit de Facebook-geschiedenis tot leven te wekken, stelde Aaron Sorkin een cast van topklasse samen: Jeremy Strong (<i>Succession<\/i>, <i>The Apprentice<\/i>) neemt de rol van Mark Zuckerberg over van Jesse Eisenberg, Mikey Madison (<i>Anora<\/i>) speelt klokkenluidster Frances Haugen, en Jeremy Allen White (<i>The Bear<\/i>) kruipt in de huid van onderzoeksjournalist Jeff Horowitz.<\/span><\/p>\n<\/div>\n<div>\n<p class=\"Hoofdtekst\"><span lang=\"NL\">Fincher keert dus niet terug achter de camera, maar Sorkin werkte wel met Jeff Cronenweth, die ook al <i>The Social Network<\/i> in beeld bracht. We kunnen er dus op rekenen dat de donkere, klinische en authentieke visuele stijl van die film behouden blijft. De soundtrack is dan weer toevertrouwd aan de Franse componist Alexandre Desplat, die overneemt van Trent Reznor &amp; Atticus Ross. Vanaf 7 oktober in de bioscoop!<\/span><\/p>\n<\/div>\n","protected":false},"excerpt":{"rendered":"<p>Zestien jaar geleden scoorde David Fincher \u00e9\u00e9n van de grootste hits uit zijn carri\u00e8re met The Social Network, over de begindagen van Facebook. Nu maakt Hollywood zich op het dossier rond die beruchte site en zijn moederbedrijf Meta nog eens open te slaan. The Social Reckoning heet de nieuwe film, en het wordt een dramatische &hellip;<\/p>\n","protected":false},"author":358,"featured_media":272296,"comment_status":"closed","ping_status":"closed","sticky":false,"template":"","format":"standard","meta":{"ngg_post_thumbnail":0,"footnotes":""},"categories":[7137,30],"tags":[],"class_list":["post-272304","post","type-post","status-publish","format-standard","has-post-thumbnail","","category-we-love-worldwide-nl","category-nieuws"],"yoast_head":"<!-- This site is optimized with the Yoast SEO plugin v20.4 - https:\/\/yoast.com\/wordpress\/plugins\/seo\/ -->\n<title>Nieuwe trailer voor \u00abThe Social Reckoning\u00bb! - We Love Cinema<\/title>\n<meta name=\"robots\" content=\"index, follow, max-snippet:-1, max-image-preview:large, max-video-preview:-1\" \/>\n<link rel=\"canonical\" href=\"https:\/\/welovecinema.be\/nl\/nieuwe-trailer-voor-the-social-reckoning\/\" \/>\n<meta property=\"og:locale\" content=\"nl_NL\" \/>\n<meta property=\"og:type\" content=\"article\" \/>\n<meta property=\"og:title\" content=\"Nieuwe trailer voor \u00abThe Social Reckoning\u00bb! - We Love Cinema\" \/>\n<meta property=\"og:description\" content=\"Zestien jaar geleden scoorde David Fincher \u00e9\u00e9n van de grootste hits uit zijn carri\u00e8re met The Social Network, over de begindagen van Facebook. Nu maakt Hollywood zich op het dossier rond die beruchte site en zijn moederbedrijf Meta nog eens open te slaan. The Social Reckoning heet de nieuwe film, en het wordt een dramatische &hellip;\" \/>\n<meta property=\"og:url\" content=\"https:\/\/welovecinema.be\/nl\/nieuwe-trailer-voor-the-social-reckoning\/\" \/>\n<meta property=\"og:site_name\" content=\"We Love Cinema\" \/>\n<meta property=\"article:publisher\" content=\"https:\/\/www.facebook.com\/welovecinema.be\" \/>\n<meta property=\"article:published_time\" content=\"2026-09-01T15:59:31+00:00\" \/>\n<meta property=\"og:image\" content=\"https:\/\/welovecinema.be\/wp-content\/uploads\/sites\/2\/2026\/09\/social-reckoning.jpg\" \/>\n\t<meta property=\"og:image:width\" content=\"2000\" \/>\n\t<meta property=\"og:image:height\" content=\"1334\" \/>\n\t<meta property=\"og:image:type\" content=\"image\/jpeg\" \/>\n<meta name=\"author\" content=\"fred\" \/>\n<meta name=\"twitter:card\" content=\"summary_large_image\" \/>\n<meta name=\"twitter:label1\" content=\"Geschreven door\" \/>\n\t<meta name=\"twitter:data1\" content=\"fred\" \/>\n\t<meta name=\"twitter:label2\" content=\"Geschatte leestijd\" \/>\n\t<meta name=\"twitter:data2\" content=\"2 minuten\" \/>\n<script type=\"application\/ld+json\" class=\"yoast-schema-graph\">{\"@context\":\"https:\/\/schema.org\",\"@graph\":[{\"@type\":\"Article\",\"@id\":\"https:\/\/welovecinema.be\/nl\/nieuwe-trailer-voor-the-social-reckoning\/#article\",\"isPartOf\":{\"@id\":\"https:\/\/welovecinema.be\/nl\/nieuwe-trailer-voor-the-social-reckoning\/\"},\"author\":{\"name\":\"fred\",\"@id\":\"https:\/\/welovecinema.be\/nl\/#\/schema\/person\/7620619142b6dd3c9aa19e9210ad5bd5\"},\"headline\":\"Nieuwe trailer voor \u00abThe Social Reckoning\u00bb!\",\"datePublished\":\"2026-09-01T15:59:31+00:00\",\"dateModified\":\"2026-09-01T15:59:31+00:00\",\"mainEntityOfPage\":{\"@id\":\"https:\/\/welovecinema.be\/nl\/nieuwe-trailer-voor-the-social-reckoning\/\"},\"wordCount\":341,\"publisher\":{\"@id\":\"https:\/\/welovecinema.be\/nl\/#organization\"},\"articleSection\":[\"\u00a0We Love Worldwide Cinema\",\"Nieuws\"],\"inLanguage\":\"nl-NL\"},{\"@type\":\"WebPage\",\"@id\":\"https:\/\/welovecinema.be\/nl\/nieuwe-trailer-voor-the-social-reckoning\/\",\"url\":\"https:\/\/welovecinema.be\/nl\/nieuwe-trailer-voor-the-social-reckoning\/\",\"name\":\"Nieuwe trailer voor \u00abThe Social Reckoning\u00bb! - We Love Cinema\",\"isPartOf\":{\"@id\":\"https:\/\/welovecinema.be\/nl\/#website\"},\"datePublished\":\"2026-09-01T15:59:31+00:00\",\"dateModified\":\"2026-09-01T15:59:31+00:00\",\"breadcrumb\":{\"@id\":\"https:\/\/welovecinema.be\/nl\/nieuwe-trailer-voor-the-social-reckoning\/#breadcrumb\"},\"inLanguage\":\"nl-NL\",\"potentialAction\":[{\"@type\":\"ReadAction\",\"target\":[\"https:\/\/welovecinema.be\/nl\/nieuwe-trailer-voor-the-social-reckoning\/\"]}]},{\"@type\":\"BreadcrumbList\",\"@id\":\"https:\/\/welovecinema.be\/nl\/nieuwe-trailer-voor-the-social-reckoning\/#breadcrumb\",\"itemListElement\":[{\"@type\":\"ListItem\",\"position\":1,\"name\":\"Accueil\",\"item\":\"https:\/\/welovecinema.be\/nl\/\"},{\"@type\":\"ListItem\",\"position\":2,\"name\":\"Nieuwe trailer voor \u00abThe Social Reckoning\u00bb!\"}]},{\"@type\":\"WebSite\",\"@id\":\"https:\/\/welovecinema.be\/nl\/#website\",\"url\":\"https:\/\/welovecinema.be\/nl\/\",\"name\":\"We Love Cinema\",\"description\":\"Toute l\u2019information du cin\u00e9ma en Belgique\",\"publisher\":{\"@id\":\"https:\/\/welovecinema.be\/nl\/#organization\"},\"potentialAction\":[{\"@type\":\"SearchAction\",\"target\":{\"@type\":\"EntryPoint\",\"urlTemplate\":\"https:\/\/welovecinema.be\/nl\/?s={search_term_string}\"},\"query-input\":\"required name=search_term_string\"}],\"inLanguage\":\"nl-NL\"},{\"@type\":\"Organization\",\"@id\":\"https:\/\/welovecinema.be\/nl\/#organization\",\"name\":\"We Love Cinema\",\"url\":\"https:\/\/welovecinema.be\/nl\/\",\"logo\":{\"@type\":\"ImageObject\",\"inLanguage\":\"nl-NL\",\"@id\":\"https:\/\/welovecinema.be\/nl\/#\/schema\/logo\/image\/\",\"url\":\"https:\/\/welovecinema.be\/wp-content\/uploads\/sites\/2\/2023\/03\/Logo-We-Love-Cinema305x128.jpg\",\"contentUrl\":\"https:\/\/welovecinema.be\/wp-content\/uploads\/sites\/2\/2023\/03\/Logo-We-Love-Cinema305x128.jpg\",\"width\":305,\"height\":128,\"caption\":\"We Love Cinema\"},\"image\":{\"@id\":\"https:\/\/welovecinema.be\/nl\/#\/schema\/logo\/image\/\"},\"sameAs\":[\"https:\/\/www.facebook.com\/welovecinema.be\",\"https:\/\/www.youtube.com\/channel\/UCX5LYGVhnKvYauW4Nta4HJA\",\"https:\/\/www.instagram.com\/welovecinema.be\/\"]},{\"@type\":\"Person\",\"@id\":\"https:\/\/welovecinema.be\/nl\/#\/schema\/person\/7620619142b6dd3c9aa19e9210ad5bd5\",\"name\":\"fred\",\"url\":\"https:\/\/welovecinema.be\/nl\/author\/fred\/\"}]}<\/script>\n<!-- \/ Yoast SEO plugin. -->","yoast_head_json":{"title":"Nieuwe trailer voor \u00abThe Social Reckoning\u00bb! - We Love Cinema","robots":{"index":"index","follow":"follow","max-snippet":"max-snippet:-1","max-image-preview":"max-image-preview:large","max-video-preview":"max-video-preview:-1"},"canonical":"https:\/\/welovecinema.be\/nl\/nieuwe-trailer-voor-the-social-reckoning\/","og_locale":"nl_NL","og_type":"article","og_title":"Nieuwe trailer voor \u00abThe Social Reckoning\u00bb! - We Love Cinema","og_description":"Zestien jaar geleden scoorde David Fincher \u00e9\u00e9n van de grootste hits uit zijn carri\u00e8re met The Social Network, over de begindagen van Facebook. Nu maakt Hollywood zich op het dossier rond die beruchte site en zijn moederbedrijf Meta nog eens open te slaan. The Social Reckoning heet de nieuwe film, en het wordt een dramatische &hellip;","og_url":"https:\/\/welovecinema.be\/nl\/nieuwe-trailer-voor-the-social-reckoning\/","og_site_name":"We Love Cinema","article_publisher":"https:\/\/www.facebook.com\/welovecinema.be","article_published_time":"2026-09-01T15:59:31+00:00","og_image":[{"width":2000,"height":1334,"url":"https:\/\/welovecinema.be\/wp-content\/uploads\/sites\/2\/2026\/09\/social-reckoning.jpg","type":"image\/jpeg"}],"author":"fred","twitter_card":"summary_large_image","twitter_misc":{"Geschreven door":"fred","Geschatte leestijd":"2 minuten"},"schema":{"@context":"https:\/\/schema.org","@graph":[{"@type":"Article","@id":"https:\/\/welovecinema.be\/nl\/nieuwe-trailer-voor-the-social-reckoning\/#article","isPartOf":{"@id":"https:\/\/welovecinema.be\/nl\/nieuwe-trailer-voor-the-social-reckoning\/"},"author":{"name":"fred","@id":"https:\/\/welovecinema.be\/nl\/#\/schema\/person\/7620619142b6dd3c9aa19e9210ad5bd5"},"headline":"Nieuwe trailer voor \u00abThe Social Reckoning\u00bb!","datePublished":"2026-09-01T15:59:31+00:00","dateModified":"2026-09-01T15:59:31+00:00","mainEntityOfPage":{"@id":"https:\/\/welovecinema.be\/nl\/nieuwe-trailer-voor-the-social-reckoning\/"},"wordCount":341,"publisher":{"@id":"https:\/\/welovecinema.be\/nl\/#organization"},"articleSection":["\u00a0We Love Worldwide Cinema","Nieuws"],"inLanguage":"nl-NL"},{"@type":"WebPage","@id":"https:\/\/welovecinema.be\/nl\/nieuwe-trailer-voor-the-social-reckoning\/","url":"https:\/\/welovecinema.be\/nl\/nieuwe-trailer-voor-the-social-reckoning\/","name":"Nieuwe trailer voor \u00abThe Social Reckoning\u00bb! - We Love Cinema","isPartOf":{"@id":"https:\/\/welovecinema.be\/nl\/#website"},"datePublished":"2026-09-01T15:59:31+00:00","dateModified":"2026-09-01T15:59:31+00:00","breadcrumb":{"@id":"https:\/\/welovecinema.be\/nl\/nieuwe-trailer-voor-the-social-reckoning\/#breadcrumb"},"inLanguage":"nl-NL","potentialAction":[{"@type":"ReadAction","target":["https:\/\/welovecinema.be\/nl\/nieuwe-trailer-voor-the-social-reckoning\/"]}]},{"@type":"BreadcrumbList","@id":"https:\/\/welovecinema.be\/nl\/nieuwe-trailer-voor-the-social-reckoning\/#breadcrumb","itemListElement":[{"@type":"ListItem","position":1,"name":"Accueil","item":"https:\/\/welovecinema.be\/nl\/"},{"@type":"ListItem","position":2,"name":"Nieuwe trailer voor \u00abThe Social Reckoning\u00bb!"}]},{"@type":"WebSite","@id":"https:\/\/welovecinema.be\/nl\/#website","url":"https:\/\/welovecinema.be\/nl\/","name":"We Love Cinema","description":"Toute l\u2019information du cin\u00e9ma en Belgique","publisher":{"@id":"https:\/\/welovecinema.be\/nl\/#organization"},"potentialAction":[{"@type":"SearchAction","target":{"@type":"EntryPoint","urlTemplate":"https:\/\/welovecinema.be\/nl\/?s={search_term_string}"},"query-input":"required name=search_term_string"}],"inLanguage":"nl-NL"},{"@type":"Organization","@id":"https:\/\/welovecinema.be\/nl\/#organization","name":"We Love Cinema","url":"https:\/\/welovecinema.be\/nl\/","logo":{"@type":"ImageObject","inLanguage":"nl-NL","@id":"https:\/\/welovecinema.be\/nl\/#\/schema\/logo\/image\/","url":"https:\/\/welovecinema.be\/wp-content\/uploads\/sites\/2\/2023\/03\/Logo-We-Love-Cinema305x128.jpg","contentUrl":"https:\/\/welovecinema.be\/wp-content\/uploads\/sites\/2\/2023\/03\/Logo-We-Love-Cinema305x128.jpg","width":305,"height":128,"caption":"We Love Cinema"},"image":{"@id":"https:\/\/welovecinema.be\/nl\/#\/schema\/logo\/image\/"},"sameAs":["https:\/\/www.facebook.com\/welovecinema.be","https:\/\/www.youtube.com\/channel\/UCX5LYGVhnKvYauW4Nta4HJA","https:\/\/www.instagram.com\/welovecinema.be\/"]},{"@type":"Person","@id":"https:\/\/welovecinema.be\/nl\/#\/schema\/person\/7620619142b6dd3c9aa19e9210ad5bd5","name":"fred","url":"https:\/\/welovecinema.be\/nl\/author\/fred\/"}]}},"_links":{"self":[{"href":"https:\/\/welovecinema.be\/nl\/wp-json\/wp\/v2\/posts\/272304","targetHints":{"allow":["GET"]}}],"collection":[{"href":"https:\/\/welovecinema.be\/nl\/wp-json\/wp\/v2\/posts"}],"about":[{"href":"https:\/\/welovecinema.be\/nl\/wp-json\/wp\/v2\/types\/post"}],"author":[{"embeddable":true,"href":"https:\/\/welovecinema.be\/nl\/wp-json\/wp\/v2\/users\/358"}],"replies":[{"embeddable":true,"href":"https:\/\/welovecinema.be\/nl\/wp-json\/wp\/v2\/comments?post=272304"}],"version-history":[{"count":1,"href":"https:\/\/welovecinema.be\/nl\/wp-json\/wp\/v2\/posts\/272304\/revisions"}],"predecessor-version":[{"id":272305,"href":"https:\/\/welovecinema.be\/nl\/wp-json\/wp\/v2\/posts\/272304\/revisions\/272305"}],"wp:featuredmedia":[{"embeddable":true,"href":"https:\/\/welovecinema.be\/nl\/wp-json\/wp\/v2\/media\/272296"}],"wp:attachment":[{"href":"https:\/\/welovecinema.be\/nl\/wp-json\/wp\/v2\/media?parent=272304"}],"wp:term":[{"taxonomy":"category","embeddable":true,"href":"https:\/\/welovecinema.be\/nl\/wp-json\/wp\/v2\/categories?post=272304"},{"taxonomy":"post_tag","embeddable":true,"href":"https:\/\/welovecinema.be\/nl\/wp-json\/wp\/v2\/tags?post=272304"}],"curies":[{"name":"wp","href":"https:\/\/api.w.org\/{rel}","templated":true}]}}