{"id":271065,"date":"2026-04-29T10:20:51","date_gmt":"2026-04-29T08:20:51","guid":{"rendered":"https:\/\/welovecinema.be\/?p=271065"},"modified":"2026-04-29T10:20:51","modified_gmt":"2026-04-29T08:20:51","slug":"roxanne-sarkozi-geselecteerd-voor-producers-on-the-move","status":"publish","type":"post","link":"https:\/\/welovecinema.be\/nl\/roxanne-sarkozi-geselecteerd-voor-producers-on-the-move\/","title":{"rendered":"Roxanne Sarkozi geselecteerd voor Producers on the Move"},"content":{"rendered":"<p><strong> Roxanne Sarkozi, producent bij het Gentse productiehuis De Wereldvrede, is geselecteerd voor Producers on the Move, een prestigieus programma voor opkomende Europese filmproducenten dat plaatsvindt tijdens het Filmfestival van Cannes (12\u201323 mei). Dat maakte European Film Promotion (EFP) zonet bekend.<\/strong><\/p>\n<p>Elk jaar selecteert EFP twintig veelbelovende producenten uit heel Europa die deelnemen aan een intensief netwerk- en promotietraject. Producers on the Move brengt hen in contact met potenti\u00eble coproductiepartners, financiers en internationale vakpers, en biedt een platform om hun carri\u00e8re en internationale samenwerkingen verder uit te bouwen. Het programma\u00a0is dit jaar aan zijn 27ste editie toe.<br \/>\nRoxanne Sarkozi maakt deel uit van een diverse lichting producenten en is geselecteerd op basis van haar sterke parcours en recente werk. Ze was uitvoerend producent van <em>Julie zwijgt<\/em>, het speelfilmdebuut van Leonardo Van Dijl, dat in 2024 in premi\u00e8re ging tijdens de Semaine de la Critique in Cannes. De film werd bekroond met de SACD Award en was dat jaar de offici\u00eble Oscarinzending van Belgi\u00eb.<\/p>\n<h4><strong>Roxanne Sarkozi<\/strong><\/h4>\n<figure id=\"attachment_271066\" aria-describedby=\"caption-attachment-271066\" style=\"width: 240px\" class=\"wp-caption alignleft\"><img loading=\"lazy\" decoding=\"async\" class=\" wp-image-271066\" src=\"https:\/\/welovecinema.be\/wp-content\/uploads\/sites\/2\/2026\/04\/Screenshot-2026-04-29-at-10.17.43.jpg\" alt=\"\" width=\"240\" height=\"356\" srcset=\"https:\/\/welovecinema.be\/wp-content\/uploads\/sites\/2\/2026\/04\/Screenshot-2026-04-29-at-10.17.43.jpg 828w, https:\/\/welovecinema.be\/wp-content\/uploads\/sites\/2\/2026\/04\/Screenshot-2026-04-29-at-10.17.43-182x270.jpg 182w, https:\/\/welovecinema.be\/wp-content\/uploads\/sites\/2\/2026\/04\/Screenshot-2026-04-29-at-10.17.43-405x600.jpg 405w, https:\/\/welovecinema.be\/wp-content\/uploads\/sites\/2\/2026\/04\/Screenshot-2026-04-29-at-10.17.43-768x1139.jpg 768w\" sizes=\"auto, (max-width: 240px) 100vw, 240px\" \/><figcaption id=\"caption-attachment-271066\" class=\"wp-caption-text\">Roxanne Sarkozi<\/figcaption><\/figure>\n<p>Roxanne Sarkozi behaalde een master in Communicatiewetenschappen aan de Vrije Universiteit Brussel en vervoegde in 2018 productiehuis De Wereldvrede. In 2023 werd ze er hoofd productie, waar ze mee de inhoudelijke koers van het bedrijf bepaalt.<br \/>\nNaast haar werk op <em>Julie zwijgt<\/em> was ze recent uitvoerend producent van de serie <em>Roomies<\/em>, gecre\u00eberd door Kato De Boeck en Flo Van Deuren. Momenteel werkt ze aan <em>Jonah Was Here<\/em>, de nieuwe langspeelfilm van Nathalie Teirlinck, en ontwikkelt ze verschillende nieuwe film- en serieprojecten.<\/p>\n<h4><strong>De Wereldvrede<\/strong><\/h4>\n<p>De Wereldvrede werd in 2013 opgericht door Gilles De Schryver en Gilles Coulier en groeide uit tot een toonaangevend productiehuis voor auteursgedreven films en series. Het bedrijf staat bekend om zijn sterke focus op de visie van de maker en realiseerde onder andere de serie <em>Bevergem<\/em>, de speelfilm <em>Cargo<\/em> en internationale producties zoals <em>War of the Worlds<\/em> en <em>Albatros<\/em>.<br \/>\nIn 2024 beleefden de speelfilmdebuten <em>Holy Rosita<\/em> en <em>Julie zwijgt<\/em> hun internationale premi\u00e8re, met talrijke awards tot gevolg. De Wereldvrede zet in\u00a0op zowel film als televisie\u00a0en heeft verschillende nieuwe, veelbelovende projecten in de pijplijn.<\/p>\n<h4><strong>Producers on the Move<\/strong><\/h4>\n<p>Het programma gaat van start met online voorbereidingssessies, gevolgd door een vijfdaags programma in Cannes tijdens het filmfestival. De geselecteerde producenten nemen deel aan onder meer casestudy\u2019s, pitching sessies, \u00e9\u00e9n-op-\u00e9\u00e9n meetings en netwerkmomenten.<br \/>\n<em>Cargo<\/em>, <em>Holy Rosita<\/em>, <em>Julie zwijgt<\/em> en <em>Jonah Was Here<\/em> werden gemaakt met de steun van het VAF\/Filmfonds.<br \/>\n<em>Bevergem<\/em>,\u00a0<em>Albatros<\/em> en\u00a0<em>Roomies<\/em> kwam tot stand met de steun van het VAF\/Mediafonds.<br \/>\nDaarnaast investeerde ook het economisch fonds Screen Flanders in <em>Bevergem<\/em>, <em>Cargo<\/em>, <em>Holy Rosita<\/em> en <em>Jonah Was Here<\/em>.<\/p>\n","protected":false},"excerpt":{"rendered":"<p>Roxanne Sarkozi, producent bij het Gentse productiehuis De Wereldvrede, is geselecteerd voor Producers on the Move, een prestigieus programma voor opkomende Europese filmproducenten dat plaatsvindt tijdens het Filmfestival van Cannes (12\u201323 mei). Dat maakte European Film Promotion (EFP) zonet bekend. Elk jaar selecteert EFP twintig veelbelovende producenten uit heel Europa die deelnemen aan een intensief &hellip;<\/p>\n","protected":false},"author":349,"featured_media":271068,"comment_status":"closed","ping_status":"closed","sticky":false,"template":"","format":"standard","meta":{"ngg_post_thumbnail":0,"footnotes":""},"categories":[7136,50,30,3],"tags":[8677,9998,7789,7882,10010],"class_list":["post-271065","post","type-post","status-publish","format-standard","has-post-thumbnail","","category-we-love-belgian-cinema-nl","category-featured-actus-nl","category-nieuws","category-varia-nl","tag-belgiancinema","tag-cannes2026","tag-dewereldvrede","tag-producersonthemove","tag-roxannesarkozi"],"yoast_head":"<!-- This site is optimized with the Yoast SEO plugin v20.4 - https:\/\/yoast.com\/wordpress\/plugins\/seo\/ -->\n<title>Roxanne Sarkozi geselecteerd voor Producers on the Move - We Love Cinema<\/title>\n<meta name=\"robots\" content=\"index, follow, max-snippet:-1, max-image-preview:large, max-video-preview:-1\" \/>\n<link rel=\"canonical\" href=\"https:\/\/welovecinema.be\/nl\/roxanne-sarkozi-geselecteerd-voor-producers-on-the-move\/\" \/>\n<meta property=\"og:locale\" content=\"nl_NL\" \/>\n<meta property=\"og:type\" content=\"article\" \/>\n<meta property=\"og:title\" content=\"Roxanne Sarkozi geselecteerd voor Producers on the Move - We Love Cinema\" \/>\n<meta property=\"og:description\" content=\"Roxanne Sarkozi, producent bij het Gentse productiehuis De Wereldvrede, is geselecteerd voor Producers on the Move, een prestigieus programma voor opkomende Europese filmproducenten dat plaatsvindt tijdens het Filmfestival van Cannes (12\u201323 mei). Dat maakte European Film Promotion (EFP) zonet bekend. Elk jaar selecteert EFP twintig veelbelovende producenten uit heel Europa die deelnemen aan een intensief &hellip;\" \/>\n<meta property=\"og:url\" content=\"https:\/\/welovecinema.be\/nl\/roxanne-sarkozi-geselecteerd-voor-producers-on-the-move\/\" \/>\n<meta property=\"og:site_name\" content=\"We Love Cinema\" \/>\n<meta property=\"article:publisher\" content=\"https:\/\/www.facebook.com\/welovecinema.be\" \/>\n<meta property=\"article:published_time\" content=\"2026-04-29T08:20:51+00:00\" \/>\n<meta property=\"og:image\" content=\"https:\/\/welovecinema.be\/wp-content\/uploads\/sites\/2\/2026\/04\/Screenshot-2026-04-29-at-10.17.32.jpg\" \/>\n\t<meta property=\"og:image:width\" content=\"830\" \/>\n\t<meta property=\"og:image:height\" content=\"504\" \/>\n\t<meta property=\"og:image:type\" content=\"image\/jpeg\" \/>\n<meta name=\"author\" content=\"Seppe van Groeningen\" \/>\n<meta name=\"twitter:card\" content=\"summary_large_image\" \/>\n<meta name=\"twitter:label1\" content=\"Geschreven door\" \/>\n\t<meta name=\"twitter:data1\" content=\"Seppe van Groeningen\" \/>\n\t<meta name=\"twitter:label2\" content=\"Geschatte leestijd\" \/>\n\t<meta name=\"twitter:data2\" content=\"3 minuten\" \/>\n<script type=\"application\/ld+json\" class=\"yoast-schema-graph\">{\"@context\":\"https:\/\/schema.org\",\"@graph\":[{\"@type\":\"Article\",\"@id\":\"https:\/\/welovecinema.be\/nl\/roxanne-sarkozi-geselecteerd-voor-producers-on-the-move\/#article\",\"isPartOf\":{\"@id\":\"https:\/\/welovecinema.be\/nl\/roxanne-sarkozi-geselecteerd-voor-producers-on-the-move\/\"},\"author\":{\"name\":\"Seppe van Groeningen\",\"@id\":\"https:\/\/welovecinema.be\/nl\/#\/schema\/person\/9a9270eec1274600ec8c420b80d00480\"},\"headline\":\"Roxanne Sarkozi geselecteerd voor Producers on the Move\",\"datePublished\":\"2026-04-29T08:20:51+00:00\",\"dateModified\":\"2026-04-29T08:20:51+00:00\",\"mainEntityOfPage\":{\"@id\":\"https:\/\/welovecinema.be\/nl\/roxanne-sarkozi-geselecteerd-voor-producers-on-the-move\/\"},\"wordCount\":448,\"publisher\":{\"@id\":\"https:\/\/welovecinema.be\/nl\/#organization\"},\"keywords\":[\"#BelgianCinema\",\"#Cannes2026\",\"#dewereldvrede\",\"#producersonthemove\",\"#RoxanneSarkozi\"],\"articleSection\":[\"\u00a0We Love Belgian Cinema\",\"Focus\",\"Nieuws\",\"Varia\"],\"inLanguage\":\"nl-NL\"},{\"@type\":\"WebPage\",\"@id\":\"https:\/\/welovecinema.be\/nl\/roxanne-sarkozi-geselecteerd-voor-producers-on-the-move\/\",\"url\":\"https:\/\/welovecinema.be\/nl\/roxanne-sarkozi-geselecteerd-voor-producers-on-the-move\/\",\"name\":\"Roxanne Sarkozi geselecteerd voor Producers on the Move - We Love Cinema\",\"isPartOf\":{\"@id\":\"https:\/\/welovecinema.be\/nl\/#website\"},\"datePublished\":\"2026-04-29T08:20:51+00:00\",\"dateModified\":\"2026-04-29T08:20:51+00:00\",\"breadcrumb\":{\"@id\":\"https:\/\/welovecinema.be\/nl\/roxanne-sarkozi-geselecteerd-voor-producers-on-the-move\/#breadcrumb\"},\"inLanguage\":\"nl-NL\",\"potentialAction\":[{\"@type\":\"ReadAction\",\"target\":[\"https:\/\/welovecinema.be\/nl\/roxanne-sarkozi-geselecteerd-voor-producers-on-the-move\/\"]}]},{\"@type\":\"BreadcrumbList\",\"@id\":\"https:\/\/welovecinema.be\/nl\/roxanne-sarkozi-geselecteerd-voor-producers-on-the-move\/#breadcrumb\",\"itemListElement\":[{\"@type\":\"ListItem\",\"position\":1,\"name\":\"Accueil\",\"item\":\"https:\/\/welovecinema.be\/nl\/\"},{\"@type\":\"ListItem\",\"position\":2,\"name\":\"Roxanne Sarkozi geselecteerd voor Producers on the Move\"}]},{\"@type\":\"WebSite\",\"@id\":\"https:\/\/welovecinema.be\/nl\/#website\",\"url\":\"https:\/\/welovecinema.be\/nl\/\",\"name\":\"We Love Cinema\",\"description\":\"Toute l\u2019information du cin\u00e9ma en Belgique\",\"publisher\":{\"@id\":\"https:\/\/welovecinema.be\/nl\/#organization\"},\"potentialAction\":[{\"@type\":\"SearchAction\",\"target\":{\"@type\":\"EntryPoint\",\"urlTemplate\":\"https:\/\/welovecinema.be\/nl\/?s={search_term_string}\"},\"query-input\":\"required name=search_term_string\"}],\"inLanguage\":\"nl-NL\"},{\"@type\":\"Organization\",\"@id\":\"https:\/\/welovecinema.be\/nl\/#organization\",\"name\":\"We Love Cinema\",\"url\":\"https:\/\/welovecinema.be\/nl\/\",\"logo\":{\"@type\":\"ImageObject\",\"inLanguage\":\"nl-NL\",\"@id\":\"https:\/\/welovecinema.be\/nl\/#\/schema\/logo\/image\/\",\"url\":\"https:\/\/welovecinema.be\/wp-content\/uploads\/sites\/2\/2023\/03\/Logo-We-Love-Cinema305x128.jpg\",\"contentUrl\":\"https:\/\/welovecinema.be\/wp-content\/uploads\/sites\/2\/2023\/03\/Logo-We-Love-Cinema305x128.jpg\",\"width\":305,\"height\":128,\"caption\":\"We Love Cinema\"},\"image\":{\"@id\":\"https:\/\/welovecinema.be\/nl\/#\/schema\/logo\/image\/\"},\"sameAs\":[\"https:\/\/www.facebook.com\/welovecinema.be\",\"https:\/\/www.youtube.com\/channel\/UCX5LYGVhnKvYauW4Nta4HJA\",\"https:\/\/www.instagram.com\/welovecinema.be\/\"]},{\"@type\":\"Person\",\"@id\":\"https:\/\/welovecinema.be\/nl\/#\/schema\/person\/9a9270eec1274600ec8c420b80d00480\",\"name\":\"Seppe van Groeningen\",\"url\":\"https:\/\/welovecinema.be\/nl\/author\/seppe\/\"}]}<\/script>\n<!-- \/ Yoast SEO plugin. -->","yoast_head_json":{"title":"Roxanne Sarkozi geselecteerd voor Producers on the Move - We Love Cinema","robots":{"index":"index","follow":"follow","max-snippet":"max-snippet:-1","max-image-preview":"max-image-preview:large","max-video-preview":"max-video-preview:-1"},"canonical":"https:\/\/welovecinema.be\/nl\/roxanne-sarkozi-geselecteerd-voor-producers-on-the-move\/","og_locale":"nl_NL","og_type":"article","og_title":"Roxanne Sarkozi geselecteerd voor Producers on the Move - We Love Cinema","og_description":"Roxanne Sarkozi, producent bij het Gentse productiehuis De Wereldvrede, is geselecteerd voor Producers on the Move, een prestigieus programma voor opkomende Europese filmproducenten dat plaatsvindt tijdens het Filmfestival van Cannes (12\u201323 mei). Dat maakte European Film Promotion (EFP) zonet bekend. Elk jaar selecteert EFP twintig veelbelovende producenten uit heel Europa die deelnemen aan een intensief &hellip;","og_url":"https:\/\/welovecinema.be\/nl\/roxanne-sarkozi-geselecteerd-voor-producers-on-the-move\/","og_site_name":"We Love Cinema","article_publisher":"https:\/\/www.facebook.com\/welovecinema.be","article_published_time":"2026-04-29T08:20:51+00:00","og_image":[{"width":830,"height":504,"url":"https:\/\/welovecinema.be\/wp-content\/uploads\/sites\/2\/2026\/04\/Screenshot-2026-04-29-at-10.17.32.jpg","type":"image\/jpeg"}],"author":"Seppe van Groeningen","twitter_card":"summary_large_image","twitter_misc":{"Geschreven door":"Seppe van Groeningen","Geschatte leestijd":"3 minuten"},"schema":{"@context":"https:\/\/schema.org","@graph":[{"@type":"Article","@id":"https:\/\/welovecinema.be\/nl\/roxanne-sarkozi-geselecteerd-voor-producers-on-the-move\/#article","isPartOf":{"@id":"https:\/\/welovecinema.be\/nl\/roxanne-sarkozi-geselecteerd-voor-producers-on-the-move\/"},"author":{"name":"Seppe van Groeningen","@id":"https:\/\/welovecinema.be\/nl\/#\/schema\/person\/9a9270eec1274600ec8c420b80d00480"},"headline":"Roxanne Sarkozi geselecteerd voor Producers on the Move","datePublished":"2026-04-29T08:20:51+00:00","dateModified":"2026-04-29T08:20:51+00:00","mainEntityOfPage":{"@id":"https:\/\/welovecinema.be\/nl\/roxanne-sarkozi-geselecteerd-voor-producers-on-the-move\/"},"wordCount":448,"publisher":{"@id":"https:\/\/welovecinema.be\/nl\/#organization"},"keywords":["#BelgianCinema","#Cannes2026","#dewereldvrede","#producersonthemove","#RoxanneSarkozi"],"articleSection":["\u00a0We Love Belgian Cinema","Focus","Nieuws","Varia"],"inLanguage":"nl-NL"},{"@type":"WebPage","@id":"https:\/\/welovecinema.be\/nl\/roxanne-sarkozi-geselecteerd-voor-producers-on-the-move\/","url":"https:\/\/welovecinema.be\/nl\/roxanne-sarkozi-geselecteerd-voor-producers-on-the-move\/","name":"Roxanne Sarkozi geselecteerd voor Producers on the Move - We Love Cinema","isPartOf":{"@id":"https:\/\/welovecinema.be\/nl\/#website"},"datePublished":"2026-04-29T08:20:51+00:00","dateModified":"2026-04-29T08:20:51+00:00","breadcrumb":{"@id":"https:\/\/welovecinema.be\/nl\/roxanne-sarkozi-geselecteerd-voor-producers-on-the-move\/#breadcrumb"},"inLanguage":"nl-NL","potentialAction":[{"@type":"ReadAction","target":["https:\/\/welovecinema.be\/nl\/roxanne-sarkozi-geselecteerd-voor-producers-on-the-move\/"]}]},{"@type":"BreadcrumbList","@id":"https:\/\/welovecinema.be\/nl\/roxanne-sarkozi-geselecteerd-voor-producers-on-the-move\/#breadcrumb","itemListElement":[{"@type":"ListItem","position":1,"name":"Accueil","item":"https:\/\/welovecinema.be\/nl\/"},{"@type":"ListItem","position":2,"name":"Roxanne Sarkozi geselecteerd voor Producers on the Move"}]},{"@type":"WebSite","@id":"https:\/\/welovecinema.be\/nl\/#website","url":"https:\/\/welovecinema.be\/nl\/","name":"We Love Cinema","description":"Toute l\u2019information du cin\u00e9ma en Belgique","publisher":{"@id":"https:\/\/welovecinema.be\/nl\/#organization"},"potentialAction":[{"@type":"SearchAction","target":{"@type":"EntryPoint","urlTemplate":"https:\/\/welovecinema.be\/nl\/?s={search_term_string}"},"query-input":"required name=search_term_string"}],"inLanguage":"nl-NL"},{"@type":"Organization","@id":"https:\/\/welovecinema.be\/nl\/#organization","name":"We Love Cinema","url":"https:\/\/welovecinema.be\/nl\/","logo":{"@type":"ImageObject","inLanguage":"nl-NL","@id":"https:\/\/welovecinema.be\/nl\/#\/schema\/logo\/image\/","url":"https:\/\/welovecinema.be\/wp-content\/uploads\/sites\/2\/2023\/03\/Logo-We-Love-Cinema305x128.jpg","contentUrl":"https:\/\/welovecinema.be\/wp-content\/uploads\/sites\/2\/2023\/03\/Logo-We-Love-Cinema305x128.jpg","width":305,"height":128,"caption":"We Love Cinema"},"image":{"@id":"https:\/\/welovecinema.be\/nl\/#\/schema\/logo\/image\/"},"sameAs":["https:\/\/www.facebook.com\/welovecinema.be","https:\/\/www.youtube.com\/channel\/UCX5LYGVhnKvYauW4Nta4HJA","https:\/\/www.instagram.com\/welovecinema.be\/"]},{"@type":"Person","@id":"https:\/\/welovecinema.be\/nl\/#\/schema\/person\/9a9270eec1274600ec8c420b80d00480","name":"Seppe van Groeningen","url":"https:\/\/welovecinema.be\/nl\/author\/seppe\/"}]}},"_links":{"self":[{"href":"https:\/\/welovecinema.be\/nl\/wp-json\/wp\/v2\/posts\/271065","targetHints":{"allow":["GET"]}}],"collection":[{"href":"https:\/\/welovecinema.be\/nl\/wp-json\/wp\/v2\/posts"}],"about":[{"href":"https:\/\/welovecinema.be\/nl\/wp-json\/wp\/v2\/types\/post"}],"author":[{"embeddable":true,"href":"https:\/\/welovecinema.be\/nl\/wp-json\/wp\/v2\/users\/349"}],"replies":[{"embeddable":true,"href":"https:\/\/welovecinema.be\/nl\/wp-json\/wp\/v2\/comments?post=271065"}],"version-history":[{"count":1,"href":"https:\/\/welovecinema.be\/nl\/wp-json\/wp\/v2\/posts\/271065\/revisions"}],"predecessor-version":[{"id":271070,"href":"https:\/\/welovecinema.be\/nl\/wp-json\/wp\/v2\/posts\/271065\/revisions\/271070"}],"wp:featuredmedia":[{"embeddable":true,"href":"https:\/\/welovecinema.be\/nl\/wp-json\/wp\/v2\/media\/271068"}],"wp:attachment":[{"href":"https:\/\/welovecinema.be\/nl\/wp-json\/wp\/v2\/media?parent=271065"}],"wp:term":[{"taxonomy":"category","embeddable":true,"href":"https:\/\/welovecinema.be\/nl\/wp-json\/wp\/v2\/categories?post=271065"},{"taxonomy":"post_tag","embeddable":true,"href":"https:\/\/welovecinema.be\/nl\/wp-json\/wp\/v2\/tags?post=271065"}],"curies":[{"name":"wp","href":"https:\/\/api.w.org\/{rel}","templated":true}]}}