{"id":271061,"date":"2026-04-28T16:49:20","date_gmt":"2026-04-28T14:49:20","guid":{"rendered":"https:\/\/welovecinema.be\/?p=271061"},"modified":"2026-04-28T16:49:20","modified_gmt":"2026-04-28T14:49:20","slug":"de-film-over-michael-jackson-krijgt-een-vervolg","status":"publish","type":"post","link":"https:\/\/welovecinema.be\/nl\/de-film-over-michael-jackson-krijgt-een-vervolg\/","title":{"rendered":"De film over Michael Jackson krijgt een vervolg!"},"content":{"rendered":"<div><\/div>\n<div>\n<p class=\"Hoofdtekst\"><b><span lang=\"NL\">Het zat eraan te komen: de biopic<\/span><\/b><b> <\/b><b><i><span lang=\"DE\">Michael<\/span><\/i><\/b><b> <\/b><b><span lang=\"NL\">breekt niet alleen alle box office-records, hij heeft nu ook de deur geopend naar een sequel. Al is dat op zich misschien wel een verrassing, want de film over de King of Pop eindigt op het hoogtepunt van de <i>Bad<\/i>-tournee in 1988. Nu heeft studio Lionsgate echter aangekondigd dat ze het verhaal toch willen verderzetten.<\/span><\/b><b><\/b><\/p>\n<\/div>\n<div>\n<p class=\"Hoofdtekst\"><b><span lang=\"NL\">\u00a0<\/span><\/b><span lang=\"NL\">Adam Fogelson, hoofd van<\/span><span lang=\"PT\"> Lionsgate, <\/span><span lang=\"NL\">heeft bevestigd dat ze officieel aan een tweede deel werken. Hij ontkent niet dat <i>Michael<\/i> oorspronkelijk opgevat was als \u00e9\u00e9n enkele film, maar het enorme commerci\u00eble succes heeft ervoor gezorgd dat ze er nu toch een vervolg aan willen breien. \u201c<i>Als ik even niet zozeer als medewerker van Lionsgate mag spreken maar als iemand die al heel lang in de filmindustrie zit: ik was er altijd meer voor te vinden om het verhaal van Michael niet te beperken tot \u00e9\u00e9n film<\/i>,\u201d legt Fogelson uit. \u201c<i>Dat zou het project veel completer en meer bevredigend maken.<\/i>\u201d<\/span><\/p>\n<\/div>\n<div>\n<p class=\"Hoofdtekst\"><span lang=\"NL\">\u00a0<\/span>Het moet gezegd dat de film sowieso een hele evolutie heeft doorgemaakt. Oorspronkelijk was het bedoeling om het hele leven van Michael Jackson in \u00e9\u00e9n film te vatten. Tijdens de productie moesten de makers hun opzet echter strategisch bijstellen, vanwege juridische complicaties en meningsverschillen over de manier waarop ze bepaalde gevoelige onderwerpen konden behandelen.<\/p>\n<\/div>\n<div>\n<p class=\"Hoofdtekst\"><span lang=\"NL\">\u00a0<\/span>In het originele script omvatte de film nog een derde deel, waarin de jaren 1990 en 2000 aan bod kwamen. Dat moest geschrapt worden, wat tot reshoots leidde die de studio maar liefst 15 miljoen dollar kostten. Nu gaven de producenten er de voorkeur aan om zich in een eerste deel van <i>Michael<\/i> te focussen op \u201cde opkomst van de King of Pop\u201d en de meer controversi\u00eble episodes van zijn leven op te sparen voor een tweede film. Het gevolg is wel dat een groot deel van de sc\u00e8nes uit die periode na 1988 waarschijnlijk al gedraaid of op zijn minst voorbereid zijn, wat de productie van de sequel zou kunnen versneller.<\/p>\n<\/div>\n<div>\n<p class=\"Hoofdtekst\"><span lang=\"NL\">Waar de eerste film de talenten van het wereldwijde icoon in de verf zet, belooft het vervolg dus een pak complexer en donkerder te worden. Waarschijnlijk zal die film het tijdperk van <\/span><i><span lang=\"NL\">Dangerous<\/span><\/i><span lang=\"NL\"> en <\/span><i><span lang=\"NL\">HIStory<\/span><\/i><span lang=\"NL\"> onder de loep nemen, waarin Michael Jackson nog wel muzikaal en commercieel blijft scoren maar waarin hij ook steeds meer onder druk komt van de media. Als we de geruchten mogen geloven, zal het tweede deel ook de beschuldigingen van misbruik uit 1993 en het proces uit 2005 aan bod laten komen. Net als Michaels laatste jaren, tot aan de voorbereidingen voor de <\/span><i><span lang=\"NL\">This Is It<\/span><\/i><span lang=\"NL\">-tournee in 2009.<\/span><\/p>\n<\/div>\n<div>\n<p class=\"Hoofdtekst\"><span lang=\"NL\">Jaafar Jackson, die zo\u2019n indruk heeft gemaakt in <i>Michael<\/i>, zal uiteraard opnieuw de hoofdrol voor zijn rekening nemen. Ook regisseur Antoine Fuqua heeft ook al laten weten dat hij opnieuw achter de camera wil plaatsnemen. \u201c<i>Het zou me doden als iemand anders het deed<\/i>,\u201d zegt hij. Producent Graham King (die ook al achter <i>Bohemian Rhapsody<\/i> zat) blijft toezicht houden over het project, dat \u00e9\u00e9n van de filmhoogtepunten van het einde van dit decennium moet worden.<\/span><\/p>\n<\/div>\n","protected":false},"excerpt":{"rendered":"<p>Het zat eraan te komen: de biopic Michael breekt niet alleen alle box office-records, hij heeft nu ook de deur geopend naar een sequel. Al is dat op zich misschien wel een verrassing, want de film over de King of Pop eindigt op het hoogtepunt van de Bad-tournee in 1988. Nu heeft studio Lionsgate echter &hellip;<\/p>\n","protected":false},"author":358,"featured_media":271058,"comment_status":"closed","ping_status":"closed","sticky":false,"template":"","format":"standard","meta":{"ngg_post_thumbnail":0,"footnotes":""},"categories":[7137,30],"tags":[],"class_list":["post-271061","post","type-post","status-publish","format-standard","has-post-thumbnail","","category-we-love-worldwide-nl","category-nieuws"],"yoast_head":"<!-- This site is optimized with the Yoast SEO plugin v20.4 - https:\/\/yoast.com\/wordpress\/plugins\/seo\/ -->\n<title>De film over Michael Jackson krijgt een vervolg! - We Love Cinema<\/title>\n<meta name=\"robots\" content=\"index, follow, max-snippet:-1, max-image-preview:large, max-video-preview:-1\" \/>\n<link rel=\"canonical\" href=\"https:\/\/welovecinema.be\/nl\/de-film-over-michael-jackson-krijgt-een-vervolg\/\" \/>\n<meta property=\"og:locale\" content=\"nl_NL\" \/>\n<meta property=\"og:type\" content=\"article\" \/>\n<meta property=\"og:title\" content=\"De film over Michael Jackson krijgt een vervolg! - We Love Cinema\" \/>\n<meta property=\"og:description\" content=\"Het zat eraan te komen: de biopic Michael breekt niet alleen alle box office-records, hij heeft nu ook de deur geopend naar een sequel. Al is dat op zich misschien wel een verrassing, want de film over de King of Pop eindigt op het hoogtepunt van de Bad-tournee in 1988. Nu heeft studio Lionsgate echter &hellip;\" \/>\n<meta property=\"og:url\" content=\"https:\/\/welovecinema.be\/nl\/de-film-over-michael-jackson-krijgt-een-vervolg\/\" \/>\n<meta property=\"og:site_name\" content=\"We Love Cinema\" \/>\n<meta property=\"article:publisher\" content=\"https:\/\/www.facebook.com\/welovecinema.be\" \/>\n<meta property=\"article:published_time\" content=\"2026-04-28T14:49:20+00:00\" \/>\n<meta property=\"og:image\" content=\"https:\/\/welovecinema.be\/wp-content\/uploads\/sites\/2\/2026\/04\/jackson-scaled.jpg\" \/>\n\t<meta property=\"og:image:width\" content=\"2560\" \/>\n\t<meta property=\"og:image:height\" content=\"1440\" \/>\n\t<meta property=\"og:image:type\" content=\"image\/jpeg\" \/>\n<meta name=\"author\" content=\"fred\" \/>\n<meta name=\"twitter:card\" content=\"summary_large_image\" \/>\n<meta name=\"twitter:label1\" content=\"Geschreven door\" \/>\n\t<meta name=\"twitter:data1\" content=\"fred\" \/>\n\t<meta name=\"twitter:label2\" content=\"Geschatte leestijd\" \/>\n\t<meta name=\"twitter:data2\" content=\"3 minuten\" \/>\n<script type=\"application\/ld+json\" class=\"yoast-schema-graph\">{\"@context\":\"https:\/\/schema.org\",\"@graph\":[{\"@type\":\"Article\",\"@id\":\"https:\/\/welovecinema.be\/nl\/de-film-over-michael-jackson-krijgt-een-vervolg\/#article\",\"isPartOf\":{\"@id\":\"https:\/\/welovecinema.be\/nl\/de-film-over-michael-jackson-krijgt-een-vervolg\/\"},\"author\":{\"name\":\"fred\",\"@id\":\"https:\/\/welovecinema.be\/nl\/#\/schema\/person\/7620619142b6dd3c9aa19e9210ad5bd5\"},\"headline\":\"De film over Michael Jackson krijgt een vervolg!\",\"datePublished\":\"2026-04-28T14:49:20+00:00\",\"dateModified\":\"2026-04-28T14:49:20+00:00\",\"mainEntityOfPage\":{\"@id\":\"https:\/\/welovecinema.be\/nl\/de-film-over-michael-jackson-krijgt-een-vervolg\/\"},\"wordCount\":511,\"publisher\":{\"@id\":\"https:\/\/welovecinema.be\/nl\/#organization\"},\"articleSection\":[\"\u00a0We Love Worldwide Cinema\",\"Nieuws\"],\"inLanguage\":\"nl-NL\"},{\"@type\":\"WebPage\",\"@id\":\"https:\/\/welovecinema.be\/nl\/de-film-over-michael-jackson-krijgt-een-vervolg\/\",\"url\":\"https:\/\/welovecinema.be\/nl\/de-film-over-michael-jackson-krijgt-een-vervolg\/\",\"name\":\"De film over Michael Jackson krijgt een vervolg! - We Love Cinema\",\"isPartOf\":{\"@id\":\"https:\/\/welovecinema.be\/nl\/#website\"},\"datePublished\":\"2026-04-28T14:49:20+00:00\",\"dateModified\":\"2026-04-28T14:49:20+00:00\",\"breadcrumb\":{\"@id\":\"https:\/\/welovecinema.be\/nl\/de-film-over-michael-jackson-krijgt-een-vervolg\/#breadcrumb\"},\"inLanguage\":\"nl-NL\",\"potentialAction\":[{\"@type\":\"ReadAction\",\"target\":[\"https:\/\/welovecinema.be\/nl\/de-film-over-michael-jackson-krijgt-een-vervolg\/\"]}]},{\"@type\":\"BreadcrumbList\",\"@id\":\"https:\/\/welovecinema.be\/nl\/de-film-over-michael-jackson-krijgt-een-vervolg\/#breadcrumb\",\"itemListElement\":[{\"@type\":\"ListItem\",\"position\":1,\"name\":\"Accueil\",\"item\":\"https:\/\/welovecinema.be\/nl\/\"},{\"@type\":\"ListItem\",\"position\":2,\"name\":\"De film over Michael Jackson krijgt een vervolg!\"}]},{\"@type\":\"WebSite\",\"@id\":\"https:\/\/welovecinema.be\/nl\/#website\",\"url\":\"https:\/\/welovecinema.be\/nl\/\",\"name\":\"We Love Cinema\",\"description\":\"Toute l\u2019information du cin\u00e9ma en Belgique\",\"publisher\":{\"@id\":\"https:\/\/welovecinema.be\/nl\/#organization\"},\"potentialAction\":[{\"@type\":\"SearchAction\",\"target\":{\"@type\":\"EntryPoint\",\"urlTemplate\":\"https:\/\/welovecinema.be\/nl\/?s={search_term_string}\"},\"query-input\":\"required name=search_term_string\"}],\"inLanguage\":\"nl-NL\"},{\"@type\":\"Organization\",\"@id\":\"https:\/\/welovecinema.be\/nl\/#organization\",\"name\":\"We Love Cinema\",\"url\":\"https:\/\/welovecinema.be\/nl\/\",\"logo\":{\"@type\":\"ImageObject\",\"inLanguage\":\"nl-NL\",\"@id\":\"https:\/\/welovecinema.be\/nl\/#\/schema\/logo\/image\/\",\"url\":\"https:\/\/welovecinema.be\/wp-content\/uploads\/sites\/2\/2023\/03\/Logo-We-Love-Cinema305x128.jpg\",\"contentUrl\":\"https:\/\/welovecinema.be\/wp-content\/uploads\/sites\/2\/2023\/03\/Logo-We-Love-Cinema305x128.jpg\",\"width\":305,\"height\":128,\"caption\":\"We Love Cinema\"},\"image\":{\"@id\":\"https:\/\/welovecinema.be\/nl\/#\/schema\/logo\/image\/\"},\"sameAs\":[\"https:\/\/www.facebook.com\/welovecinema.be\",\"https:\/\/www.youtube.com\/channel\/UCX5LYGVhnKvYauW4Nta4HJA\",\"https:\/\/www.instagram.com\/welovecinema.be\/\"]},{\"@type\":\"Person\",\"@id\":\"https:\/\/welovecinema.be\/nl\/#\/schema\/person\/7620619142b6dd3c9aa19e9210ad5bd5\",\"name\":\"fred\",\"url\":\"https:\/\/welovecinema.be\/nl\/author\/fred\/\"}]}<\/script>\n<!-- \/ Yoast SEO plugin. -->","yoast_head_json":{"title":"De film over Michael Jackson krijgt een vervolg! - We Love Cinema","robots":{"index":"index","follow":"follow","max-snippet":"max-snippet:-1","max-image-preview":"max-image-preview:large","max-video-preview":"max-video-preview:-1"},"canonical":"https:\/\/welovecinema.be\/nl\/de-film-over-michael-jackson-krijgt-een-vervolg\/","og_locale":"nl_NL","og_type":"article","og_title":"De film over Michael Jackson krijgt een vervolg! - We Love Cinema","og_description":"Het zat eraan te komen: de biopic Michael breekt niet alleen alle box office-records, hij heeft nu ook de deur geopend naar een sequel. Al is dat op zich misschien wel een verrassing, want de film over de King of Pop eindigt op het hoogtepunt van de Bad-tournee in 1988. Nu heeft studio Lionsgate echter &hellip;","og_url":"https:\/\/welovecinema.be\/nl\/de-film-over-michael-jackson-krijgt-een-vervolg\/","og_site_name":"We Love Cinema","article_publisher":"https:\/\/www.facebook.com\/welovecinema.be","article_published_time":"2026-04-28T14:49:20+00:00","og_image":[{"width":2560,"height":1440,"url":"https:\/\/welovecinema.be\/wp-content\/uploads\/sites\/2\/2026\/04\/jackson-scaled.jpg","type":"image\/jpeg"}],"author":"fred","twitter_card":"summary_large_image","twitter_misc":{"Geschreven door":"fred","Geschatte leestijd":"3 minuten"},"schema":{"@context":"https:\/\/schema.org","@graph":[{"@type":"Article","@id":"https:\/\/welovecinema.be\/nl\/de-film-over-michael-jackson-krijgt-een-vervolg\/#article","isPartOf":{"@id":"https:\/\/welovecinema.be\/nl\/de-film-over-michael-jackson-krijgt-een-vervolg\/"},"author":{"name":"fred","@id":"https:\/\/welovecinema.be\/nl\/#\/schema\/person\/7620619142b6dd3c9aa19e9210ad5bd5"},"headline":"De film over Michael Jackson krijgt een vervolg!","datePublished":"2026-04-28T14:49:20+00:00","dateModified":"2026-04-28T14:49:20+00:00","mainEntityOfPage":{"@id":"https:\/\/welovecinema.be\/nl\/de-film-over-michael-jackson-krijgt-een-vervolg\/"},"wordCount":511,"publisher":{"@id":"https:\/\/welovecinema.be\/nl\/#organization"},"articleSection":["\u00a0We Love Worldwide Cinema","Nieuws"],"inLanguage":"nl-NL"},{"@type":"WebPage","@id":"https:\/\/welovecinema.be\/nl\/de-film-over-michael-jackson-krijgt-een-vervolg\/","url":"https:\/\/welovecinema.be\/nl\/de-film-over-michael-jackson-krijgt-een-vervolg\/","name":"De film over Michael Jackson krijgt een vervolg! - We Love Cinema","isPartOf":{"@id":"https:\/\/welovecinema.be\/nl\/#website"},"datePublished":"2026-04-28T14:49:20+00:00","dateModified":"2026-04-28T14:49:20+00:00","breadcrumb":{"@id":"https:\/\/welovecinema.be\/nl\/de-film-over-michael-jackson-krijgt-een-vervolg\/#breadcrumb"},"inLanguage":"nl-NL","potentialAction":[{"@type":"ReadAction","target":["https:\/\/welovecinema.be\/nl\/de-film-over-michael-jackson-krijgt-een-vervolg\/"]}]},{"@type":"BreadcrumbList","@id":"https:\/\/welovecinema.be\/nl\/de-film-over-michael-jackson-krijgt-een-vervolg\/#breadcrumb","itemListElement":[{"@type":"ListItem","position":1,"name":"Accueil","item":"https:\/\/welovecinema.be\/nl\/"},{"@type":"ListItem","position":2,"name":"De film over Michael Jackson krijgt een vervolg!"}]},{"@type":"WebSite","@id":"https:\/\/welovecinema.be\/nl\/#website","url":"https:\/\/welovecinema.be\/nl\/","name":"We Love Cinema","description":"Toute l\u2019information du cin\u00e9ma en Belgique","publisher":{"@id":"https:\/\/welovecinema.be\/nl\/#organization"},"potentialAction":[{"@type":"SearchAction","target":{"@type":"EntryPoint","urlTemplate":"https:\/\/welovecinema.be\/nl\/?s={search_term_string}"},"query-input":"required name=search_term_string"}],"inLanguage":"nl-NL"},{"@type":"Organization","@id":"https:\/\/welovecinema.be\/nl\/#organization","name":"We Love Cinema","url":"https:\/\/welovecinema.be\/nl\/","logo":{"@type":"ImageObject","inLanguage":"nl-NL","@id":"https:\/\/welovecinema.be\/nl\/#\/schema\/logo\/image\/","url":"https:\/\/welovecinema.be\/wp-content\/uploads\/sites\/2\/2023\/03\/Logo-We-Love-Cinema305x128.jpg","contentUrl":"https:\/\/welovecinema.be\/wp-content\/uploads\/sites\/2\/2023\/03\/Logo-We-Love-Cinema305x128.jpg","width":305,"height":128,"caption":"We Love Cinema"},"image":{"@id":"https:\/\/welovecinema.be\/nl\/#\/schema\/logo\/image\/"},"sameAs":["https:\/\/www.facebook.com\/welovecinema.be","https:\/\/www.youtube.com\/channel\/UCX5LYGVhnKvYauW4Nta4HJA","https:\/\/www.instagram.com\/welovecinema.be\/"]},{"@type":"Person","@id":"https:\/\/welovecinema.be\/nl\/#\/schema\/person\/7620619142b6dd3c9aa19e9210ad5bd5","name":"fred","url":"https:\/\/welovecinema.be\/nl\/author\/fred\/"}]}},"_links":{"self":[{"href":"https:\/\/welovecinema.be\/nl\/wp-json\/wp\/v2\/posts\/271061","targetHints":{"allow":["GET"]}}],"collection":[{"href":"https:\/\/welovecinema.be\/nl\/wp-json\/wp\/v2\/posts"}],"about":[{"href":"https:\/\/welovecinema.be\/nl\/wp-json\/wp\/v2\/types\/post"}],"author":[{"embeddable":true,"href":"https:\/\/welovecinema.be\/nl\/wp-json\/wp\/v2\/users\/358"}],"replies":[{"embeddable":true,"href":"https:\/\/welovecinema.be\/nl\/wp-json\/wp\/v2\/comments?post=271061"}],"version-history":[{"count":1,"href":"https:\/\/welovecinema.be\/nl\/wp-json\/wp\/v2\/posts\/271061\/revisions"}],"predecessor-version":[{"id":271062,"href":"https:\/\/welovecinema.be\/nl\/wp-json\/wp\/v2\/posts\/271061\/revisions\/271062"}],"wp:featuredmedia":[{"embeddable":true,"href":"https:\/\/welovecinema.be\/nl\/wp-json\/wp\/v2\/media\/271058"}],"wp:attachment":[{"href":"https:\/\/welovecinema.be\/nl\/wp-json\/wp\/v2\/media?parent=271061"}],"wp:term":[{"taxonomy":"category","embeddable":true,"href":"https:\/\/welovecinema.be\/nl\/wp-json\/wp\/v2\/categories?post=271061"},{"taxonomy":"post_tag","embeddable":true,"href":"https:\/\/welovecinema.be\/nl\/wp-json\/wp\/v2\/tags?post=271061"}],"curies":[{"name":"wp","href":"https:\/\/api.w.org\/{rel}","templated":true}]}}