{"id":270558,"date":"2026-03-12T08:47:37","date_gmt":"2026-03-12T07:47:37","guid":{"rendered":"https:\/\/welovecinema.be\/?p=270558"},"modified":"2026-03-12T08:47:37","modified_gmt":"2026-03-12T07:47:37","slug":"bon-jovi-in-een-biopic","status":"publish","type":"post","link":"https:\/\/welovecinema.be\/nl\/bon-jovi-in-een-biopic\/","title":{"rendered":"Bon Jovi in een biopic!"},"content":{"rendered":"<div><\/div>\n<div>\n<p class=\"Hoofdtekst\"><b><span lang=\"NL\">Het blijft maar biopics regenen over beroemdheden uit de muziekwereld. De volgende in het rijtje: Bon Jovi. Universal Pictures is namelijk druk aan het werk om het leven en de carri\u00e8re van de band naar het witte doek te vertalen.<\/span><\/b><b><\/b><\/p>\n<\/div>\n<div>\n<p class=\"Hoofdtekst\">De film werd pas aangekondigd en heeft nog geen titel. Maar het project is er pas gekomen na een ware veldslag tussen verschillende Hollywoodstudio\u2019s om de rechten te strikken. En het is dus Universal dat het laken naar zich toe getrokken heeft.<\/p>\n<\/div>\n<div>\n<p class=\"Hoofdtekst\"><span lang=\"NL\">Bon Jovi was eerder al het onderwerp van documentaires (zoals <i>When We Were Young<\/i>) en zelfs een vierdelige tv-serie (<i>Thank You, Goodnight: The Bon Jovi Story<\/i>). Maar in tegenstelling tot die projecten zal de nieuwe film zich focussen op de bliksemsnelle opkomst van de groep. Het zal meer bepaald gaan op de periode vanaf het begin van de band in New Jersey in 1983 tot hun wereldwijde doorbraak met het album <i>Slippery When Wet<\/i> en hun legendarische optreden op het<\/span> <i>Moscow Music Peace Festival<\/i>.<\/p>\n<\/div>\n<div>\n<p class=\"Hoofdtekst\"><span lang=\"NL\">Het<\/span> script <span lang=\"NL\">is toevertrouwd aan <\/span>Cody Brotter. <span lang=\"NL\">Producenten zijn <\/span><span lang=\"EN-US\">Kevin J. Walsh<\/span>(<i><span lang=\"EN-US\">Manchester by the Sea<\/span><\/i>)<span lang=\"NL\"> en <\/span><span lang=\"EN-US\">Gotham Chopra<\/span><span lang=\"NL\">. Die laatste weet waarover hij het heeft, want hij stond in 2024 ook al mee aan het roer van de eerder vermelde miniserie over Bon Jovi. Zanger John Bongiovi (zeg maar Jon Bon Jovi) is trouwens direct betrokken bij het project, wat betekent dat de makers voor de soundtrack kunnen grasduinen in de volledige discografie van de groep.<\/span><\/p>\n<\/div>\n<div>\n<p class=\"Hoofdtekst\"><span lang=\"NL\">Welke acteurs mogen we verwachten, hoor ik je vragen? Officieel is nog niets bekendgemaakt, maar het zou best kunnen dat de appel niet van de boom zal vallen. Jon Bon Jovi maakte al grappend de opmerking dat zijn eigen zoon Jake Bongiovi (acteur en model) de ideale keuze zou zijn om de jonge Jon te spelen. Ook al omdat vader en zoon fysiek goed op elkaar lijken. Universal zou hoe dan ook op zoek zijn naar profielen die de energie van \u2018stadium rock\u2019 kunnen vatten en ook het elektrische charisma van de originele bezetting (met verder <\/span><span lang=\"IT\">Richie Sambora, David Bryan, Tico Torres e<\/span><span lang=\"NL\">n<\/span><span lang=\"DE\"> Alec John Such)<\/span><span lang=\"NL\"> kunnen genereren<\/span>.<\/p>\n<\/div>\n<div>\n<p class=\"Hoofdtekst\"><span lang=\"NL\">Het project is nog in volle ontwikkeling. Om maar iets te zeggen: het scenario is pas afgerond. Een bioscooprelease wordt dan ook niet verwacht voor eind 2027 of zelfs begin 2028.<\/span><\/p>\n<\/div>\n<div>\n<p class=\"Hoofdtekst\"><span lang=\"FR\">Le projet \u00e9tant encore en phase de d\u00e9veloppement (le sc\u00e9nario vient d&#8217;\u00eatre act\u00e9), une sortie en salles n&#8217;est pas attendue avant fin\u00a0<\/span><span lang=\"PT\">2027 ou d<\/span><span lang=\"FR\">\u00e9<\/span><span lang=\"EN-US\">but 2028.<\/span><\/p>\n<\/div>\n","protected":false},"excerpt":{"rendered":"<p>Het blijft maar biopics regenen over beroemdheden uit de muziekwereld. De volgende in het rijtje: Bon Jovi. Universal Pictures is namelijk druk aan het werk om het leven en de carri\u00e8re van de band naar het witte doek te vertalen. De film werd pas aangekondigd en heeft nog geen titel. Maar het project is er &hellip;<\/p>\n","protected":false},"author":358,"featured_media":270555,"comment_status":"closed","ping_status":"closed","sticky":false,"template":"","format":"standard","meta":{"ngg_post_thumbnail":0,"footnotes":""},"categories":[7137,30],"tags":[],"class_list":["post-270558","post","type-post","status-publish","format-standard","has-post-thumbnail","","category-we-love-worldwide-nl","category-nieuws"],"yoast_head":"<!-- This site is optimized with the Yoast SEO plugin v20.4 - https:\/\/yoast.com\/wordpress\/plugins\/seo\/ -->\n<title>Bon Jovi in een biopic! - We Love Cinema<\/title>\n<meta name=\"robots\" content=\"index, follow, max-snippet:-1, max-image-preview:large, max-video-preview:-1\" \/>\n<link rel=\"canonical\" href=\"https:\/\/welovecinema.be\/nl\/bon-jovi-in-een-biopic\/\" \/>\n<meta property=\"og:locale\" content=\"nl_NL\" \/>\n<meta property=\"og:type\" content=\"article\" \/>\n<meta property=\"og:title\" content=\"Bon Jovi in een biopic! - We Love Cinema\" \/>\n<meta property=\"og:description\" content=\"Het blijft maar biopics regenen over beroemdheden uit de muziekwereld. De volgende in het rijtje: Bon Jovi. Universal Pictures is namelijk druk aan het werk om het leven en de carri\u00e8re van de band naar het witte doek te vertalen. De film werd pas aangekondigd en heeft nog geen titel. Maar het project is er &hellip;\" \/>\n<meta property=\"og:url\" content=\"https:\/\/welovecinema.be\/nl\/bon-jovi-in-een-biopic\/\" \/>\n<meta property=\"og:site_name\" content=\"We Love Cinema\" \/>\n<meta property=\"article:publisher\" content=\"https:\/\/www.facebook.com\/welovecinema.be\" \/>\n<meta property=\"article:published_time\" content=\"2026-03-12T07:47:37+00:00\" \/>\n<meta property=\"og:image\" content=\"https:\/\/welovecinema.be\/wp-content\/uploads\/sites\/2\/2026\/03\/bon-jovi.png\" \/>\n\t<meta property=\"og:image:width\" content=\"919\" \/>\n\t<meta property=\"og:image:height\" content=\"615\" \/>\n\t<meta property=\"og:image:type\" content=\"image\/png\" \/>\n<meta name=\"author\" content=\"fred\" \/>\n<meta name=\"twitter:card\" content=\"summary_large_image\" \/>\n<meta name=\"twitter:label1\" content=\"Geschreven door\" \/>\n\t<meta name=\"twitter:data1\" content=\"fred\" \/>\n\t<meta name=\"twitter:label2\" content=\"Geschatte leestijd\" \/>\n\t<meta name=\"twitter:data2\" content=\"3 minuten\" \/>\n<script type=\"application\/ld+json\" class=\"yoast-schema-graph\">{\"@context\":\"https:\/\/schema.org\",\"@graph\":[{\"@type\":\"Article\",\"@id\":\"https:\/\/welovecinema.be\/nl\/bon-jovi-in-een-biopic\/#article\",\"isPartOf\":{\"@id\":\"https:\/\/welovecinema.be\/nl\/bon-jovi-in-een-biopic\/\"},\"author\":{\"name\":\"fred\",\"@id\":\"https:\/\/welovecinema.be\/nl\/#\/schema\/person\/7620619142b6dd3c9aa19e9210ad5bd5\"},\"headline\":\"Bon Jovi in een biopic!\",\"datePublished\":\"2026-03-12T07:47:37+00:00\",\"dateModified\":\"2026-03-12T07:47:37+00:00\",\"mainEntityOfPage\":{\"@id\":\"https:\/\/welovecinema.be\/nl\/bon-jovi-in-een-biopic\/\"},\"wordCount\":415,\"publisher\":{\"@id\":\"https:\/\/welovecinema.be\/nl\/#organization\"},\"articleSection\":[\"\u00a0We Love Worldwide Cinema\",\"Nieuws\"],\"inLanguage\":\"nl-NL\"},{\"@type\":\"WebPage\",\"@id\":\"https:\/\/welovecinema.be\/nl\/bon-jovi-in-een-biopic\/\",\"url\":\"https:\/\/welovecinema.be\/nl\/bon-jovi-in-een-biopic\/\",\"name\":\"Bon Jovi in een biopic! - We Love Cinema\",\"isPartOf\":{\"@id\":\"https:\/\/welovecinema.be\/nl\/#website\"},\"datePublished\":\"2026-03-12T07:47:37+00:00\",\"dateModified\":\"2026-03-12T07:47:37+00:00\",\"breadcrumb\":{\"@id\":\"https:\/\/welovecinema.be\/nl\/bon-jovi-in-een-biopic\/#breadcrumb\"},\"inLanguage\":\"nl-NL\",\"potentialAction\":[{\"@type\":\"ReadAction\",\"target\":[\"https:\/\/welovecinema.be\/nl\/bon-jovi-in-een-biopic\/\"]}]},{\"@type\":\"BreadcrumbList\",\"@id\":\"https:\/\/welovecinema.be\/nl\/bon-jovi-in-een-biopic\/#breadcrumb\",\"itemListElement\":[{\"@type\":\"ListItem\",\"position\":1,\"name\":\"Accueil\",\"item\":\"https:\/\/welovecinema.be\/nl\/\"},{\"@type\":\"ListItem\",\"position\":2,\"name\":\"Bon Jovi in een biopic!\"}]},{\"@type\":\"WebSite\",\"@id\":\"https:\/\/welovecinema.be\/nl\/#website\",\"url\":\"https:\/\/welovecinema.be\/nl\/\",\"name\":\"We Love Cinema\",\"description\":\"Toute l\u2019information du cin\u00e9ma en Belgique\",\"publisher\":{\"@id\":\"https:\/\/welovecinema.be\/nl\/#organization\"},\"potentialAction\":[{\"@type\":\"SearchAction\",\"target\":{\"@type\":\"EntryPoint\",\"urlTemplate\":\"https:\/\/welovecinema.be\/nl\/?s={search_term_string}\"},\"query-input\":\"required name=search_term_string\"}],\"inLanguage\":\"nl-NL\"},{\"@type\":\"Organization\",\"@id\":\"https:\/\/welovecinema.be\/nl\/#organization\",\"name\":\"We Love Cinema\",\"url\":\"https:\/\/welovecinema.be\/nl\/\",\"logo\":{\"@type\":\"ImageObject\",\"inLanguage\":\"nl-NL\",\"@id\":\"https:\/\/welovecinema.be\/nl\/#\/schema\/logo\/image\/\",\"url\":\"https:\/\/welovecinema.be\/wp-content\/uploads\/sites\/2\/2023\/03\/Logo-We-Love-Cinema305x128.jpg\",\"contentUrl\":\"https:\/\/welovecinema.be\/wp-content\/uploads\/sites\/2\/2023\/03\/Logo-We-Love-Cinema305x128.jpg\",\"width\":305,\"height\":128,\"caption\":\"We Love Cinema\"},\"image\":{\"@id\":\"https:\/\/welovecinema.be\/nl\/#\/schema\/logo\/image\/\"},\"sameAs\":[\"https:\/\/www.facebook.com\/welovecinema.be\",\"https:\/\/www.youtube.com\/channel\/UCX5LYGVhnKvYauW4Nta4HJA\",\"https:\/\/www.instagram.com\/welovecinema.be\/\"]},{\"@type\":\"Person\",\"@id\":\"https:\/\/welovecinema.be\/nl\/#\/schema\/person\/7620619142b6dd3c9aa19e9210ad5bd5\",\"name\":\"fred\",\"url\":\"https:\/\/welovecinema.be\/nl\/author\/fred\/\"}]}<\/script>\n<!-- \/ Yoast SEO plugin. -->","yoast_head_json":{"title":"Bon Jovi in een biopic! - We Love Cinema","robots":{"index":"index","follow":"follow","max-snippet":"max-snippet:-1","max-image-preview":"max-image-preview:large","max-video-preview":"max-video-preview:-1"},"canonical":"https:\/\/welovecinema.be\/nl\/bon-jovi-in-een-biopic\/","og_locale":"nl_NL","og_type":"article","og_title":"Bon Jovi in een biopic! - We Love Cinema","og_description":"Het blijft maar biopics regenen over beroemdheden uit de muziekwereld. De volgende in het rijtje: Bon Jovi. Universal Pictures is namelijk druk aan het werk om het leven en de carri\u00e8re van de band naar het witte doek te vertalen. De film werd pas aangekondigd en heeft nog geen titel. Maar het project is er &hellip;","og_url":"https:\/\/welovecinema.be\/nl\/bon-jovi-in-een-biopic\/","og_site_name":"We Love Cinema","article_publisher":"https:\/\/www.facebook.com\/welovecinema.be","article_published_time":"2026-03-12T07:47:37+00:00","og_image":[{"width":919,"height":615,"url":"https:\/\/welovecinema.be\/wp-content\/uploads\/sites\/2\/2026\/03\/bon-jovi.png","type":"image\/png"}],"author":"fred","twitter_card":"summary_large_image","twitter_misc":{"Geschreven door":"fred","Geschatte leestijd":"3 minuten"},"schema":{"@context":"https:\/\/schema.org","@graph":[{"@type":"Article","@id":"https:\/\/welovecinema.be\/nl\/bon-jovi-in-een-biopic\/#article","isPartOf":{"@id":"https:\/\/welovecinema.be\/nl\/bon-jovi-in-een-biopic\/"},"author":{"name":"fred","@id":"https:\/\/welovecinema.be\/nl\/#\/schema\/person\/7620619142b6dd3c9aa19e9210ad5bd5"},"headline":"Bon Jovi in een biopic!","datePublished":"2026-03-12T07:47:37+00:00","dateModified":"2026-03-12T07:47:37+00:00","mainEntityOfPage":{"@id":"https:\/\/welovecinema.be\/nl\/bon-jovi-in-een-biopic\/"},"wordCount":415,"publisher":{"@id":"https:\/\/welovecinema.be\/nl\/#organization"},"articleSection":["\u00a0We Love Worldwide Cinema","Nieuws"],"inLanguage":"nl-NL"},{"@type":"WebPage","@id":"https:\/\/welovecinema.be\/nl\/bon-jovi-in-een-biopic\/","url":"https:\/\/welovecinema.be\/nl\/bon-jovi-in-een-biopic\/","name":"Bon Jovi in een biopic! - We Love Cinema","isPartOf":{"@id":"https:\/\/welovecinema.be\/nl\/#website"},"datePublished":"2026-03-12T07:47:37+00:00","dateModified":"2026-03-12T07:47:37+00:00","breadcrumb":{"@id":"https:\/\/welovecinema.be\/nl\/bon-jovi-in-een-biopic\/#breadcrumb"},"inLanguage":"nl-NL","potentialAction":[{"@type":"ReadAction","target":["https:\/\/welovecinema.be\/nl\/bon-jovi-in-een-biopic\/"]}]},{"@type":"BreadcrumbList","@id":"https:\/\/welovecinema.be\/nl\/bon-jovi-in-een-biopic\/#breadcrumb","itemListElement":[{"@type":"ListItem","position":1,"name":"Accueil","item":"https:\/\/welovecinema.be\/nl\/"},{"@type":"ListItem","position":2,"name":"Bon Jovi in een biopic!"}]},{"@type":"WebSite","@id":"https:\/\/welovecinema.be\/nl\/#website","url":"https:\/\/welovecinema.be\/nl\/","name":"We Love Cinema","description":"Toute l\u2019information du cin\u00e9ma en Belgique","publisher":{"@id":"https:\/\/welovecinema.be\/nl\/#organization"},"potentialAction":[{"@type":"SearchAction","target":{"@type":"EntryPoint","urlTemplate":"https:\/\/welovecinema.be\/nl\/?s={search_term_string}"},"query-input":"required name=search_term_string"}],"inLanguage":"nl-NL"},{"@type":"Organization","@id":"https:\/\/welovecinema.be\/nl\/#organization","name":"We Love Cinema","url":"https:\/\/welovecinema.be\/nl\/","logo":{"@type":"ImageObject","inLanguage":"nl-NL","@id":"https:\/\/welovecinema.be\/nl\/#\/schema\/logo\/image\/","url":"https:\/\/welovecinema.be\/wp-content\/uploads\/sites\/2\/2023\/03\/Logo-We-Love-Cinema305x128.jpg","contentUrl":"https:\/\/welovecinema.be\/wp-content\/uploads\/sites\/2\/2023\/03\/Logo-We-Love-Cinema305x128.jpg","width":305,"height":128,"caption":"We Love Cinema"},"image":{"@id":"https:\/\/welovecinema.be\/nl\/#\/schema\/logo\/image\/"},"sameAs":["https:\/\/www.facebook.com\/welovecinema.be","https:\/\/www.youtube.com\/channel\/UCX5LYGVhnKvYauW4Nta4HJA","https:\/\/www.instagram.com\/welovecinema.be\/"]},{"@type":"Person","@id":"https:\/\/welovecinema.be\/nl\/#\/schema\/person\/7620619142b6dd3c9aa19e9210ad5bd5","name":"fred","url":"https:\/\/welovecinema.be\/nl\/author\/fred\/"}]}},"_links":{"self":[{"href":"https:\/\/welovecinema.be\/nl\/wp-json\/wp\/v2\/posts\/270558","targetHints":{"allow":["GET"]}}],"collection":[{"href":"https:\/\/welovecinema.be\/nl\/wp-json\/wp\/v2\/posts"}],"about":[{"href":"https:\/\/welovecinema.be\/nl\/wp-json\/wp\/v2\/types\/post"}],"author":[{"embeddable":true,"href":"https:\/\/welovecinema.be\/nl\/wp-json\/wp\/v2\/users\/358"}],"replies":[{"embeddable":true,"href":"https:\/\/welovecinema.be\/nl\/wp-json\/wp\/v2\/comments?post=270558"}],"version-history":[{"count":1,"href":"https:\/\/welovecinema.be\/nl\/wp-json\/wp\/v2\/posts\/270558\/revisions"}],"predecessor-version":[{"id":270559,"href":"https:\/\/welovecinema.be\/nl\/wp-json\/wp\/v2\/posts\/270558\/revisions\/270559"}],"wp:featuredmedia":[{"embeddable":true,"href":"https:\/\/welovecinema.be\/nl\/wp-json\/wp\/v2\/media\/270555"}],"wp:attachment":[{"href":"https:\/\/welovecinema.be\/nl\/wp-json\/wp\/v2\/media?parent=270558"}],"wp:term":[{"taxonomy":"category","embeddable":true,"href":"https:\/\/welovecinema.be\/nl\/wp-json\/wp\/v2\/categories?post=270558"},{"taxonomy":"post_tag","embeddable":true,"href":"https:\/\/welovecinema.be\/nl\/wp-json\/wp\/v2\/tags?post=270558"}],"curies":[{"name":"wp","href":"https:\/\/api.w.org\/{rel}","templated":true}]}}