{"id":269431,"date":"2025-12-18T21:52:28","date_gmt":"2025-12-18T20:52:28","guid":{"rendered":"https:\/\/welovecinema.be\/?p=269431"},"modified":"2025-12-18T21:54:12","modified_gmt":"2025-12-18T20:54:12","slug":"meer-dan-100-films-talks-en-events-filmfestival-oostende-maakt-volledig-programma-bekend","status":"publish","type":"post","link":"https:\/\/welovecinema.be\/nl\/meer-dan-100-films-talks-en-events-filmfestival-oostende-maakt-volledig-programma-bekend\/","title":{"rendered":"Meer dan 100 films, talks en events: Filmfestival Oostende maakt volledig programma bekend"},"content":{"rendered":"<p><strong>Van vrijdag 30 januari tot en met zaterdag 7 februari vindt de achttiende editie van Filmfestival Oostende (FFO) plaats. Met meer dan 100 films, series, evenementen, talks, masterclasses en netwerkmogelijkheden belooft het een inspirerende, verrijkende en vooral verbindende editie te worden. Belgische makers scheren niet alleen internationaal hoge toppen, ook tijdens FFO staan ze verdiend in de schijnwerpers. Master Ruth Becquart koos dit jaar voor het thema \u2018De verhalen die ons verbinden\u2019 en gaat ook buiten de filmzaal op zoek naar connectie. Het is opnieuw uitkijken naar de brede waaier aan titels binnen de LOOK!-, COOP!- en SOON!-competities. Visueel verbluffende films, sterke internationale coproducties en debuten van veelbelovende makers krijgen negen dagen lang een mooie plek in Oostende.<\/strong><\/p>\n<div class=\"box shadow  aligncenter\"><div class=\"box-inner-block\"><i class=\"fa tie-shortcode-boxicon\"><\/i>\n\t\t\tAlgemeen Directeur Peter Craeymeersch en Algemeen Co\u00f6rdinator Henry Disotuar zien in de selectie een duidelijke weerspiegeling van de visie van FFO: \u201cDe voorbije maanden hebben we, samen met het hele team, meer dan ooit de ruimte genomen om scherp te stellen waar FFO voor staat. We bekeken films van over de hele wereld, telkens met dezelfde vraag in het achterhoofd: welke verhalen brengen mensen samen? Diversiteit en representatie zijn daarbij geen doel op zich, maar een vanzelfsprekend onderdeel van onze programmatie geworden. 38 van de 74 geselecteerde films zijn geregisseerd door vrouwelijke makers. Ongeveer 50% van het volledige programma is Belgisch of Nederlands gelinkt. Zo presenteert FFO een rijk internationaal programma, met een uitgesproken basis in de Lage Landen.\u201d\n\t\t\t<\/div><\/div>\n<h3 class=\"mcePastedContent last-child\">Een thuis voor Belgisch talent<\/h3>\n<p class=\"\">FFO26 opent met het langspeeldebuut \u2018<strong>Zondag de Negenste<\/strong>\u2019 van Kat Steppe. Op vrijdag 6 februari gaat \u2018<strong>Clean<\/strong>\u2019, de eerste langspeelfilm van Koen Van Sande, in wereldpremi\u00e8re tijdens het slotweekend. Vincent Van Sande en Tibo Vandenborre vertolken de broers Mathieu en Timo, met Master Ruth Becquart in een derde rol &#8211; een mooie link met het Masterschap van deze editie.<\/p>\n<p class=\"\">We blijven in Brussel voor de intieme debuutfilm van Leni Huyghe. Met \u2018<strong>Real Faces<\/strong>\u2019 brengt ze een authentiek verhaal over persoonlijke groei en zelfreflectie. Ook in Cecilia Verheydens breekbare coming-of-agefilm <strong>\u2018Skiff\u2019<\/strong> vormt opgroeien de ruggengraat van het verhaal. Jonge actrice Femke Vanhove (\u2018Radioman\u2019) schittert er in de rol van Malou, een getalenteerde roeister die tijdens een hobbelige zomer op zoek is naar haar eigen identiteit.<\/p>\n<p class=\"\">Traditiegetrouw is er tijdens FFO ook plek voorzien voor prestigieuze Vlaamse <strong>series<\/strong>. VRT lost een nieuwe, hartverwarmende reeks \u2018<strong>Time:out<\/strong>\u2019 (David Verhaeghe) met nieuwkomer Elisabeth De Weerdt en Jonathan Michiels (\u2018Oh, Otto\u2019) in de hoofdrollen, een nieuw seizoen van de politiereeks \u2018<strong>Juliet 2<\/strong>\u2019 (Caroline de Maeyer), met Charlotte De Bruyne in de hoofdrol, en een vervolg op \u2018<strong>De Twaalf<\/strong>\u2019 (Brecht De Groot). Ditmaal gaat de assisenzaak over \u2018<strong>De botoxmoorden<\/strong>\u2019 en vervoegen onder andere Natali Broods, Jennifer Heylen, Bruno Vanden Broecke, Ruth Beeckmans en Flor Van Severen de cast. Ook Streamz komt met een nieuwe Original-reeks: <strong>\u2018BOHO&#8217; <\/strong>(Olympia Allaert) vertelt het verhaal van de vriendinnen Kima, Nawal en Alex, drie dertigers uit de diverse Antwerpse wijk Borgerhout. De hoofdrollen worden vertolkt door stand-upcomedian Serine Ayari, actrice Ikram Aoulad en hiphopartiest Miss Angel, die haar acteerdebuut maakt.<\/p>\n<p class=\"\">Naast langspeelfilms en series voorziet FFO in haar programma ook veel ruimte voor <strong>documentaires<\/strong> zoals \u2018<strong>Eat More Trees<\/strong>\u2019 (Arne Focketyn), <strong>\u2018Helmut\u2019<\/strong> (Annabel Verbeke), <strong>\u2018Parasisi\u2019 <\/strong>(Za\u00efde Bil, Sebastien Segers) en de experimentele mix tussen documentaire, fictie en livestream<strong> \u2018Play me\u2019<\/strong> (Spencer Bogaert).<\/p>\n<p class=\"last-child\">Ook buiten de klassieke filmzaal is er ruimte voor talent van eigen bodem. In de sectie VR &amp; Installaties nemen \u2018<strong>A Long Goodbye<\/strong>\u2019 (Kate Voet &amp; Victor Maes), \u2018<strong>The Great Escape<\/strong>\u2019 (Joren Vandenbroucke) en \u2018<strong>Imperfectie(s<\/strong>)\u2019 (Theateracademie Oostende &amp; De Studio) het publiek mee in drie immersieve belevingen die balanceren tussen po\u00ebzie, humor en maatschappelijke betrokkenheid.<\/p>\n<h3 class=\"mcePastedContent last-child\">Momenten van verbinding: dansen, zingen &amp; schrijven met Ruth<\/h3>\n<p>Master Ruth Becquart koos dit jaar voor het thema \u2018De verhalen die ons verbinden\u2019 en gaat ook buiten de filmzaal op zoek naar connectie:<\/p>\n<div class=\"box shadow  aligncenter\"><div class=\"box-inner-block\"><i class=\"fa tie-shortcode-boxicon\"><\/i>\n\t\t\t\u201cVoor mij stopt het Masterschap niet aan de deur van de filmzaal. Ik wilde verhalen verzamelen samen met de stad, met Oostendenaren en met organisaties die elke dag inzetten op ontmoeting en zorg. Door mensen uit te nodigen om te kijken, te schrijven, te dansen en te delen, wordt cinema iets wat we samen beleven \u2014 niet alleen op het scherm, maar ook daarbuiten.\n\t\t\t<\/div><\/div>\n<p class=\"\">Ze cre\u00eberde een intieme <strong>fototentoonstelling<\/strong> waarin ontmoeting en verbinding centraal staan. De expo bestaat uit portretten waarin Ruth danst met mensen van uiteenlopende leeftijden en achtergronden, elk met een eigen verhaal. Je kunt de tentoonstelling bewonderen van <strong>woensdag 14 januari tot woensdag 11 februari<\/strong> in de Nieuwe Gaanderijen. Ook bezoekers kunnen deel worden van dit project, door net zoals de Oostendenaren uit de fotoreportage een brief te schrijven over een film die een diepe indruk heeft nagelaten. Alle brieven krijgen een plek in Kinepolis Oostende, waar ze samen een collage vormen vol getuigenissen van wat cinema kan doen: raken, inspireren en verbinden.<\/p>\n<p class=\"\">Daarnaast krijgt het thema ook vorm in acht unieke <strong>postkaartjes<\/strong> met illustraties van Flore Deman. Met de kaartjes kunnen festivalgangers iemand uitnodigen om samen naar de film te gaan, een boodschap sturen of een klein moment van verbondenheid delen, op en naast het witte doek.<\/p>\n<p class=\"\">Als dochter van een professionele danser besliste Ruth Becquart al snel dat ze dans op verschillende manieren in haar Masterschap wilde verwerken. In samenwerking met actrice en muzikant Liesa Van der Aa en danseres Nora Monsecour nodigt ze een honderdtal festivalbezoekers uit om op \u00e9\u00e9n namiddag het refrein van \u2018Like Foxes Do\u2019 (uit de reeks \u2018Putain\u2019) en een eenvoudige choreografie aan te leren. Tijdens het Gala van De Ensors komt de <strong>pas de deux<\/strong> op het grote podium tot leven.<\/p>\n<p class=\"last-child\">Elke festivaldag tussen 18.30 en 19.00 uur zorgen we voor een knallende dj-set om de dansbenen op los te gooien. Samen met Master Ruth Becquart kan iedereen de festivalavond mee op gang trappen. De <strong>rode loper<\/strong> wordt dan voor heel eventjes onze <em>shiny dancefloor<\/em>!<\/p>\n<h3 class=\"mcePastedContent last-child\">LOOK! \u2013 Visuele signatuur op volle kracht<\/h3>\n<p>Dankzij een unieke cinematografie of vernieuwende stijl komen de visueel verbluffende titels in de LOOK!-competitie het best tot hun recht op het grote scherm. De jury, onder leiding van regisseur en producent <strong>Gilles Coulier<\/strong> en met <strong>Ikram Aoulad<\/strong>(actrice), <strong>Charlotte Willems<\/strong> (kostuumontwerper) en <strong>Ena Sendijarevi\u0107<\/strong> (regisseur en scenarist), laat hun visueel getraind oog vallen op deze tiendelige selectie.<\/p>\n<p><img loading=\"lazy\" decoding=\"async\" class=\"aligncenter size-full wp-image-269432\" src=\"https:\/\/welovecinema.be\/wp-content\/uploads\/sites\/2\/2025\/12\/Screenshot-2025-12-18-at-21.39.16.jpg\" alt=\"\" width=\"637\" height=\"358\" srcset=\"https:\/\/welovecinema.be\/wp-content\/uploads\/sites\/2\/2025\/12\/Screenshot-2025-12-18-at-21.39.16.jpg 637w, https:\/\/welovecinema.be\/wp-content\/uploads\/sites\/2\/2025\/12\/Screenshot-2025-12-18-at-21.39.16-480x270.jpg 480w, https:\/\/welovecinema.be\/wp-content\/uploads\/sites\/2\/2025\/12\/Screenshot-2025-12-18-at-21.39.16-200x113.jpg 200w, https:\/\/welovecinema.be\/wp-content\/uploads\/sites\/2\/2025\/12\/Screenshot-2025-12-18-at-21.39.16-599x337.jpg 599w\" sizes=\"auto, (max-width: 637px) 100vw, 637px\" \/><\/p>\n<p class=\"\">Internationale toppers die al heel wat filmprijzen kaapten op de grote festivals, zetten dit jaar de toon. Zo is er onder meer \u2018<strong>Los tigres<\/strong>\u2019 van Alberto Rodr\u00edguez, die bekroond werd met de juryprijs voor Beste Cinematografie en de Acento Award voor Beste Spaanse Regie in San Sebasti\u00e1n. Het kostuumdrama <strong>\u2018Magellan\u2019<\/strong> (Lav Diaz), over de Portugese ontdekkingsreiziger Ferdinand Magellaan, won in Valladolid de Golden Spike. L\u00e1szl\u00f3 Nemes won eerder een Oscar voor zijn debuutfilm \u2018Son of Saul\u2019. Met <strong>\u2018Orphan\u2019<\/strong> levert hij opnieuw een visueel verbluffend pareltje af. Harry Lighton wil met zijn debuutfilm <strong>\u2018Pillion\u2019 <\/strong>stereotypen doorbreken rond BDSM. De film won de prijs voor Beste Scenario in de sectie Un Certain Regard op het Filmfestival van Cannes. De misdaadfilm <strong>\u2018Dead Man\u2019s Wire<\/strong>\u2019 (Gus Van Sant) is gebaseerd op waargebeurde feiten en sleepte al prijzen in de wacht op de filmfestivals van Chicago en Miami.<\/p>\n<p class=\"\">Ook bij onze noorderburen is er opnieuw sterk werk te ontdekken. <strong>\u2018The Garden of Earthly Delights\u2019<\/strong> van Morgan Knibbe wordt er geprezen voor het intense camerawerk en de manier waarop de verhouding tussen het Westen en de voormalige koloni\u00ebn wordt blootgelegd. Nanouk Leopold laat met haar spannende thriller <strong>\u2018Whitetail\u2019<\/strong> zien dat de grens tussen schuld, verdriet en woede makkelijk kan vervagen.<\/p>\n<p class=\"last-child\">Na het succes van \u2018The Brutalist\u2019 werkt regisseur Mona Fastvold opnieuw samen met haar partner Brady Corbet. \u2018<strong>The Testament of Ann Lee\u2019 <\/strong>vertelt het verhaal van een christelijke Shaker-beweging en haar leider, vertolkt door een vurige Amanda Seyfried. Oliver Hermanus\u2019 ingetogen maar epische \u2018<strong>The History of Sound<\/strong>\u2019 brengt dan weer een romance tussen twee mannelijke studenten (Paul Mescal en Josh O\u2019Connor) in het Boston van 1917 in beeld. De Hongaarse regisseur Ildik\u00f3 Enyedi maakte met \u2018<strong>Silent<\/strong><strong>Friend<\/strong>\u2019 een diepzinnig wetenschappelijk epos over een eeuwenoude ginkgoboom.<\/p>\n<h3 class=\"mcePastedContent last-child\">COOP! \u2013 Sterke coproducties uit de Lage Landen<\/h3>\n<p>Samen sterk, dat is het motto van de films die werden geselecteerd in de <strong>COOP!-competitie<\/strong>. Deze internationale samenwerkingen of \u2018COOPerations\u2019 reiken verder dan financi\u00eble constructies, maar bundelen de krachten van vakmanschap en creativiteit uit de Lage Landen. De <strong>publieksjury<\/strong> onder leiding van Mu.ZEE-directeur <strong>Bruno Verbergt<\/strong> bepaalt welke film bekroond wordt met de titel Beste Coproductie.<\/p>\n<p><img loading=\"lazy\" decoding=\"async\" class=\"aligncenter size-full wp-image-269434\" src=\"https:\/\/welovecinema.be\/wp-content\/uploads\/sites\/2\/2025\/12\/FFO-26-COOP.jpg\" alt=\"\" width=\"641\" height=\"362\" srcset=\"https:\/\/welovecinema.be\/wp-content\/uploads\/sites\/2\/2025\/12\/FFO-26-COOP.jpg 641w, https:\/\/welovecinema.be\/wp-content\/uploads\/sites\/2\/2025\/12\/FFO-26-COOP-478x270.jpg 478w, https:\/\/welovecinema.be\/wp-content\/uploads\/sites\/2\/2025\/12\/FFO-26-COOP-200x113.jpg 200w, https:\/\/welovecinema.be\/wp-content\/uploads\/sites\/2\/2025\/12\/FFO-26-COOP-599x337.jpg 599w\" sizes=\"auto, (max-width: 641px) 100vw, 641px\" \/><\/p>\n<p>De Belgische regisseur Micha Wald keert in <strong>\u2018L\u2019\u00eele de la demoiselle<\/strong>\u2019 terug naar de 16e eeuw om zich te laten inspireren door het waargebeurde verhaal van Marguerite de la Rocque. Ook de Tweede Wereldoorlog blijft een terugkerend thema. Met haar debuutfilm \u2018\u00c0<strong> bras-le-corps<\/strong>\u2019 brengt Marie-Elsa Sgualdo een eerbetoon aan alle vrouwen die in stilte verzet hebben geboden. <strong>\u2018Frontera\u2019<\/strong>, met onder meer voormalig Master en acteur Kevin Janssens, van Judith Colell is gebaseerd op waargebeurde feiten die zich hebben afgespeeld op de grens tussen Frankrijk en Spanje in 1943.<\/p>\n<p>Complexe thuissituaties lijken herkenbaar in alle hoeken van de wereld. Jeanette Nordahl baseerde het scenario van \u2018<strong>Beginnings\u2019 <\/strong>op het verhaal van haar eigen ouders die op het punt stonden te scheiden. \u2018<strong>Donkey Days<\/strong>\u2019 (Rosanne Pel) focust op breekbare familieverhoudingen onder een sluier van zwarte humor. De Belgische coproductie \u2018<strong>The Good Daughter<\/strong>\u2019 (J\u00falia de Paz) is een ontroerende coming-of-agefilm over een meisje dat haar vader enkel mag zien onder toezicht van een sociaal werker.<\/p>\n<p>De Nederlandse film- en documentairemaker Karin Junger dook voor haar nieuwste project de wereld in van het jeugdvoetbal. Met \u2018<strong>The Pupil<\/strong>\u2019 vertelt ze een verhaal over misbruik binnen de sportwereld. David Verbeek maakte met \u2018<strong>The Wolf, the Fox and the Leopard<\/strong>\u2019 een po\u00ebtische film met elementen uit sciencefiction, dystopie en atmosferische cinema over identiteit en milieu-activisme.<\/p>\n<p class=\"last-child\">Tot slot werden ook enkele sterke documentaires opgenomen in de COOP!-competitie. \u2018<strong>2m\u00b2<\/strong>\u2019 is het resultaat van een Turkse, Duitse en Belgische samenwerking. Regisseur Volkan \u00dcce (\u2018All-In\u2019) onderzoekt de fundamentele vragen van identiteit en thuisgevoel binnen twee culturen vanuit het perspectief van een Turkse begrafenisondernemer uit Genk. In \u2018<strong>Last Letters from My Grandma<\/strong>\u2019 volgen we filmmaker Olga Lucovnicova, die van haar vader een doos kreeg vol briefuitwisselingen tussen hem en zijn overleden Russische moeder.<\/p>\n<h3 class=\"mcePastedContent last-child\">SOON! \u2013 Debuten die blijven nazinderen<\/h3>\n<p>In de SOON!-competitie worden nieuwe makers met hun eerste of tweede professionele film bekroond. De jury wordt dit jaar voorgezeten door actrice <strong>Jennifer Heylen <\/strong>en bestaat verder uit acteurs <strong>Willem De Schryver, Nad\u00e8ge Iris Bibo-Tansia, Felix Heremans<\/strong> en regisseur<strong> Michael Abay.<\/strong><\/p>\n<p><img loading=\"lazy\" decoding=\"async\" class=\"aligncenter size-full wp-image-269436\" src=\"https:\/\/welovecinema.be\/wp-content\/uploads\/sites\/2\/2025\/12\/FFO-26-SOON.jpg\" alt=\"\" width=\"641\" height=\"360\" srcset=\"https:\/\/welovecinema.be\/wp-content\/uploads\/sites\/2\/2025\/12\/FFO-26-SOON.jpg 641w, https:\/\/welovecinema.be\/wp-content\/uploads\/sites\/2\/2025\/12\/FFO-26-SOON-480x270.jpg 480w, https:\/\/welovecinema.be\/wp-content\/uploads\/sites\/2\/2025\/12\/FFO-26-SOON-200x113.jpg 200w, https:\/\/welovecinema.be\/wp-content\/uploads\/sites\/2\/2025\/12\/FFO-26-SOON-599x337.jpg 599w\" sizes=\"auto, (max-width: 641px) 100vw, 641px\" \/><\/p>\n<p class=\"\">De filmmakers uit deze selectie schoten met hun eerste of tweede langspeelfilm meteen raak en kaapten grote prijzen weg op internationale filmfestivals. Journalist-filmmaker Mstyslav Chernov trok met een groep Oekra\u00efense soldaten op pad voor de documentaire <strong>\u20182000 meters to Adriivka\u2019. <\/strong>Na de wereldpremi\u00e8re op het Sundance Film Festival won hij de Directing Award voor World Cinema Documentary. Het familieverhaal \u2018<strong>Gioia mia<\/strong>\u2019 is het langspeelfilmdebuut van Margherita Spampinato en won onder meer de Speciale Juryprijs CIN\u00c9+ op het filmfestival van Locarno. \u2018<strong>Les filles du ciel<\/strong>\u2019 is het regiedebuut van actrice B\u00e9rang\u00e8re McNeese. De film over <em>sisterhood<\/em> in een sociale woonblok won de Grand Prix en de prijs van de jongerenjury op het filmfestival van Saint-Jean-de-Luz. \u2018<strong>Los domingos<\/strong>\u2019 (Alauda Ruiz de Az\u00faa) in San Sebasti\u00e1n maar liefst vijf prijzen, waaronder de Gouden Schelp voor Beste Film.<\/p>\n<p class=\"\">In \u2018<strong>Broken Voices<\/strong>\u2019 verkent documentaireregisseur Ond\u0159ej Provazn\u00edk de fragiele grens tussen onschuld en machtsmisbruik. De film is ge\u00efnspireerd op de waargebeurde Bambini di Praga-zaak, een misbruikschandaal rond een Tsjechisch meisjeskoor. Ook Joel Alfonso Vargas blijft dicht bij de realiteit. \u2018<strong>Mad Bills to Pay<\/strong>\u2019 schetst een authentiek portret van de Dominicaans-Amerikaanse gemeenschap in de Bronx. David Bim maakte met zijn zwart-witdocumentaire \u2018<strong>To the West, in Zapata<\/strong>\u2019 een intiem portret over een arm gezin in Cuba.<\/p>\n<p class=\"last-child\">Tot slot vult ook nog \u2018<strong>Ky Nam Inn<\/strong>\u2019 het SOON!-lijstje aan. Deze film van Leon Le over het verlangen naar verbinding, schoonheid en bevrijding doet denken aan de klassieker \u2018In the Mood for Love\u2019. \u2018<strong>Plainclothes<\/strong>\u2019, het debuut van Carmen Emmi, verkent queerthema\u2019s en de grenzen van moraliteit, mannelijkheid en identiteit, in een nostalgische \u201990s-setting.. Het ingetogen Noorse drama <strong>\u2018Solomamma\u2019<\/strong> (Janicke Askevold) stelt dan weer de dilemma\u2019s van modern ouderschap centraal.<\/p>\n<h3 class=\"mcePastedContent last-child\">Wereldcinema in avant-premi\u00e8re<\/h3>\n<p>Een brede waaier aan nationale en internationale titels krijgt tijdens FFO een Vlaamse <strong>avant<\/strong>&#8211;<strong>premi\u00e8re<\/strong>. Van eigenzinnige experimenten tot gelauwerde meesterwerken: dit zijn films die je niet onberoerd laten.<\/p>\n<p>In \u2018<strong>The President&#8217;s Cake<\/strong>\u2019 (Hasan Hadi) reizen we naar het Irak van de jaren \u201890, waar de\u00a0 9-jarige Lamia een verjaardagstaart moet bakken voor staatsleider Saddam Hussein. Cherien Dabis&#8217; &#8216;<strong>All That&#8217;s Left of You<\/strong>&#8216; schetst het portret van de Palestijnse tiener Noor tegen de achtergrond van geweld en protest op de Westelijke Jordaanoever in 1988.<\/p>\n<p>\u2018<strong>I Swear<\/strong>\u2019 van Kirk Jones, die maar liefst negen BIFA nominaties in de wacht sleepte, is ge\u00efnspireerd op het leven van Tourette-activist John Davidson, die de ziekte bespreekbaar maakte in zijn thuisland. Het Italiaanse kostuumdrama <strong>\u2018Primavera\u2019<\/strong>(Damiano Michieletto) vertelt het verhaal van Cecilia die opgroeit in het Ospedale della Piet\u00e0. Haar leven neemt een drastische wending wanneer de instelling niemand minder dan componist Antonio Vivaldi in dienst neemt. \u2018<strong>Broken English<\/strong>\u2019 (Iain Forsyth &amp; Jane Pollard) is een hybride documentaire over de herinnering aan icoon Marianne Faithfull, die tot kort voor haar overlijden in januari 2025 zelf intensief meewerkte aan de film.<\/p>\n<p>De Zuid-Koreaanse regisseur Park Chan-wook maakt na het succes van \u2018Decision to Leave\u2019 een nieuwe zwarte komedie. In \u2018<strong>No Other Choice<\/strong>\u2019 smeedt Man-Su een absurd plan om de concurrentie uit te schakelen na talloze mislukte sollicitatiegesprekken. De Chinees-Hongkongse coproductie \u2018<strong>The Shadow&#8217;s Edge\u2019<\/strong> (Larry Yang) is een echtelekkernij voor de martial arts-fans. Superster Jackie Chan &#8211; ondertussen een prille zeventiger &#8211; doet nog steeds zijn eigen stunts in de indrukwekkend gechoreografeerde actiesc\u00e8nes.<\/p>\n<p>In zijn speeldebuut <strong>\u2018Wolves\u2019<\/strong> laat regisseur Jonas Ulrich zijn licht schijnen op de fictieve black-metalband WLVS met een heel speciale gastrol voor onze Belgische band AMENRA.\u00a0 Dichter bij de waarheid ligt de documentaire \u2018<strong>It&#8217;s Never Over, Jeff Buckley\u2019 <\/strong>(Amy Berg), met nooit eerder vertoonde beelden uit Buckleys archief en intieme verhalen van zijn naasten.<\/p>\n<p class=\"last-child\">Met humor en nederigheid vertelt \u2018<strong>Is This Thing On?<\/strong>\u2019 over wat er precies gebeurt wanneer liefde, vriendschap en persoonlijke groei elkaar kruisen na een lange relatie. De film is geschreven en geregisseerd door acteur Bradley Cooper. De Japanse regisseur Hikari maakte een sterke film over de betekenis van menselijke connecties in een wereld vol fa\u00e7ades. Met acteur Brendan Fraser (\u2018The Whale\u2019) in de hoofdrol oogst \u2018<strong>Rental Family<\/strong>\u2019 wereldwijd lovende kritieken. <strong>\u2018If I Had Legs I\u2019d Kick You<\/strong>\u2019 (Mary Bronstein) toont de kijker wat er gebeurt als de maat vol is. Actrice Rose Byrne speelt therapeute, moeder en echtgenote Linda die alle ballen in de lucht probeert te houden. Ze won de Zilveren Beer voor Beste Acteerprestatie op het filmfestival van Berlijn.<\/p>\n<h3 class=\"mcePastedContent last-child\">Kortfilmcompetitie \u2013 De makers van morgen<\/h3>\n<p class=\"\">Een kortfilm is het <em>format<\/em> bij uitstek voor jonge regisseurs om te experimenteren. FFO biedt deze makers een uniek platform om hun eerste professionele stappen in de filmwereld te zetten. In de <strong>kortfilmcompetitie<\/strong> krijgen ze de kans om hun verrassende productie voor te stellen aan het grote publiek. Elke kortfilm wordt gekoppeld aan een langspeelfilm uit het FFO-programma.<\/p>\n<p class=\"last-child\">De selectie dit jaar omvat \u2018<strong>Nothing Grows on Salt<\/strong>\u2019 (Fernando Vandekeybus), \u2018<strong>Pietje<\/strong>\u2019 (Jef Claes), \u2018<strong>S\u01d2N<\/strong>\u2019 (Micha Volders), \u2018<strong>Sound of the Somme<\/strong>\u2019 (Micha\u00ebl Vermaercke), \u2018<strong>Still<\/strong><strong>Life<\/strong>\u2019 (Natasja Briers), \u2018<strong>The<\/strong> <strong>Catcher<\/strong>\u2019 (Luka Galle) en \u2018<strong>The Masque of the Red Death<\/strong>\u2019 (Rune Callewaert).<\/p>\n<h3>Industrie<\/h3>\n<p>FFO brengt de audiovisuele sector samen met masterclasses, talks en netwerkmomenten.<\/p>\n<p>Tijdens de <strong>Streamz Academy Finale<\/strong> presenteren FFO en Streamz een nieuwe generatie schrijftalent, die het afgelopen jaar werd gecoacht door ervaren professionals. De deelnemers brengen een sc\u00e8ne uit hun Streamz Original-project, waarna de winnaar van Streamz Academy 2025 bekend wordt gemaakt.<\/p>\n<p>Op de <strong>Sync\u2019 dag<\/strong> duiken professionals in het gebruik van muziek in audiovisuele producties, met keynotes, praktijkgerichte cases en verdiepende sessies voor makers en gebruikers. <strong>Van Boek naar Doek<\/strong> brengt auteurs, regisseurs en producenten samen rond de vertaling van literatuur naar film- en tv-scenario\u2019s, aan de hand van recente Vlaamse adaptaties. Daarnaast bieden de <strong>Auteur Talks<\/strong> dagelijks ruimte voor inspirerende gesprekken met professionals over thema\u2019s die hen nauw aan het hart liggen.<\/p>\n<p>Nieuw dit jaar is de <strong>Benelux-dag<\/strong>, deze dag wordt georganiseerd door het Vlaams Audiovisueel Fonds, de Centre du Cin\u00e9ma et de l&#8217;Audiovisuel de la F\u00e9d\u00e9ration Wallonie-Bruxelles, het Nederlands Filmfonds en het Luxemburg Film Fund. Samen lanceren ze een co-ontwikkelingsregeling. Het gaat om een pilootproject van twee jaar om de ontwikkeling en realisering van kwalitatief hoogwaardige speelfilms uit de Benelux-regio aan te moedigen en samenwerking tussen de regio&#8217;s te bevorderen. Producenten van animatie- en fictieprojecten krijgen er de kans om elkaar te ontmoeten en in gesprek te gaan over mogelijke samenwerkingen.<\/p>\n<p>Tijdens de <strong>Cinemasterclass<\/strong> kunnen acteurs hun vaardigheden aanscherpen onder begeleiding van casting directors Cassandra Han (\u2018The Weight\u2019, \u2018She Said Maybe\u2019, \u2018The German\u2019), Yngvill Kolset Haga (\u2018Sentimental Value\u2019, \u2018The Worst Person in the World\u2019) en Belgische casting director Sien Josephine Teijssen, medeorganisator van het initiatief.<\/p>\n<p>Tot slot krijgen professionele makers tijdens de <strong>Sabam Pitch for Professionals<\/strong> de kans om hun idee\u00ebn voor te stellen aan een vakjury en mee te dingen naar carri\u00e8reversterkende prijzen.<\/p>\n<p>FFO brengt de audiovisuele sector samen met masterclasses, talks en netwerkmomenten.<\/p>\n<p>Tijdens de <strong>Streamz Academy Finale<\/strong> presenteren FFO en Streamz een nieuwe generatie schrijftalent, die het afgelopen jaar werd gecoacht door ervaren professionals. De deelnemers brengen een sc\u00e8ne uit hun Streamz Original-project, waarna de winnaar van Streamz Academy 2025 bekend wordt gemaakt.<\/p>\n<p>Op de <strong>Sync\u2019 dag<\/strong> duiken professionals in het gebruik van muziek in audiovisuele producties, met keynotes, praktijkgerichte cases en verdiepende sessies voor makers en gebruikers. <strong>Van Boek naar Doek<\/strong> brengt auteurs, regisseurs en producenten samen rond de vertaling van literatuur naar film- en tv-scenario\u2019s, aan de hand van recente Vlaamse adaptaties. Daarnaast bieden de <strong>Auteur Talks<\/strong> dagelijks ruimte voor inspirerende gesprekken met professionals over thema\u2019s die hen nauw aan het hart liggen.<\/p>\n<p>Nieuw dit jaar is de <strong>Benelux-dag<\/strong>, deze dag wordt georganiseerd door het Vlaams Audiovisueel Fonds, de Centre du Cin\u00e9ma et de l&#8217;Audiovisuel de la F\u00e9d\u00e9ration Wallonie-Bruxelles, het Nederlands Filmfonds en het Luxemburg Film Fund. Samen lanceren ze een co-ontwikkelingsregeling. Het gaat om een pilootproject van twee jaar om de ontwikkeling en realisering van kwalitatief hoogwaardige speelfilms uit de Benelux-regio aan te moedigen en samenwerking tussen de regio&#8217;s te bevorderen. Producenten van animatie- en fictieprojecten krijgen er de kans om elkaar te ontmoeten en in gesprek te gaan over mogelijke samenwerkingen.<\/p>\n<p>Tijdens de <strong>Cinemasterclass<\/strong> kunnen acteurs hun vaardigheden aanscherpen onder begeleiding van casting directors Cassandra Han (\u2018The Weight\u2019, \u2018She Said Maybe\u2019, \u2018The German\u2019), Yngvill Kolset Haga (\u2018Sentimental Value\u2019, \u2018The Worst Person in the World\u2019) en Belgische casting director Sien Josephine Teijssen, medeorganisator van het initiatief.<\/p>\n<p>Tot slot krijgen professionele makers tijdens de <strong>Sabam Pitch for Professionals<\/strong> de kans om hun idee\u00ebn voor te stellen aan een vakjury en mee te dingen naar carri\u00e8reversterkende prijzen.<\/p>\n<h3 class=\"mcePastedContent last-child\">Oostende viert mee<\/h3>\n<p>Tijdens FFO komt Oostende dag en nacht tot leven. Wie na een filmvertoning nog wil nagenieten van de festivalsfeer, kan terecht bij de vele <strong>hotspots<\/strong>: caf\u00e9s, restaurants en winkels die tijdens het festival mee vieren met activiteiten en acties, telkens met een <strong>knipoog naar cinema<\/strong>. Verspreid over de binnenstad zorgen filmquizzen, dj-sets, kortingen en andere specials ervoor dat het festival ook buiten de zalen voelbaar is. Lokale handelaars en horeca tonen mee hun gastvrijheid en maken van het festival een gedeelde belevenis. Zo viert heel Oostende mee, en wordt het festival voelbaar in straten, buurten en ontmoetingsplekken doorheen de hele stad.<\/p>\n<h3 class=\"mcePastedContent last-child\">De Ensors<\/h3>\n<p>De slotdag van FFO staat volledig in het teken van de audiovisuele sector.<\/p>\n<p><strong>Het Debat van De Ensors, <\/strong>het jaarlijkse <strong>sectormoment<\/strong>, in samenwerking met het VAF en het Departement Cultuur, Jeugd &amp; Media en het <strong>Gala van De Ensors<\/strong> vormen samen de ideale gelegenheid voor professionals om inhoudelijke verdieping te combineren met waardevolle netwerkmomenten en een feestelijke afsluiter.<\/p>\n<p>Het <strong>Debat van De Ensors<\/strong> is een moment voor verdieping en reflectie. Centraal staat de vraag: publiek of kunst? Voor welke verhalen willen we gaan? Moeten films en series een breed publiek aanspreken, of is er ook ruimte voor kwalitatieve producties die zich richten tot een kleinere groep kijkers? Sluit het ene het andere uit? En moeten we bij subsidi\u00ebring vooral rekening houden met de binnenlandse belangstelling, of speelt ook het internationale potentieel mee? <strong>Karla Puttemans<\/strong> (VAF), <strong>Bart De Groote<\/strong>(Streamz), <strong>Wim Janssen<\/strong> (aanbodverantwoordelijke VRT &#8211; fictie), <strong>Frank Van Passel<\/strong>(regisseur, scenarist en producent) en<strong> Annemie Degryse <\/strong>(Lumi\u00e8re) openen het gesprek met hun persoonlijke visie op de Vlaamse contentstrategie. Onder leiding van <strong>Francesca Vanthielen<\/strong> gaan ze in gesprek met elkaar en met het publiek, met ruimte voor vragen uit de zaal. Na het debat volgt de uitreiking van <strong>de Ensor voor Belofte van het Jaar,<\/strong> gevolgd door een netwerkdrink.<\/p>\n<p class=\"last-child\">De <strong>nominaties <\/strong>voor De Ensors worden bekendgemaakt op <strong>dinsdag 6 januari<\/strong>. Nieuw dit jaar is dat het Gala van De Ensors plaatsvindt in de <strong>COREtec D\u00f4me<\/strong> en voor het eerst de deuren opent voor het brede publiek. <strong>Tickets <\/strong>voor het Gala van De Ensors zijn verkrijgbaar via <a href=\"https:\/\/dayonempm.us2.list-manage.com\/track\/click?u=cac80c9676a3cdf4e5ab46d74&amp;id=2cc44157fe&amp;e=7b63e48257\" target=\"_blank\" rel=\"noopener\">ensors.be<\/a>.<\/p>\n<h3 class=\"mcePastedContent last-child\">De Jamies<\/h3>\n<p>Al voor de zesde keer worden de beste Vlaamse online videomakers in de schijnwerpers gezet tijdens De Jamies. Na een massale inzending van 12.000 suggesties door fans, heeft een vakjury een selectie gemaakt van 120 genomineerden, vari\u00ebrend van nieuw talent tot gevestigde namen zoals Average Rob, NanouASMR en Koolcast. Het publiek krijgt nu de kans om in 13 categorie\u00ebn mee te beslissen over de winnaars, waarbij de stemmen van de fans voor de helft meetellen naast het oordeel van de jury. Voor de prestigieuze publieksprijs voor &#8216;Beste Video van het Jaar&#8217; heeft de kijker zelfs de volledige beslissingsmacht. Stemmen kan tot en met 11 januari 2026. De Jamies worden uitgereikt op vrijdag 6 februari in De Grote Post.<\/p>\n<h3 class=\"mcePastedContent last-child\">Ticketinfo<\/h3>\n<p>De <strong>ticketverkoop<\/strong> start vrijdag 19 december om 11.00 uur.<\/p>\n<p>Zin om FFO26 zorgeloos te beleven? Stel dan je eigen filmavontuur samen met de <strong>festivalpas<\/strong> aan een voordelige prijs van 69,00 EUR. Jonger dan 26? Dan betaal je slechts 39,00 EUR. De pas geeft je onbeperkt toegang tot de volledige selectie van films op het festival.<\/p>\n<p class=\"last-child\">Meer informatie vind je <a href=\"http:\/\/filmfestivaloostende.be\/nl\/ticketinfo\">hier<\/a>.<\/p>\n","protected":false},"excerpt":{"rendered":"<p>Van vrijdag 30 januari tot en met zaterdag 7 februari vindt de achttiende editie van Filmfestival Oostende (FFO) plaats. Met meer dan 100 films, series, evenementen, talks, masterclasses en netwerkmogelijkheden belooft het een inspirerende, verrijkende en vooral verbindende editie te worden. Belgische makers scheren niet alleen internationaal hoge toppen, ook tijdens FFO staan ze verdiend &hellip;<\/p>\n","protected":false},"author":349,"featured_media":269438,"comment_status":"closed","ping_status":"closed","sticky":false,"template":"","format":"standard","meta":{"ngg_post_thumbnail":0,"footnotes":""},"categories":[7136,1069,50,30,3],"tags":[9839,7784,9831,9696,9689,9308,7618,9002,9841,9842,9843,9840,9844,8562,8458,8961,4898,5093,4121,1236,3558,3723,1342,5719],"class_list":["post-269431","post","type-post","status-publish","format-standard","has-post-thumbnail","","category-we-love-belgian-cinema-nl","category-festivals-nl","category-featured-actus-nl","category-nieuws","category-varia-nl","tag-audiovisueel","tag-belgischefilm","tag-belgischtalent","tag-deensors","tag-ffo26","tag-filmcultuur","tag-filmfestivaloostende","tag-filmindustrie","tag-immersiveart","tag-masterclasses","tag-netwerken","tag-nieuwemakers","tag-verhalendieverbinden","tag-vlaamsefilm-nl","tag-vrcinema","tag-wereldcinema","tag-cinema","tag-coproductie","tag-debuutfilm","tag-documentaire","tag-filmfestival","tag-kortfilm","tag-oostende","tag-series-nl"],"yoast_head":"<!-- This site is optimized with the Yoast SEO plugin v20.4 - https:\/\/yoast.com\/wordpress\/plugins\/seo\/ -->\n<title>Meer dan 100 films, talks en events: Filmfestival Oostende maakt volledig programma bekend - We Love Cinema<\/title>\n<meta name=\"robots\" content=\"index, follow, max-snippet:-1, max-image-preview:large, max-video-preview:-1\" \/>\n<link rel=\"canonical\" href=\"https:\/\/welovecinema.be\/nl\/meer-dan-100-films-talks-en-events-filmfestival-oostende-maakt-volledig-programma-bekend\/\" \/>\n<meta property=\"og:locale\" content=\"nl_NL\" \/>\n<meta property=\"og:type\" content=\"article\" \/>\n<meta property=\"og:title\" content=\"Meer dan 100 films, talks en events: Filmfestival Oostende maakt volledig programma bekend - We Love Cinema\" \/>\n<meta property=\"og:description\" content=\"Van vrijdag 30 januari tot en met zaterdag 7 februari vindt de achttiende editie van Filmfestival Oostende (FFO) plaats. Met meer dan 100 films, series, evenementen, talks, masterclasses en netwerkmogelijkheden belooft het een inspirerende, verrijkende en vooral verbindende editie te worden. Belgische makers scheren niet alleen internationaal hoge toppen, ook tijdens FFO staan ze verdiend &hellip;\" \/>\n<meta property=\"og:url\" content=\"https:\/\/welovecinema.be\/nl\/meer-dan-100-films-talks-en-events-filmfestival-oostende-maakt-volledig-programma-bekend\/\" \/>\n<meta property=\"og:site_name\" content=\"We Love Cinema\" \/>\n<meta property=\"article:publisher\" content=\"https:\/\/www.facebook.com\/welovecinema.be\" \/>\n<meta property=\"article:published_time\" content=\"2025-12-18T20:52:28+00:00\" \/>\n<meta property=\"article:modified_time\" content=\"2025-12-18T20:54:12+00:00\" \/>\n<meta property=\"og:image\" content=\"https:\/\/welovecinema.be\/wp-content\/uploads\/sites\/2\/2025\/12\/FFO-26-KINEPOLIS-DRONE.jpg\" \/>\n\t<meta property=\"og:image:width\" content=\"931\" \/>\n\t<meta property=\"og:image:height\" content=\"525\" \/>\n\t<meta property=\"og:image:type\" content=\"image\/jpeg\" \/>\n<meta name=\"author\" content=\"Seppe van Groeningen\" \/>\n<meta name=\"twitter:card\" content=\"summary_large_image\" \/>\n<meta name=\"twitter:label1\" content=\"Geschreven door\" \/>\n\t<meta name=\"twitter:data1\" content=\"Seppe van Groeningen\" \/>\n\t<meta name=\"twitter:label2\" content=\"Geschatte leestijd\" \/>\n\t<meta name=\"twitter:data2\" content=\"19 minuten\" \/>\n<script type=\"application\/ld+json\" class=\"yoast-schema-graph\">{\"@context\":\"https:\/\/schema.org\",\"@graph\":[{\"@type\":\"Article\",\"@id\":\"https:\/\/welovecinema.be\/nl\/meer-dan-100-films-talks-en-events-filmfestival-oostende-maakt-volledig-programma-bekend\/#article\",\"isPartOf\":{\"@id\":\"https:\/\/welovecinema.be\/nl\/meer-dan-100-films-talks-en-events-filmfestival-oostende-maakt-volledig-programma-bekend\/\"},\"author\":{\"name\":\"Seppe van Groeningen\",\"@id\":\"https:\/\/welovecinema.be\/nl\/#\/schema\/person\/9a9270eec1274600ec8c420b80d00480\"},\"headline\":\"Meer dan 100 films, talks en events: Filmfestival Oostende maakt volledig programma bekend\",\"datePublished\":\"2025-12-18T20:52:28+00:00\",\"dateModified\":\"2025-12-18T20:54:12+00:00\",\"mainEntityOfPage\":{\"@id\":\"https:\/\/welovecinema.be\/nl\/meer-dan-100-films-talks-en-events-filmfestival-oostende-maakt-volledig-programma-bekend\/\"},\"wordCount\":3717,\"publisher\":{\"@id\":\"https:\/\/welovecinema.be\/nl\/#organization\"},\"keywords\":[\"#Audiovisueel\",\"#belgischefilm\",\"#BelgischTalent\",\"#DeEnsors\",\"#FFO26\",\"#FilmCultuur\",\"#FilmfestivalOostende\",\"#filmindustrie\",\"#ImmersiveArt\",\"#Masterclasses\",\"#Netwerken\",\"#NieuweMakers\",\"#VerhalenDieVerbinden\",\"#vlaamsefilm\",\"#vrcinema\",\"#Wereldcinema\",\"cinema\",\"coproductie\",\"debuutfilm\",\"documentaire\",\"Filmfestival\",\"kortfilm\",\"Oostende\",\"s\u00e9ries\"],\"articleSection\":[\"\u00a0We Love Belgian Cinema\",\"Festivals\",\"Focus\",\"Nieuws\",\"Varia\"],\"inLanguage\":\"nl-NL\"},{\"@type\":\"WebPage\",\"@id\":\"https:\/\/welovecinema.be\/nl\/meer-dan-100-films-talks-en-events-filmfestival-oostende-maakt-volledig-programma-bekend\/\",\"url\":\"https:\/\/welovecinema.be\/nl\/meer-dan-100-films-talks-en-events-filmfestival-oostende-maakt-volledig-programma-bekend\/\",\"name\":\"Meer dan 100 films, talks en events: Filmfestival Oostende maakt volledig programma bekend - We Love Cinema\",\"isPartOf\":{\"@id\":\"https:\/\/welovecinema.be\/nl\/#website\"},\"datePublished\":\"2025-12-18T20:52:28+00:00\",\"dateModified\":\"2025-12-18T20:54:12+00:00\",\"breadcrumb\":{\"@id\":\"https:\/\/welovecinema.be\/nl\/meer-dan-100-films-talks-en-events-filmfestival-oostende-maakt-volledig-programma-bekend\/#breadcrumb\"},\"inLanguage\":\"nl-NL\",\"potentialAction\":[{\"@type\":\"ReadAction\",\"target\":[\"https:\/\/welovecinema.be\/nl\/meer-dan-100-films-talks-en-events-filmfestival-oostende-maakt-volledig-programma-bekend\/\"]}]},{\"@type\":\"BreadcrumbList\",\"@id\":\"https:\/\/welovecinema.be\/nl\/meer-dan-100-films-talks-en-events-filmfestival-oostende-maakt-volledig-programma-bekend\/#breadcrumb\",\"itemListElement\":[{\"@type\":\"ListItem\",\"position\":1,\"name\":\"Accueil\",\"item\":\"https:\/\/welovecinema.be\/nl\/\"},{\"@type\":\"ListItem\",\"position\":2,\"name\":\"Meer dan 100 films, talks en events: Filmfestival Oostende maakt volledig programma bekend\"}]},{\"@type\":\"WebSite\",\"@id\":\"https:\/\/welovecinema.be\/nl\/#website\",\"url\":\"https:\/\/welovecinema.be\/nl\/\",\"name\":\"We Love Cinema\",\"description\":\"Toute l\u2019information du cin\u00e9ma en Belgique\",\"publisher\":{\"@id\":\"https:\/\/welovecinema.be\/nl\/#organization\"},\"potentialAction\":[{\"@type\":\"SearchAction\",\"target\":{\"@type\":\"EntryPoint\",\"urlTemplate\":\"https:\/\/welovecinema.be\/nl\/?s={search_term_string}\"},\"query-input\":\"required name=search_term_string\"}],\"inLanguage\":\"nl-NL\"},{\"@type\":\"Organization\",\"@id\":\"https:\/\/welovecinema.be\/nl\/#organization\",\"name\":\"We Love Cinema\",\"url\":\"https:\/\/welovecinema.be\/nl\/\",\"logo\":{\"@type\":\"ImageObject\",\"inLanguage\":\"nl-NL\",\"@id\":\"https:\/\/welovecinema.be\/nl\/#\/schema\/logo\/image\/\",\"url\":\"https:\/\/welovecinema.be\/wp-content\/uploads\/sites\/2\/2023\/03\/Logo-We-Love-Cinema305x128.jpg\",\"contentUrl\":\"https:\/\/welovecinema.be\/wp-content\/uploads\/sites\/2\/2023\/03\/Logo-We-Love-Cinema305x128.jpg\",\"width\":305,\"height\":128,\"caption\":\"We Love Cinema\"},\"image\":{\"@id\":\"https:\/\/welovecinema.be\/nl\/#\/schema\/logo\/image\/\"},\"sameAs\":[\"https:\/\/www.facebook.com\/welovecinema.be\",\"https:\/\/www.youtube.com\/channel\/UCX5LYGVhnKvYauW4Nta4HJA\",\"https:\/\/www.instagram.com\/welovecinema.be\/\"]},{\"@type\":\"Person\",\"@id\":\"https:\/\/welovecinema.be\/nl\/#\/schema\/person\/9a9270eec1274600ec8c420b80d00480\",\"name\":\"Seppe van Groeningen\",\"url\":\"https:\/\/welovecinema.be\/nl\/author\/seppe\/\"}]}<\/script>\n<!-- \/ Yoast SEO plugin. -->","yoast_head_json":{"title":"Meer dan 100 films, talks en events: Filmfestival Oostende maakt volledig programma bekend - We Love Cinema","robots":{"index":"index","follow":"follow","max-snippet":"max-snippet:-1","max-image-preview":"max-image-preview:large","max-video-preview":"max-video-preview:-1"},"canonical":"https:\/\/welovecinema.be\/nl\/meer-dan-100-films-talks-en-events-filmfestival-oostende-maakt-volledig-programma-bekend\/","og_locale":"nl_NL","og_type":"article","og_title":"Meer dan 100 films, talks en events: Filmfestival Oostende maakt volledig programma bekend - We Love Cinema","og_description":"Van vrijdag 30 januari tot en met zaterdag 7 februari vindt de achttiende editie van Filmfestival Oostende (FFO) plaats. Met meer dan 100 films, series, evenementen, talks, masterclasses en netwerkmogelijkheden belooft het een inspirerende, verrijkende en vooral verbindende editie te worden. Belgische makers scheren niet alleen internationaal hoge toppen, ook tijdens FFO staan ze verdiend &hellip;","og_url":"https:\/\/welovecinema.be\/nl\/meer-dan-100-films-talks-en-events-filmfestival-oostende-maakt-volledig-programma-bekend\/","og_site_name":"We Love Cinema","article_publisher":"https:\/\/www.facebook.com\/welovecinema.be","article_published_time":"2025-12-18T20:52:28+00:00","article_modified_time":"2025-12-18T20:54:12+00:00","og_image":[{"width":931,"height":525,"url":"https:\/\/welovecinema.be\/wp-content\/uploads\/sites\/2\/2025\/12\/FFO-26-KINEPOLIS-DRONE.jpg","type":"image\/jpeg"}],"author":"Seppe van Groeningen","twitter_card":"summary_large_image","twitter_misc":{"Geschreven door":"Seppe van Groeningen","Geschatte leestijd":"19 minuten"},"schema":{"@context":"https:\/\/schema.org","@graph":[{"@type":"Article","@id":"https:\/\/welovecinema.be\/nl\/meer-dan-100-films-talks-en-events-filmfestival-oostende-maakt-volledig-programma-bekend\/#article","isPartOf":{"@id":"https:\/\/welovecinema.be\/nl\/meer-dan-100-films-talks-en-events-filmfestival-oostende-maakt-volledig-programma-bekend\/"},"author":{"name":"Seppe van Groeningen","@id":"https:\/\/welovecinema.be\/nl\/#\/schema\/person\/9a9270eec1274600ec8c420b80d00480"},"headline":"Meer dan 100 films, talks en events: Filmfestival Oostende maakt volledig programma bekend","datePublished":"2025-12-18T20:52:28+00:00","dateModified":"2025-12-18T20:54:12+00:00","mainEntityOfPage":{"@id":"https:\/\/welovecinema.be\/nl\/meer-dan-100-films-talks-en-events-filmfestival-oostende-maakt-volledig-programma-bekend\/"},"wordCount":3717,"publisher":{"@id":"https:\/\/welovecinema.be\/nl\/#organization"},"keywords":["#Audiovisueel","#belgischefilm","#BelgischTalent","#DeEnsors","#FFO26","#FilmCultuur","#FilmfestivalOostende","#filmindustrie","#ImmersiveArt","#Masterclasses","#Netwerken","#NieuweMakers","#VerhalenDieVerbinden","#vlaamsefilm","#vrcinema","#Wereldcinema","cinema","coproductie","debuutfilm","documentaire","Filmfestival","kortfilm","Oostende","s\u00e9ries"],"articleSection":["\u00a0We Love Belgian Cinema","Festivals","Focus","Nieuws","Varia"],"inLanguage":"nl-NL"},{"@type":"WebPage","@id":"https:\/\/welovecinema.be\/nl\/meer-dan-100-films-talks-en-events-filmfestival-oostende-maakt-volledig-programma-bekend\/","url":"https:\/\/welovecinema.be\/nl\/meer-dan-100-films-talks-en-events-filmfestival-oostende-maakt-volledig-programma-bekend\/","name":"Meer dan 100 films, talks en events: Filmfestival Oostende maakt volledig programma bekend - We Love Cinema","isPartOf":{"@id":"https:\/\/welovecinema.be\/nl\/#website"},"datePublished":"2025-12-18T20:52:28+00:00","dateModified":"2025-12-18T20:54:12+00:00","breadcrumb":{"@id":"https:\/\/welovecinema.be\/nl\/meer-dan-100-films-talks-en-events-filmfestival-oostende-maakt-volledig-programma-bekend\/#breadcrumb"},"inLanguage":"nl-NL","potentialAction":[{"@type":"ReadAction","target":["https:\/\/welovecinema.be\/nl\/meer-dan-100-films-talks-en-events-filmfestival-oostende-maakt-volledig-programma-bekend\/"]}]},{"@type":"BreadcrumbList","@id":"https:\/\/welovecinema.be\/nl\/meer-dan-100-films-talks-en-events-filmfestival-oostende-maakt-volledig-programma-bekend\/#breadcrumb","itemListElement":[{"@type":"ListItem","position":1,"name":"Accueil","item":"https:\/\/welovecinema.be\/nl\/"},{"@type":"ListItem","position":2,"name":"Meer dan 100 films, talks en events: Filmfestival Oostende maakt volledig programma bekend"}]},{"@type":"WebSite","@id":"https:\/\/welovecinema.be\/nl\/#website","url":"https:\/\/welovecinema.be\/nl\/","name":"We Love Cinema","description":"Toute l\u2019information du cin\u00e9ma en Belgique","publisher":{"@id":"https:\/\/welovecinema.be\/nl\/#organization"},"potentialAction":[{"@type":"SearchAction","target":{"@type":"EntryPoint","urlTemplate":"https:\/\/welovecinema.be\/nl\/?s={search_term_string}"},"query-input":"required name=search_term_string"}],"inLanguage":"nl-NL"},{"@type":"Organization","@id":"https:\/\/welovecinema.be\/nl\/#organization","name":"We Love Cinema","url":"https:\/\/welovecinema.be\/nl\/","logo":{"@type":"ImageObject","inLanguage":"nl-NL","@id":"https:\/\/welovecinema.be\/nl\/#\/schema\/logo\/image\/","url":"https:\/\/welovecinema.be\/wp-content\/uploads\/sites\/2\/2023\/03\/Logo-We-Love-Cinema305x128.jpg","contentUrl":"https:\/\/welovecinema.be\/wp-content\/uploads\/sites\/2\/2023\/03\/Logo-We-Love-Cinema305x128.jpg","width":305,"height":128,"caption":"We Love Cinema"},"image":{"@id":"https:\/\/welovecinema.be\/nl\/#\/schema\/logo\/image\/"},"sameAs":["https:\/\/www.facebook.com\/welovecinema.be","https:\/\/www.youtube.com\/channel\/UCX5LYGVhnKvYauW4Nta4HJA","https:\/\/www.instagram.com\/welovecinema.be\/"]},{"@type":"Person","@id":"https:\/\/welovecinema.be\/nl\/#\/schema\/person\/9a9270eec1274600ec8c420b80d00480","name":"Seppe van Groeningen","url":"https:\/\/welovecinema.be\/nl\/author\/seppe\/"}]}},"_links":{"self":[{"href":"https:\/\/welovecinema.be\/nl\/wp-json\/wp\/v2\/posts\/269431","targetHints":{"allow":["GET"]}}],"collection":[{"href":"https:\/\/welovecinema.be\/nl\/wp-json\/wp\/v2\/posts"}],"about":[{"href":"https:\/\/welovecinema.be\/nl\/wp-json\/wp\/v2\/types\/post"}],"author":[{"embeddable":true,"href":"https:\/\/welovecinema.be\/nl\/wp-json\/wp\/v2\/users\/349"}],"replies":[{"embeddable":true,"href":"https:\/\/welovecinema.be\/nl\/wp-json\/wp\/v2\/comments?post=269431"}],"version-history":[{"count":2,"href":"https:\/\/welovecinema.be\/nl\/wp-json\/wp\/v2\/posts\/269431\/revisions"}],"predecessor-version":[{"id":269442,"href":"https:\/\/welovecinema.be\/nl\/wp-json\/wp\/v2\/posts\/269431\/revisions\/269442"}],"wp:featuredmedia":[{"embeddable":true,"href":"https:\/\/welovecinema.be\/nl\/wp-json\/wp\/v2\/media\/269438"}],"wp:attachment":[{"href":"https:\/\/welovecinema.be\/nl\/wp-json\/wp\/v2\/media?parent=269431"}],"wp:term":[{"taxonomy":"category","embeddable":true,"href":"https:\/\/welovecinema.be\/nl\/wp-json\/wp\/v2\/categories?post=269431"},{"taxonomy":"post_tag","embeddable":true,"href":"https:\/\/welovecinema.be\/nl\/wp-json\/wp\/v2\/tags?post=269431"}],"curies":[{"name":"wp","href":"https:\/\/api.w.org\/{rel}","templated":true}]}}