{"id":267977,"date":"2025-09-24T13:28:16","date_gmt":"2025-09-24T11:28:16","guid":{"rendered":"https:\/\/welovecinema.be\/?p=267977"},"modified":"2025-09-24T13:28:16","modified_gmt":"2025-09-24T11:28:16","slug":"opnames-van-le-faux-soir-van-michael-r-roskam-gestart","status":"publish","type":"post","link":"https:\/\/welovecinema.be\/nl\/opnames-van-le-faux-soir-van-michael-r-roskam-gestart\/","title":{"rendered":"Opnames van &#8216;Le Faux Soir&#8217; van Micha\u00ebl R. Roskam gestart"},"content":{"rendered":"<p><strong>De opnames van <em>Le Faux Soir,<\/em>\u00a0<\/strong><strong>in een\u00a0<\/strong><strong> regie <\/strong><strong>van Micha\u00ebl R. Roskam, zijn deze week gestart. De langspeelfilm zal eer betonen aan \u00e9\u00e9n van de meest opvallende verzetsdaden van het Belgisch verzet tijdens de Tweede Wereldoorlog: het verspreiden van een pastiche van de krant Le Soir die openlijk de spot dreef met de Duitse bezetter. Het scenario is geschreven door Micha\u00ebl R. Roskam. Voor de dialogen werkte hij samen met Bernard Falaise. Opnieuw kan Roskam kan rekenen op een indrukwekkende cast. De hoofdrol van Marc \u2018Yvon\u2019 Aubrion zal vertolkt worden door de Belgische acteur Arieh Worthalter. Andere Belgische namen die de cast zullen versterken zijn o.a. Bouli Lanners, Fran\u00e7ois Damiens, Mara Taquin, Jean-Beno\u00eet Ugeux, Pierre Gervais, Ruth Becquart, Viviane De Muynck, Jan Bijvoet en Peter Van den Begin. De Franse acteur Karim Leklou en de Franse actrice M\u00e9lanie Thierry vervolledigen de cast. De originele soundtrack zal gecomponeerd worden door Christophe Chassol. De opnames vinden voornamelijk plaats in Brussel.<br \/>\n<\/strong><\/p>\n<h3>Over de film<\/h3>\n<p><em><strong>Le Faux Soir<\/strong><\/em> is een spannend verzetsdrama dat zich afspeelt in het door Duitsland bezette Belgi\u00eb tijdens WOII en is ge\u00efnspireerd op waargebeurde feiten. Regisseur Micha\u00ebl R. Roskam verduidelijkt het historisch kader: \u201c<em>Tijdens de invasie van Belgi\u00eb door de nazi\u2019s op 10 mei 1940 werden alle media gesloten of onder toezicht geplaatst. In Brussel is dat het geval voor de meest gelezen krant van het land: Le Soir. De jonge eigenares van de krant, Marie-Th\u00e9r\u00e8se Rossel, weigert onder Duitse censuur te werken en vlucht met haar familie naar Frankrijk. Het door de nazi\u2019s gestolen Le Soir wordt dan een propagandamachine van Hitler en zijn Gestapo in Belgi\u00eb. De film volgt het parcours van een groep verzetsstrijders die, met gevaar voor eigen leven, de stoutmoedigste actie uit de geschiedenis van de clandestiene pers weten te realiseren.<\/em>&#8221;<\/p>\n<p>Volgens regisseur Roskam is het onderwerp van de film eigentijds en zeer relevant. Het gaat over de vrijheid van meningsuiting, onafhankelijke pers en over mensen die de vrijheid nemen om te zeggen en te denken wat ze willen, op risico van hun eigen leven.<\/p>\n<div class=\"one_half\">\n<figure id=\"attachment_267978\" aria-describedby=\"caption-attachment-267978\" style=\"width: 229px\" class=\"wp-caption alignright\"><img loading=\"lazy\" decoding=\"async\" class=\" wp-image-267978\" src=\"https:\/\/welovecinema.be\/wp-content\/uploads\/sites\/2\/2025\/09\/Michael-R.-Roskman-\u00a9-Jordan-Vanschel.jpg\" alt=\"\" width=\"229\" height=\"408\" srcset=\"https:\/\/welovecinema.be\/wp-content\/uploads\/sites\/2\/2025\/09\/Michael-R.-Roskman-\u00a9-Jordan-Vanschel.jpg 698w, https:\/\/welovecinema.be\/wp-content\/uploads\/sites\/2\/2025\/09\/Michael-R.-Roskman-\u00a9-Jordan-Vanschel-151x270.jpg 151w, https:\/\/welovecinema.be\/wp-content\/uploads\/sites\/2\/2025\/09\/Michael-R.-Roskman-\u00a9-Jordan-Vanschel-337x600.jpg 337w\" sizes=\"auto, (max-width: 229px) 100vw, 229px\" \/><figcaption id=\"caption-attachment-267978\" class=\"wp-caption-text\">Micha\u00ebl R. Roskman \u00a9 Jordan Vanschel<\/figcaption><\/figure>\n<\/div><div class=\"one_half last\">\n<h3>Over de regisseur<\/h3>\n<p><strong>Micha\u00ebl R. Roskam<\/strong> is een Belgische filmregisseur en scenarist, bekend om zijn rauwe en meeslepende stijl. Hij brak internationaal door met zijn speelfilmdebuut RUNDSKOP (2011), een indrukwekkend misdaaddrama dat genomineerd werd voor een Oscar voor Beste Buitenlandse Film. Naast Rundskop regisseerde hij ook de Amerikaanse film THE DROP (2014) en de film LE FID\u00c8LE (2017). Zijn werk, waaronder ook de de gelauwerde Amerikaanse mini-serie BLACK BIRD (2021 &#8211; AppleTV), wordt vaak geprezen om de sterke sfeer, intense vertolkingen en sociale diepgang.<\/p>\n<\/div><div class=\"clear\"><\/div>\n<h3>Een prestigieuze cast<\/h3>\n<p><strong>Arieh Worthalter<\/strong> is een meermaals bekroonde acteur (Magritte- en C\u00e9sar-), vooral bekend voor zijn rol als Pierre Goldman in Le Proc\u00e8s Goldman. <strong>Bouli Lanners<\/strong>, een Belgische acteur met veel talenten en heeft verschillende onderscheidingen gekregen (C\u00e9sar, Magritte) voor o.a. zijn rol in <em>La Nuit du 12<\/em> of voor <em>Les G\u00e9ants<\/em> als regisseur. <strong>Fran\u00e7ois Damiens<\/strong>, bekend om zijn verborgen cameragrappen onder de naam Fran\u00e7ois l\u2019Embrouille, werd geprezen voor zijn rollen in <em>La famille B\u00e9lier<\/em>, <em>Suzanne<\/em> en als regisseur van zijn film <em>Mon Ket<\/em>. <strong>Mara Taquin<\/strong> brak door met <em>Ennemi Public<\/em> en <em>La Ruche<\/em>, en werd meerdere keren genomineerd voor haar acteerprestaties, recent nog voor <em>La Petite<\/em> van Guillaume Nicloux en <em>Le Mohican<\/em>van Fr\u00e9d\u00e9ric Farucci. <strong>Jean-Beno\u00eet Ugeux<\/strong> is actief als acteur, regisseur en scenarist, en won een Magritte voor <em>Le Fid\u00e8le<\/em> van Micha\u00ebl R. Roskam. <strong>Ruth Becquart<\/strong> is een Vlaamse actrice en schrijfster, bekend van films zoals <em>Julie zwijgt<\/em> en de serie <em>Chauss\u00e9e d\u2019Amour<\/em>. <strong>Viviane De Muynck<\/strong> is theatericoon en actrice, bekend van films zoals <em>Le Tout Nouveau Testament<\/em> en recentelijk van de serie <em>Knokke Off<\/em>. <strong>Pierre Gervais<\/strong>werd bekend met de film J<em>ulie zwijgt<\/em> en speelt Ren\u00e9 Magritte in <em>This is Not a Murder Mystery<\/em>. <strong>Julien Frison<\/strong> is een Belgisch-Franse acteur die actief is in theater, film en televisie. Hij was te zien in <em>La Nuit du 12<\/em> en werd genomineerd voor een C\u00e9sar voor zijn rol in <em>Le Th\u00e9or\u00e8me de Marguerite<\/em>. <strong>M\u00e9lanie Thierry<\/strong>won eerder een C\u00e9sar en werkte met grote namen als Terry Gilliam en Emmanuel Finkiel (<em>La douleur, La Chambre de Mariana<\/em>). <strong>Karim Leklou<\/strong>, bekroond met de C\u00e9sar voor Beste Acteur voor <em>Le Roman de Jim<\/em>, is een bekend gezicht in de Franstalige Belgische cinema dankzij zijn rollen in <em>Les G\u00e9ants<\/em>, <em>Un monde<\/em> en <em>Temps Mort<\/em>.<\/p>\n<h3>Over de opnames<\/h3>\n<p>De opnames starten op dinsdag 23 september en worden afgerond op woensdag 10 december. Naast Brussel zullen er ook opnamedagen zijn in Gent, Bergen en Frankrijk.<\/p>\n<h3>Over de productie en partners<\/h3>\n<p><em>Le Faux Soir<\/em><\/p>\n<p>is een productie van Frakas Productions (Jean-Yves Roubin en Cassandre Warnauts), Rectangle Productions \/ Goodfellas (Alice Girard en Vincent Maraval) en Harbor Men Pictures (het productiehuis van Micha\u00ebl Roskam), in samenwerking met\u00a0Anonymous Federation en\u00a0Rossel (Bernard Marchant).<br \/>\nDe film is gecoproduceerd door RTL, Proximus, BeTV en Orange. Hij geniet de steun van het Centre du Cin\u00e9ma et de l\u2019Audiovisuel van de F\u00e9d\u00e9ration Wallonie-Bruxelles, het Vlaams Audiovisueel Fonds, Eurimages, het Brussels Hoofdstedelijk Gewest, Wallimage, Screen Flanders, Shelter Prod, Taxshelter.be en ING. De film wordt ook ondersteund door Canal+.<\/p>\n","protected":false},"excerpt":{"rendered":"<p>De opnames van Le Faux Soir,\u00a0in een\u00a0 regie van Micha\u00ebl R. Roskam, zijn deze week gestart. De langspeelfilm zal eer betonen aan \u00e9\u00e9n van de meest opvallende verzetsdaden van het Belgisch verzet tijdens de Tweede Wereldoorlog: het verspreiden van een pastiche van de krant Le Soir die openlijk de spot dreef met de Duitse bezetter. &hellip;<\/p>\n","protected":false},"author":349,"featured_media":267980,"comment_status":"closed","ping_status":"closed","sticky":false,"template":"","format":"standard","meta":{"ngg_post_thumbnail":0,"footnotes":""},"categories":[7136,50,30,3],"tags":[9389,7784,8694,9396,8800,9397,9390,7756,9392,9394,8693,9391,9395,8691,7791,7915,9388,9387,9393,1190,2356,6678,4938],"class_list":["post-267977","post","type-post","status-publish","format-standard","has-post-thumbnail","","category-we-love-belgian-cinema-nl","category-featured-actus-nl","category-nieuws","category-varia-nl","tag-ariehworthalter","tag-belgischefilm","tag-boulilanners","tag-christophechassol","tag-cinemabelge","tag-filmopnames","tag-francoisdamiens","tag-janbijvoet","tag-jeanbenoitugeux","tag-karimleklou","tag-lefauxsoir","tag-marataquin","tag-melaniethierry","tag-michaelroskam","tag-petervandenbegin","tag-ruthbecquart","tag-tweedewereldoorlog","tag-verzetsdrama","tag-vivianedemuynck","tag-brussel","tag-film","tag-roskam","tag-woii"],"yoast_head":"<!-- This site is optimized with the Yoast SEO plugin v20.4 - https:\/\/yoast.com\/wordpress\/plugins\/seo\/ -->\n<title>Opnames van &#039;Le Faux Soir&#039; van Micha\u00ebl R. Roskam gestart - We Love Cinema<\/title>\n<meta name=\"robots\" content=\"index, follow, max-snippet:-1, max-image-preview:large, max-video-preview:-1\" \/>\n<link rel=\"canonical\" href=\"https:\/\/welovecinema.be\/nl\/opnames-van-le-faux-soir-van-michael-r-roskam-gestart\/\" \/>\n<meta property=\"og:locale\" content=\"nl_NL\" \/>\n<meta property=\"og:type\" content=\"article\" \/>\n<meta property=\"og:title\" content=\"Opnames van &#039;Le Faux Soir&#039; van Micha\u00ebl R. Roskam gestart - We Love Cinema\" \/>\n<meta property=\"og:description\" content=\"De opnames van Le Faux Soir,\u00a0in een\u00a0 regie van Micha\u00ebl R. Roskam, zijn deze week gestart. De langspeelfilm zal eer betonen aan \u00e9\u00e9n van de meest opvallende verzetsdaden van het Belgisch verzet tijdens de Tweede Wereldoorlog: het verspreiden van een pastiche van de krant Le Soir die openlijk de spot dreef met de Duitse bezetter. &hellip;\" \/>\n<meta property=\"og:url\" content=\"https:\/\/welovecinema.be\/nl\/opnames-van-le-faux-soir-van-michael-r-roskam-gestart\/\" \/>\n<meta property=\"og:site_name\" content=\"We Love Cinema\" \/>\n<meta property=\"article:publisher\" content=\"https:\/\/www.facebook.com\/welovecinema.be\" \/>\n<meta property=\"article:published_time\" content=\"2025-09-24T11:28:16+00:00\" \/>\n<meta property=\"og:image\" content=\"https:\/\/welovecinema.be\/wp-content\/uploads\/sites\/2\/2025\/09\/Michael-R.-Roskam-Jordan-Vanschel-\u00a9-Lara-Gasparotto-1.jpg\" \/>\n\t<meta property=\"og:image:width\" content=\"1112\" \/>\n\t<meta property=\"og:image:height\" content=\"776\" \/>\n\t<meta property=\"og:image:type\" content=\"image\/jpeg\" \/>\n<meta name=\"author\" content=\"Seppe van Groeningen\" \/>\n<meta name=\"twitter:card\" content=\"summary_large_image\" \/>\n<meta name=\"twitter:label1\" content=\"Geschreven door\" \/>\n\t<meta name=\"twitter:data1\" content=\"Seppe van Groeningen\" \/>\n\t<meta name=\"twitter:label2\" content=\"Geschatte leestijd\" \/>\n\t<meta name=\"twitter:data2\" content=\"5 minuten\" \/>\n<script type=\"application\/ld+json\" class=\"yoast-schema-graph\">{\"@context\":\"https:\/\/schema.org\",\"@graph\":[{\"@type\":\"Article\",\"@id\":\"https:\/\/welovecinema.be\/nl\/opnames-van-le-faux-soir-van-michael-r-roskam-gestart\/#article\",\"isPartOf\":{\"@id\":\"https:\/\/welovecinema.be\/nl\/opnames-van-le-faux-soir-van-michael-r-roskam-gestart\/\"},\"author\":{\"name\":\"Seppe van Groeningen\",\"@id\":\"https:\/\/welovecinema.be\/nl\/#\/schema\/person\/9a9270eec1274600ec8c420b80d00480\"},\"headline\":\"Opnames van &#8216;Le Faux Soir&#8217; van Micha\u00ebl R. Roskam gestart\",\"datePublished\":\"2025-09-24T11:28:16+00:00\",\"dateModified\":\"2025-09-24T11:28:16+00:00\",\"mainEntityOfPage\":{\"@id\":\"https:\/\/welovecinema.be\/nl\/opnames-van-le-faux-soir-van-michael-r-roskam-gestart\/\"},\"wordCount\":905,\"publisher\":{\"@id\":\"https:\/\/welovecinema.be\/nl\/#organization\"},\"keywords\":[\"#AriehWorthalter\",\"#belgischefilm\",\"#boulilanners\",\"#ChristopheChassol\",\"#CinemaBelge\",\"#Filmopnames\",\"#Fran\u00e7oisDamiens\",\"#janbijvoet\",\"#JeanBeno\u00eetUgeux\",\"#KarimLeklou\",\"#lefauxsoir\",\"#MaraTaquin\",\"#M\u00e9lanieThierry\",\"#michaelroskam\",\"#petervandenbegin\",\"#ruthbecquart\",\"#TweedeWereldoorlog\",\"#Verzetsdrama\",\"#VivianeDeMuynck\",\"Brussel\",\"film\",\"Roskam\",\"WOII\"],\"articleSection\":[\"\u00a0We Love Belgian Cinema\",\"Focus\",\"Nieuws\",\"Varia\"],\"inLanguage\":\"nl-NL\"},{\"@type\":\"WebPage\",\"@id\":\"https:\/\/welovecinema.be\/nl\/opnames-van-le-faux-soir-van-michael-r-roskam-gestart\/\",\"url\":\"https:\/\/welovecinema.be\/nl\/opnames-van-le-faux-soir-van-michael-r-roskam-gestart\/\",\"name\":\"Opnames van 'Le Faux Soir' van Micha\u00ebl R. Roskam gestart - We Love Cinema\",\"isPartOf\":{\"@id\":\"https:\/\/welovecinema.be\/nl\/#website\"},\"datePublished\":\"2025-09-24T11:28:16+00:00\",\"dateModified\":\"2025-09-24T11:28:16+00:00\",\"breadcrumb\":{\"@id\":\"https:\/\/welovecinema.be\/nl\/opnames-van-le-faux-soir-van-michael-r-roskam-gestart\/#breadcrumb\"},\"inLanguage\":\"nl-NL\",\"potentialAction\":[{\"@type\":\"ReadAction\",\"target\":[\"https:\/\/welovecinema.be\/nl\/opnames-van-le-faux-soir-van-michael-r-roskam-gestart\/\"]}]},{\"@type\":\"BreadcrumbList\",\"@id\":\"https:\/\/welovecinema.be\/nl\/opnames-van-le-faux-soir-van-michael-r-roskam-gestart\/#breadcrumb\",\"itemListElement\":[{\"@type\":\"ListItem\",\"position\":1,\"name\":\"Accueil\",\"item\":\"https:\/\/welovecinema.be\/nl\/\"},{\"@type\":\"ListItem\",\"position\":2,\"name\":\"Opnames van &#8216;Le Faux Soir&#8217; van Micha\u00ebl R. Roskam gestart\"}]},{\"@type\":\"WebSite\",\"@id\":\"https:\/\/welovecinema.be\/nl\/#website\",\"url\":\"https:\/\/welovecinema.be\/nl\/\",\"name\":\"We Love Cinema\",\"description\":\"Toute l\u2019information du cin\u00e9ma en Belgique\",\"publisher\":{\"@id\":\"https:\/\/welovecinema.be\/nl\/#organization\"},\"potentialAction\":[{\"@type\":\"SearchAction\",\"target\":{\"@type\":\"EntryPoint\",\"urlTemplate\":\"https:\/\/welovecinema.be\/nl\/?s={search_term_string}\"},\"query-input\":\"required name=search_term_string\"}],\"inLanguage\":\"nl-NL\"},{\"@type\":\"Organization\",\"@id\":\"https:\/\/welovecinema.be\/nl\/#organization\",\"name\":\"We Love Cinema\",\"url\":\"https:\/\/welovecinema.be\/nl\/\",\"logo\":{\"@type\":\"ImageObject\",\"inLanguage\":\"nl-NL\",\"@id\":\"https:\/\/welovecinema.be\/nl\/#\/schema\/logo\/image\/\",\"url\":\"https:\/\/welovecinema.be\/wp-content\/uploads\/sites\/2\/2023\/03\/Logo-We-Love-Cinema305x128.jpg\",\"contentUrl\":\"https:\/\/welovecinema.be\/wp-content\/uploads\/sites\/2\/2023\/03\/Logo-We-Love-Cinema305x128.jpg\",\"width\":305,\"height\":128,\"caption\":\"We Love Cinema\"},\"image\":{\"@id\":\"https:\/\/welovecinema.be\/nl\/#\/schema\/logo\/image\/\"},\"sameAs\":[\"https:\/\/www.facebook.com\/welovecinema.be\",\"https:\/\/www.youtube.com\/channel\/UCX5LYGVhnKvYauW4Nta4HJA\",\"https:\/\/www.instagram.com\/welovecinema.be\/\"]},{\"@type\":\"Person\",\"@id\":\"https:\/\/welovecinema.be\/nl\/#\/schema\/person\/9a9270eec1274600ec8c420b80d00480\",\"name\":\"Seppe van Groeningen\",\"url\":\"https:\/\/welovecinema.be\/nl\/author\/seppe\/\"}]}<\/script>\n<!-- \/ Yoast SEO plugin. -->","yoast_head_json":{"title":"Opnames van 'Le Faux Soir' van Micha\u00ebl R. Roskam gestart - We Love Cinema","robots":{"index":"index","follow":"follow","max-snippet":"max-snippet:-1","max-image-preview":"max-image-preview:large","max-video-preview":"max-video-preview:-1"},"canonical":"https:\/\/welovecinema.be\/nl\/opnames-van-le-faux-soir-van-michael-r-roskam-gestart\/","og_locale":"nl_NL","og_type":"article","og_title":"Opnames van 'Le Faux Soir' van Micha\u00ebl R. Roskam gestart - We Love Cinema","og_description":"De opnames van Le Faux Soir,\u00a0in een\u00a0 regie van Micha\u00ebl R. Roskam, zijn deze week gestart. De langspeelfilm zal eer betonen aan \u00e9\u00e9n van de meest opvallende verzetsdaden van het Belgisch verzet tijdens de Tweede Wereldoorlog: het verspreiden van een pastiche van de krant Le Soir die openlijk de spot dreef met de Duitse bezetter. &hellip;","og_url":"https:\/\/welovecinema.be\/nl\/opnames-van-le-faux-soir-van-michael-r-roskam-gestart\/","og_site_name":"We Love Cinema","article_publisher":"https:\/\/www.facebook.com\/welovecinema.be","article_published_time":"2025-09-24T11:28:16+00:00","og_image":[{"width":1112,"height":776,"url":"https:\/\/welovecinema.be\/wp-content\/uploads\/sites\/2\/2025\/09\/Michael-R.-Roskam-Jordan-Vanschel-\u00a9-Lara-Gasparotto-1.jpg","type":"image\/jpeg"}],"author":"Seppe van Groeningen","twitter_card":"summary_large_image","twitter_misc":{"Geschreven door":"Seppe van Groeningen","Geschatte leestijd":"5 minuten"},"schema":{"@context":"https:\/\/schema.org","@graph":[{"@type":"Article","@id":"https:\/\/welovecinema.be\/nl\/opnames-van-le-faux-soir-van-michael-r-roskam-gestart\/#article","isPartOf":{"@id":"https:\/\/welovecinema.be\/nl\/opnames-van-le-faux-soir-van-michael-r-roskam-gestart\/"},"author":{"name":"Seppe van Groeningen","@id":"https:\/\/welovecinema.be\/nl\/#\/schema\/person\/9a9270eec1274600ec8c420b80d00480"},"headline":"Opnames van &#8216;Le Faux Soir&#8217; van Micha\u00ebl R. Roskam gestart","datePublished":"2025-09-24T11:28:16+00:00","dateModified":"2025-09-24T11:28:16+00:00","mainEntityOfPage":{"@id":"https:\/\/welovecinema.be\/nl\/opnames-van-le-faux-soir-van-michael-r-roskam-gestart\/"},"wordCount":905,"publisher":{"@id":"https:\/\/welovecinema.be\/nl\/#organization"},"keywords":["#AriehWorthalter","#belgischefilm","#boulilanners","#ChristopheChassol","#CinemaBelge","#Filmopnames","#Fran\u00e7oisDamiens","#janbijvoet","#JeanBeno\u00eetUgeux","#KarimLeklou","#lefauxsoir","#MaraTaquin","#M\u00e9lanieThierry","#michaelroskam","#petervandenbegin","#ruthbecquart","#TweedeWereldoorlog","#Verzetsdrama","#VivianeDeMuynck","Brussel","film","Roskam","WOII"],"articleSection":["\u00a0We Love Belgian Cinema","Focus","Nieuws","Varia"],"inLanguage":"nl-NL"},{"@type":"WebPage","@id":"https:\/\/welovecinema.be\/nl\/opnames-van-le-faux-soir-van-michael-r-roskam-gestart\/","url":"https:\/\/welovecinema.be\/nl\/opnames-van-le-faux-soir-van-michael-r-roskam-gestart\/","name":"Opnames van 'Le Faux Soir' van Micha\u00ebl R. Roskam gestart - We Love Cinema","isPartOf":{"@id":"https:\/\/welovecinema.be\/nl\/#website"},"datePublished":"2025-09-24T11:28:16+00:00","dateModified":"2025-09-24T11:28:16+00:00","breadcrumb":{"@id":"https:\/\/welovecinema.be\/nl\/opnames-van-le-faux-soir-van-michael-r-roskam-gestart\/#breadcrumb"},"inLanguage":"nl-NL","potentialAction":[{"@type":"ReadAction","target":["https:\/\/welovecinema.be\/nl\/opnames-van-le-faux-soir-van-michael-r-roskam-gestart\/"]}]},{"@type":"BreadcrumbList","@id":"https:\/\/welovecinema.be\/nl\/opnames-van-le-faux-soir-van-michael-r-roskam-gestart\/#breadcrumb","itemListElement":[{"@type":"ListItem","position":1,"name":"Accueil","item":"https:\/\/welovecinema.be\/nl\/"},{"@type":"ListItem","position":2,"name":"Opnames van &#8216;Le Faux Soir&#8217; van Micha\u00ebl R. Roskam gestart"}]},{"@type":"WebSite","@id":"https:\/\/welovecinema.be\/nl\/#website","url":"https:\/\/welovecinema.be\/nl\/","name":"We Love Cinema","description":"Toute l\u2019information du cin\u00e9ma en Belgique","publisher":{"@id":"https:\/\/welovecinema.be\/nl\/#organization"},"potentialAction":[{"@type":"SearchAction","target":{"@type":"EntryPoint","urlTemplate":"https:\/\/welovecinema.be\/nl\/?s={search_term_string}"},"query-input":"required name=search_term_string"}],"inLanguage":"nl-NL"},{"@type":"Organization","@id":"https:\/\/welovecinema.be\/nl\/#organization","name":"We Love Cinema","url":"https:\/\/welovecinema.be\/nl\/","logo":{"@type":"ImageObject","inLanguage":"nl-NL","@id":"https:\/\/welovecinema.be\/nl\/#\/schema\/logo\/image\/","url":"https:\/\/welovecinema.be\/wp-content\/uploads\/sites\/2\/2023\/03\/Logo-We-Love-Cinema305x128.jpg","contentUrl":"https:\/\/welovecinema.be\/wp-content\/uploads\/sites\/2\/2023\/03\/Logo-We-Love-Cinema305x128.jpg","width":305,"height":128,"caption":"We Love Cinema"},"image":{"@id":"https:\/\/welovecinema.be\/nl\/#\/schema\/logo\/image\/"},"sameAs":["https:\/\/www.facebook.com\/welovecinema.be","https:\/\/www.youtube.com\/channel\/UCX5LYGVhnKvYauW4Nta4HJA","https:\/\/www.instagram.com\/welovecinema.be\/"]},{"@type":"Person","@id":"https:\/\/welovecinema.be\/nl\/#\/schema\/person\/9a9270eec1274600ec8c420b80d00480","name":"Seppe van Groeningen","url":"https:\/\/welovecinema.be\/nl\/author\/seppe\/"}]}},"_links":{"self":[{"href":"https:\/\/welovecinema.be\/nl\/wp-json\/wp\/v2\/posts\/267977","targetHints":{"allow":["GET"]}}],"collection":[{"href":"https:\/\/welovecinema.be\/nl\/wp-json\/wp\/v2\/posts"}],"about":[{"href":"https:\/\/welovecinema.be\/nl\/wp-json\/wp\/v2\/types\/post"}],"author":[{"embeddable":true,"href":"https:\/\/welovecinema.be\/nl\/wp-json\/wp\/v2\/users\/349"}],"replies":[{"embeddable":true,"href":"https:\/\/welovecinema.be\/nl\/wp-json\/wp\/v2\/comments?post=267977"}],"version-history":[{"count":2,"href":"https:\/\/welovecinema.be\/nl\/wp-json\/wp\/v2\/posts\/267977\/revisions"}],"predecessor-version":[{"id":267983,"href":"https:\/\/welovecinema.be\/nl\/wp-json\/wp\/v2\/posts\/267977\/revisions\/267983"}],"wp:featuredmedia":[{"embeddable":true,"href":"https:\/\/welovecinema.be\/nl\/wp-json\/wp\/v2\/media\/267980"}],"wp:attachment":[{"href":"https:\/\/welovecinema.be\/nl\/wp-json\/wp\/v2\/media?parent=267977"}],"wp:term":[{"taxonomy":"category","embeddable":true,"href":"https:\/\/welovecinema.be\/nl\/wp-json\/wp\/v2\/categories?post=267977"},{"taxonomy":"post_tag","embeddable":true,"href":"https:\/\/welovecinema.be\/nl\/wp-json\/wp\/v2\/tags?post=267977"}],"curies":[{"name":"wp","href":"https:\/\/api.w.org\/{rel}","templated":true}]}}