{"id":267670,"date":"2025-09-05T14:30:32","date_gmt":"2025-09-05T12:30:32","guid":{"rendered":"https:\/\/welovecinema.be\/?p=267670"},"modified":"2025-09-05T14:30:32","modified_gmt":"2025-09-05T12:30:32","slug":"belgische-premiere-van-lancre-van-jen-debauche-in-aanwezigheid-van-actrice-charlotte-rampling","status":"publish","type":"post","link":"https:\/\/welovecinema.be\/nl\/belgische-premiere-van-lancre-van-jen-debauche-in-aanwezigheid-van-actrice-charlotte-rampling\/","title":{"rendered":"Belgische premi\u00e8re van &#8216;L&#8217;Ancre&#8217; van Jen Debauche in aanwezigheid van actrice Charlotte Rampling"},"content":{"rendered":"<p><strong>De lange documentaire &#8216;L&#8217;Ancre<\/strong><em><strong>&#8216;\u00a0<\/strong><\/em><strong>van Jen Debauche zal zijn Belgische premi\u00e8re beleven in Cinema Nova te Brussel op 12 september in aanwezigheid van de maker en het hoofdpersonage Charlotte Rampling. De film werd eerder dit jaar bekroond op het documentairefestival DocLisboa met de CUPRA International Competition Jury Award en de TVCine Channels New Talent Award.<\/strong><\/p>\n<p>\u2018L\u2019Ancre\u2019 is een experimentele film die getuigenissen fictionaliseert en een stem geeft aan mensen die een mentale ziekte hebben ervaren en manieren hebben gevonden om hiermee om te gaan. De film volgt\u00a0Florence (Charlotte Rampling) die luistert naar opgenomen getuigenissen. Diane, Bruno en Gilles beschrijven wat ze hebben meegemaakt. Ook de aantekeningen en de innerlijke stem van Florence vertellen over haar tocht door de psychose. Langs ineengestrengelde woorden en verhalen varen we aan boord van een groot zeilschip door de onmetelijke Arctische gebieden.<\/p>\n<p><em>&#8216;L&#8217;Ancre&#8217; is het resultaat van jarenlang artistiek onderzoek en combineert theorie, praktijk en persoonlijke verhalen en toont ons een introspectieve visie op psychose. In de ijzige omarming van Arctische landschappen worden intieme getuigenissen getransformeerd in metaforen die het verval van het klimaat illustreren; daarmee de aandacht vestigend op de kwetsbaarheid van ons psychologisch en ecologisch evenwicht.&#8221; <\/em>zegt regisseur Jen Debauche.<\/p>\n<p><img loading=\"lazy\" decoding=\"async\" class=\"aligncenter size-full wp-image-267671\" src=\"https:\/\/welovecinema.be\/wp-content\/uploads\/sites\/2\/2025\/09\/Screenshot-2025-09-05-at-14.24.39.jpg\" alt=\"\" width=\"548\" height=\"393\" srcset=\"https:\/\/welovecinema.be\/wp-content\/uploads\/sites\/2\/2025\/09\/Screenshot-2025-09-05-at-14.24.39.jpg 548w, https:\/\/welovecinema.be\/wp-content\/uploads\/sites\/2\/2025\/09\/Screenshot-2025-09-05-at-14.24.39-376x270.jpg 376w, https:\/\/welovecinema.be\/wp-content\/uploads\/sites\/2\/2025\/09\/Screenshot-2025-09-05-at-14.24.39-100x72.jpg 100w\" sizes=\"auto, (max-width: 548px) 100vw, 548px\" \/><\/p>\n<p>Jen Debauche studeerde af aan Sint Lukas in Brussel als een experimentele filmmaker. Ze maakte verschillende installaties en kortfilms, waaronder <strong>\u2018<\/strong>Personna\u2019 dat de prijs won op het Courtisane Festival. In 2015 maakte ze de film \u2018L\u2019oeuil du cyclope\u2019 die de juryprijs won op het Festival des Cin\u00e9mas Diff\u00e9rents et Exp\u00e9rimentaux.<\/p>\n<p>Actrice Charlotte Rampling (77) is onbetwist een van de grande dames van de Europese cinema. Ze brak in 1974 door met\u00a0&#8216;The Night Porter&#8217;\u00a0(1974): een controversi\u00eble thriller, waarin ze een concentratiekampoverlevende speelt. Sindsdien speelde ze in talloze producties. De laatste jaren speelde ze imponerende rollen in arthousefilms als &#8217;45 years&#8217; en &#8216;Hannah&#8217; maar ook grote Hollywood-producties zoals\u00a0&#8216;Red Sparrow&#8217; en Denis Villeneuve\u2019s &#8216;Dune&#8217;-tweeluik.<\/p>\n<p><strong>Regisseur Jen Debauche werkte voor\u00a0&#8216;L&#8217;Ancre<\/strong><em><strong>&#8216;<\/strong><\/em><strong>\u00a0samen met co-scenarist Julie Labas. De productie is van Eurydice Gysel voor Czar Film &amp; TV, in co-productie met Atelier Graphoui. De film kwam tot stand met de steun van het VAF\/Filmfonds van de Vlaamse minister van Cultuur Caroline Gennez.<\/strong><\/p>\n","protected":false},"excerpt":{"rendered":"<p>De lange documentaire &#8216;L&#8217;Ancre&#8216;\u00a0van Jen Debauche zal zijn Belgische premi\u00e8re beleven in Cinema Nova te Brussel op 12 september in aanwezigheid van de maker en het hoofdpersonage Charlotte Rampling. De film werd eerder dit jaar bekroond op het documentairefestival DocLisboa met de CUPRA International Competition Jury Award en de TVCine Channels New Talent Award. \u2018L\u2019Ancre\u2019 &hellip;<\/p>\n","protected":false},"author":349,"featured_media":267673,"comment_status":"closed","ping_status":"closed","sticky":false,"template":"","format":"standard","meta":{"ngg_post_thumbnail":0,"footnotes":""},"categories":[7136,50,30,3],"tags":[9279,9281,8711,9274,9275,9280,9029,9276,8206,8205,9278,9277,4611,1236,3558,528],"class_list":["post-267670","post","type-post","status-publish","format-standard","has-post-thumbnail","","category-we-love-belgian-cinema-nl","category-featured-actus-nl","category-nieuws","category-varia-nl","tag-arctischelandschappen","tag-ateliergraphoui","tag-belgischepremiere","tag-charlotterampling","tag-cinemanova","tag-czarfilm","tag-europesecinema","tag-experimentelefilm","tag-jendebauche","tag-lancre","tag-mentalegezondheid","tag-psychose","tag-doclisboa","tag-documentaire","tag-filmfestival","tag-vaf"],"yoast_head":"<!-- This site is optimized with the Yoast SEO plugin v20.4 - https:\/\/yoast.com\/wordpress\/plugins\/seo\/ -->\n<title>Belgische premi\u00e8re van &#039;L&#039;Ancre&#039; van Jen Debauche in aanwezigheid van actrice Charlotte Rampling - We Love Cinema<\/title>\n<meta name=\"robots\" content=\"index, follow, max-snippet:-1, max-image-preview:large, max-video-preview:-1\" \/>\n<link rel=\"canonical\" href=\"https:\/\/welovecinema.be\/nl\/belgische-premiere-van-lancre-van-jen-debauche-in-aanwezigheid-van-actrice-charlotte-rampling\/\" \/>\n<meta property=\"og:locale\" content=\"nl_NL\" \/>\n<meta property=\"og:type\" content=\"article\" \/>\n<meta property=\"og:title\" content=\"Belgische premi\u00e8re van &#039;L&#039;Ancre&#039; van Jen Debauche in aanwezigheid van actrice Charlotte Rampling - We Love Cinema\" \/>\n<meta property=\"og:description\" content=\"De lange documentaire &#8216;L&#8217;Ancre&#8216;\u00a0van Jen Debauche zal zijn Belgische premi\u00e8re beleven in Cinema Nova te Brussel op 12 september in aanwezigheid van de maker en het hoofdpersonage Charlotte Rampling. De film werd eerder dit jaar bekroond op het documentairefestival DocLisboa met de CUPRA International Competition Jury Award en de TVCine Channels New Talent Award. \u2018L\u2019Ancre\u2019 &hellip;\" \/>\n<meta property=\"og:url\" content=\"https:\/\/welovecinema.be\/nl\/belgische-premiere-van-lancre-van-jen-debauche-in-aanwezigheid-van-actrice-charlotte-rampling\/\" \/>\n<meta property=\"og:site_name\" content=\"We Love Cinema\" \/>\n<meta property=\"article:publisher\" content=\"https:\/\/www.facebook.com\/welovecinema.be\" \/>\n<meta property=\"article:published_time\" content=\"2025-09-05T12:30:32+00:00\" \/>\n<meta property=\"og:image\" content=\"https:\/\/welovecinema.be\/wp-content\/uploads\/sites\/2\/2025\/09\/Screenshot-2025-09-05-at-14.25.52.jpg\" \/>\n\t<meta property=\"og:image:width\" content=\"554\" \/>\n\t<meta property=\"og:image:height\" content=\"377\" \/>\n\t<meta property=\"og:image:type\" content=\"image\/jpeg\" \/>\n<meta name=\"author\" content=\"Seppe van Groeningen\" \/>\n<meta name=\"twitter:card\" content=\"summary_large_image\" \/>\n<meta name=\"twitter:label1\" content=\"Geschreven door\" \/>\n\t<meta name=\"twitter:data1\" content=\"Seppe van Groeningen\" \/>\n\t<meta name=\"twitter:label2\" content=\"Geschatte leestijd\" \/>\n\t<meta name=\"twitter:data2\" content=\"2 minuten\" \/>\n<script type=\"application\/ld+json\" class=\"yoast-schema-graph\">{\"@context\":\"https:\/\/schema.org\",\"@graph\":[{\"@type\":\"Article\",\"@id\":\"https:\/\/welovecinema.be\/nl\/belgische-premiere-van-lancre-van-jen-debauche-in-aanwezigheid-van-actrice-charlotte-rampling\/#article\",\"isPartOf\":{\"@id\":\"https:\/\/welovecinema.be\/nl\/belgische-premiere-van-lancre-van-jen-debauche-in-aanwezigheid-van-actrice-charlotte-rampling\/\"},\"author\":{\"name\":\"Seppe van Groeningen\",\"@id\":\"https:\/\/welovecinema.be\/nl\/#\/schema\/person\/9a9270eec1274600ec8c420b80d00480\"},\"headline\":\"Belgische premi\u00e8re van &#8216;L&#8217;Ancre&#8217; van Jen Debauche in aanwezigheid van actrice Charlotte Rampling\",\"datePublished\":\"2025-09-05T12:30:32+00:00\",\"dateModified\":\"2025-09-05T12:30:32+00:00\",\"mainEntityOfPage\":{\"@id\":\"https:\/\/welovecinema.be\/nl\/belgische-premiere-van-lancre-van-jen-debauche-in-aanwezigheid-van-actrice-charlotte-rampling\/\"},\"wordCount\":380,\"publisher\":{\"@id\":\"https:\/\/welovecinema.be\/nl\/#organization\"},\"keywords\":[\"#ArctischeLandschappen\",\"#AtelierGraphoui\",\"#BelgischePremi\u00e8re\",\"#CharlotteRampling\",\"#CinemaNova\",\"#CzarFilm\",\"#EuropeseCinema\",\"#ExperimenteleFilm\",\"#jendebauche\",\"#lancre\",\"#MentaleGezondheid\",\"#Psychose\",\"Doclisboa\",\"documentaire\",\"Filmfestival\",\"VAF\"],\"articleSection\":[\"\u00a0We Love Belgian Cinema\",\"Focus\",\"Nieuws\",\"Varia\"],\"inLanguage\":\"nl-NL\"},{\"@type\":\"WebPage\",\"@id\":\"https:\/\/welovecinema.be\/nl\/belgische-premiere-van-lancre-van-jen-debauche-in-aanwezigheid-van-actrice-charlotte-rampling\/\",\"url\":\"https:\/\/welovecinema.be\/nl\/belgische-premiere-van-lancre-van-jen-debauche-in-aanwezigheid-van-actrice-charlotte-rampling\/\",\"name\":\"Belgische premi\u00e8re van 'L'Ancre' van Jen Debauche in aanwezigheid van actrice Charlotte Rampling - We Love Cinema\",\"isPartOf\":{\"@id\":\"https:\/\/welovecinema.be\/nl\/#website\"},\"datePublished\":\"2025-09-05T12:30:32+00:00\",\"dateModified\":\"2025-09-05T12:30:32+00:00\",\"breadcrumb\":{\"@id\":\"https:\/\/welovecinema.be\/nl\/belgische-premiere-van-lancre-van-jen-debauche-in-aanwezigheid-van-actrice-charlotte-rampling\/#breadcrumb\"},\"inLanguage\":\"nl-NL\",\"potentialAction\":[{\"@type\":\"ReadAction\",\"target\":[\"https:\/\/welovecinema.be\/nl\/belgische-premiere-van-lancre-van-jen-debauche-in-aanwezigheid-van-actrice-charlotte-rampling\/\"]}]},{\"@type\":\"BreadcrumbList\",\"@id\":\"https:\/\/welovecinema.be\/nl\/belgische-premiere-van-lancre-van-jen-debauche-in-aanwezigheid-van-actrice-charlotte-rampling\/#breadcrumb\",\"itemListElement\":[{\"@type\":\"ListItem\",\"position\":1,\"name\":\"Accueil\",\"item\":\"https:\/\/welovecinema.be\/nl\/\"},{\"@type\":\"ListItem\",\"position\":2,\"name\":\"Belgische premi\u00e8re van &#8216;L&#8217;Ancre&#8217; van Jen Debauche in aanwezigheid van actrice Charlotte Rampling\"}]},{\"@type\":\"WebSite\",\"@id\":\"https:\/\/welovecinema.be\/nl\/#website\",\"url\":\"https:\/\/welovecinema.be\/nl\/\",\"name\":\"We Love Cinema\",\"description\":\"Toute l\u2019information du cin\u00e9ma en Belgique\",\"publisher\":{\"@id\":\"https:\/\/welovecinema.be\/nl\/#organization\"},\"potentialAction\":[{\"@type\":\"SearchAction\",\"target\":{\"@type\":\"EntryPoint\",\"urlTemplate\":\"https:\/\/welovecinema.be\/nl\/?s={search_term_string}\"},\"query-input\":\"required name=search_term_string\"}],\"inLanguage\":\"nl-NL\"},{\"@type\":\"Organization\",\"@id\":\"https:\/\/welovecinema.be\/nl\/#organization\",\"name\":\"We Love Cinema\",\"url\":\"https:\/\/welovecinema.be\/nl\/\",\"logo\":{\"@type\":\"ImageObject\",\"inLanguage\":\"nl-NL\",\"@id\":\"https:\/\/welovecinema.be\/nl\/#\/schema\/logo\/image\/\",\"url\":\"https:\/\/welovecinema.be\/wp-content\/uploads\/sites\/2\/2023\/03\/Logo-We-Love-Cinema305x128.jpg\",\"contentUrl\":\"https:\/\/welovecinema.be\/wp-content\/uploads\/sites\/2\/2023\/03\/Logo-We-Love-Cinema305x128.jpg\",\"width\":305,\"height\":128,\"caption\":\"We Love Cinema\"},\"image\":{\"@id\":\"https:\/\/welovecinema.be\/nl\/#\/schema\/logo\/image\/\"},\"sameAs\":[\"https:\/\/www.facebook.com\/welovecinema.be\",\"https:\/\/www.youtube.com\/channel\/UCX5LYGVhnKvYauW4Nta4HJA\",\"https:\/\/www.instagram.com\/welovecinema.be\/\"]},{\"@type\":\"Person\",\"@id\":\"https:\/\/welovecinema.be\/nl\/#\/schema\/person\/9a9270eec1274600ec8c420b80d00480\",\"name\":\"Seppe van Groeningen\",\"url\":\"https:\/\/welovecinema.be\/nl\/author\/seppe\/\"}]}<\/script>\n<!-- \/ Yoast SEO plugin. -->","yoast_head_json":{"title":"Belgische premi\u00e8re van 'L'Ancre' van Jen Debauche in aanwezigheid van actrice Charlotte Rampling - We Love Cinema","robots":{"index":"index","follow":"follow","max-snippet":"max-snippet:-1","max-image-preview":"max-image-preview:large","max-video-preview":"max-video-preview:-1"},"canonical":"https:\/\/welovecinema.be\/nl\/belgische-premiere-van-lancre-van-jen-debauche-in-aanwezigheid-van-actrice-charlotte-rampling\/","og_locale":"nl_NL","og_type":"article","og_title":"Belgische premi\u00e8re van 'L'Ancre' van Jen Debauche in aanwezigheid van actrice Charlotte Rampling - We Love Cinema","og_description":"De lange documentaire &#8216;L&#8217;Ancre&#8216;\u00a0van Jen Debauche zal zijn Belgische premi\u00e8re beleven in Cinema Nova te Brussel op 12 september in aanwezigheid van de maker en het hoofdpersonage Charlotte Rampling. De film werd eerder dit jaar bekroond op het documentairefestival DocLisboa met de CUPRA International Competition Jury Award en de TVCine Channels New Talent Award. \u2018L\u2019Ancre\u2019 &hellip;","og_url":"https:\/\/welovecinema.be\/nl\/belgische-premiere-van-lancre-van-jen-debauche-in-aanwezigheid-van-actrice-charlotte-rampling\/","og_site_name":"We Love Cinema","article_publisher":"https:\/\/www.facebook.com\/welovecinema.be","article_published_time":"2025-09-05T12:30:32+00:00","og_image":[{"width":554,"height":377,"url":"https:\/\/welovecinema.be\/wp-content\/uploads\/sites\/2\/2025\/09\/Screenshot-2025-09-05-at-14.25.52.jpg","type":"image\/jpeg"}],"author":"Seppe van Groeningen","twitter_card":"summary_large_image","twitter_misc":{"Geschreven door":"Seppe van Groeningen","Geschatte leestijd":"2 minuten"},"schema":{"@context":"https:\/\/schema.org","@graph":[{"@type":"Article","@id":"https:\/\/welovecinema.be\/nl\/belgische-premiere-van-lancre-van-jen-debauche-in-aanwezigheid-van-actrice-charlotte-rampling\/#article","isPartOf":{"@id":"https:\/\/welovecinema.be\/nl\/belgische-premiere-van-lancre-van-jen-debauche-in-aanwezigheid-van-actrice-charlotte-rampling\/"},"author":{"name":"Seppe van Groeningen","@id":"https:\/\/welovecinema.be\/nl\/#\/schema\/person\/9a9270eec1274600ec8c420b80d00480"},"headline":"Belgische premi\u00e8re van &#8216;L&#8217;Ancre&#8217; van Jen Debauche in aanwezigheid van actrice Charlotte Rampling","datePublished":"2025-09-05T12:30:32+00:00","dateModified":"2025-09-05T12:30:32+00:00","mainEntityOfPage":{"@id":"https:\/\/welovecinema.be\/nl\/belgische-premiere-van-lancre-van-jen-debauche-in-aanwezigheid-van-actrice-charlotte-rampling\/"},"wordCount":380,"publisher":{"@id":"https:\/\/welovecinema.be\/nl\/#organization"},"keywords":["#ArctischeLandschappen","#AtelierGraphoui","#BelgischePremi\u00e8re","#CharlotteRampling","#CinemaNova","#CzarFilm","#EuropeseCinema","#ExperimenteleFilm","#jendebauche","#lancre","#MentaleGezondheid","#Psychose","Doclisboa","documentaire","Filmfestival","VAF"],"articleSection":["\u00a0We Love Belgian Cinema","Focus","Nieuws","Varia"],"inLanguage":"nl-NL"},{"@type":"WebPage","@id":"https:\/\/welovecinema.be\/nl\/belgische-premiere-van-lancre-van-jen-debauche-in-aanwezigheid-van-actrice-charlotte-rampling\/","url":"https:\/\/welovecinema.be\/nl\/belgische-premiere-van-lancre-van-jen-debauche-in-aanwezigheid-van-actrice-charlotte-rampling\/","name":"Belgische premi\u00e8re van 'L'Ancre' van Jen Debauche in aanwezigheid van actrice Charlotte Rampling - We Love Cinema","isPartOf":{"@id":"https:\/\/welovecinema.be\/nl\/#website"},"datePublished":"2025-09-05T12:30:32+00:00","dateModified":"2025-09-05T12:30:32+00:00","breadcrumb":{"@id":"https:\/\/welovecinema.be\/nl\/belgische-premiere-van-lancre-van-jen-debauche-in-aanwezigheid-van-actrice-charlotte-rampling\/#breadcrumb"},"inLanguage":"nl-NL","potentialAction":[{"@type":"ReadAction","target":["https:\/\/welovecinema.be\/nl\/belgische-premiere-van-lancre-van-jen-debauche-in-aanwezigheid-van-actrice-charlotte-rampling\/"]}]},{"@type":"BreadcrumbList","@id":"https:\/\/welovecinema.be\/nl\/belgische-premiere-van-lancre-van-jen-debauche-in-aanwezigheid-van-actrice-charlotte-rampling\/#breadcrumb","itemListElement":[{"@type":"ListItem","position":1,"name":"Accueil","item":"https:\/\/welovecinema.be\/nl\/"},{"@type":"ListItem","position":2,"name":"Belgische premi\u00e8re van &#8216;L&#8217;Ancre&#8217; van Jen Debauche in aanwezigheid van actrice Charlotte Rampling"}]},{"@type":"WebSite","@id":"https:\/\/welovecinema.be\/nl\/#website","url":"https:\/\/welovecinema.be\/nl\/","name":"We Love Cinema","description":"Toute l\u2019information du cin\u00e9ma en Belgique","publisher":{"@id":"https:\/\/welovecinema.be\/nl\/#organization"},"potentialAction":[{"@type":"SearchAction","target":{"@type":"EntryPoint","urlTemplate":"https:\/\/welovecinema.be\/nl\/?s={search_term_string}"},"query-input":"required name=search_term_string"}],"inLanguage":"nl-NL"},{"@type":"Organization","@id":"https:\/\/welovecinema.be\/nl\/#organization","name":"We Love Cinema","url":"https:\/\/welovecinema.be\/nl\/","logo":{"@type":"ImageObject","inLanguage":"nl-NL","@id":"https:\/\/welovecinema.be\/nl\/#\/schema\/logo\/image\/","url":"https:\/\/welovecinema.be\/wp-content\/uploads\/sites\/2\/2023\/03\/Logo-We-Love-Cinema305x128.jpg","contentUrl":"https:\/\/welovecinema.be\/wp-content\/uploads\/sites\/2\/2023\/03\/Logo-We-Love-Cinema305x128.jpg","width":305,"height":128,"caption":"We Love Cinema"},"image":{"@id":"https:\/\/welovecinema.be\/nl\/#\/schema\/logo\/image\/"},"sameAs":["https:\/\/www.facebook.com\/welovecinema.be","https:\/\/www.youtube.com\/channel\/UCX5LYGVhnKvYauW4Nta4HJA","https:\/\/www.instagram.com\/welovecinema.be\/"]},{"@type":"Person","@id":"https:\/\/welovecinema.be\/nl\/#\/schema\/person\/9a9270eec1274600ec8c420b80d00480","name":"Seppe van Groeningen","url":"https:\/\/welovecinema.be\/nl\/author\/seppe\/"}]}},"_links":{"self":[{"href":"https:\/\/welovecinema.be\/nl\/wp-json\/wp\/v2\/posts\/267670","targetHints":{"allow":["GET"]}}],"collection":[{"href":"https:\/\/welovecinema.be\/nl\/wp-json\/wp\/v2\/posts"}],"about":[{"href":"https:\/\/welovecinema.be\/nl\/wp-json\/wp\/v2\/types\/post"}],"author":[{"embeddable":true,"href":"https:\/\/welovecinema.be\/nl\/wp-json\/wp\/v2\/users\/349"}],"replies":[{"embeddable":true,"href":"https:\/\/welovecinema.be\/nl\/wp-json\/wp\/v2\/comments?post=267670"}],"version-history":[{"count":2,"href":"https:\/\/welovecinema.be\/nl\/wp-json\/wp\/v2\/posts\/267670\/revisions"}],"predecessor-version":[{"id":267676,"href":"https:\/\/welovecinema.be\/nl\/wp-json\/wp\/v2\/posts\/267670\/revisions\/267676"}],"wp:featuredmedia":[{"embeddable":true,"href":"https:\/\/welovecinema.be\/nl\/wp-json\/wp\/v2\/media\/267673"}],"wp:attachment":[{"href":"https:\/\/welovecinema.be\/nl\/wp-json\/wp\/v2\/media?parent=267670"}],"wp:term":[{"taxonomy":"category","embeddable":true,"href":"https:\/\/welovecinema.be\/nl\/wp-json\/wp\/v2\/categories?post=267670"},{"taxonomy":"post_tag","embeddable":true,"href":"https:\/\/welovecinema.be\/nl\/wp-json\/wp\/v2\/tags?post=267670"}],"curies":[{"name":"wp","href":"https:\/\/api.w.org\/{rel}","templated":true}]}}