{"id":265113,"date":"2025-06-02T11:35:00","date_gmt":"2025-06-02T09:35:00","guid":{"rendered":"https:\/\/welovecinema.be\/?p=265113"},"modified":"2025-06-03T09:49:04","modified_gmt":"2025-06-03T07:49:04","slug":"briff-opent-met-wereldpremiere-van-les-tourmentes-van-lucas-belvaux","status":"publish","type":"post","link":"https:\/\/welovecinema.be\/nl\/briff-opent-met-wereldpremiere-van-les-tourmentes-van-lucas-belvaux\/","title":{"rendered":"BRIFF opent met wereldpremi\u00e8re van &#8216;Les Tourment\u00e9s&#8217; van Lucas Belvaux"},"content":{"rendered":"<p data-start=\"188\" data-end=\"533\"><strong>Het Brussels International Film Festival (BRIFF) trapt zijn 8ste editie op 20 juni af met een bijzondere primeur: de wereldpremi\u00e8re van <em data-start=\"324\" data-end=\"340\">Les Tourment\u00e9s<\/em>, de nieuwste film van regisseur Lucas Belvaux. Vijf jaar na <em data-start=\"401\" data-end=\"413\">Des hommes<\/em> keert Belvaux terug naar het festival met een intense psychologische thriller, gebaseerd op zijn eigen, geprezen roman.<\/strong><\/p>\n<p data-start=\"535\" data-end=\"1025\">In <em data-start=\"538\" data-end=\"554\">Les Tourment\u00e9s<\/em> volgen we Skender (Niels Schneider), een getraumatiseerde ex-huurling die in de marge van de samenleving beland is. Wanneer zijn vroegere strijdmakker Max (Ramzy Bedia) hem voorstelt om deel te nemen aan een bizarre mensenjacht, georganiseerd door de mysterieuze \u201cMadame\u201d (Linh-Dan Pham), lijkt dit zijn laatste kans op waardigheid en nalatenschap. De inzet? Zijn leven \u2013 in ruil voor financi\u00eble zekerheid voor zijn familie. D\u00e9borah Fran\u00e7ois vervolledigt de sterrencast.<\/p>\n<p data-start=\"1027\" data-end=\"1307\">Met deze film bewijst Belvaux opnieuw zijn talent voor gelaagde cinema met scherpe maatschappelijke ondertonen. Van zijn trilogie <em data-start=\"1157\" data-end=\"1200\">Un couple \u00e9patant \/ Cavale \/ Apr\u00e8s la vie<\/em> tot films als <em data-start=\"1215\" data-end=\"1221\">Rapt<\/em>, <em data-start=\"1223\" data-end=\"1234\">Chez nous<\/em> en <em data-start=\"1238\" data-end=\"1250\">Des hommes<\/em>, Belvaux blijft een stem die het engagement niet schuwt.<\/p>\n<p data-start=\"1309\" data-end=\"1511\">De offici\u00eble vertoning vindt plaats op 20 juni om 19u30 in het Grand Eldorado (UGC De Brouck\u00e8re), in aanwezigheid van de cast en crew. Een niet te missen startschot voor een beloftevolle festivaleditie.<\/p>\n<p><iframe loading=\"lazy\" title=\"Trailer BRIFF 2025\" width=\"618\" height=\"348\" src=\"https:\/\/www.youtube.com\/embed\/9PwqVybOh48?feature=oembed\" frameborder=\"0\" allow=\"accelerometer; autoplay; clipboard-write; encrypted-media; gyroscope; picture-in-picture; web-share\" referrerpolicy=\"strict-origin-when-cross-origin\" allowfullscreen><\/iframe><\/p>\n<p data-start=\"1513\" data-end=\"1584\"><em data-start=\"1513\" data-end=\"1584\">Cin\u00e9art brengt Les Tourment\u00e9s dit najaar uit in de Belgische zalen.<\/em><\/p>\n","protected":false},"excerpt":{"rendered":"<p>Het Brussels International Film Festival (BRIFF) trapt zijn 8ste editie op 20 juni af met een bijzondere primeur: de wereldpremi\u00e8re van Les Tourment\u00e9s, de nieuwste film van regisseur Lucas Belvaux. Vijf jaar na Des hommes keert Belvaux terug naar het festival met een intense psychologische thriller, gebaseerd op zijn eigen, geprezen roman. In Les Tourment\u00e9s &hellip;<\/p>\n","protected":false},"author":349,"featured_media":265115,"comment_status":"closed","ping_status":"closed","sticky":false,"template":"","format":"standard","meta":{"ngg_post_thumbnail":0,"footnotes":""},"categories":[7136,1069,30,3],"tags":[7784,8695,8855,8682,8851,8549,8854,8852,8856,8853,6034,3558,4914],"class_list":["post-265113","post","type-post","status-publish","format-standard","has-post-thumbnail","","category-we-love-belgian-cinema-nl","category-festivals-nl","category-nieuws","category-varia-nl","tag-belgischefilm","tag-briff2025","tag-deborahfrancois","tag-filmpremiere","tag-lestourmentes","tag-lucasbelvaux","tag-nielsschneider","tag-psychologischethriller","tag-ramzybedia","tag-ugcdebrouckere","tag-cineart","tag-filmfestival","tag-wereldpremiere"],"yoast_head":"<!-- This site is optimized with the Yoast SEO plugin v20.4 - https:\/\/yoast.com\/wordpress\/plugins\/seo\/ -->\n<title>BRIFF opent met wereldpremi\u00e8re van &#039;Les Tourment\u00e9s&#039; van Lucas Belvaux - We Love Cinema<\/title>\n<meta name=\"robots\" content=\"index, follow, max-snippet:-1, max-image-preview:large, max-video-preview:-1\" \/>\n<link rel=\"canonical\" href=\"https:\/\/welovecinema.be\/nl\/briff-opent-met-wereldpremiere-van-les-tourmentes-van-lucas-belvaux\/\" \/>\n<meta property=\"og:locale\" content=\"nl_NL\" \/>\n<meta property=\"og:type\" content=\"article\" \/>\n<meta property=\"og:title\" content=\"BRIFF opent met wereldpremi\u00e8re van &#039;Les Tourment\u00e9s&#039; van Lucas Belvaux - We Love Cinema\" \/>\n<meta property=\"og:description\" content=\"Het Brussels International Film Festival (BRIFF) trapt zijn 8ste editie op 20 juni af met een bijzondere primeur: de wereldpremi\u00e8re van Les Tourment\u00e9s, de nieuwste film van regisseur Lucas Belvaux. Vijf jaar na Des hommes keert Belvaux terug naar het festival met een intense psychologische thriller, gebaseerd op zijn eigen, geprezen roman. In Les Tourment\u00e9s &hellip;\" \/>\n<meta property=\"og:url\" content=\"https:\/\/welovecinema.be\/nl\/briff-opent-met-wereldpremiere-van-les-tourmentes-van-lucas-belvaux\/\" \/>\n<meta property=\"og:site_name\" content=\"We Love Cinema\" \/>\n<meta property=\"article:publisher\" content=\"https:\/\/www.facebook.com\/welovecinema.be\" \/>\n<meta property=\"article:published_time\" content=\"2025-06-02T09:35:00+00:00\" \/>\n<meta property=\"article:modified_time\" content=\"2025-06-03T07:49:04+00:00\" \/>\n<meta property=\"og:image\" content=\"https:\/\/welovecinema.be\/wp-content\/uploads\/sites\/2\/2025\/06\/BRIFF.jpg\" \/>\n\t<meta property=\"og:image:width\" content=\"1956\" \/>\n\t<meta property=\"og:image:height\" content=\"1306\" \/>\n\t<meta property=\"og:image:type\" content=\"image\/jpeg\" \/>\n<meta name=\"author\" content=\"Seppe van Groeningen\" \/>\n<meta name=\"twitter:card\" content=\"summary_large_image\" \/>\n<meta name=\"twitter:label1\" content=\"Geschreven door\" \/>\n\t<meta name=\"twitter:data1\" content=\"Seppe van Groeningen\" \/>\n\t<meta name=\"twitter:label2\" content=\"Geschatte leestijd\" \/>\n\t<meta name=\"twitter:data2\" content=\"2 minuten\" \/>\n<script type=\"application\/ld+json\" class=\"yoast-schema-graph\">{\"@context\":\"https:\/\/schema.org\",\"@graph\":[{\"@type\":\"Article\",\"@id\":\"https:\/\/welovecinema.be\/nl\/briff-opent-met-wereldpremiere-van-les-tourmentes-van-lucas-belvaux\/#article\",\"isPartOf\":{\"@id\":\"https:\/\/welovecinema.be\/nl\/briff-opent-met-wereldpremiere-van-les-tourmentes-van-lucas-belvaux\/\"},\"author\":{\"name\":\"Seppe van Groeningen\",\"@id\":\"https:\/\/welovecinema.be\/nl\/#\/schema\/person\/9a9270eec1274600ec8c420b80d00480\"},\"headline\":\"BRIFF opent met wereldpremi\u00e8re van &#8216;Les Tourment\u00e9s&#8217; van Lucas Belvaux\",\"datePublished\":\"2025-06-02T09:35:00+00:00\",\"dateModified\":\"2025-06-03T07:49:04+00:00\",\"mainEntityOfPage\":{\"@id\":\"https:\/\/welovecinema.be\/nl\/briff-opent-met-wereldpremiere-van-les-tourmentes-van-lucas-belvaux\/\"},\"wordCount\":237,\"publisher\":{\"@id\":\"https:\/\/welovecinema.be\/nl\/#organization\"},\"keywords\":[\"#belgischefilm\",\"#BRIFF2025\",\"#D\u00e9borahFran\u00e7ois\",\"#FilmPremi\u00e8re\",\"#LesTourment\u00e9s\",\"#lucasbelvaux\",\"#NielsSchneider\",\"#PsychologischeThriller\",\"#RamzyBedia\",\"#UGCDeBrouck\u00e8re\",\"Cin\u00e9art\",\"Filmfestival\",\"wereldpremiere\"],\"articleSection\":[\"\u00a0We Love Belgian Cinema\",\"Festivals\",\"Nieuws\",\"Varia\"],\"inLanguage\":\"nl-NL\"},{\"@type\":\"WebPage\",\"@id\":\"https:\/\/welovecinema.be\/nl\/briff-opent-met-wereldpremiere-van-les-tourmentes-van-lucas-belvaux\/\",\"url\":\"https:\/\/welovecinema.be\/nl\/briff-opent-met-wereldpremiere-van-les-tourmentes-van-lucas-belvaux\/\",\"name\":\"BRIFF opent met wereldpremi\u00e8re van 'Les Tourment\u00e9s' van Lucas Belvaux - We Love Cinema\",\"isPartOf\":{\"@id\":\"https:\/\/welovecinema.be\/nl\/#website\"},\"datePublished\":\"2025-06-02T09:35:00+00:00\",\"dateModified\":\"2025-06-03T07:49:04+00:00\",\"breadcrumb\":{\"@id\":\"https:\/\/welovecinema.be\/nl\/briff-opent-met-wereldpremiere-van-les-tourmentes-van-lucas-belvaux\/#breadcrumb\"},\"inLanguage\":\"nl-NL\",\"potentialAction\":[{\"@type\":\"ReadAction\",\"target\":[\"https:\/\/welovecinema.be\/nl\/briff-opent-met-wereldpremiere-van-les-tourmentes-van-lucas-belvaux\/\"]}]},{\"@type\":\"BreadcrumbList\",\"@id\":\"https:\/\/welovecinema.be\/nl\/briff-opent-met-wereldpremiere-van-les-tourmentes-van-lucas-belvaux\/#breadcrumb\",\"itemListElement\":[{\"@type\":\"ListItem\",\"position\":1,\"name\":\"Accueil\",\"item\":\"https:\/\/welovecinema.be\/nl\/\"},{\"@type\":\"ListItem\",\"position\":2,\"name\":\"BRIFF opent met wereldpremi\u00e8re van &#8216;Les Tourment\u00e9s&#8217; van Lucas Belvaux\"}]},{\"@type\":\"WebSite\",\"@id\":\"https:\/\/welovecinema.be\/nl\/#website\",\"url\":\"https:\/\/welovecinema.be\/nl\/\",\"name\":\"We Love Cinema\",\"description\":\"Toute l\u2019information du cin\u00e9ma en Belgique\",\"publisher\":{\"@id\":\"https:\/\/welovecinema.be\/nl\/#organization\"},\"potentialAction\":[{\"@type\":\"SearchAction\",\"target\":{\"@type\":\"EntryPoint\",\"urlTemplate\":\"https:\/\/welovecinema.be\/nl\/?s={search_term_string}\"},\"query-input\":\"required name=search_term_string\"}],\"inLanguage\":\"nl-NL\"},{\"@type\":\"Organization\",\"@id\":\"https:\/\/welovecinema.be\/nl\/#organization\",\"name\":\"We Love Cinema\",\"url\":\"https:\/\/welovecinema.be\/nl\/\",\"logo\":{\"@type\":\"ImageObject\",\"inLanguage\":\"nl-NL\",\"@id\":\"https:\/\/welovecinema.be\/nl\/#\/schema\/logo\/image\/\",\"url\":\"https:\/\/welovecinema.be\/wp-content\/uploads\/sites\/2\/2023\/03\/Logo-We-Love-Cinema305x128.jpg\",\"contentUrl\":\"https:\/\/welovecinema.be\/wp-content\/uploads\/sites\/2\/2023\/03\/Logo-We-Love-Cinema305x128.jpg\",\"width\":305,\"height\":128,\"caption\":\"We Love Cinema\"},\"image\":{\"@id\":\"https:\/\/welovecinema.be\/nl\/#\/schema\/logo\/image\/\"},\"sameAs\":[\"https:\/\/www.facebook.com\/welovecinema.be\",\"https:\/\/www.youtube.com\/channel\/UCX5LYGVhnKvYauW4Nta4HJA\",\"https:\/\/www.instagram.com\/welovecinema.be\/\"]},{\"@type\":\"Person\",\"@id\":\"https:\/\/welovecinema.be\/nl\/#\/schema\/person\/9a9270eec1274600ec8c420b80d00480\",\"name\":\"Seppe van Groeningen\",\"url\":\"https:\/\/welovecinema.be\/nl\/author\/seppe\/\"}]}<\/script>\n<!-- \/ Yoast SEO plugin. -->","yoast_head_json":{"title":"BRIFF opent met wereldpremi\u00e8re van 'Les Tourment\u00e9s' van Lucas Belvaux - We Love Cinema","robots":{"index":"index","follow":"follow","max-snippet":"max-snippet:-1","max-image-preview":"max-image-preview:large","max-video-preview":"max-video-preview:-1"},"canonical":"https:\/\/welovecinema.be\/nl\/briff-opent-met-wereldpremiere-van-les-tourmentes-van-lucas-belvaux\/","og_locale":"nl_NL","og_type":"article","og_title":"BRIFF opent met wereldpremi\u00e8re van 'Les Tourment\u00e9s' van Lucas Belvaux - We Love Cinema","og_description":"Het Brussels International Film Festival (BRIFF) trapt zijn 8ste editie op 20 juni af met een bijzondere primeur: de wereldpremi\u00e8re van Les Tourment\u00e9s, de nieuwste film van regisseur Lucas Belvaux. Vijf jaar na Des hommes keert Belvaux terug naar het festival met een intense psychologische thriller, gebaseerd op zijn eigen, geprezen roman. In Les Tourment\u00e9s &hellip;","og_url":"https:\/\/welovecinema.be\/nl\/briff-opent-met-wereldpremiere-van-les-tourmentes-van-lucas-belvaux\/","og_site_name":"We Love Cinema","article_publisher":"https:\/\/www.facebook.com\/welovecinema.be","article_published_time":"2025-06-02T09:35:00+00:00","article_modified_time":"2025-06-03T07:49:04+00:00","og_image":[{"width":1956,"height":1306,"url":"https:\/\/welovecinema.be\/wp-content\/uploads\/sites\/2\/2025\/06\/BRIFF.jpg","type":"image\/jpeg"}],"author":"Seppe van Groeningen","twitter_card":"summary_large_image","twitter_misc":{"Geschreven door":"Seppe van Groeningen","Geschatte leestijd":"2 minuten"},"schema":{"@context":"https:\/\/schema.org","@graph":[{"@type":"Article","@id":"https:\/\/welovecinema.be\/nl\/briff-opent-met-wereldpremiere-van-les-tourmentes-van-lucas-belvaux\/#article","isPartOf":{"@id":"https:\/\/welovecinema.be\/nl\/briff-opent-met-wereldpremiere-van-les-tourmentes-van-lucas-belvaux\/"},"author":{"name":"Seppe van Groeningen","@id":"https:\/\/welovecinema.be\/nl\/#\/schema\/person\/9a9270eec1274600ec8c420b80d00480"},"headline":"BRIFF opent met wereldpremi\u00e8re van &#8216;Les Tourment\u00e9s&#8217; van Lucas Belvaux","datePublished":"2025-06-02T09:35:00+00:00","dateModified":"2025-06-03T07:49:04+00:00","mainEntityOfPage":{"@id":"https:\/\/welovecinema.be\/nl\/briff-opent-met-wereldpremiere-van-les-tourmentes-van-lucas-belvaux\/"},"wordCount":237,"publisher":{"@id":"https:\/\/welovecinema.be\/nl\/#organization"},"keywords":["#belgischefilm","#BRIFF2025","#D\u00e9borahFran\u00e7ois","#FilmPremi\u00e8re","#LesTourment\u00e9s","#lucasbelvaux","#NielsSchneider","#PsychologischeThriller","#RamzyBedia","#UGCDeBrouck\u00e8re","Cin\u00e9art","Filmfestival","wereldpremiere"],"articleSection":["\u00a0We Love Belgian Cinema","Festivals","Nieuws","Varia"],"inLanguage":"nl-NL"},{"@type":"WebPage","@id":"https:\/\/welovecinema.be\/nl\/briff-opent-met-wereldpremiere-van-les-tourmentes-van-lucas-belvaux\/","url":"https:\/\/welovecinema.be\/nl\/briff-opent-met-wereldpremiere-van-les-tourmentes-van-lucas-belvaux\/","name":"BRIFF opent met wereldpremi\u00e8re van 'Les Tourment\u00e9s' van Lucas Belvaux - We Love Cinema","isPartOf":{"@id":"https:\/\/welovecinema.be\/nl\/#website"},"datePublished":"2025-06-02T09:35:00+00:00","dateModified":"2025-06-03T07:49:04+00:00","breadcrumb":{"@id":"https:\/\/welovecinema.be\/nl\/briff-opent-met-wereldpremiere-van-les-tourmentes-van-lucas-belvaux\/#breadcrumb"},"inLanguage":"nl-NL","potentialAction":[{"@type":"ReadAction","target":["https:\/\/welovecinema.be\/nl\/briff-opent-met-wereldpremiere-van-les-tourmentes-van-lucas-belvaux\/"]}]},{"@type":"BreadcrumbList","@id":"https:\/\/welovecinema.be\/nl\/briff-opent-met-wereldpremiere-van-les-tourmentes-van-lucas-belvaux\/#breadcrumb","itemListElement":[{"@type":"ListItem","position":1,"name":"Accueil","item":"https:\/\/welovecinema.be\/nl\/"},{"@type":"ListItem","position":2,"name":"BRIFF opent met wereldpremi\u00e8re van &#8216;Les Tourment\u00e9s&#8217; van Lucas Belvaux"}]},{"@type":"WebSite","@id":"https:\/\/welovecinema.be\/nl\/#website","url":"https:\/\/welovecinema.be\/nl\/","name":"We Love Cinema","description":"Toute l\u2019information du cin\u00e9ma en Belgique","publisher":{"@id":"https:\/\/welovecinema.be\/nl\/#organization"},"potentialAction":[{"@type":"SearchAction","target":{"@type":"EntryPoint","urlTemplate":"https:\/\/welovecinema.be\/nl\/?s={search_term_string}"},"query-input":"required name=search_term_string"}],"inLanguage":"nl-NL"},{"@type":"Organization","@id":"https:\/\/welovecinema.be\/nl\/#organization","name":"We Love Cinema","url":"https:\/\/welovecinema.be\/nl\/","logo":{"@type":"ImageObject","inLanguage":"nl-NL","@id":"https:\/\/welovecinema.be\/nl\/#\/schema\/logo\/image\/","url":"https:\/\/welovecinema.be\/wp-content\/uploads\/sites\/2\/2023\/03\/Logo-We-Love-Cinema305x128.jpg","contentUrl":"https:\/\/welovecinema.be\/wp-content\/uploads\/sites\/2\/2023\/03\/Logo-We-Love-Cinema305x128.jpg","width":305,"height":128,"caption":"We Love Cinema"},"image":{"@id":"https:\/\/welovecinema.be\/nl\/#\/schema\/logo\/image\/"},"sameAs":["https:\/\/www.facebook.com\/welovecinema.be","https:\/\/www.youtube.com\/channel\/UCX5LYGVhnKvYauW4Nta4HJA","https:\/\/www.instagram.com\/welovecinema.be\/"]},{"@type":"Person","@id":"https:\/\/welovecinema.be\/nl\/#\/schema\/person\/9a9270eec1274600ec8c420b80d00480","name":"Seppe van Groeningen","url":"https:\/\/welovecinema.be\/nl\/author\/seppe\/"}]}},"_links":{"self":[{"href":"https:\/\/welovecinema.be\/nl\/wp-json\/wp\/v2\/posts\/265113","targetHints":{"allow":["GET"]}}],"collection":[{"href":"https:\/\/welovecinema.be\/nl\/wp-json\/wp\/v2\/posts"}],"about":[{"href":"https:\/\/welovecinema.be\/nl\/wp-json\/wp\/v2\/types\/post"}],"author":[{"embeddable":true,"href":"https:\/\/welovecinema.be\/nl\/wp-json\/wp\/v2\/users\/349"}],"replies":[{"embeddable":true,"href":"https:\/\/welovecinema.be\/nl\/wp-json\/wp\/v2\/comments?post=265113"}],"version-history":[{"count":4,"href":"https:\/\/welovecinema.be\/nl\/wp-json\/wp\/v2\/posts\/265113\/revisions"}],"predecessor-version":[{"id":265120,"href":"https:\/\/welovecinema.be\/nl\/wp-json\/wp\/v2\/posts\/265113\/revisions\/265120"}],"wp:featuredmedia":[{"embeddable":true,"href":"https:\/\/welovecinema.be\/nl\/wp-json\/wp\/v2\/media\/265115"}],"wp:attachment":[{"href":"https:\/\/welovecinema.be\/nl\/wp-json\/wp\/v2\/media?parent=265113"}],"wp:term":[{"taxonomy":"category","embeddable":true,"href":"https:\/\/welovecinema.be\/nl\/wp-json\/wp\/v2\/categories?post=265113"},{"taxonomy":"post_tag","embeddable":true,"href":"https:\/\/welovecinema.be\/nl\/wp-json\/wp\/v2\/tags?post=265113"}],"curies":[{"name":"wp","href":"https:\/\/api.w.org\/{rel}","templated":true}]}}