{"id":264262,"date":"2025-04-08T09:00:54","date_gmt":"2025-04-08T07:00:54","guid":{"rendered":"https:\/\/welovecinema.be\/?p=264262"},"modified":"2025-04-08T12:37:26","modified_gmt":"2025-04-08T10:37:26","slug":"festival-van-de-spaanstalige-film-cinemas-staat-voor-zelfontdekking-en-rechtvaardigheid","status":"publish","type":"post","link":"https:\/\/welovecinema.be\/nl\/festival-van-de-spaanstalige-film-cinemas-staat-voor-zelfontdekking-en-rechtvaardigheid\/","title":{"rendered":"Festival van de Spaanstalige film cineM\u00c1S staat voor zelfontdekking en rechtvaardigheid"},"content":{"rendered":"<p><strong>Dit jaar wappert cineM\u00c1S met een rood doek, als een symbool van vernieuwing, kracht en maatschappelijke verandering. Op <a href=\"https:\/\/lumiere.acemlna.com\/lt.php?x=3DZy~GDLKXad5pB6ydA8hROc1XIlkNP0v-1gYqI3KabP5KJ_y0y.0uRw2HBzj_f3kNYwXXoWJFeh65N\" target=\"_blank\" rel=\"noopener\">het programma van cineM\u00c1S 2025<\/a> in Lumi\u00e8re Mechelen staan negen films die de grenzen van tijd, cultuur en identiteit overschrijden. Van woensdag 23 t.e.m. dinsdag 29 april kan je naar jaarlijkse gewoonte weer terecht in Lumi\u00e8re Mechelen, Cinema Cartoon&#8217;s, kunstencentrum BUDA en Sphinx cinema voor de week van de Spaanstalige film.\u00a0<\/strong><\/p>\n<p>Vrouwelijke filmmakers zitten stevig in het zadel en nemen het voortouw. Zo maakt actrice Paz Vega haar regiedebuut met de film &#8216;<em>Rita<\/em>&#8216;, een ontroerend coming of age verhaal over opgroeien in een moeilijke thuissituatie. Verder ontdek je Ic\u00edar Bolla\u00edn met haar documentaire &#8216;<em>Soy Nevenka&#8217;,<\/em> waarin ze de schrijnende realiteit van seksuele intimidatie blootlegt. Arantxa Echeverr\u00eda infiltreert in een van de donkerste periodes in de recente Spaanse geschiedenis. Deze openingsfilm van het festival, &#8216;<em>La infiltrada<\/em>&#8216;, werd bekroond met meerdere Goya-awards en groeide uit tot de meest succesvolle Spaanse film ooit geregisseerd door een vrouw. Verder ontdek je onder meer een kleurrijke klassieker, Pedro Almod\u00f3var&#8217;s &#8216;<em>Matador<\/em>&#8216; (1986), waarin hij op zijn eigen (on)conventionele wijze de dunne scheidingslijn tussen lust en dood toont.<\/p>\n<div class=\"clear\"><\/div><div style=\"margin-top:20px; margin-bottom:20px;\" class=\"divider divider-solid\"><\/div>\n<h4><strong>Highlights programma 2025<\/strong><\/h4>\n<div class=\"one_half\"><img loading=\"lazy\" decoding=\"async\" class=\"aligncenter size-full wp-image-264263\" src=\"https:\/\/welovecinema.be\/wp-content\/uploads\/sites\/2\/2025\/04\/Mexico-86-affiche.jpg\" alt=\"\" width=\"236\" height=\"323\" srcset=\"https:\/\/welovecinema.be\/wp-content\/uploads\/sites\/2\/2025\/04\/Mexico-86-affiche.jpg 236w, https:\/\/welovecinema.be\/wp-content\/uploads\/sites\/2\/2025\/04\/Mexico-86-affiche-197x270.jpg 197w\" sizes=\"auto, (max-width: 236px) 100vw, 236px\" \/><\/div><div class=\"one_half last\"><a href=\"https:\/\/lumiere.acemlna.com\/lt.php?x=3DZy~GDLKXad5pB6ydA8hROc1XIlkNP0v-1gYqI3KabP5KJ_y0y.0uRw2HBzj_f3kNYwXXoWJFeh65R\" target=\"_blank\" rel=\"noopener\">Mexico 86<\/a><br \/>\nWOENSDAG 23 APRIL , 19u45<br \/>\n<b>openingsfilm, intro door regisseur Cesar Diaz<\/b><\/p>\n<p>Maria verzet zich tegen de corrupte dictatuur in haar thuisland Guatamala. Wanneer in 1976 de situatie escaleert, vlucht ze naar Mexico en laat ze haar zoontje Marco achter bij haar moeder.<\/div><div class=\"clear\"><\/div>\n<div class=\"one_half\"><img loading=\"lazy\" decoding=\"async\" class=\"aligncenter size-full wp-image-264265\" src=\"https:\/\/welovecinema.be\/wp-content\/uploads\/sites\/2\/2025\/04\/El-Maestro.jpg\" alt=\"\" width=\"240\" height=\"339\" srcset=\"https:\/\/welovecinema.be\/wp-content\/uploads\/sites\/2\/2025\/04\/El-Maestro.jpg 240w, https:\/\/welovecinema.be\/wp-content\/uploads\/sites\/2\/2025\/04\/El-Maestro-191x270.jpg 191w\" sizes=\"auto, (max-width: 240px) 100vw, 240px\" \/><\/div><div class=\"one_half last\"><a href=\"https:\/\/lumiere.acemlna.com\/lt.php?x=3DZy~GDLKXad5pB6ydA8hROc1XIlkNP0v-1gYqI3KabP5KJ_y0y.0uRw2HBzj_f3kNYwXXoWJFeh6Hz\" target=\"_blank\" rel=\"noopener\">El maestro que prometi\u00f3 el mar<\/a><br \/>\nDINSDAG 29 APRIL, 20u<br \/>\n<strong>slotfilm<\/strong><\/p>\n<p>Ariadna reist naar Burgos om de overblijfselen van haar overgrootvader te vinden, die verdween tijdens de burgeroorlog.<\/div><div class=\"clear\"><\/div>\n<div class=\"one_half\"><img loading=\"lazy\" decoding=\"async\" class=\"aligncenter size-full wp-image-264267\" src=\"https:\/\/welovecinema.be\/wp-content\/uploads\/sites\/2\/2025\/04\/La-Infiltrada.jpg\" alt=\"\" width=\"239\" height=\"296\" srcset=\"https:\/\/welovecinema.be\/wp-content\/uploads\/sites\/2\/2025\/04\/La-Infiltrada.jpg 239w, https:\/\/welovecinema.be\/wp-content\/uploads\/sites\/2\/2025\/04\/La-Infiltrada-218x270.jpg 218w\" sizes=\"auto, (max-width: 239px) 100vw, 239px\" \/><\/div><div class=\"one_half last\"><a href=\"https:\/\/lumiere.acemlna.com\/lt.php?x=3DZy~GDLKXad5pB6ydA8hROc1XIlkNP0v-1gYqI3KabP5KJ_y0y.0uRw2HBzj_f3kNYwXXoWJFeh6H3\" target=\"_blank\" rel=\"noopener\">La infiltrada<\/a><br \/>\nZATERDAG 26 APRIL, 21u<\/p>\n<p>Een 20-jarige politieagente infiltreert de terroristische organisatie ETA en weet het vertrouwen van de Abertzale-beweging te winnen. Maar hoe langer ze undercover blijft, hoe gevaarlijker haar missie wordt.<\/div><div class=\"clear\"><\/div>\n<div class=\"one_half\"><img loading=\"lazy\" decoding=\"async\" class=\"aligncenter size-full wp-image-264269\" src=\"https:\/\/welovecinema.be\/wp-content\/uploads\/sites\/2\/2025\/04\/Matador.jpg\" alt=\"\" width=\"216\" height=\"304\" srcset=\"https:\/\/welovecinema.be\/wp-content\/uploads\/sites\/2\/2025\/04\/Matador.jpg 216w, https:\/\/welovecinema.be\/wp-content\/uploads\/sites\/2\/2025\/04\/Matador-192x270.jpg 192w\" sizes=\"auto, (max-width: 216px) 100vw, 216px\" \/><\/div><div class=\"one_half last\"><a href=\"https:\/\/lumiere.acemlna.com\/lt.php?x=3DZy~GDLKXad5pB6ydA8hROc1XIlkNP0v-1gYqI3KabP5KJ_y0y.0uRw2HBzj_f3kNYwXXoWJFeh6H7\" target=\"_blank\" rel=\"noopener\">Matador<\/a><br \/>\nZONDAG 27 APRIL, 17u<\/p>\n<p>Verleidelijke thriller van Pedro Almod\u00f3var over een stierenvechter en een gepassioneerde vrouwelijke advocaat.<\/div><div class=\"clear\"><\/div>\n<p style=\"text-align: center\"><a href=\"https:\/\/cinemacartoons.be\/cinemas2025\/\" target=\"_blank\" class=\"shortc-button medium green \">Ontdek alle films<\/a>\u2019<\/p>\n<div class=\"clear\"><\/div><div style=\"margin-top:20px; margin-bottom:20px;\" class=\"divider divider-solid\"><\/div>\n<h4><b>Festivallocaties<\/b><\/h4>\n<ul>\n<li><b><a href=\"https:\/\/lumiere.acemlna.com\/lt.php?x=3DZy~GDLKXad5pB6ydA8hROc1XIlkNP0v-1gYqI3KabP5KJ_y0y.0uRw2HBzj_f3kNYwXXoWJFeh6HB\" target=\"_blank\" rel=\"noopener\">Cinema Lumi\u00e8re Mechelen<\/a> <\/b>Frederik de Merodestraat 28, 2800 Mechelen<\/li>\n<li><b><a href=\"https:\/\/lumiere.acemlna.com\/lt.php?x=3DZy~GDLKXad5pB6ydA8hROc1XIlkNP0v-1gYqI3KabP5KJ_y0y.0uRw2HBzj_f3kNYwXXoWJFeh6HF\" target=\"_blank\" rel=\"noopener\">Cinema Cartoon&#8217;s<\/a> <\/b>Kaasstraat 4, 2000 Antwerpen<\/li>\n<li><a href=\"https:\/\/lumiere.acemlna.com\/lt.php?x=3DZy~GDLKXad5pB6ydA8hROc1XIlkNP0v-1gYqI3KabP5KJ_y0y.0uRw2HBzj_f3kNYwXXoWJFeh6HJ\" target=\"_blank\" rel=\"noopener\"><b>Sphinx cinema<\/b><\/a> Sint-Michielshelling 3, 9000 Gent<\/li>\n<li><a href=\"https:\/\/lumiere.acemlna.com\/lt.php?x=3DZy~GDLKXad5pB6ydA8hROc1XIlkNP0v-1gYqI3KabP5KJ_y0y.0uRw2HBzj_f3kNYwXXoWJFeh6HN\" target=\"_blank\" rel=\"noopener\"><b>kunstencentrum BUDA Budascoop<\/b><\/a> Kapucijnenstraat 10, 8500 Kortrijk<\/li>\n<\/ul>\n<p>&nbsp;<\/p>\n","protected":false},"excerpt":{"rendered":"<p>Dit jaar wappert cineM\u00c1S met een rood doek, als een symbool van vernieuwing, kracht en maatschappelijke verandering. Op het programma van cineM\u00c1S 2025 in Lumi\u00e8re Mechelen staan negen films die de grenzen van tijd, cultuur en identiteit overschrijden. Van woensdag 23 t.e.m. dinsdag 29 april kan je naar jaarlijkse gewoonte weer terecht in Lumi\u00e8re Mechelen, &hellip;<\/p>\n","protected":false},"author":349,"featured_media":264276,"comment_status":"closed","ping_status":"closed","sticky":false,"template":"","format":"standard","meta":{"ngg_post_thumbnail":0,"footnotes":""},"categories":[7136,1069,30,3],"tags":[8354,8591,8597,8593,8594,8596,8595,8592,1358],"class_list":["post-264262","post","type-post","status-publish","format-standard","has-post-thumbnail","","category-we-love-belgian-cinema-nl","category-festivals-nl","category-nieuws","category-varia-nl","tag-cesardiaz","tag-cinemas","tag-elmaestro","tag-lafiltrada","tag-matador","tag-mexico86","tag-pedroalmodovar","tag-spaansefilm","tag-lumiere"],"yoast_head":"<!-- This site is optimized with the Yoast SEO plugin v20.4 - https:\/\/yoast.com\/wordpress\/plugins\/seo\/ -->\n<title>Festival van de Spaanstalige film cineM\u00c1S staat voor zelfontdekking en rechtvaardigheid - We Love Cinema<\/title>\n<meta name=\"robots\" content=\"index, follow, max-snippet:-1, max-image-preview:large, max-video-preview:-1\" \/>\n<link rel=\"canonical\" href=\"https:\/\/welovecinema.be\/nl\/festival-van-de-spaanstalige-film-cinemas-staat-voor-zelfontdekking-en-rechtvaardigheid\/\" \/>\n<meta property=\"og:locale\" content=\"nl_NL\" \/>\n<meta property=\"og:type\" content=\"article\" \/>\n<meta property=\"og:title\" content=\"Festival van de Spaanstalige film cineM\u00c1S staat voor zelfontdekking en rechtvaardigheid - We Love Cinema\" \/>\n<meta property=\"og:description\" content=\"Dit jaar wappert cineM\u00c1S met een rood doek, als een symbool van vernieuwing, kracht en maatschappelijke verandering. Op het programma van cineM\u00c1S 2025 in Lumi\u00e8re Mechelen staan negen films die de grenzen van tijd, cultuur en identiteit overschrijden. Van woensdag 23 t.e.m. dinsdag 29 april kan je naar jaarlijkse gewoonte weer terecht in Lumi\u00e8re Mechelen, &hellip;\" \/>\n<meta property=\"og:url\" content=\"https:\/\/welovecinema.be\/nl\/festival-van-de-spaanstalige-film-cinemas-staat-voor-zelfontdekking-en-rechtvaardigheid\/\" \/>\n<meta property=\"og:site_name\" content=\"We Love Cinema\" \/>\n<meta property=\"article:publisher\" content=\"https:\/\/www.facebook.com\/welovecinema.be\" \/>\n<meta property=\"article:published_time\" content=\"2025-04-08T07:00:54+00:00\" \/>\n<meta property=\"article:modified_time\" content=\"2025-04-08T10:37:26+00:00\" \/>\n<meta property=\"og:image\" content=\"https:\/\/welovecinema.be\/wp-content\/uploads\/sites\/2\/2025\/04\/Campagnebeeld-Cinemas.jpg\" \/>\n\t<meta property=\"og:image:width\" content=\"868\" \/>\n\t<meta property=\"og:image:height\" content=\"588\" \/>\n\t<meta property=\"og:image:type\" content=\"image\/jpeg\" \/>\n<meta name=\"author\" content=\"Seppe van Groeningen\" \/>\n<meta name=\"twitter:card\" content=\"summary_large_image\" \/>\n<meta name=\"twitter:label1\" content=\"Geschreven door\" \/>\n\t<meta name=\"twitter:data1\" content=\"Seppe van Groeningen\" \/>\n\t<meta name=\"twitter:label2\" content=\"Geschatte leestijd\" \/>\n\t<meta name=\"twitter:data2\" content=\"2 minuten\" \/>\n<script type=\"application\/ld+json\" class=\"yoast-schema-graph\">{\"@context\":\"https:\/\/schema.org\",\"@graph\":[{\"@type\":\"Article\",\"@id\":\"https:\/\/welovecinema.be\/nl\/festival-van-de-spaanstalige-film-cinemas-staat-voor-zelfontdekking-en-rechtvaardigheid\/#article\",\"isPartOf\":{\"@id\":\"https:\/\/welovecinema.be\/nl\/festival-van-de-spaanstalige-film-cinemas-staat-voor-zelfontdekking-en-rechtvaardigheid\/\"},\"author\":{\"name\":\"Seppe van Groeningen\",\"@id\":\"https:\/\/welovecinema.be\/nl\/#\/schema\/person\/9a9270eec1274600ec8c420b80d00480\"},\"headline\":\"Festival van de Spaanstalige film cineM\u00c1S staat voor zelfontdekking en rechtvaardigheid\",\"datePublished\":\"2025-04-08T07:00:54+00:00\",\"dateModified\":\"2025-04-08T10:37:26+00:00\",\"mainEntityOfPage\":{\"@id\":\"https:\/\/welovecinema.be\/nl\/festival-van-de-spaanstalige-film-cinemas-staat-voor-zelfontdekking-en-rechtvaardigheid\/\"},\"wordCount\":421,\"publisher\":{\"@id\":\"https:\/\/welovecinema.be\/nl\/#organization\"},\"keywords\":[\"#cesardiaz\",\"#cinemas\",\"#elmaestro\",\"#lafiltrada\",\"#matador\",\"#mexico86\",\"#pedroalmodovar\",\"#spaansefilm\",\"Lumi\u00e8re\"],\"articleSection\":[\"\u00a0We Love Belgian Cinema\",\"Festivals\",\"Nieuws\",\"Varia\"],\"inLanguage\":\"nl-NL\"},{\"@type\":\"WebPage\",\"@id\":\"https:\/\/welovecinema.be\/nl\/festival-van-de-spaanstalige-film-cinemas-staat-voor-zelfontdekking-en-rechtvaardigheid\/\",\"url\":\"https:\/\/welovecinema.be\/nl\/festival-van-de-spaanstalige-film-cinemas-staat-voor-zelfontdekking-en-rechtvaardigheid\/\",\"name\":\"Festival van de Spaanstalige film cineM\u00c1S staat voor zelfontdekking en rechtvaardigheid - We Love Cinema\",\"isPartOf\":{\"@id\":\"https:\/\/welovecinema.be\/nl\/#website\"},\"datePublished\":\"2025-04-08T07:00:54+00:00\",\"dateModified\":\"2025-04-08T10:37:26+00:00\",\"breadcrumb\":{\"@id\":\"https:\/\/welovecinema.be\/nl\/festival-van-de-spaanstalige-film-cinemas-staat-voor-zelfontdekking-en-rechtvaardigheid\/#breadcrumb\"},\"inLanguage\":\"nl-NL\",\"potentialAction\":[{\"@type\":\"ReadAction\",\"target\":[\"https:\/\/welovecinema.be\/nl\/festival-van-de-spaanstalige-film-cinemas-staat-voor-zelfontdekking-en-rechtvaardigheid\/\"]}]},{\"@type\":\"BreadcrumbList\",\"@id\":\"https:\/\/welovecinema.be\/nl\/festival-van-de-spaanstalige-film-cinemas-staat-voor-zelfontdekking-en-rechtvaardigheid\/#breadcrumb\",\"itemListElement\":[{\"@type\":\"ListItem\",\"position\":1,\"name\":\"Accueil\",\"item\":\"https:\/\/welovecinema.be\/nl\/\"},{\"@type\":\"ListItem\",\"position\":2,\"name\":\"Festival van de Spaanstalige film cineM\u00c1S staat voor zelfontdekking en rechtvaardigheid\"}]},{\"@type\":\"WebSite\",\"@id\":\"https:\/\/welovecinema.be\/nl\/#website\",\"url\":\"https:\/\/welovecinema.be\/nl\/\",\"name\":\"We Love Cinema\",\"description\":\"Toute l\u2019information du cin\u00e9ma en Belgique\",\"publisher\":{\"@id\":\"https:\/\/welovecinema.be\/nl\/#organization\"},\"potentialAction\":[{\"@type\":\"SearchAction\",\"target\":{\"@type\":\"EntryPoint\",\"urlTemplate\":\"https:\/\/welovecinema.be\/nl\/?s={search_term_string}\"},\"query-input\":\"required name=search_term_string\"}],\"inLanguage\":\"nl-NL\"},{\"@type\":\"Organization\",\"@id\":\"https:\/\/welovecinema.be\/nl\/#organization\",\"name\":\"We Love Cinema\",\"url\":\"https:\/\/welovecinema.be\/nl\/\",\"logo\":{\"@type\":\"ImageObject\",\"inLanguage\":\"nl-NL\",\"@id\":\"https:\/\/welovecinema.be\/nl\/#\/schema\/logo\/image\/\",\"url\":\"https:\/\/welovecinema.be\/wp-content\/uploads\/sites\/2\/2023\/03\/Logo-We-Love-Cinema305x128.jpg\",\"contentUrl\":\"https:\/\/welovecinema.be\/wp-content\/uploads\/sites\/2\/2023\/03\/Logo-We-Love-Cinema305x128.jpg\",\"width\":305,\"height\":128,\"caption\":\"We Love Cinema\"},\"image\":{\"@id\":\"https:\/\/welovecinema.be\/nl\/#\/schema\/logo\/image\/\"},\"sameAs\":[\"https:\/\/www.facebook.com\/welovecinema.be\",\"https:\/\/www.youtube.com\/channel\/UCX5LYGVhnKvYauW4Nta4HJA\",\"https:\/\/www.instagram.com\/welovecinema.be\/\"]},{\"@type\":\"Person\",\"@id\":\"https:\/\/welovecinema.be\/nl\/#\/schema\/person\/9a9270eec1274600ec8c420b80d00480\",\"name\":\"Seppe van Groeningen\",\"url\":\"https:\/\/welovecinema.be\/nl\/author\/seppe\/\"}]}<\/script>\n<!-- \/ Yoast SEO plugin. -->","yoast_head_json":{"title":"Festival van de Spaanstalige film cineM\u00c1S staat voor zelfontdekking en rechtvaardigheid - We Love Cinema","robots":{"index":"index","follow":"follow","max-snippet":"max-snippet:-1","max-image-preview":"max-image-preview:large","max-video-preview":"max-video-preview:-1"},"canonical":"https:\/\/welovecinema.be\/nl\/festival-van-de-spaanstalige-film-cinemas-staat-voor-zelfontdekking-en-rechtvaardigheid\/","og_locale":"nl_NL","og_type":"article","og_title":"Festival van de Spaanstalige film cineM\u00c1S staat voor zelfontdekking en rechtvaardigheid - We Love Cinema","og_description":"Dit jaar wappert cineM\u00c1S met een rood doek, als een symbool van vernieuwing, kracht en maatschappelijke verandering. Op het programma van cineM\u00c1S 2025 in Lumi\u00e8re Mechelen staan negen films die de grenzen van tijd, cultuur en identiteit overschrijden. Van woensdag 23 t.e.m. dinsdag 29 april kan je naar jaarlijkse gewoonte weer terecht in Lumi\u00e8re Mechelen, &hellip;","og_url":"https:\/\/welovecinema.be\/nl\/festival-van-de-spaanstalige-film-cinemas-staat-voor-zelfontdekking-en-rechtvaardigheid\/","og_site_name":"We Love Cinema","article_publisher":"https:\/\/www.facebook.com\/welovecinema.be","article_published_time":"2025-04-08T07:00:54+00:00","article_modified_time":"2025-04-08T10:37:26+00:00","og_image":[{"width":868,"height":588,"url":"https:\/\/welovecinema.be\/wp-content\/uploads\/sites\/2\/2025\/04\/Campagnebeeld-Cinemas.jpg","type":"image\/jpeg"}],"author":"Seppe van Groeningen","twitter_card":"summary_large_image","twitter_misc":{"Geschreven door":"Seppe van Groeningen","Geschatte leestijd":"2 minuten"},"schema":{"@context":"https:\/\/schema.org","@graph":[{"@type":"Article","@id":"https:\/\/welovecinema.be\/nl\/festival-van-de-spaanstalige-film-cinemas-staat-voor-zelfontdekking-en-rechtvaardigheid\/#article","isPartOf":{"@id":"https:\/\/welovecinema.be\/nl\/festival-van-de-spaanstalige-film-cinemas-staat-voor-zelfontdekking-en-rechtvaardigheid\/"},"author":{"name":"Seppe van Groeningen","@id":"https:\/\/welovecinema.be\/nl\/#\/schema\/person\/9a9270eec1274600ec8c420b80d00480"},"headline":"Festival van de Spaanstalige film cineM\u00c1S staat voor zelfontdekking en rechtvaardigheid","datePublished":"2025-04-08T07:00:54+00:00","dateModified":"2025-04-08T10:37:26+00:00","mainEntityOfPage":{"@id":"https:\/\/welovecinema.be\/nl\/festival-van-de-spaanstalige-film-cinemas-staat-voor-zelfontdekking-en-rechtvaardigheid\/"},"wordCount":421,"publisher":{"@id":"https:\/\/welovecinema.be\/nl\/#organization"},"keywords":["#cesardiaz","#cinemas","#elmaestro","#lafiltrada","#matador","#mexico86","#pedroalmodovar","#spaansefilm","Lumi\u00e8re"],"articleSection":["\u00a0We Love Belgian Cinema","Festivals","Nieuws","Varia"],"inLanguage":"nl-NL"},{"@type":"WebPage","@id":"https:\/\/welovecinema.be\/nl\/festival-van-de-spaanstalige-film-cinemas-staat-voor-zelfontdekking-en-rechtvaardigheid\/","url":"https:\/\/welovecinema.be\/nl\/festival-van-de-spaanstalige-film-cinemas-staat-voor-zelfontdekking-en-rechtvaardigheid\/","name":"Festival van de Spaanstalige film cineM\u00c1S staat voor zelfontdekking en rechtvaardigheid - We Love Cinema","isPartOf":{"@id":"https:\/\/welovecinema.be\/nl\/#website"},"datePublished":"2025-04-08T07:00:54+00:00","dateModified":"2025-04-08T10:37:26+00:00","breadcrumb":{"@id":"https:\/\/welovecinema.be\/nl\/festival-van-de-spaanstalige-film-cinemas-staat-voor-zelfontdekking-en-rechtvaardigheid\/#breadcrumb"},"inLanguage":"nl-NL","potentialAction":[{"@type":"ReadAction","target":["https:\/\/welovecinema.be\/nl\/festival-van-de-spaanstalige-film-cinemas-staat-voor-zelfontdekking-en-rechtvaardigheid\/"]}]},{"@type":"BreadcrumbList","@id":"https:\/\/welovecinema.be\/nl\/festival-van-de-spaanstalige-film-cinemas-staat-voor-zelfontdekking-en-rechtvaardigheid\/#breadcrumb","itemListElement":[{"@type":"ListItem","position":1,"name":"Accueil","item":"https:\/\/welovecinema.be\/nl\/"},{"@type":"ListItem","position":2,"name":"Festival van de Spaanstalige film cineM\u00c1S staat voor zelfontdekking en rechtvaardigheid"}]},{"@type":"WebSite","@id":"https:\/\/welovecinema.be\/nl\/#website","url":"https:\/\/welovecinema.be\/nl\/","name":"We Love Cinema","description":"Toute l\u2019information du cin\u00e9ma en Belgique","publisher":{"@id":"https:\/\/welovecinema.be\/nl\/#organization"},"potentialAction":[{"@type":"SearchAction","target":{"@type":"EntryPoint","urlTemplate":"https:\/\/welovecinema.be\/nl\/?s={search_term_string}"},"query-input":"required name=search_term_string"}],"inLanguage":"nl-NL"},{"@type":"Organization","@id":"https:\/\/welovecinema.be\/nl\/#organization","name":"We Love Cinema","url":"https:\/\/welovecinema.be\/nl\/","logo":{"@type":"ImageObject","inLanguage":"nl-NL","@id":"https:\/\/welovecinema.be\/nl\/#\/schema\/logo\/image\/","url":"https:\/\/welovecinema.be\/wp-content\/uploads\/sites\/2\/2023\/03\/Logo-We-Love-Cinema305x128.jpg","contentUrl":"https:\/\/welovecinema.be\/wp-content\/uploads\/sites\/2\/2023\/03\/Logo-We-Love-Cinema305x128.jpg","width":305,"height":128,"caption":"We Love Cinema"},"image":{"@id":"https:\/\/welovecinema.be\/nl\/#\/schema\/logo\/image\/"},"sameAs":["https:\/\/www.facebook.com\/welovecinema.be","https:\/\/www.youtube.com\/channel\/UCX5LYGVhnKvYauW4Nta4HJA","https:\/\/www.instagram.com\/welovecinema.be\/"]},{"@type":"Person","@id":"https:\/\/welovecinema.be\/nl\/#\/schema\/person\/9a9270eec1274600ec8c420b80d00480","name":"Seppe van Groeningen","url":"https:\/\/welovecinema.be\/nl\/author\/seppe\/"}]}},"_links":{"self":[{"href":"https:\/\/welovecinema.be\/nl\/wp-json\/wp\/v2\/posts\/264262","targetHints":{"allow":["GET"]}}],"collection":[{"href":"https:\/\/welovecinema.be\/nl\/wp-json\/wp\/v2\/posts"}],"about":[{"href":"https:\/\/welovecinema.be\/nl\/wp-json\/wp\/v2\/types\/post"}],"author":[{"embeddable":true,"href":"https:\/\/welovecinema.be\/nl\/wp-json\/wp\/v2\/users\/349"}],"replies":[{"embeddable":true,"href":"https:\/\/welovecinema.be\/nl\/wp-json\/wp\/v2\/comments?post=264262"}],"version-history":[{"count":4,"href":"https:\/\/welovecinema.be\/nl\/wp-json\/wp\/v2\/posts\/264262\/revisions"}],"predecessor-version":[{"id":264282,"href":"https:\/\/welovecinema.be\/nl\/wp-json\/wp\/v2\/posts\/264262\/revisions\/264282"}],"wp:featuredmedia":[{"embeddable":true,"href":"https:\/\/welovecinema.be\/nl\/wp-json\/wp\/v2\/media\/264276"}],"wp:attachment":[{"href":"https:\/\/welovecinema.be\/nl\/wp-json\/wp\/v2\/media?parent=264262"}],"wp:term":[{"taxonomy":"category","embeddable":true,"href":"https:\/\/welovecinema.be\/nl\/wp-json\/wp\/v2\/categories?post=264262"},{"taxonomy":"post_tag","embeddable":true,"href":"https:\/\/welovecinema.be\/nl\/wp-json\/wp\/v2\/tags?post=264262"}],"curies":[{"name":"wp","href":"https:\/\/api.w.org\/{rel}","templated":true}]}}