{"id":260761,"date":"2024-10-03T08:47:01","date_gmt":"2024-10-03T06:47:01","guid":{"rendered":"https:\/\/welovecinema.be\/?p=260761"},"modified":"2024-10-03T08:47:01","modified_gmt":"2024-10-03T06:47:01","slug":"daniel-day-lewis-opnieuw-voor-de-camera","status":"publish","type":"post","link":"https:\/\/welovecinema.be\/nl\/daniel-day-lewis-opnieuw-voor-de-camera\/","title":{"rendered":"Daniel Day-Lewis opnieuw voor de camera!"},"content":{"rendered":"<p><strong>Zeg nooit nooit. Ook niet als je Daniel Day-Lewis heet. Zeven jaar nadat hij <\/strong><strong><em>Phantom Thread<\/em><\/strong><strong> (<\/strong><strong>f<\/strong><strong>oto) <\/strong><strong>afwerkte en verklaarde dat hij een punt zette achter zijn acteercarri\u00e8re, gaat de drievoudige Oscarwinnaar toch weer aan de slag. Daar heeft hij weliswaar een heel goeie reden voor, want de film in kwestie, <em>Anemone<\/em>, wordt meteen ook het regiedebuut van zijn bloedeigen zoon Ronan Day-Lewis! Waarschijnlijk volgend jaar al in de bioscoop\u2026<\/strong><\/p>\n<p>Laten we wel wezen: op zijn 67ste heeft Daniel Day-Lewis niets meer te bewijzen. Hij behoort tenslotte tot het kleine kransje acteurs dat al drie keer op het podium mocht tijdens de Oscaruitreiking. Voor de quizfanaten onder jullie: de andere vijf zijn Meryl Streep, Frances McDormand, Ingrid Bergman, Jack Nicholson en Walter Brennan, terwijl Katharine Hepburn als enige acteur 4 keer een Oscar won.<\/p>\n<p>Maar nu is Daniel dus toch van plan om nog een verlengstuk te breien aan zijn carri\u00e8re. En dat doet hij niet zomaar met een cameo. Hij zal \u00e9\u00e9n van de hoofdrollen voor zijn rekening nemen in <em>Anemone<\/em>, de eerste film van Ronan Day-Lewis. En dat is de 26-jarige zoon van Daniel en zijn echtgenote Rebecca Miller. Vader en zoon hebben de film samen geschreven, en hij gaat niet toevallig over de complexe relaties tussen vaders, zonen en broers, en over de dynamiek van familiebanden. Naast Daniel Day-Lewis krijgen we ook onder meer Sean Bean, Samantha Morton, Samuel Bottomley en Safia Oakley-Green op het scherm te zien.<\/p>\n<p>\u00ab<em>We zijn heel blij dat we mogen meewerken aan de eerste langspeelfilm van een briljante beeldende kunstenaar als Ronan Day-Lewis, met Daniel Day-Lewis aan zijn zijde als creatief medewerker<\/em>\u00bb, zegt productiemaatschappij Focus Features. \u00ab<em>Ze hebben een echt uitzonderlijk script geschreven, en we kunnen niet wachten om hun gezamenlijke visie aan het publiek voor te stellen.<\/em>\u00bb<\/p>\n<p>Volgend jaar weten we waarschijnlijk al wat dat zal geven.<\/p>\n","protected":false},"excerpt":{"rendered":"<p>Zeg nooit nooit. Ook niet als je Daniel Day-Lewis heet. Zeven jaar nadat hij Phantom Thread (foto) afwerkte en verklaarde dat hij een punt zette achter zijn acteercarri\u00e8re, gaat de drievoudige Oscarwinnaar toch weer aan de slag. Daar heeft hij weliswaar een heel goeie reden voor, want de film in kwestie, Anemone, wordt meteen ook &hellip;<\/p>\n","protected":false},"author":358,"featured_media":260745,"comment_status":"closed","ping_status":"closed","sticky":false,"template":"","format":"standard","meta":{"ngg_post_thumbnail":0,"footnotes":""},"categories":[7137,30],"tags":[],"class_list":["post-260761","post","type-post","status-publish","format-standard","has-post-thumbnail","","category-we-love-worldwide-nl","category-nieuws"],"yoast_head":"<!-- This site is optimized with the Yoast SEO plugin v20.4 - https:\/\/yoast.com\/wordpress\/plugins\/seo\/ -->\n<title>Daniel Day-Lewis opnieuw voor de camera! - We Love Cinema<\/title>\n<meta name=\"robots\" content=\"index, follow, max-snippet:-1, max-image-preview:large, max-video-preview:-1\" \/>\n<link rel=\"canonical\" href=\"https:\/\/welovecinema.be\/nl\/daniel-day-lewis-opnieuw-voor-de-camera\/\" \/>\n<meta property=\"og:locale\" content=\"nl_NL\" \/>\n<meta property=\"og:type\" content=\"article\" \/>\n<meta property=\"og:title\" content=\"Daniel Day-Lewis opnieuw voor de camera! - We Love Cinema\" \/>\n<meta property=\"og:description\" content=\"Zeg nooit nooit. Ook niet als je Daniel Day-Lewis heet. Zeven jaar nadat hij Phantom Thread (foto) afwerkte en verklaarde dat hij een punt zette achter zijn acteercarri\u00e8re, gaat de drievoudige Oscarwinnaar toch weer aan de slag. Daar heeft hij weliswaar een heel goeie reden voor, want de film in kwestie, Anemone, wordt meteen ook &hellip;\" \/>\n<meta property=\"og:url\" content=\"https:\/\/welovecinema.be\/nl\/daniel-day-lewis-opnieuw-voor-de-camera\/\" \/>\n<meta property=\"og:site_name\" content=\"We Love Cinema\" \/>\n<meta property=\"article:publisher\" content=\"https:\/\/www.facebook.com\/welovecinema.be\" \/>\n<meta property=\"article:published_time\" content=\"2024-10-03T06:47:01+00:00\" \/>\n<meta property=\"og:image\" content=\"https:\/\/welovecinema.be\/wp-content\/uploads\/sites\/2\/2024\/10\/Day-Lewis.jpg\" \/>\n\t<meta property=\"og:image:width\" content=\"656\" \/>\n\t<meta property=\"og:image:height\" content=\"343\" \/>\n\t<meta property=\"og:image:type\" content=\"image\/jpeg\" \/>\n<meta name=\"author\" content=\"fred\" \/>\n<meta name=\"twitter:card\" content=\"summary_large_image\" \/>\n<meta name=\"twitter:label1\" content=\"Geschreven door\" \/>\n\t<meta name=\"twitter:data1\" content=\"fred\" \/>\n\t<meta name=\"twitter:label2\" content=\"Geschatte leestijd\" \/>\n\t<meta name=\"twitter:data2\" content=\"2 minuten\" \/>\n<script type=\"application\/ld+json\" class=\"yoast-schema-graph\">{\"@context\":\"https:\/\/schema.org\",\"@graph\":[{\"@type\":\"Article\",\"@id\":\"https:\/\/welovecinema.be\/nl\/daniel-day-lewis-opnieuw-voor-de-camera\/#article\",\"isPartOf\":{\"@id\":\"https:\/\/welovecinema.be\/nl\/daniel-day-lewis-opnieuw-voor-de-camera\/\"},\"author\":{\"name\":\"fred\",\"@id\":\"https:\/\/welovecinema.be\/nl\/#\/schema\/person\/7620619142b6dd3c9aa19e9210ad5bd5\"},\"headline\":\"Daniel Day-Lewis opnieuw voor de camera!\",\"datePublished\":\"2024-10-03T06:47:01+00:00\",\"dateModified\":\"2024-10-03T06:47:01+00:00\",\"mainEntityOfPage\":{\"@id\":\"https:\/\/welovecinema.be\/nl\/daniel-day-lewis-opnieuw-voor-de-camera\/\"},\"wordCount\":314,\"publisher\":{\"@id\":\"https:\/\/welovecinema.be\/nl\/#organization\"},\"articleSection\":[\"\u00a0We Love Worldwide Cinema\",\"Nieuws\"],\"inLanguage\":\"nl-NL\"},{\"@type\":\"WebPage\",\"@id\":\"https:\/\/welovecinema.be\/nl\/daniel-day-lewis-opnieuw-voor-de-camera\/\",\"url\":\"https:\/\/welovecinema.be\/nl\/daniel-day-lewis-opnieuw-voor-de-camera\/\",\"name\":\"Daniel Day-Lewis opnieuw voor de camera! - We Love Cinema\",\"isPartOf\":{\"@id\":\"https:\/\/welovecinema.be\/nl\/#website\"},\"datePublished\":\"2024-10-03T06:47:01+00:00\",\"dateModified\":\"2024-10-03T06:47:01+00:00\",\"breadcrumb\":{\"@id\":\"https:\/\/welovecinema.be\/nl\/daniel-day-lewis-opnieuw-voor-de-camera\/#breadcrumb\"},\"inLanguage\":\"nl-NL\",\"potentialAction\":[{\"@type\":\"ReadAction\",\"target\":[\"https:\/\/welovecinema.be\/nl\/daniel-day-lewis-opnieuw-voor-de-camera\/\"]}]},{\"@type\":\"BreadcrumbList\",\"@id\":\"https:\/\/welovecinema.be\/nl\/daniel-day-lewis-opnieuw-voor-de-camera\/#breadcrumb\",\"itemListElement\":[{\"@type\":\"ListItem\",\"position\":1,\"name\":\"Accueil\",\"item\":\"https:\/\/welovecinema.be\/nl\/\"},{\"@type\":\"ListItem\",\"position\":2,\"name\":\"Daniel Day-Lewis opnieuw voor de camera!\"}]},{\"@type\":\"WebSite\",\"@id\":\"https:\/\/welovecinema.be\/nl\/#website\",\"url\":\"https:\/\/welovecinema.be\/nl\/\",\"name\":\"We Love Cinema\",\"description\":\"Toute l\u2019information du cin\u00e9ma en Belgique\",\"publisher\":{\"@id\":\"https:\/\/welovecinema.be\/nl\/#organization\"},\"potentialAction\":[{\"@type\":\"SearchAction\",\"target\":{\"@type\":\"EntryPoint\",\"urlTemplate\":\"https:\/\/welovecinema.be\/nl\/?s={search_term_string}\"},\"query-input\":\"required name=search_term_string\"}],\"inLanguage\":\"nl-NL\"},{\"@type\":\"Organization\",\"@id\":\"https:\/\/welovecinema.be\/nl\/#organization\",\"name\":\"We Love Cinema\",\"url\":\"https:\/\/welovecinema.be\/nl\/\",\"logo\":{\"@type\":\"ImageObject\",\"inLanguage\":\"nl-NL\",\"@id\":\"https:\/\/welovecinema.be\/nl\/#\/schema\/logo\/image\/\",\"url\":\"https:\/\/welovecinema.be\/wp-content\/uploads\/sites\/2\/2023\/03\/Logo-We-Love-Cinema305x128.jpg\",\"contentUrl\":\"https:\/\/welovecinema.be\/wp-content\/uploads\/sites\/2\/2023\/03\/Logo-We-Love-Cinema305x128.jpg\",\"width\":305,\"height\":128,\"caption\":\"We Love Cinema\"},\"image\":{\"@id\":\"https:\/\/welovecinema.be\/nl\/#\/schema\/logo\/image\/\"},\"sameAs\":[\"https:\/\/www.facebook.com\/welovecinema.be\",\"https:\/\/www.youtube.com\/channel\/UCX5LYGVhnKvYauW4Nta4HJA\",\"https:\/\/www.instagram.com\/welovecinema.be\/\"]},{\"@type\":\"Person\",\"@id\":\"https:\/\/welovecinema.be\/nl\/#\/schema\/person\/7620619142b6dd3c9aa19e9210ad5bd5\",\"name\":\"fred\",\"url\":\"https:\/\/welovecinema.be\/nl\/author\/fred\/\"}]}<\/script>\n<!-- \/ Yoast SEO plugin. -->","yoast_head_json":{"title":"Daniel Day-Lewis opnieuw voor de camera! - We Love Cinema","robots":{"index":"index","follow":"follow","max-snippet":"max-snippet:-1","max-image-preview":"max-image-preview:large","max-video-preview":"max-video-preview:-1"},"canonical":"https:\/\/welovecinema.be\/nl\/daniel-day-lewis-opnieuw-voor-de-camera\/","og_locale":"nl_NL","og_type":"article","og_title":"Daniel Day-Lewis opnieuw voor de camera! - We Love Cinema","og_description":"Zeg nooit nooit. Ook niet als je Daniel Day-Lewis heet. Zeven jaar nadat hij Phantom Thread (foto) afwerkte en verklaarde dat hij een punt zette achter zijn acteercarri\u00e8re, gaat de drievoudige Oscarwinnaar toch weer aan de slag. Daar heeft hij weliswaar een heel goeie reden voor, want de film in kwestie, Anemone, wordt meteen ook &hellip;","og_url":"https:\/\/welovecinema.be\/nl\/daniel-day-lewis-opnieuw-voor-de-camera\/","og_site_name":"We Love Cinema","article_publisher":"https:\/\/www.facebook.com\/welovecinema.be","article_published_time":"2024-10-03T06:47:01+00:00","og_image":[{"width":656,"height":343,"url":"https:\/\/welovecinema.be\/wp-content\/uploads\/sites\/2\/2024\/10\/Day-Lewis.jpg","type":"image\/jpeg"}],"author":"fred","twitter_card":"summary_large_image","twitter_misc":{"Geschreven door":"fred","Geschatte leestijd":"2 minuten"},"schema":{"@context":"https:\/\/schema.org","@graph":[{"@type":"Article","@id":"https:\/\/welovecinema.be\/nl\/daniel-day-lewis-opnieuw-voor-de-camera\/#article","isPartOf":{"@id":"https:\/\/welovecinema.be\/nl\/daniel-day-lewis-opnieuw-voor-de-camera\/"},"author":{"name":"fred","@id":"https:\/\/welovecinema.be\/nl\/#\/schema\/person\/7620619142b6dd3c9aa19e9210ad5bd5"},"headline":"Daniel Day-Lewis opnieuw voor de camera!","datePublished":"2024-10-03T06:47:01+00:00","dateModified":"2024-10-03T06:47:01+00:00","mainEntityOfPage":{"@id":"https:\/\/welovecinema.be\/nl\/daniel-day-lewis-opnieuw-voor-de-camera\/"},"wordCount":314,"publisher":{"@id":"https:\/\/welovecinema.be\/nl\/#organization"},"articleSection":["\u00a0We Love Worldwide Cinema","Nieuws"],"inLanguage":"nl-NL"},{"@type":"WebPage","@id":"https:\/\/welovecinema.be\/nl\/daniel-day-lewis-opnieuw-voor-de-camera\/","url":"https:\/\/welovecinema.be\/nl\/daniel-day-lewis-opnieuw-voor-de-camera\/","name":"Daniel Day-Lewis opnieuw voor de camera! - We Love Cinema","isPartOf":{"@id":"https:\/\/welovecinema.be\/nl\/#website"},"datePublished":"2024-10-03T06:47:01+00:00","dateModified":"2024-10-03T06:47:01+00:00","breadcrumb":{"@id":"https:\/\/welovecinema.be\/nl\/daniel-day-lewis-opnieuw-voor-de-camera\/#breadcrumb"},"inLanguage":"nl-NL","potentialAction":[{"@type":"ReadAction","target":["https:\/\/welovecinema.be\/nl\/daniel-day-lewis-opnieuw-voor-de-camera\/"]}]},{"@type":"BreadcrumbList","@id":"https:\/\/welovecinema.be\/nl\/daniel-day-lewis-opnieuw-voor-de-camera\/#breadcrumb","itemListElement":[{"@type":"ListItem","position":1,"name":"Accueil","item":"https:\/\/welovecinema.be\/nl\/"},{"@type":"ListItem","position":2,"name":"Daniel Day-Lewis opnieuw voor de camera!"}]},{"@type":"WebSite","@id":"https:\/\/welovecinema.be\/nl\/#website","url":"https:\/\/welovecinema.be\/nl\/","name":"We Love Cinema","description":"Toute l\u2019information du cin\u00e9ma en Belgique","publisher":{"@id":"https:\/\/welovecinema.be\/nl\/#organization"},"potentialAction":[{"@type":"SearchAction","target":{"@type":"EntryPoint","urlTemplate":"https:\/\/welovecinema.be\/nl\/?s={search_term_string}"},"query-input":"required name=search_term_string"}],"inLanguage":"nl-NL"},{"@type":"Organization","@id":"https:\/\/welovecinema.be\/nl\/#organization","name":"We Love Cinema","url":"https:\/\/welovecinema.be\/nl\/","logo":{"@type":"ImageObject","inLanguage":"nl-NL","@id":"https:\/\/welovecinema.be\/nl\/#\/schema\/logo\/image\/","url":"https:\/\/welovecinema.be\/wp-content\/uploads\/sites\/2\/2023\/03\/Logo-We-Love-Cinema305x128.jpg","contentUrl":"https:\/\/welovecinema.be\/wp-content\/uploads\/sites\/2\/2023\/03\/Logo-We-Love-Cinema305x128.jpg","width":305,"height":128,"caption":"We Love Cinema"},"image":{"@id":"https:\/\/welovecinema.be\/nl\/#\/schema\/logo\/image\/"},"sameAs":["https:\/\/www.facebook.com\/welovecinema.be","https:\/\/www.youtube.com\/channel\/UCX5LYGVhnKvYauW4Nta4HJA","https:\/\/www.instagram.com\/welovecinema.be\/"]},{"@type":"Person","@id":"https:\/\/welovecinema.be\/nl\/#\/schema\/person\/7620619142b6dd3c9aa19e9210ad5bd5","name":"fred","url":"https:\/\/welovecinema.be\/nl\/author\/fred\/"}]}},"_links":{"self":[{"href":"https:\/\/welovecinema.be\/nl\/wp-json\/wp\/v2\/posts\/260761","targetHints":{"allow":["GET"]}}],"collection":[{"href":"https:\/\/welovecinema.be\/nl\/wp-json\/wp\/v2\/posts"}],"about":[{"href":"https:\/\/welovecinema.be\/nl\/wp-json\/wp\/v2\/types\/post"}],"author":[{"embeddable":true,"href":"https:\/\/welovecinema.be\/nl\/wp-json\/wp\/v2\/users\/358"}],"replies":[{"embeddable":true,"href":"https:\/\/welovecinema.be\/nl\/wp-json\/wp\/v2\/comments?post=260761"}],"version-history":[{"count":1,"href":"https:\/\/welovecinema.be\/nl\/wp-json\/wp\/v2\/posts\/260761\/revisions"}],"predecessor-version":[{"id":260762,"href":"https:\/\/welovecinema.be\/nl\/wp-json\/wp\/v2\/posts\/260761\/revisions\/260762"}],"wp:featuredmedia":[{"embeddable":true,"href":"https:\/\/welovecinema.be\/nl\/wp-json\/wp\/v2\/media\/260745"}],"wp:attachment":[{"href":"https:\/\/welovecinema.be\/nl\/wp-json\/wp\/v2\/media?parent=260761"}],"wp:term":[{"taxonomy":"category","embeddable":true,"href":"https:\/\/welovecinema.be\/nl\/wp-json\/wp\/v2\/categories?post=260761"},{"taxonomy":"post_tag","embeddable":true,"href":"https:\/\/welovecinema.be\/nl\/wp-json\/wp\/v2\/tags?post=260761"}],"curies":[{"name":"wp","href":"https:\/\/api.w.org\/{rel}","templated":true}]}}