{"id":248390,"date":"2022-12-22T11:20:23","date_gmt":"2022-12-22T10:20:23","guid":{"rendered":"https:\/\/www.cinevox.be\/?p=248390"},"modified":"2022-12-23T10:38:40","modified_gmt":"2022-12-23T09:38:40","slug":"10-jaar-screen-flanders","status":"publish","type":"post","link":"https:\/\/welovecinema.be\/nl\/10-jaar-screen-flanders\/","title":{"rendered":"10\u00a0jaar\u00a0Screen Flanders!"},"content":{"rendered":"<p style=\"font-weight: 400;\"><strong>Screen Flanders investeert 2.545.000 euro\u00a0in 9 nieuwe audiovisuele producties, \u00e9\u00e9n miljoen euro m\u00e9\u00e9r dan initieel voorzien.\u00a0Dat maakte Vlaams minister van Economie Jo Brouns enkele dagen geleden bekend.\u00a0Sinds de lancering in 2012 heeft het Economisch Fonds Screen Flanders bijna 49 miljoen euro ge\u00efnvesteerd in 251 audiovisuele producties die meer dan 317 miljoen euro aan structurerende audiovisuele uitgaven in het Vlaamse Gewest genereerden. Een maatregel die al 10 jaar lang Vlaams audiovisueel talent en vakmanschap mee naar ongekende hoogtes stuwt.<\/strong><\/p>\n<p>Voor de tweede oproep van 2022\u00a0maakte de Vlaamse regering een extra budget vrij van 1.000.000 euro ter ondersteuning van de Vlaamse audiovisuele sector. Dankzij deze bijkomende injectie kunnen in totaal 9 audiovisuele producties voor een totaalbedrag van 2.545.000 euro worden ondersteund. Deze producties zullen bijna 21 miljoen euro (exact:\u00a020.962.466\u00a0euro) aan in aanmerking komende audiovisuele uitgaven genereren in het Vlaamse Gewest, goed voor een economische hefboom van 8,24 per ge\u00efnvesteerde euro. De steunbedragen binnen deze oproep vari\u00ebren tussen 200.000 euro en 400.000 euro per project.<\/p>\n<p>Vier films krijgen binnen deze oproep steun. \u00a0Het gaat om\u00a0de animatiespeelfilms\u00a0<em>Miss Moxy, Valemon: The Polar Bear King<\/em>\u00a0en\u00a0<em>Het wonderlijke leven van Marcel Pagnol<\/em>, net als de\u00a0speelfilm\u00a0<em>De magische apotheek<\/em>.<\/p>\n<p>Daarnaast kunnen ook Vijf fictieseries op steun rekenen: \u00a0<em>Jaren van lood,\u00a0Kameleon,\u00a0Putain<\/em>\u00a0en\u00a0de internationale coproducties\u00a0<em>Sophie Cross<\/em>\u00a0seizoen 2 en\u00a0<em>The Antwerp Connection.<\/em><\/p>\n<p><em>\u201cOnze Vlaamse audiovisuele producties worden wereldwijd geprezen voor hun hoogstaande kwaliteit. Ook dit jaar mogen ze weer op extra steun rekenen vanuit Vlaanderen. Met deze steunmaatregel willen we Vlaanderen blijvend op de kaart zetten als creatieve en kwaliteitsvolle audiovisuele regio. Deze investeringen zorgen voor extra werkgelegenheid en verdere professionalisering van de sector. Daarom maak ik bij deze tweede oproep van 2022 een extra budget van \u00e9\u00e9n\u00a0miljoen vrij.\u201d<\/em><br \/>\n<em>\u2013 <\/em>Vlaams minister van Economie<strong> Jo Brouns<\/strong><\/p>\n<p>&nbsp;<\/p>\n<figure id=\"attachment_245087\" aria-describedby=\"caption-attachment-245087\" style=\"width: 601px\" class=\"wp-caption alignnone\"><img loading=\"lazy\" decoding=\"async\" class=\" wp-image-245087\" src=\"https:\/\/www.cinevox.be\/wp-content\/uploads\/sites\/2\/2022\/05\/Acht-Bergen-Otto-Montagne-480x270.jpeg\" alt=\"\" width=\"601\" height=\"338\" srcset=\"https:\/\/welovecinema.be\/wp-content\/uploads\/sites\/2\/2022\/05\/Acht-Bergen-Otto-Montagne-480x270.jpeg 480w, https:\/\/welovecinema.be\/wp-content\/uploads\/sites\/2\/2022\/05\/Acht-Bergen-Otto-Montagne-800x450.jpeg 800w, https:\/\/welovecinema.be\/wp-content\/uploads\/sites\/2\/2022\/05\/Acht-Bergen-Otto-Montagne-200x113.jpeg 200w, https:\/\/welovecinema.be\/wp-content\/uploads\/sites\/2\/2022\/05\/Acht-Bergen-Otto-Montagne-768x432.jpeg 768w, https:\/\/welovecinema.be\/wp-content\/uploads\/sites\/2\/2022\/05\/Acht-Bergen-Otto-Montagne-599x337.jpeg 599w, https:\/\/welovecinema.be\/wp-content\/uploads\/sites\/2\/2022\/05\/Acht-Bergen-Otto-Montagne.jpeg 1200w\" sizes=\"auto, (max-width: 601px) 100vw, 601px\" \/><figcaption id=\"caption-attachment-245087\" class=\"wp-caption-text\">Le Otto Montagne<\/figcaption><\/figure>\n<p><strong><u>Vlaanderen internationaal op de kaart als audiovisuele regio<\/u><\/strong><\/p>\n<p>Screen Flanders vergroot de aantrekkingskracht van Vlaanderen voor buitenlandse producties en versterkt zijn concurrentiepositie ten opzichte van andere regio&#8217;s. Deze economische steunmaatregel is een niet te missen schakel in de ontwikkeling en groei van de Vlaamse audiovisuele sector die samen met de Tax Shelter-maatregel zorgt voor een aantrekkelijk coproductieklimaat. Dankzij deze tandem kwamen heel wat prestigieuze internationale coproducties naar Vlaanderen om opnames te maken op authentieke locaties, te werken met Vlaams toptalent voor en achter de camera of gebruik te maken van de verschillende state-of-the-art faciliteiten in Vlaanderen.<\/p>\n<p><strong><u>Vlaams talent naar ongekende hoogtes<\/u><\/strong><\/p>\n<p>Dankzij deze internationale coproducties krijgt Vlaams talent ook de kans om zich buiten de landsgrenzen te ontwikkelen. Bijvoorbeeld de in Cannes bekroonde film\u00a0<em>De acht bergen<\/em>, een Italiaans-Frans-Belgische film met een Vlaamse creatieve kern (regisseurs <strong>Felix van Groeningen<\/strong> en <strong>Charlotte Vandermeersch<\/strong>, D.O.P. <strong>Ruben Impens<\/strong> en monteur <strong>Nico Leunen<\/strong>) en het voor de Berlinale geselecteerde\u00a0<em>Inside<\/em>, waar <strong>Gene Bervoets<\/strong> en <strong>Eliza Stuyck<\/strong> aan de zijde van Willem Dafoe spelen. Andere voorbeelden van deze prestigieuze coproducties zijn de BBC series\u00a0<em>The White Queen,\u00a0Les Mis\u00e9rables<\/em>\u00a0en\u00a0<em>The Missing<\/em>, de Scandinavische series<em>\u00a0Estonia,\u00a0State of Happiness\u00a0<\/em>en\u00a0<em>Occupied<\/em>, de Franse series\u00a0<em>L&#8217;Op\u00e9ra<\/em>\u00a0en\u00a0<em>Moloch<\/em>\u00a0en langspeelfilms van regisseurs als Leos Carax (<em>Annette<\/em>), Thomas Vinterberg (<em>Kursk<\/em>) en Terence Davies (<em>A Quiet Passion<\/em>).<\/p>\n<p><strong><u>Lokale verankering<\/u><\/strong><\/p>\n<p>Naast internationale coproducties investeerde Screen Vlaanderen ook sterk in lokale producties met een zeer groot lokaal potentieel zoals de langspeelfilms van de\u00a0<em>FC De Kampioenen<\/em>-franchise en de recente box-office hit\u00a0<em>Zillion<\/em>, de animatieseries voor kinderen\u00a0<em>Ridder Muis<\/em>\u00a0en\u00a0<em>Ninja Express<\/em>,\u00a0of films met een grote internationale uitstraling zoals de Netflix-hit\u00a0<em>De familie Claus<\/em>,\u00a0<em>Rebel<\/em>\u00a0van <strong>Adil El Arbi &amp; Bilall Fallah<\/strong>\u00a0en\u00a0<em>Het smelt\u00a0<\/em>van <strong>Veerle Baetens<\/strong>,\u00a0die volgend jaar in premi\u00e8re zal gaan op het Sundance Festival. Ook tv-series zoals\u00a0<em>Chantal,\u00a01985, De twaalf<\/em> seizoen 2, de verbluffende documentairereeks\u00a0<em>Onze Natuur<\/em>\u00a0en\u00a0<em>Het verhaal van Vlaanderen<\/em>\u00a0kregen steun van het fonds.<\/p>\n<p><strong><u>Boost voor Vlaamse audiovisuele industrie<\/u><\/strong><\/p>\n<p>Door de ondersteuning van zowel internationale als lokale content geeft Screen Flanders ook de audiovisuele industrie in Vlaanderen een boost, waardoor deze kan groeien en zich verder kan ontwikkelen door continu\u00efteit en werkgelegenheid te cre\u00ebren. Dit uit zich niet alleen in de talrijke animatiestudio\u2019s in Vlaanderen die meewerkten aan internationale titels zoals\u00a0<em>Phantom Boy,\u00a0Where is Anne Frank<\/em>\u00a0of meer recent\u00a0<em>Titina, La Sir\u00e8ne<\/em>\u00a0of\u00a0<em>Quentin Blake\u2019s Box Of Treasures<\/em>, maar ook in de state-of-the-art studio\u2019s en postproductiefaciliteiten die het Vlaamse Gewest telt.<\/p>\n<figure id=\"attachment_247161\" aria-describedby=\"caption-attachment-247161\" style=\"width: 600px\" class=\"wp-caption alignnone\"><img loading=\"lazy\" decoding=\"async\" class=\" wp-image-247161\" src=\"https:\/\/www.cinevox.be\/wp-content\/uploads\/sites\/2\/2022\/10\/Rebl-Adil-Bilall-405x270.jpeg\" alt=\"Rebel-Adil-Bilall\" width=\"600\" height=\"400\" srcset=\"https:\/\/welovecinema.be\/wp-content\/uploads\/sites\/2\/2022\/10\/Rebl-Adil-Bilall-405x270.jpeg 405w, https:\/\/welovecinema.be\/wp-content\/uploads\/sites\/2\/2022\/10\/Rebl-Adil-Bilall.jpeg 768w\" sizes=\"auto, (max-width: 600px) 100vw, 600px\" \/><figcaption id=\"caption-attachment-247161\" class=\"wp-caption-text\">Rebel<\/figcaption><\/figure>\n<p><strong><u>Enkele kerncijfers na 10 jaar Screen Flanders\u00a0<\/u><\/strong><\/p>\n<p>Sinds de oprichting van het Economisch Fonds Screen Flanders in 2012 werd er aan\u00a0<strong>251 producties\u00a0<\/strong>steun toegekend\u00a0voor een\u00a0totaalbedrag van\u00a0<strong>48.800.000 euro<\/strong>. Hiertegenover staan <strong>317.155.275 euro\u00a0<\/strong>aan in aanmerking komende audiovisuele uitgaven in het Vlaamse Gewest.\u00a0Dit resulteert in een gemiddelde<strong>economische hefboom van\u00a06,5\u00a0per ge\u00efnvesteerde euro<\/strong>.<\/p>\n<p>76% van de ondersteunde projecten waren fictieproducties (speelfilms en series), 4% waren documentaireproducties (speelfilms en series) en 20% waren animatieproducties (speelfilms en series). 55% van de ondersteunde producties waren minoritaire coproducties waarin het Vlaamse of Belgische financieringsaandeel kleiner was dan 50%.<\/p>\n<p><strong><u>Wat is Screen Flanders?<\/u><\/strong><\/p>\n<p>\u201c<em>Screen Flanders bood de afgelopen 10 jaar extra kansen en zuurstof aan de Vlaamse audiovisuele sector. Vlaamse films en tv-series, die een belangrijk deel van hun productiebudget in het Vlaams Gewest investeren, kregen toegang tot bijkomende financiering . Daarnaast verhoogt dit economisch fonds de aantrekkingskracht van de Vlaamse audiovisuele regio voor internationale coproducties. Door het aanzienlijke hefboomeffect is dit een zeer welkome, effici\u00ebnte en doelgerichte injectie in lokale tewerkstelling en investeringen voor onze sector en we blijven samen met VLAIO vastbesloten om dat ook in de toekomst verder mogelijk te maken\u201d<\/em><em>\u00a0<\/em>\u2013\u00a0<strong>Koen Van Bockstal<\/strong>, Directeur-Intendant van het<strong> Vlaams Audiovisueel Fonds<\/strong> (VAF)<\/p>\n<p>Via Screen Flanders geeft de Vlaamse overheid audiovisuele producties die een deel van hun budget in het Vlaamse Gewest spenderen een financieel duwtje in de rug. De Belgische (co)producenten kunnen via Screen Flanders tot 400.000 euro terugbetaalbare voorschotten aanvragen als economische ondersteuning voor hun audiovisuele uitgaven binnen het Vlaamse Gewest.<\/p>\n<p>Meer informatie over de ondersteunde producties is te vinden op de\u00a0<a href=\"https:\/\/vaf.us2.list-manage.com\/track\/click?u=a37f352ab9084693467aaec9d&amp;id=ffa60d9ef5&amp;e=f3397a21b5\" data-saferedirecturl=\"https:\/\/www.google.com\/url?q=https:\/\/vaf.us2.list-manage.com\/track\/click?u%3Da37f352ab9084693467aaec9d%26id%3Dffa60d9ef5%26e%3Df3397a21b5&amp;source=gmail&amp;ust=1671789856561000&amp;usg=AOvVaw0tORgfZDRTM56STFhWITuN\">Screen\u00a0Flanders-website<\/a>.<\/p>\n<p>Screen\u00a0Flanders\u00a0is een initiatief van het <a href=\"https:\/\/vaf.us2.list-manage.com\/track\/click?u=a37f352ab9084693467aaec9d&amp;id=a8bdf3b549&amp;e=f3397a21b5\" data-saferedirecturl=\"https:\/\/www.google.com\/url?q=https:\/\/vaf.us2.list-manage.com\/track\/click?u%3Da37f352ab9084693467aaec9d%26id%3Da8bdf3b549%26e%3Df3397a21b5&amp;source=gmail&amp;ust=1671789856561000&amp;usg=AOvVaw0xUMXnFt6OiJVWKmJHcx4b\">Agentschap Innoveren &amp; Ondernemen (VLAIO)<\/a> in samenwerking met het <a href=\"https:\/\/vaf.us2.list-manage.com\/track\/click?u=a37f352ab9084693467aaec9d&amp;id=b8ccb27999&amp;e=f3397a21b5\" data-saferedirecturl=\"https:\/\/www.google.com\/url?q=https:\/\/vaf.us2.list-manage.com\/track\/click?u%3Da37f352ab9084693467aaec9d%26id%3Db8ccb27999%26e%3Df3397a21b5&amp;source=gmail&amp;ust=1671789856561000&amp;usg=AOvVaw2hAsJliW4X17szCB5stylT\">Vlaams Audiovisueel Fonds (VAF)<\/a>.<\/p>\n<p><img loading=\"lazy\" decoding=\"async\" class=\"alignnone wp-image-242613\" src=\"https:\/\/www.cinevox.be\/wp-content\/uploads\/sites\/2\/2022\/01\/unnamed-143-480x124.jpg\" alt=\"\" width=\"600\" height=\"155\" srcset=\"https:\/\/welovecinema.be\/wp-content\/uploads\/sites\/2\/2022\/01\/unnamed-143-480x124.jpg 480w, https:\/\/welovecinema.be\/wp-content\/uploads\/sites\/2\/2022\/01\/unnamed-143-800x207.jpg 800w, https:\/\/welovecinema.be\/wp-content\/uploads\/sites\/2\/2022\/01\/unnamed-143-768x198.jpg 768w, https:\/\/welovecinema.be\/wp-content\/uploads\/sites\/2\/2022\/01\/unnamed-143-1536x397.jpg 1536w, https:\/\/welovecinema.be\/wp-content\/uploads\/sites\/2\/2022\/01\/unnamed-143-2048x529.jpg 2048w\" sizes=\"auto, (max-width: 600px) 100vw, 600px\" \/><\/p>\n<p><strong><u>Ondersteunde speelfilms tweede oproep 2022<\/u><\/strong><\/p>\n<p><em><strong>De magische apotheek\u00a0<\/strong><\/em><br \/>\nLucie, Benno en buurjongen Mats vinden in hun nieuwe thuis, een oude villa, een geheime kamer vol parfums met de heerlijkste geuren, maar ook talloze gevaren\u2026 Een familiefilm van productiehuis<strong> Dingie<\/strong> (<em>De familie Claus<\/em>), geschreven door <strong>Ruben Vandeborre<\/strong> en <strong>Anna Ruhe<\/strong>. Ruben neemt ook de regie op zich. Dutch Filmworks zal de film verdelen.<\/p>\n<p><em><strong>Het wonderlijke leven van Marcel Pagnol\u00a0<\/strong><\/em><br \/>\nAnimatiefilm geschreven en geregisseerd door Sylvain Chomet (<em>Les triplettes de Belleville<\/em>), over het leven van de Franse veelgeprezen toneelschrijver en filmmaker Marcel Pagnol.\u00a0Een productie van Onyx Films SAS \/ What The Prod SAS (Frankrijk) in co-productie met Bidibul Productions (Luxemburg) en het Vlaamse productiehuis en animatiestudio <strong>Walking The Do<\/strong>g.\u00a0Wildbunch, Elle Driver, Sony Pictures Classics en Netflix Frankrijk (second window) zijn reeds bevestigde distributiepartners.<\/p>\n<p><em><strong>Miss Moxy\u00a0<\/strong><\/em><br \/>\nEen stadse kat met vooroordelen verruimt tijdens een avontuurlijke reis haar blik en ontdekt wat ware vriendschap betekent.\u00a0<em>Miss Moxy<\/em>\u00a0is een animatiefilm van het Nederlandse Phanta Film, in coproductie met Eyeworks Film &amp; TV Drama. Maureen Versprille schreef het scenario,<strong> Vincent Bal<\/strong> en Wip Vernooij regisseren, en de Vlaamse animatiestudio <strong>Fabrique Fantastique<\/strong> verzorgt de animatie. De bevestigde distributiepartners zijn Paradiso Filmed Entertainment (Benelux), Little Dream Pictures (Duitsland) en Avotros (Nederland).<\/p>\n<p><em><strong>Valemon: The Polar Bear King\u00a0<\/strong><\/em><br \/>\nPrins Valemon wordt door de vloek van een heks betoverd: overdag ijsbeer, \u2019s nachts\u00a0\u00a0man. Liv wordt verliefd op de ijsbeer, maar kan ze hem redden van de vloek? Deze animatiefilm is een coproductie van het Noorse Maipo Film en Vlaamse<strong> Vivi Film<\/strong>. Maya Lunde schreef het scenario, Mikkel B. Sandemose regisseert. Een deel van de animatie gebeurt in de Gentse animatiestudio<strong> Creature<\/strong>. Nordisk Film en TrustNordisk distribueren.<\/p>\n<p><strong><u>Ondersteunde series tweede oproep 2022<\/u><\/strong><\/p>\n<p><em><strong>Jaren van lood\u00a0<\/strong><\/em><br \/>\nSerie van productiehuis <strong>Jonnydepony<\/strong> over de rise and fall van een rijkswachtdienst waar een Amerikaan de lijnen uitzet. <strong>Wim Geudens<\/strong> regisseert, <strong>Bas Adriaensen<\/strong> en <strong>Philippe De Schepper<\/strong> schreven het scenario en<strong> Matteo Simoni<\/strong> speelt de hoofdrol.\u00a0<em>Jaren van lood<\/em>\u00a0zal te zien zijn via Streamz en Amazon Prime Video NL.<\/p>\n<p><em><strong>Kameleon\u00a0<\/strong><\/em><br \/>\nDe flamboyante Chris en zijn jeugdvrienden Kofi en Blackson proberen het te maken als acteur en muzikant. Ze zijn niet van plan zich te laten tegenhouden door hun huidskleur en de vooroordelen.\u00a0<em>Kameleon<\/em>\u00a0is een serie van productiehuis <strong>Gardner &amp; Domm<\/strong>, in regie van <strong>Anthony Nti<\/strong> (<em>Da Yie<\/em>), geschreven door<strong> Malik Mohammed<\/strong> en <strong>Kristof Hoefkens<\/strong>. <strong>Will Michiels<\/strong> (<em>TheColorGrey<\/em>) verzorgt de soundtrack.<\/p>\n<p><em><strong>Putain\u00a0<\/strong><\/em><br \/>\nTiendelige dramareeks over hoe Gorik en zijn vrienden, elk\u00a0met hun eigen\u00a0unieke achtergrond en problemen, volwassen worden in de grootstad\u00a0Brussel. Het scenario is van de hand van\u00a0<strong>Gorik van Oudheusden<\/strong> (<em>Zwangere Guy<\/em>), schrijver <strong>Frederik Willem Daem<\/strong> en\u00a0<strong>Deben Van Dam<\/strong>. Van Dam zal de serie ook regisseren. Een productie van <strong>Panenka<\/strong> die te zien zal zijn via Streamz.<\/p>\n<p><strong><em>Sophie Cross<\/em> seizoen 2\u00a0<\/strong><br \/>\nIn dit tweede seizoen onderzoekt advocate Sophie de rol van haar ex-collega Marchand in een klacht tegen een adoptiebureau. Een serie geschreven door <strong>Paul Piedfort<\/strong> en Marie-Anne le P\u00e9zennec, in regie van Adeline Darraux. De opnames vonden deels plaats aan de Vlaamse kust en in Antwerpen en Leuven, met een grote Vlaamse crew. <em>Sophie Cross<\/em> S2 is een productie van France T\u00e9l\u00e9visions Studios in coproductie met <strong>Gardner &amp; Domm<\/strong>, Les Gens en RTBF. De internationale sales is in handen van Newen Connect.<\/p>\n<p><em><strong>The Antwerp Connection\u00a0<\/strong><\/em><br \/>\nEen internationale coproductie van <strong>Potemkino Port<\/strong> met het Ierse Saffron Moon. Het script van deze fictieserie werd geschreven door Peter McKenna, de regie is in handen van <strong>Kadir Ferati Balci<\/strong>.<\/p>\n","protected":false},"excerpt":{"rendered":"<p>Screen Flanders investeert 2.545.000 euro\u00a0in 9 nieuwe audiovisuele producties, \u00e9\u00e9n miljoen euro m\u00e9\u00e9r dan initieel voorzien.\u00a0Dat maakte Vlaams minister van Economie Jo Brouns enkele dagen geleden bekend.\u00a0Sinds de lancering in 2012 heeft het Economisch Fonds Screen Flanders bijna 49 miljoen euro ge\u00efnvesteerd in 251 audiovisuele producties die meer dan 317 miljoen euro aan structurerende audiovisuele &hellip;<\/p>\n","protected":false},"author":350,"featured_media":214638,"comment_status":"closed","ping_status":"closed","sticky":false,"template":"","format":"standard","meta":{"ngg_post_thumbnail":0,"footnotes":""},"categories":[30,3],"tags":[4188,5084,1379],"class_list":["post-248390","post","type-post","status-publish","format-standard","has-post-thumbnail","","category-nieuws","category-varia-nl","tag-newsletter-nl","tag-nieuwsbrief","tag-screen-flanders"],"yoast_head":"<!-- This site is optimized with the Yoast SEO plugin v20.4 - https:\/\/yoast.com\/wordpress\/plugins\/seo\/ -->\n<title>10\u00a0jaar\u00a0Screen Flanders! - We Love Cinema<\/title>\n<meta name=\"robots\" content=\"index, follow, max-snippet:-1, max-image-preview:large, max-video-preview:-1\" \/>\n<link rel=\"canonical\" href=\"https:\/\/welovecinema.be\/nl\/10-jaar-screen-flanders\/\" \/>\n<meta property=\"og:locale\" content=\"nl_NL\" \/>\n<meta property=\"og:type\" content=\"article\" \/>\n<meta property=\"og:title\" content=\"10\u00a0jaar\u00a0Screen Flanders! - We Love Cinema\" \/>\n<meta property=\"og:description\" content=\"Screen Flanders investeert 2.545.000 euro\u00a0in 9 nieuwe audiovisuele producties, \u00e9\u00e9n miljoen euro m\u00e9\u00e9r dan initieel voorzien.\u00a0Dat maakte Vlaams minister van Economie Jo Brouns enkele dagen geleden bekend.\u00a0Sinds de lancering in 2012 heeft het Economisch Fonds Screen Flanders bijna 49 miljoen euro ge\u00efnvesteerd in 251 audiovisuele producties die meer dan 317 miljoen euro aan structurerende audiovisuele &hellip;\" \/>\n<meta property=\"og:url\" content=\"https:\/\/welovecinema.be\/nl\/10-jaar-screen-flanders\/\" \/>\n<meta property=\"og:site_name\" content=\"We Love Cinema\" \/>\n<meta property=\"article:publisher\" content=\"https:\/\/www.facebook.com\/welovecinema.be\" \/>\n<meta property=\"article:published_time\" content=\"2022-12-22T10:20:23+00:00\" \/>\n<meta property=\"article:modified_time\" content=\"2022-12-23T09:38:40+00:00\" \/>\n<meta property=\"og:image\" content=\"https:\/\/welovecinema.be\/wp-content\/uploads\/sites\/2\/2018\/11\/Screen-Shot-2018-11-03-at-15.21.36.png\" \/>\n\t<meta property=\"og:image:width\" content=\"2336\" \/>\n\t<meta property=\"og:image:height\" content=\"1404\" \/>\n\t<meta property=\"og:image:type\" content=\"image\/png\" \/>\n<meta name=\"author\" content=\"Joke Sluydts\" \/>\n<meta name=\"twitter:card\" content=\"summary_large_image\" \/>\n<meta name=\"twitter:label1\" content=\"Geschreven door\" \/>\n\t<meta name=\"twitter:data1\" content=\"Joke Sluydts\" \/>\n\t<meta name=\"twitter:label2\" content=\"Geschatte leestijd\" \/>\n\t<meta name=\"twitter:data2\" content=\"9 minuten\" \/>\n<script type=\"application\/ld+json\" class=\"yoast-schema-graph\">{\"@context\":\"https:\/\/schema.org\",\"@graph\":[{\"@type\":\"Article\",\"@id\":\"https:\/\/welovecinema.be\/nl\/10-jaar-screen-flanders\/#article\",\"isPartOf\":{\"@id\":\"https:\/\/welovecinema.be\/nl\/10-jaar-screen-flanders\/\"},\"author\":{\"name\":\"Joke Sluydts\",\"@id\":\"https:\/\/welovecinema.be\/nl\/#\/schema\/person\/fc6123ab588d884707be9a41ea83478d\"},\"headline\":\"10\u00a0jaar\u00a0Screen Flanders!\",\"datePublished\":\"2022-12-22T10:20:23+00:00\",\"dateModified\":\"2022-12-23T09:38:40+00:00\",\"mainEntityOfPage\":{\"@id\":\"https:\/\/welovecinema.be\/nl\/10-jaar-screen-flanders\/\"},\"wordCount\":1582,\"publisher\":{\"@id\":\"https:\/\/welovecinema.be\/nl\/#organization\"},\"keywords\":[\"newsletter\",\"nieuwsbrief\",\"Screen Flanders\"],\"articleSection\":[\"Nieuws\",\"Varia\"],\"inLanguage\":\"nl-NL\"},{\"@type\":\"WebPage\",\"@id\":\"https:\/\/welovecinema.be\/nl\/10-jaar-screen-flanders\/\",\"url\":\"https:\/\/welovecinema.be\/nl\/10-jaar-screen-flanders\/\",\"name\":\"10\u00a0jaar\u00a0Screen Flanders! - We Love Cinema\",\"isPartOf\":{\"@id\":\"https:\/\/welovecinema.be\/nl\/#website\"},\"datePublished\":\"2022-12-22T10:20:23+00:00\",\"dateModified\":\"2022-12-23T09:38:40+00:00\",\"breadcrumb\":{\"@id\":\"https:\/\/welovecinema.be\/nl\/10-jaar-screen-flanders\/#breadcrumb\"},\"inLanguage\":\"nl-NL\",\"potentialAction\":[{\"@type\":\"ReadAction\",\"target\":[\"https:\/\/welovecinema.be\/nl\/10-jaar-screen-flanders\/\"]}]},{\"@type\":\"BreadcrumbList\",\"@id\":\"https:\/\/welovecinema.be\/nl\/10-jaar-screen-flanders\/#breadcrumb\",\"itemListElement\":[{\"@type\":\"ListItem\",\"position\":1,\"name\":\"Accueil\",\"item\":\"https:\/\/welovecinema.be\/nl\/\"},{\"@type\":\"ListItem\",\"position\":2,\"name\":\"10\u00a0jaar\u00a0Screen Flanders!\"}]},{\"@type\":\"WebSite\",\"@id\":\"https:\/\/welovecinema.be\/nl\/#website\",\"url\":\"https:\/\/welovecinema.be\/nl\/\",\"name\":\"We Love Cinema\",\"description\":\"Toute l\u2019information du cin\u00e9ma en Belgique\",\"publisher\":{\"@id\":\"https:\/\/welovecinema.be\/nl\/#organization\"},\"potentialAction\":[{\"@type\":\"SearchAction\",\"target\":{\"@type\":\"EntryPoint\",\"urlTemplate\":\"https:\/\/welovecinema.be\/nl\/?s={search_term_string}\"},\"query-input\":\"required name=search_term_string\"}],\"inLanguage\":\"nl-NL\"},{\"@type\":\"Organization\",\"@id\":\"https:\/\/welovecinema.be\/nl\/#organization\",\"name\":\"We Love Cinema\",\"url\":\"https:\/\/welovecinema.be\/nl\/\",\"logo\":{\"@type\":\"ImageObject\",\"inLanguage\":\"nl-NL\",\"@id\":\"https:\/\/welovecinema.be\/nl\/#\/schema\/logo\/image\/\",\"url\":\"https:\/\/welovecinema.be\/wp-content\/uploads\/sites\/2\/2023\/03\/Logo-We-Love-Cinema305x128.jpg\",\"contentUrl\":\"https:\/\/welovecinema.be\/wp-content\/uploads\/sites\/2\/2023\/03\/Logo-We-Love-Cinema305x128.jpg\",\"width\":305,\"height\":128,\"caption\":\"We Love Cinema\"},\"image\":{\"@id\":\"https:\/\/welovecinema.be\/nl\/#\/schema\/logo\/image\/\"},\"sameAs\":[\"https:\/\/www.facebook.com\/welovecinema.be\",\"https:\/\/www.youtube.com\/channel\/UCX5LYGVhnKvYauW4Nta4HJA\",\"https:\/\/www.instagram.com\/welovecinema.be\/\"]},{\"@type\":\"Person\",\"@id\":\"https:\/\/welovecinema.be\/nl\/#\/schema\/person\/fc6123ab588d884707be9a41ea83478d\",\"name\":\"Joke Sluydts\",\"url\":\"https:\/\/welovecinema.be\/nl\/author\/joke\/\"}]}<\/script>\n<!-- \/ Yoast SEO plugin. -->","yoast_head_json":{"title":"10\u00a0jaar\u00a0Screen Flanders! - We Love Cinema","robots":{"index":"index","follow":"follow","max-snippet":"max-snippet:-1","max-image-preview":"max-image-preview:large","max-video-preview":"max-video-preview:-1"},"canonical":"https:\/\/welovecinema.be\/nl\/10-jaar-screen-flanders\/","og_locale":"nl_NL","og_type":"article","og_title":"10\u00a0jaar\u00a0Screen Flanders! - We Love Cinema","og_description":"Screen Flanders investeert 2.545.000 euro\u00a0in 9 nieuwe audiovisuele producties, \u00e9\u00e9n miljoen euro m\u00e9\u00e9r dan initieel voorzien.\u00a0Dat maakte Vlaams minister van Economie Jo Brouns enkele dagen geleden bekend.\u00a0Sinds de lancering in 2012 heeft het Economisch Fonds Screen Flanders bijna 49 miljoen euro ge\u00efnvesteerd in 251 audiovisuele producties die meer dan 317 miljoen euro aan structurerende audiovisuele &hellip;","og_url":"https:\/\/welovecinema.be\/nl\/10-jaar-screen-flanders\/","og_site_name":"We Love Cinema","article_publisher":"https:\/\/www.facebook.com\/welovecinema.be","article_published_time":"2022-12-22T10:20:23+00:00","article_modified_time":"2022-12-23T09:38:40+00:00","og_image":[{"width":2336,"height":1404,"url":"https:\/\/welovecinema.be\/wp-content\/uploads\/sites\/2\/2018\/11\/Screen-Shot-2018-11-03-at-15.21.36.png","type":"image\/png"}],"author":"Joke Sluydts","twitter_card":"summary_large_image","twitter_misc":{"Geschreven door":"Joke Sluydts","Geschatte leestijd":"9 minuten"},"schema":{"@context":"https:\/\/schema.org","@graph":[{"@type":"Article","@id":"https:\/\/welovecinema.be\/nl\/10-jaar-screen-flanders\/#article","isPartOf":{"@id":"https:\/\/welovecinema.be\/nl\/10-jaar-screen-flanders\/"},"author":{"name":"Joke Sluydts","@id":"https:\/\/welovecinema.be\/nl\/#\/schema\/person\/fc6123ab588d884707be9a41ea83478d"},"headline":"10\u00a0jaar\u00a0Screen Flanders!","datePublished":"2022-12-22T10:20:23+00:00","dateModified":"2022-12-23T09:38:40+00:00","mainEntityOfPage":{"@id":"https:\/\/welovecinema.be\/nl\/10-jaar-screen-flanders\/"},"wordCount":1582,"publisher":{"@id":"https:\/\/welovecinema.be\/nl\/#organization"},"keywords":["newsletter","nieuwsbrief","Screen Flanders"],"articleSection":["Nieuws","Varia"],"inLanguage":"nl-NL"},{"@type":"WebPage","@id":"https:\/\/welovecinema.be\/nl\/10-jaar-screen-flanders\/","url":"https:\/\/welovecinema.be\/nl\/10-jaar-screen-flanders\/","name":"10\u00a0jaar\u00a0Screen Flanders! - We Love Cinema","isPartOf":{"@id":"https:\/\/welovecinema.be\/nl\/#website"},"datePublished":"2022-12-22T10:20:23+00:00","dateModified":"2022-12-23T09:38:40+00:00","breadcrumb":{"@id":"https:\/\/welovecinema.be\/nl\/10-jaar-screen-flanders\/#breadcrumb"},"inLanguage":"nl-NL","potentialAction":[{"@type":"ReadAction","target":["https:\/\/welovecinema.be\/nl\/10-jaar-screen-flanders\/"]}]},{"@type":"BreadcrumbList","@id":"https:\/\/welovecinema.be\/nl\/10-jaar-screen-flanders\/#breadcrumb","itemListElement":[{"@type":"ListItem","position":1,"name":"Accueil","item":"https:\/\/welovecinema.be\/nl\/"},{"@type":"ListItem","position":2,"name":"10\u00a0jaar\u00a0Screen Flanders!"}]},{"@type":"WebSite","@id":"https:\/\/welovecinema.be\/nl\/#website","url":"https:\/\/welovecinema.be\/nl\/","name":"We Love Cinema","description":"Toute l\u2019information du cin\u00e9ma en Belgique","publisher":{"@id":"https:\/\/welovecinema.be\/nl\/#organization"},"potentialAction":[{"@type":"SearchAction","target":{"@type":"EntryPoint","urlTemplate":"https:\/\/welovecinema.be\/nl\/?s={search_term_string}"},"query-input":"required name=search_term_string"}],"inLanguage":"nl-NL"},{"@type":"Organization","@id":"https:\/\/welovecinema.be\/nl\/#organization","name":"We Love Cinema","url":"https:\/\/welovecinema.be\/nl\/","logo":{"@type":"ImageObject","inLanguage":"nl-NL","@id":"https:\/\/welovecinema.be\/nl\/#\/schema\/logo\/image\/","url":"https:\/\/welovecinema.be\/wp-content\/uploads\/sites\/2\/2023\/03\/Logo-We-Love-Cinema305x128.jpg","contentUrl":"https:\/\/welovecinema.be\/wp-content\/uploads\/sites\/2\/2023\/03\/Logo-We-Love-Cinema305x128.jpg","width":305,"height":128,"caption":"We Love Cinema"},"image":{"@id":"https:\/\/welovecinema.be\/nl\/#\/schema\/logo\/image\/"},"sameAs":["https:\/\/www.facebook.com\/welovecinema.be","https:\/\/www.youtube.com\/channel\/UCX5LYGVhnKvYauW4Nta4HJA","https:\/\/www.instagram.com\/welovecinema.be\/"]},{"@type":"Person","@id":"https:\/\/welovecinema.be\/nl\/#\/schema\/person\/fc6123ab588d884707be9a41ea83478d","name":"Joke Sluydts","url":"https:\/\/welovecinema.be\/nl\/author\/joke\/"}]}},"_links":{"self":[{"href":"https:\/\/welovecinema.be\/nl\/wp-json\/wp\/v2\/posts\/248390","targetHints":{"allow":["GET"]}}],"collection":[{"href":"https:\/\/welovecinema.be\/nl\/wp-json\/wp\/v2\/posts"}],"about":[{"href":"https:\/\/welovecinema.be\/nl\/wp-json\/wp\/v2\/types\/post"}],"author":[{"embeddable":true,"href":"https:\/\/welovecinema.be\/nl\/wp-json\/wp\/v2\/users\/350"}],"replies":[{"embeddable":true,"href":"https:\/\/welovecinema.be\/nl\/wp-json\/wp\/v2\/comments?post=248390"}],"version-history":[{"count":0,"href":"https:\/\/welovecinema.be\/nl\/wp-json\/wp\/v2\/posts\/248390\/revisions"}],"wp:featuredmedia":[{"embeddable":true,"href":"https:\/\/welovecinema.be\/nl\/wp-json\/wp\/v2\/media\/214638"}],"wp:attachment":[{"href":"https:\/\/welovecinema.be\/nl\/wp-json\/wp\/v2\/media?parent=248390"}],"wp:term":[{"taxonomy":"category","embeddable":true,"href":"https:\/\/welovecinema.be\/nl\/wp-json\/wp\/v2\/categories?post=248390"},{"taxonomy":"post_tag","embeddable":true,"href":"https:\/\/welovecinema.be\/nl\/wp-json\/wp\/v2\/tags?post=248390"}],"curies":[{"name":"wp","href":"https:\/\/api.w.org\/{rel}","templated":true}]}}