{"id":247043,"date":"2022-10-26T12:22:09","date_gmt":"2022-10-26T10:22:09","guid":{"rendered":"https:\/\/www.cinevox.be\/?p=247043"},"modified":"2022-10-26T13:52:35","modified_gmt":"2022-10-26T11:52:35","slug":"filemon-is-gestart","status":"publish","type":"post","link":"https:\/\/welovecinema.be\/nl\/filemon-is-gestart\/","title":{"rendered":"Filem&#8217;On is gestart!"},"content":{"rendered":"<p style=\"font-weight: 400;\"><strong>Vandaag gaat Filem&#8217;on, het internationaal filmfestival voor jong publiek, officieel van start. De 2022-editie vindt plaats van 26 oktober tot 5 november. Onder het thema &#8216;Ontmaskerd&#8217; worden de Brusselse cinemazalen ingepalmd door kinderen en jongeren van 2 tot 16 jaar!<\/strong><\/p>\n<p>Filem&#8217;On voorziet deze herfstvakantie een bruisend programma van films en filmactiviteiten voor jong en oud. Het thema van de 2022-editie is\u00a0<strong>&#8216;Ontmaskerd&#8217;<\/strong>, een verwijzing naar spanning en\u00a0detectives, maar ook naar ontdekkingen en onthullingen van de waarheid waarbij iedereen wordt aangemoedigd om zijn of haar ware &#8216;ik&#8217; te tonen.<\/p>\n<p><img loading=\"lazy\" decoding=\"async\" class=\" wp-image-247256 alignright\" src=\"https:\/\/www.cinevox.be\/wp-content\/uploads\/sites\/2\/2022\/10\/unnamed-151-191x270.jpg\" alt=\"\" width=\"120\" height=\"170\" srcset=\"https:\/\/welovecinema.be\/wp-content\/uploads\/sites\/2\/2022\/10\/unnamed-151-191x270.jpg 191w, https:\/\/welovecinema.be\/wp-content\/uploads\/sites\/2\/2022\/10\/unnamed-151-424x600.jpg 424w, https:\/\/welovecinema.be\/wp-content\/uploads\/sites\/2\/2022\/10\/unnamed-151-768x1086.jpg 768w, https:\/\/welovecinema.be\/wp-content\/uploads\/sites\/2\/2022\/10\/unnamed-151-1086x1536.jpg 1086w, https:\/\/welovecinema.be\/wp-content\/uploads\/sites\/2\/2022\/10\/unnamed-151.jpg 1191w\" sizes=\"auto, (max-width: 120px) 100vw, 120px\" \/><\/p>\n<p>Onze tip:\u00a0<strong>de Belgische film\u00a0<em>Yuku en de Bloem van de Himalaya<\/em>\u00a0<\/strong>(5+). Yuku is een jong muisje dat haar oma wil opvolgen als verhalenverteller. Hiervoor moet ze eerst op zoek naar de eeuwig lichtgevende bloem van de Himalaya. Een muzikaal verhaal dat alle generaties zal ontroeren.<\/p>\n<p>Er zijn ook enkele jeugddocumentaires geselecteerd van de laatste lichting\u00a0<strong>Ket &amp; Doc&#8217;s<\/strong>, <em>Voorbij de sterren<\/em>\u00a0van <strong>Sara van Oostrum<\/strong> en <em>Aikiddo<\/em> van <strong>Annabel Verbeke<\/strong>. Daarnaast zijn ook een heleboel kortfilms te zien, hier enkele Belgische animatiefilms uit de selectie:<\/p>\n<figure class=\"columns small-4\"><img loading=\"lazy\" decoding=\"async\" class=\"alignleft\" src=\"https:\/\/filmchief.com\/festivals\/filemon\/files\/luce.jpeg\" width=\"172\" height=\"122\" \/><\/p>\n<p class=\"columns\"><em>Luce and the rock<\/em> van<strong> Britt Raes<\/strong><\/p>\n<p>Op een dag verstoort een reusachtig Rotswezen het rustige leven in het dorp waar Luce woont samen met haar mama.. Luce is erg boos en besluit het rotswezen terug naar huis te brengen maar dan bloeit onverwachts een mooie vriendschap open\u2026<\/figure>\n<figure class=\"columns small-4\"><\/figure>\n<figure class=\"columns small-4\"><img loading=\"lazy\" decoding=\"async\" class=\"alignright\" src=\"https:\/\/filmchief.com\/festivals\/filemon\/files\/kers-op-de-taart.jpeg\" width=\"176\" height=\"99\" \/><\/figure>\n<div class=\"columns\">\n<p class=\"columns\"><em>De kers op de taart <\/em>van <strong>Frits Standaert<\/strong><\/p>\n<p>Een verlegen, jonge prins zoekt troost in eten totdat hij op een dag last krijgt van hevige buikpijn. Een eigenaardige arts raadt hem aan om elke dag het water van een magische bron te drinken. Een humoristisch verhaal met interessante personages en sterke boodschap!<\/p>\n<\/div>\n<p style=\"font-weight: 400;\">Daarnaast is er ook o.a. de<strong> Belgian Short Film Competition <\/strong>met:<\/p>\n<ul>\n<li><em>Dream in color<\/em> van<strong> Marijn Raeven<\/strong><\/li>\n<li style=\"font-weight: 400;\"><em>Channidae<\/em> van <strong>Pauline Morel<\/strong><\/li>\n<li style=\"font-weight: 400;\"><em>When the swallows fly away<\/em> van <strong>Pins S\u00e9bastien<\/strong><\/li>\n<li style=\"font-weight: 400;\"><em>With the wind<\/em> van<strong> Kcidy<\/strong><\/li>\n<li style=\"font-weight: 400;\"><em>Seashore<\/em> van <strong>Ad\u00e8le Pion, Christophe Van Gasse, Cl\u00e9mance Moulard, Collie Sauvand, \u00c9milie Muszczak, Logan Thomas, Marion Sellenet, Martine Janssens, Thibaut Coeckelberghs.<\/strong><\/li>\n<li style=\"font-weight: 400;\"><em>Oddland <\/em>van<strong> An Vrombaut<\/strong><\/li>\n<li style=\"font-weight: 400;\"><em>So long, spring<\/em> van <strong>Kha\u00ebl Thouag<\/strong><\/li>\n<li style=\"font-weight: 400;\"><em>Nieuwkomers <\/em>van <strong>Camille Ghekiere<br \/>\n<\/strong><\/li>\n<\/ul>\n<p>Deze twee laatsten stonden eerder dit jaar al oog in oog op de Kortfilmcompetitie van <strong style=\"font-weight: 400;\">Filmfestival Oostende<\/strong>, ook op<a href=\"https:\/\/www.breedbeeldkortfilmfestival.be\"> <strong style=\"font-weight: 400;\">BREEDBEELD<\/strong> Kortfilmfestival<\/a> zullen<em style=\"font-weight: 400;\"> So long, spring<\/em>\u00a0(<em style=\"font-weight: 400;\">Au revoir au printemps<\/em>) en <em style=\"font-weight: 400;\">Nieuwkomers<\/em> het tegen elkaar opnemen. <em style=\"font-weight: 400;\">Nieuwkomers<\/em> won eerder al een<strong style=\"font-weight: 400;\"> VAF Wildcard<\/strong> op <strong><span style=\"font-weight: 400;\">Kortfilmfestival Leuven, <\/span><\/strong><span style=\"font-weight: 400;\"><em>Au revoir au p<\/em><\/span><em>rintemps<\/em><strong><span style=\"font-weight: 400;\">\u00a0kreeg er een eervolle vermelding.\u00a0<\/span><\/strong><\/p>\n<p><img loading=\"lazy\" decoding=\"async\" class=\"wp-image-247246 alignleft\" src=\"https:\/\/www.cinevox.be\/wp-content\/uploads\/sites\/2\/2022\/10\/1016169-230x270.jpg\" alt=\"\" width=\"100\" height=\"117\" srcset=\"https:\/\/welovecinema.be\/wp-content\/uploads\/sites\/2\/2022\/10\/1016169-230x270.jpg 230w, https:\/\/welovecinema.be\/wp-content\/uploads\/sites\/2\/2022\/10\/1016169-512x600.jpg 512w, https:\/\/welovecinema.be\/wp-content\/uploads\/sites\/2\/2022\/10\/1016169-768x901.jpg 768w, https:\/\/welovecinema.be\/wp-content\/uploads\/sites\/2\/2022\/10\/1016169.jpg 921w\" sizes=\"auto, (max-width: 100px) 100vw, 100px\" \/><\/p>\n<p>Ghekiere&#8217;s film was ook de winnaar van de Kortfilmcompetitie op FFO 2022. De jury, bestaande uit <strong style=\"font-weight: 400;\">Frederike Migom<\/strong> (<em style=\"font-weight: 400;\">Binti<\/em>), <strong style=\"font-weight: 400;\">Lize Lefaible<\/strong>(Potemkino) en <strong style=\"font-weight: 400;\">Jos\u00e9 Daniel Granados<\/strong> (<em style=\"font-weight: 400;\">Yibril<\/em>) zei over <em style=\"font-weight: 400;\">Nieuwkomers <\/em>van <strong style=\"font-weight: 400;\">Camille Ghekiere<\/strong> het volgende:<\/p>\n<p style=\"font-weight: 400;\">\u201cDeze korte film benadert zijn thema op een frisse en onbevangen manier. De maker toont de personages alsook hun afkomst in hun kracht, zonder slachtoffers van hen te maken, maar ook zonder hun obstakels te ontkennen of te minimaliseren. Wij vonden het charmant en warm om een documentaire over dit complexe onderwerp benaderd te zien met dans en muziek.\u201d<\/p>\n<p style=\"font-weight: 400;\"><strong>Ghekiere<\/strong> zelf was zichtbaar verrast toen ze haar prijzenbeeldje in ontvangst mocht nemen. \u201cIk had het echt niet zien aankomen\u201d, klonk het ge\u00ebmotioneerd. \u201cNadat ik met mijn film een VAF Wildcard won, heeft Filmfestival Oostende me gecontacteerd met de vraag of ze mijn film in de Kortfilmcompetitie mochten vertonen. Ik had het gevoel dat mijn film een beetje een aanhangsel was bij de andere films die al <em>in the running <\/em>waren voor de prijs. Dus ik zat hier echt met nul hoop.\u201d<\/p>\n<p style=\"font-weight: 400;\"><em>Nieuwkomers <\/em>is een documentaire die vier jongeren volgt op hun zoektocht naar integratie in Belgi\u00eb. \u201cSinds ik zelf op Erasmus ging in het zuiden van Spanje had ik het idee dat we veel kunnen leren van zuiderse landen wanneer het gaat over levenswijsheid en sociale cohesie\u201d, vertelt Ghekiere. \u201cDaar weten ze beter dan wij in Belgi\u00eb hoe je samenhorigheid cre\u00ebert. Toen ik de jongeren uit de film ontmoette, was dat voor mij de perfecte spreekbuis om dat verhaal te vertellen.\u201d<\/p>\n<p style=\"font-weight: 400;\">De jongeren uit de film waren zelf ook erg blij met de prijs. \u201cJullie hebben alleen de film gezien, maar achter de schermen hebben we nog veel meer plezier gehad\u201d, vertelt Aya. Ook de toevoeging van danssc\u00e8nes in de film kwamen vanuit de jongeren zelf. \u201cWe zijn heel blij voor Camille.\u201d<\/p>\n<p><img loading=\"lazy\" decoding=\"async\" class=\" wp-image-247248 alignright\" src=\"https:\/\/www.cinevox.be\/wp-content\/uploads\/sites\/2\/2022\/10\/MV5BMGQzNzRjNDYtMDdiZC00NzQxLWE4ZjAtOGY5ZmJmNGU4MTQyXkEyXkFqcGdeQXVyMTM2ODQ2NTM1._V1_FMjpg_UX1000_-191x270.jpg\" alt=\"\" width=\"100\" height=\"141\" srcset=\"https:\/\/welovecinema.be\/wp-content\/uploads\/sites\/2\/2022\/10\/MV5BMGQzNzRjNDYtMDdiZC00NzQxLWE4ZjAtOGY5ZmJmNGU4MTQyXkEyXkFqcGdeQXVyMTM2ODQ2NTM1._V1_FMjpg_UX1000_-191x270.jpg 191w, https:\/\/welovecinema.be\/wp-content\/uploads\/sites\/2\/2022\/10\/MV5BMGQzNzRjNDYtMDdiZC00NzQxLWE4ZjAtOGY5ZmJmNGU4MTQyXkEyXkFqcGdeQXVyMTM2ODQ2NTM1._V1_FMjpg_UX1000_-425x600.jpg 425w, https:\/\/welovecinema.be\/wp-content\/uploads\/sites\/2\/2022\/10\/MV5BMGQzNzRjNDYtMDdiZC00NzQxLWE4ZjAtOGY5ZmJmNGU4MTQyXkEyXkFqcGdeQXVyMTM2ODQ2NTM1._V1_FMjpg_UX1000_-768x1085.jpg 768w, https:\/\/welovecinema.be\/wp-content\/uploads\/sites\/2\/2022\/10\/MV5BMGQzNzRjNDYtMDdiZC00NzQxLWE4ZjAtOGY5ZmJmNGU4MTQyXkEyXkFqcGdeQXVyMTM2ODQ2NTM1._V1_FMjpg_UX1000_.jpg 1000w\" sizes=\"auto, (max-width: 100px) 100vw, 100px\" \/><\/p>\n<p style=\"font-weight: 400;\">Ook de concurrentie was enthousiast over de film. <strong>Kha\u00ebl Thouag <\/strong>noemde Ghekieres werk een verdiende winnaar: \u201c<em>Nieuwkomers <\/em>is een film die actueel is, nodig en mooi. De film heeft me echt geraakt en ik heb meegevoeld met de personages.\u201d Benieuwd hoe Thouag het dit keer met <em>So long, spring<\/em> aflegt tegen Ghekiere.<\/p>\n<p style=\"font-weight: 400;\"><strong>Ghekiere<\/strong> ging naar huis met een geldprijs geschonken door <a href=\"https:\/\/amplo.be\/nl\">Amplo<\/a>, een post-productiepakket voor de afwerking van een volgende kortfilm geschonken door\u00a0<a href=\"https:\/\/www.flow-postproduction.be\/\">FLOW<\/a>\u00a0en een bon voor het huren van audiovisueel materiaal ter waarde van 12.000 euro geschonken door\u00a0<a href=\"https:\/\/camalotbelgie.be\/\">Camalot<\/a>. \u00a0Ze speelt al met idee\u00ebn voor een nieuwe documentaire: \u201cIk sta nog in de vroegste fase, maar ik zou graag iets maken over flamenco in Spanje. Ook dat is een dansstijl waar heel veel zelfexpressie en levenswijsheid in ligt. Ik denk dat mijn films ook altijd daarover zullen gaan: culturele verschillen en warmte binnen een cultuur.\u201d<\/p>\n<p><strong>Het volledige programma en tickets vind je terug op de website:\u00a0<a href=\"https:\/\/eur02.safelinks.protection.outlook.com\/?url=https%3A%2F%2Fblinkpr.us7.list-manage.com%2Ftrack%2Fclick%3Fu%3D7ba1f383b67bfbb5ca23ddbef%26id%3D7101c3ffde%26e%3Dd3b48b20b0&amp;data=05%7C01%7Ccinevox.redactie%40brightfish.be%7C8514eebaf2e54add21d108da8fdbd3b9%7C4be81428b68f4fb8b5cdfcc022e5bc9c%7C1%7C0%7C637980471570875242%7CUnknown%7CTWFpbGZsb3d8eyJWIjoiMC4wLjAwMDAiLCJQIjoiV2luMzIiLCJBTiI6Ik1haWwiLCJXVCI6Mn0%3D%7C3000%7C%7C%7C&amp;sdata=1cPMllYGk8O%2B5DjzGWp%2F9vdogkm%2F7ikiZY3%2FTt%2FsGJQ%3D&amp;reserved=0\">www.filemon.be<\/a><\/strong><\/p>\n","protected":false},"excerpt":{"rendered":"<p>Vandaag gaat Filem&#8217;on, het internationaal filmfestival voor jong publiek, officieel van start. De 2022-editie vindt plaats van 26 oktober tot 5 november. Onder het thema &#8216;Ontmaskerd&#8217; worden de Brusselse cinemazalen ingepalmd door kinderen en jongeren van 2 tot 16 jaar! Filem&#8217;On voorziet deze herfstvakantie een bruisend programma van films en filmactiviteiten voor jong en oud. &hellip;<\/p>\n","protected":false},"author":350,"featured_media":242602,"comment_status":"closed","ping_status":"closed","sticky":false,"template":"","format":"standard","meta":{"ngg_post_thumbnail":0,"footnotes":""},"categories":[1069,30,3],"tags":[7011,4466,6696,1341,4462,1616,7012,4188,6993,5084,723],"class_list":["post-247043","post","type-post","status-publish","format-standard","has-post-thumbnail","","category-festivals-nl","category-nieuws","category-varia-nl","tag-au-revoir-au-printemps","tag-breedbeeld","tag-camille-ghekiere","tag-ffo","tag-filemon","tag-filmfestival-oostende","tag-khael-touag","tag-newsletter-nl","tag-nieuwkomers","tag-nieuwsbrief","tag-vaf-wildcard"],"yoast_head":"<!-- This site is optimized with the Yoast SEO plugin v20.4 - https:\/\/yoast.com\/wordpress\/plugins\/seo\/ -->\n<title>Filem&#039;On is gestart! - We Love Cinema<\/title>\n<meta name=\"robots\" content=\"index, follow, max-snippet:-1, max-image-preview:large, max-video-preview:-1\" \/>\n<link rel=\"canonical\" href=\"https:\/\/welovecinema.be\/nl\/filemon-is-gestart\/\" \/>\n<meta property=\"og:locale\" content=\"nl_NL\" \/>\n<meta property=\"og:type\" content=\"article\" \/>\n<meta property=\"og:title\" content=\"Filem&#039;On is gestart! - We Love Cinema\" \/>\n<meta property=\"og:description\" content=\"Vandaag gaat Filem&#8217;on, het internationaal filmfestival voor jong publiek, officieel van start. De 2022-editie vindt plaats van 26 oktober tot 5 november. Onder het thema &#8216;Ontmaskerd&#8217; worden de Brusselse cinemazalen ingepalmd door kinderen en jongeren van 2 tot 16 jaar! Filem&#8217;On voorziet deze herfstvakantie een bruisend programma van films en filmactiviteiten voor jong en oud. &hellip;\" \/>\n<meta property=\"og:url\" content=\"https:\/\/welovecinema.be\/nl\/filemon-is-gestart\/\" \/>\n<meta property=\"og:site_name\" content=\"We Love Cinema\" \/>\n<meta property=\"article:publisher\" content=\"https:\/\/www.facebook.com\/welovecinema.be\" \/>\n<meta property=\"article:published_time\" content=\"2022-10-26T10:22:09+00:00\" \/>\n<meta property=\"article:modified_time\" content=\"2022-10-26T11:52:35+00:00\" \/>\n<meta property=\"og:image\" content=\"https:\/\/welovecinema.be\/wp-content\/uploads\/sites\/2\/2022\/01\/fe15bd98-7a6b-1ab8-3601-b6fd5dbc3e4c.jpg\" \/>\n\t<meta property=\"og:image:width\" content=\"1920\" \/>\n\t<meta property=\"og:image:height\" content=\"1080\" \/>\n\t<meta property=\"og:image:type\" content=\"image\/jpeg\" \/>\n<meta name=\"author\" content=\"Joke Sluydts\" \/>\n<meta name=\"twitter:card\" content=\"summary_large_image\" \/>\n<meta name=\"twitter:label1\" content=\"Geschreven door\" \/>\n\t<meta name=\"twitter:data1\" content=\"Joke Sluydts\" \/>\n\t<meta name=\"twitter:label2\" content=\"Geschatte leestijd\" \/>\n\t<meta name=\"twitter:data2\" content=\"6 minuten\" \/>\n<script type=\"application\/ld+json\" class=\"yoast-schema-graph\">{\"@context\":\"https:\/\/schema.org\",\"@graph\":[{\"@type\":\"Article\",\"@id\":\"https:\/\/welovecinema.be\/nl\/filemon-is-gestart\/#article\",\"isPartOf\":{\"@id\":\"https:\/\/welovecinema.be\/nl\/filemon-is-gestart\/\"},\"author\":{\"name\":\"Joke Sluydts\",\"@id\":\"https:\/\/welovecinema.be\/nl\/#\/schema\/person\/fc6123ab588d884707be9a41ea83478d\"},\"headline\":\"Filem&#8217;On is gestart!\",\"datePublished\":\"2022-10-26T10:22:09+00:00\",\"dateModified\":\"2022-10-26T11:52:35+00:00\",\"mainEntityOfPage\":{\"@id\":\"https:\/\/welovecinema.be\/nl\/filemon-is-gestart\/\"},\"wordCount\":879,\"publisher\":{\"@id\":\"https:\/\/welovecinema.be\/nl\/#organization\"},\"keywords\":[\"Au revoir au printemps\",\"breedbeeld\",\"Camille Ghekiere\",\"FFO\",\"filem'on\",\"Filmfestival Oostende\",\"Khael Touag\",\"newsletter\",\"Nieuwkomers\",\"nieuwsbrief\",\"VAF Wildcard\"],\"articleSection\":[\"Festivals\",\"Nieuws\",\"Varia\"],\"inLanguage\":\"nl-NL\"},{\"@type\":\"WebPage\",\"@id\":\"https:\/\/welovecinema.be\/nl\/filemon-is-gestart\/\",\"url\":\"https:\/\/welovecinema.be\/nl\/filemon-is-gestart\/\",\"name\":\"Filem'On is gestart! - We Love Cinema\",\"isPartOf\":{\"@id\":\"https:\/\/welovecinema.be\/nl\/#website\"},\"datePublished\":\"2022-10-26T10:22:09+00:00\",\"dateModified\":\"2022-10-26T11:52:35+00:00\",\"breadcrumb\":{\"@id\":\"https:\/\/welovecinema.be\/nl\/filemon-is-gestart\/#breadcrumb\"},\"inLanguage\":\"nl-NL\",\"potentialAction\":[{\"@type\":\"ReadAction\",\"target\":[\"https:\/\/welovecinema.be\/nl\/filemon-is-gestart\/\"]}]},{\"@type\":\"BreadcrumbList\",\"@id\":\"https:\/\/welovecinema.be\/nl\/filemon-is-gestart\/#breadcrumb\",\"itemListElement\":[{\"@type\":\"ListItem\",\"position\":1,\"name\":\"Accueil\",\"item\":\"https:\/\/welovecinema.be\/nl\/\"},{\"@type\":\"ListItem\",\"position\":2,\"name\":\"Filem&#8217;On is gestart!\"}]},{\"@type\":\"WebSite\",\"@id\":\"https:\/\/welovecinema.be\/nl\/#website\",\"url\":\"https:\/\/welovecinema.be\/nl\/\",\"name\":\"We Love Cinema\",\"description\":\"Toute l\u2019information du cin\u00e9ma en Belgique\",\"publisher\":{\"@id\":\"https:\/\/welovecinema.be\/nl\/#organization\"},\"potentialAction\":[{\"@type\":\"SearchAction\",\"target\":{\"@type\":\"EntryPoint\",\"urlTemplate\":\"https:\/\/welovecinema.be\/nl\/?s={search_term_string}\"},\"query-input\":\"required name=search_term_string\"}],\"inLanguage\":\"nl-NL\"},{\"@type\":\"Organization\",\"@id\":\"https:\/\/welovecinema.be\/nl\/#organization\",\"name\":\"We Love Cinema\",\"url\":\"https:\/\/welovecinema.be\/nl\/\",\"logo\":{\"@type\":\"ImageObject\",\"inLanguage\":\"nl-NL\",\"@id\":\"https:\/\/welovecinema.be\/nl\/#\/schema\/logo\/image\/\",\"url\":\"https:\/\/welovecinema.be\/wp-content\/uploads\/sites\/2\/2023\/03\/Logo-We-Love-Cinema305x128.jpg\",\"contentUrl\":\"https:\/\/welovecinema.be\/wp-content\/uploads\/sites\/2\/2023\/03\/Logo-We-Love-Cinema305x128.jpg\",\"width\":305,\"height\":128,\"caption\":\"We Love Cinema\"},\"image\":{\"@id\":\"https:\/\/welovecinema.be\/nl\/#\/schema\/logo\/image\/\"},\"sameAs\":[\"https:\/\/www.facebook.com\/welovecinema.be\",\"https:\/\/www.youtube.com\/channel\/UCX5LYGVhnKvYauW4Nta4HJA\",\"https:\/\/www.instagram.com\/welovecinema.be\/\"]},{\"@type\":\"Person\",\"@id\":\"https:\/\/welovecinema.be\/nl\/#\/schema\/person\/fc6123ab588d884707be9a41ea83478d\",\"name\":\"Joke Sluydts\",\"url\":\"https:\/\/welovecinema.be\/nl\/author\/joke\/\"}]}<\/script>\n<!-- \/ Yoast SEO plugin. -->","yoast_head_json":{"title":"Filem'On is gestart! - We Love Cinema","robots":{"index":"index","follow":"follow","max-snippet":"max-snippet:-1","max-image-preview":"max-image-preview:large","max-video-preview":"max-video-preview:-1"},"canonical":"https:\/\/welovecinema.be\/nl\/filemon-is-gestart\/","og_locale":"nl_NL","og_type":"article","og_title":"Filem'On is gestart! - We Love Cinema","og_description":"Vandaag gaat Filem&#8217;on, het internationaal filmfestival voor jong publiek, officieel van start. De 2022-editie vindt plaats van 26 oktober tot 5 november. Onder het thema &#8216;Ontmaskerd&#8217; worden de Brusselse cinemazalen ingepalmd door kinderen en jongeren van 2 tot 16 jaar! Filem&#8217;On voorziet deze herfstvakantie een bruisend programma van films en filmactiviteiten voor jong en oud. &hellip;","og_url":"https:\/\/welovecinema.be\/nl\/filemon-is-gestart\/","og_site_name":"We Love Cinema","article_publisher":"https:\/\/www.facebook.com\/welovecinema.be","article_published_time":"2022-10-26T10:22:09+00:00","article_modified_time":"2022-10-26T11:52:35+00:00","og_image":[{"width":1920,"height":1080,"url":"https:\/\/welovecinema.be\/wp-content\/uploads\/sites\/2\/2022\/01\/fe15bd98-7a6b-1ab8-3601-b6fd5dbc3e4c.jpg","type":"image\/jpeg"}],"author":"Joke Sluydts","twitter_card":"summary_large_image","twitter_misc":{"Geschreven door":"Joke Sluydts","Geschatte leestijd":"6 minuten"},"schema":{"@context":"https:\/\/schema.org","@graph":[{"@type":"Article","@id":"https:\/\/welovecinema.be\/nl\/filemon-is-gestart\/#article","isPartOf":{"@id":"https:\/\/welovecinema.be\/nl\/filemon-is-gestart\/"},"author":{"name":"Joke Sluydts","@id":"https:\/\/welovecinema.be\/nl\/#\/schema\/person\/fc6123ab588d884707be9a41ea83478d"},"headline":"Filem&#8217;On is gestart!","datePublished":"2022-10-26T10:22:09+00:00","dateModified":"2022-10-26T11:52:35+00:00","mainEntityOfPage":{"@id":"https:\/\/welovecinema.be\/nl\/filemon-is-gestart\/"},"wordCount":879,"publisher":{"@id":"https:\/\/welovecinema.be\/nl\/#organization"},"keywords":["Au revoir au printemps","breedbeeld","Camille Ghekiere","FFO","filem'on","Filmfestival Oostende","Khael Touag","newsletter","Nieuwkomers","nieuwsbrief","VAF Wildcard"],"articleSection":["Festivals","Nieuws","Varia"],"inLanguage":"nl-NL"},{"@type":"WebPage","@id":"https:\/\/welovecinema.be\/nl\/filemon-is-gestart\/","url":"https:\/\/welovecinema.be\/nl\/filemon-is-gestart\/","name":"Filem'On is gestart! - We Love Cinema","isPartOf":{"@id":"https:\/\/welovecinema.be\/nl\/#website"},"datePublished":"2022-10-26T10:22:09+00:00","dateModified":"2022-10-26T11:52:35+00:00","breadcrumb":{"@id":"https:\/\/welovecinema.be\/nl\/filemon-is-gestart\/#breadcrumb"},"inLanguage":"nl-NL","potentialAction":[{"@type":"ReadAction","target":["https:\/\/welovecinema.be\/nl\/filemon-is-gestart\/"]}]},{"@type":"BreadcrumbList","@id":"https:\/\/welovecinema.be\/nl\/filemon-is-gestart\/#breadcrumb","itemListElement":[{"@type":"ListItem","position":1,"name":"Accueil","item":"https:\/\/welovecinema.be\/nl\/"},{"@type":"ListItem","position":2,"name":"Filem&#8217;On is gestart!"}]},{"@type":"WebSite","@id":"https:\/\/welovecinema.be\/nl\/#website","url":"https:\/\/welovecinema.be\/nl\/","name":"We Love Cinema","description":"Toute l\u2019information du cin\u00e9ma en Belgique","publisher":{"@id":"https:\/\/welovecinema.be\/nl\/#organization"},"potentialAction":[{"@type":"SearchAction","target":{"@type":"EntryPoint","urlTemplate":"https:\/\/welovecinema.be\/nl\/?s={search_term_string}"},"query-input":"required name=search_term_string"}],"inLanguage":"nl-NL"},{"@type":"Organization","@id":"https:\/\/welovecinema.be\/nl\/#organization","name":"We Love Cinema","url":"https:\/\/welovecinema.be\/nl\/","logo":{"@type":"ImageObject","inLanguage":"nl-NL","@id":"https:\/\/welovecinema.be\/nl\/#\/schema\/logo\/image\/","url":"https:\/\/welovecinema.be\/wp-content\/uploads\/sites\/2\/2023\/03\/Logo-We-Love-Cinema305x128.jpg","contentUrl":"https:\/\/welovecinema.be\/wp-content\/uploads\/sites\/2\/2023\/03\/Logo-We-Love-Cinema305x128.jpg","width":305,"height":128,"caption":"We Love Cinema"},"image":{"@id":"https:\/\/welovecinema.be\/nl\/#\/schema\/logo\/image\/"},"sameAs":["https:\/\/www.facebook.com\/welovecinema.be","https:\/\/www.youtube.com\/channel\/UCX5LYGVhnKvYauW4Nta4HJA","https:\/\/www.instagram.com\/welovecinema.be\/"]},{"@type":"Person","@id":"https:\/\/welovecinema.be\/nl\/#\/schema\/person\/fc6123ab588d884707be9a41ea83478d","name":"Joke Sluydts","url":"https:\/\/welovecinema.be\/nl\/author\/joke\/"}]}},"_links":{"self":[{"href":"https:\/\/welovecinema.be\/nl\/wp-json\/wp\/v2\/posts\/247043","targetHints":{"allow":["GET"]}}],"collection":[{"href":"https:\/\/welovecinema.be\/nl\/wp-json\/wp\/v2\/posts"}],"about":[{"href":"https:\/\/welovecinema.be\/nl\/wp-json\/wp\/v2\/types\/post"}],"author":[{"embeddable":true,"href":"https:\/\/welovecinema.be\/nl\/wp-json\/wp\/v2\/users\/350"}],"replies":[{"embeddable":true,"href":"https:\/\/welovecinema.be\/nl\/wp-json\/wp\/v2\/comments?post=247043"}],"version-history":[{"count":0,"href":"https:\/\/welovecinema.be\/nl\/wp-json\/wp\/v2\/posts\/247043\/revisions"}],"wp:featuredmedia":[{"embeddable":true,"href":"https:\/\/welovecinema.be\/nl\/wp-json\/wp\/v2\/media\/242602"}],"wp:attachment":[{"href":"https:\/\/welovecinema.be\/nl\/wp-json\/wp\/v2\/media?parent=247043"}],"wp:term":[{"taxonomy":"category","embeddable":true,"href":"https:\/\/welovecinema.be\/nl\/wp-json\/wp\/v2\/categories?post=247043"},{"taxonomy":"post_tag","embeddable":true,"href":"https:\/\/welovecinema.be\/nl\/wp-json\/wp\/v2\/tags?post=247043"}],"curies":[{"name":"wp","href":"https:\/\/api.w.org\/{rel}","templated":true}]}}