{"id":244923,"date":"2022-05-09T12:26:22","date_gmt":"2022-05-09T10:26:22","guid":{"rendered":"https:\/\/www.cinevox.be\/?p=244923"},"modified":"2022-05-09T12:26:22","modified_gmt":"2022-05-09T10:26:22","slug":"stage-bij-brussels-internationaal-fantastisch-filmfestival","status":"publish","type":"post","link":"https:\/\/welovecinema.be\/nl\/stage-bij-brussels-internationaal-fantastisch-filmfestival\/","title":{"rendered":"Stage bij Brussels Internationaal Fantastisch Filmfestival!"},"content":{"rendered":"<div class=\"page\" title=\"Page 1\">\n<div class=\"layoutArea\">\n<div class=\"column\">\n<p><strong>Het BIFFF is op zoek naar een stagiair vertaling en ondertiteling.<\/strong><\/p>\n<div class=\"call\">\n<p>Het Brussels Internationaal Fantastisch Filmfestival is het grootste genrefilmfestival van Belgi\u00eb en \u00e9\u00e9n van de grootste ter wereld. Elk jaar op het programma: bijna honderd filmvoorstellingen, animaties, workshops, strips- en boekenstandjes, Vampierenbal, &#8230; Dit jaar, 2022, vieren ze hun\u00a040ste verjaardag en het belooft dus een groot feest te worden.<\/p>\n<\/div>\n<p><strong>Voornaamste taken en verantwoordelijkheden:<\/strong><\/p>\n<ul>\n<li>Ondertiteling van verschillende films, vertaald vanuit een Engelstalige dialoog-of ondertitelslijst, volgens de formele regels van het BIFFF.<\/li>\n<li>Het werk van mede-stagiairs ondertiteling corrigeren via peer review.<\/li>\n<li>Af en toe ander vertaalwerk (catalogus, website, sociale media, &#8230;).<\/li>\n<li>Optioneel: ondertiteling van de vertaalde films tijdens het festival (29 augustus \u2013 10 september).<\/li>\n<\/ul>\n<p><strong>De volgende vaardigheden en kwaliteiten zijn vereist:<\/strong><\/p>\n<ul>\n<li>Nauwgezet werken, met oog voor details.<\/li>\n<li>Deadlines respecteren.<\/li>\n<li>Flexibel zijn en je aanpassen aan veranderende prioriteiten.<\/li>\n<li>Een positieve ingesteldheid en kunnen samenwerken in ploegverband.<\/li>\n<li>Goed kunnen communiceren.<\/li>\n<li>Uitstekende kennis van het Engels.<\/li>\n<li>Goede kennis van het Frans is een troef. Ook kennis van andere talen is een pluspunt.<\/li>\n<li>Kunnen werken met ondertitelprogramma\u2019s (bv. SubtitleEdit) is een pluspunt.<\/li>\n<li>Affiniteiten met het BIFFF en\/of genrefilms is een pluspunt.<br \/>\n<img loading=\"lazy\" decoding=\"async\" class=\" wp-image-244926 alignright\" src=\"https:\/\/www.cinevox.be\/wp-content\/uploads\/sites\/2\/2022\/05\/Banner_BIFFF_NEW_2022-480x168.jpg\" alt=\"\" width=\"374\" height=\"131\" srcset=\"https:\/\/welovecinema.be\/wp-content\/uploads\/sites\/2\/2022\/05\/Banner_BIFFF_NEW_2022-480x168.jpg 480w, https:\/\/welovecinema.be\/wp-content\/uploads\/sites\/2\/2022\/05\/Banner_BIFFF_NEW_2022-800x281.jpg 800w, https:\/\/welovecinema.be\/wp-content\/uploads\/sites\/2\/2022\/05\/Banner_BIFFF_NEW_2022-768x269.jpg 768w, https:\/\/welovecinema.be\/wp-content\/uploads\/sites\/2\/2022\/05\/Banner_BIFFF_NEW_2022.jpg 1400w\" sizes=\"auto, (max-width: 374px) 100vw, 374px\" \/><\/li>\n<\/ul>\n<p><strong>De stageperiode is Juni-juli-augustus 2022 (minimum 3 weken). Stuur je\u00a0kandidatuur naar\u00a0Chris Orgelt en Sander Rosseels via chris@bifff.net en sander@bifff.net <\/strong><\/p>\n<p><strong> Meer info over het BIFFF vind je <a href=\"https:\/\/www.bifff.net\">hier<\/a>.<\/strong><\/p>\n<\/div>\n<\/div>\n<\/div>\n","protected":false},"excerpt":{"rendered":"<p>Het BIFFF is op zoek naar een stagiair vertaling en ondertiteling. Het Brussels Internationaal Fantastisch Filmfestival is het grootste genrefilmfestival van Belgi\u00eb en \u00e9\u00e9n van de grootste ter wereld. Elk jaar op het programma: bijna honderd filmvoorstellingen, animaties, workshops, strips- en boekenstandjes, Vampierenbal, &#8230; Dit jaar, 2022, vieren ze hun\u00a040ste verjaardag en het belooft dus &hellip;<\/p>\n","protected":false},"author":350,"featured_media":244924,"comment_status":"closed","ping_status":"closed","sticky":false,"template":"","format":"standard","meta":{"ngg_post_thumbnail":0,"footnotes":""},"categories":[37],"tags":[3411,4188,5084,5553],"class_list":["post-244923","post","type-post","status-publish","format-standard","has-post-thumbnail","","category-cinejobs-nl","tag-bifff","tag-newsletter-nl","tag-nieuwsbrief","tag-stage"],"yoast_head":"<!-- This site is optimized with the Yoast SEO plugin v20.4 - https:\/\/yoast.com\/wordpress\/plugins\/seo\/ -->\n<title>Stage bij Brussels Internationaal Fantastisch Filmfestival! - We Love Cinema<\/title>\n<meta name=\"robots\" content=\"index, follow, max-snippet:-1, max-image-preview:large, max-video-preview:-1\" \/>\n<link rel=\"canonical\" href=\"https:\/\/welovecinema.be\/nl\/stage-bij-brussels-internationaal-fantastisch-filmfestival\/\" \/>\n<meta property=\"og:locale\" content=\"nl_NL\" \/>\n<meta property=\"og:type\" content=\"article\" \/>\n<meta property=\"og:title\" content=\"Stage bij Brussels Internationaal Fantastisch Filmfestival! - We Love Cinema\" \/>\n<meta property=\"og:description\" content=\"Het BIFFF is op zoek naar een stagiair vertaling en ondertiteling. Het Brussels Internationaal Fantastisch Filmfestival is het grootste genrefilmfestival van Belgi\u00eb en \u00e9\u00e9n van de grootste ter wereld. Elk jaar op het programma: bijna honderd filmvoorstellingen, animaties, workshops, strips- en boekenstandjes, Vampierenbal, &#8230; Dit jaar, 2022, vieren ze hun\u00a040ste verjaardag en het belooft dus &hellip;\" \/>\n<meta property=\"og:url\" content=\"https:\/\/welovecinema.be\/nl\/stage-bij-brussels-internationaal-fantastisch-filmfestival\/\" \/>\n<meta property=\"og:site_name\" content=\"We Love Cinema\" \/>\n<meta property=\"article:publisher\" content=\"https:\/\/www.facebook.com\/welovecinema.be\" \/>\n<meta property=\"article:published_time\" content=\"2022-05-09T10:26:22+00:00\" \/>\n<meta property=\"og:image\" content=\"https:\/\/welovecinema.be\/wp-content\/uploads\/sites\/2\/2022\/05\/Schermafbeelding-2022-05-09-om-12.00.53.png\" \/>\n\t<meta property=\"og:image:width\" content=\"1102\" \/>\n\t<meta property=\"og:image:height\" content=\"592\" \/>\n\t<meta property=\"og:image:type\" content=\"image\/png\" \/>\n<meta name=\"author\" content=\"Joke Sluydts\" \/>\n<meta name=\"twitter:card\" content=\"summary_large_image\" \/>\n<meta name=\"twitter:label1\" content=\"Geschreven door\" \/>\n\t<meta name=\"twitter:data1\" content=\"Joke Sluydts\" \/>\n\t<meta name=\"twitter:label2\" content=\"Geschatte leestijd\" \/>\n\t<meta name=\"twitter:data2\" content=\"2 minuten\" \/>\n<script type=\"application\/ld+json\" class=\"yoast-schema-graph\">{\"@context\":\"https:\/\/schema.org\",\"@graph\":[{\"@type\":\"Article\",\"@id\":\"https:\/\/welovecinema.be\/nl\/stage-bij-brussels-internationaal-fantastisch-filmfestival\/#article\",\"isPartOf\":{\"@id\":\"https:\/\/welovecinema.be\/nl\/stage-bij-brussels-internationaal-fantastisch-filmfestival\/\"},\"author\":{\"name\":\"Joke Sluydts\",\"@id\":\"https:\/\/welovecinema.be\/nl\/#\/schema\/person\/fc6123ab588d884707be9a41ea83478d\"},\"headline\":\"Stage bij Brussels Internationaal Fantastisch Filmfestival!\",\"datePublished\":\"2022-05-09T10:26:22+00:00\",\"dateModified\":\"2022-05-09T10:26:22+00:00\",\"mainEntityOfPage\":{\"@id\":\"https:\/\/welovecinema.be\/nl\/stage-bij-brussels-internationaal-fantastisch-filmfestival\/\"},\"wordCount\":221,\"publisher\":{\"@id\":\"https:\/\/welovecinema.be\/nl\/#organization\"},\"keywords\":[\"BIFFF\",\"newsletter\",\"nieuwsbrief\",\"stage\"],\"articleSection\":[\"Cinejobs\"],\"inLanguage\":\"nl-NL\"},{\"@type\":\"WebPage\",\"@id\":\"https:\/\/welovecinema.be\/nl\/stage-bij-brussels-internationaal-fantastisch-filmfestival\/\",\"url\":\"https:\/\/welovecinema.be\/nl\/stage-bij-brussels-internationaal-fantastisch-filmfestival\/\",\"name\":\"Stage bij Brussels Internationaal Fantastisch Filmfestival! - We Love Cinema\",\"isPartOf\":{\"@id\":\"https:\/\/welovecinema.be\/nl\/#website\"},\"datePublished\":\"2022-05-09T10:26:22+00:00\",\"dateModified\":\"2022-05-09T10:26:22+00:00\",\"breadcrumb\":{\"@id\":\"https:\/\/welovecinema.be\/nl\/stage-bij-brussels-internationaal-fantastisch-filmfestival\/#breadcrumb\"},\"inLanguage\":\"nl-NL\",\"potentialAction\":[{\"@type\":\"ReadAction\",\"target\":[\"https:\/\/welovecinema.be\/nl\/stage-bij-brussels-internationaal-fantastisch-filmfestival\/\"]}]},{\"@type\":\"BreadcrumbList\",\"@id\":\"https:\/\/welovecinema.be\/nl\/stage-bij-brussels-internationaal-fantastisch-filmfestival\/#breadcrumb\",\"itemListElement\":[{\"@type\":\"ListItem\",\"position\":1,\"name\":\"Accueil\",\"item\":\"https:\/\/welovecinema.be\/nl\/\"},{\"@type\":\"ListItem\",\"position\":2,\"name\":\"Stage bij Brussels Internationaal Fantastisch Filmfestival!\"}]},{\"@type\":\"WebSite\",\"@id\":\"https:\/\/welovecinema.be\/nl\/#website\",\"url\":\"https:\/\/welovecinema.be\/nl\/\",\"name\":\"We Love Cinema\",\"description\":\"Toute l\u2019information du cin\u00e9ma en Belgique\",\"publisher\":{\"@id\":\"https:\/\/welovecinema.be\/nl\/#organization\"},\"potentialAction\":[{\"@type\":\"SearchAction\",\"target\":{\"@type\":\"EntryPoint\",\"urlTemplate\":\"https:\/\/welovecinema.be\/nl\/?s={search_term_string}\"},\"query-input\":\"required name=search_term_string\"}],\"inLanguage\":\"nl-NL\"},{\"@type\":\"Organization\",\"@id\":\"https:\/\/welovecinema.be\/nl\/#organization\",\"name\":\"We Love Cinema\",\"url\":\"https:\/\/welovecinema.be\/nl\/\",\"logo\":{\"@type\":\"ImageObject\",\"inLanguage\":\"nl-NL\",\"@id\":\"https:\/\/welovecinema.be\/nl\/#\/schema\/logo\/image\/\",\"url\":\"https:\/\/welovecinema.be\/wp-content\/uploads\/sites\/2\/2023\/03\/Logo-We-Love-Cinema305x128.jpg\",\"contentUrl\":\"https:\/\/welovecinema.be\/wp-content\/uploads\/sites\/2\/2023\/03\/Logo-We-Love-Cinema305x128.jpg\",\"width\":305,\"height\":128,\"caption\":\"We Love Cinema\"},\"image\":{\"@id\":\"https:\/\/welovecinema.be\/nl\/#\/schema\/logo\/image\/\"},\"sameAs\":[\"https:\/\/www.facebook.com\/welovecinema.be\",\"https:\/\/www.youtube.com\/channel\/UCX5LYGVhnKvYauW4Nta4HJA\",\"https:\/\/www.instagram.com\/welovecinema.be\/\"]},{\"@type\":\"Person\",\"@id\":\"https:\/\/welovecinema.be\/nl\/#\/schema\/person\/fc6123ab588d884707be9a41ea83478d\",\"name\":\"Joke Sluydts\",\"url\":\"https:\/\/welovecinema.be\/nl\/author\/joke\/\"}]}<\/script>\n<!-- \/ Yoast SEO plugin. -->","yoast_head_json":{"title":"Stage bij Brussels Internationaal Fantastisch Filmfestival! - We Love Cinema","robots":{"index":"index","follow":"follow","max-snippet":"max-snippet:-1","max-image-preview":"max-image-preview:large","max-video-preview":"max-video-preview:-1"},"canonical":"https:\/\/welovecinema.be\/nl\/stage-bij-brussels-internationaal-fantastisch-filmfestival\/","og_locale":"nl_NL","og_type":"article","og_title":"Stage bij Brussels Internationaal Fantastisch Filmfestival! - We Love Cinema","og_description":"Het BIFFF is op zoek naar een stagiair vertaling en ondertiteling. Het Brussels Internationaal Fantastisch Filmfestival is het grootste genrefilmfestival van Belgi\u00eb en \u00e9\u00e9n van de grootste ter wereld. Elk jaar op het programma: bijna honderd filmvoorstellingen, animaties, workshops, strips- en boekenstandjes, Vampierenbal, &#8230; Dit jaar, 2022, vieren ze hun\u00a040ste verjaardag en het belooft dus &hellip;","og_url":"https:\/\/welovecinema.be\/nl\/stage-bij-brussels-internationaal-fantastisch-filmfestival\/","og_site_name":"We Love Cinema","article_publisher":"https:\/\/www.facebook.com\/welovecinema.be","article_published_time":"2022-05-09T10:26:22+00:00","og_image":[{"width":1102,"height":592,"url":"https:\/\/welovecinema.be\/wp-content\/uploads\/sites\/2\/2022\/05\/Schermafbeelding-2022-05-09-om-12.00.53.png","type":"image\/png"}],"author":"Joke Sluydts","twitter_card":"summary_large_image","twitter_misc":{"Geschreven door":"Joke Sluydts","Geschatte leestijd":"2 minuten"},"schema":{"@context":"https:\/\/schema.org","@graph":[{"@type":"Article","@id":"https:\/\/welovecinema.be\/nl\/stage-bij-brussels-internationaal-fantastisch-filmfestival\/#article","isPartOf":{"@id":"https:\/\/welovecinema.be\/nl\/stage-bij-brussels-internationaal-fantastisch-filmfestival\/"},"author":{"name":"Joke Sluydts","@id":"https:\/\/welovecinema.be\/nl\/#\/schema\/person\/fc6123ab588d884707be9a41ea83478d"},"headline":"Stage bij Brussels Internationaal Fantastisch Filmfestival!","datePublished":"2022-05-09T10:26:22+00:00","dateModified":"2022-05-09T10:26:22+00:00","mainEntityOfPage":{"@id":"https:\/\/welovecinema.be\/nl\/stage-bij-brussels-internationaal-fantastisch-filmfestival\/"},"wordCount":221,"publisher":{"@id":"https:\/\/welovecinema.be\/nl\/#organization"},"keywords":["BIFFF","newsletter","nieuwsbrief","stage"],"articleSection":["Cinejobs"],"inLanguage":"nl-NL"},{"@type":"WebPage","@id":"https:\/\/welovecinema.be\/nl\/stage-bij-brussels-internationaal-fantastisch-filmfestival\/","url":"https:\/\/welovecinema.be\/nl\/stage-bij-brussels-internationaal-fantastisch-filmfestival\/","name":"Stage bij Brussels Internationaal Fantastisch Filmfestival! - We Love Cinema","isPartOf":{"@id":"https:\/\/welovecinema.be\/nl\/#website"},"datePublished":"2022-05-09T10:26:22+00:00","dateModified":"2022-05-09T10:26:22+00:00","breadcrumb":{"@id":"https:\/\/welovecinema.be\/nl\/stage-bij-brussels-internationaal-fantastisch-filmfestival\/#breadcrumb"},"inLanguage":"nl-NL","potentialAction":[{"@type":"ReadAction","target":["https:\/\/welovecinema.be\/nl\/stage-bij-brussels-internationaal-fantastisch-filmfestival\/"]}]},{"@type":"BreadcrumbList","@id":"https:\/\/welovecinema.be\/nl\/stage-bij-brussels-internationaal-fantastisch-filmfestival\/#breadcrumb","itemListElement":[{"@type":"ListItem","position":1,"name":"Accueil","item":"https:\/\/welovecinema.be\/nl\/"},{"@type":"ListItem","position":2,"name":"Stage bij Brussels Internationaal Fantastisch Filmfestival!"}]},{"@type":"WebSite","@id":"https:\/\/welovecinema.be\/nl\/#website","url":"https:\/\/welovecinema.be\/nl\/","name":"We Love Cinema","description":"Toute l\u2019information du cin\u00e9ma en Belgique","publisher":{"@id":"https:\/\/welovecinema.be\/nl\/#organization"},"potentialAction":[{"@type":"SearchAction","target":{"@type":"EntryPoint","urlTemplate":"https:\/\/welovecinema.be\/nl\/?s={search_term_string}"},"query-input":"required name=search_term_string"}],"inLanguage":"nl-NL"},{"@type":"Organization","@id":"https:\/\/welovecinema.be\/nl\/#organization","name":"We Love Cinema","url":"https:\/\/welovecinema.be\/nl\/","logo":{"@type":"ImageObject","inLanguage":"nl-NL","@id":"https:\/\/welovecinema.be\/nl\/#\/schema\/logo\/image\/","url":"https:\/\/welovecinema.be\/wp-content\/uploads\/sites\/2\/2023\/03\/Logo-We-Love-Cinema305x128.jpg","contentUrl":"https:\/\/welovecinema.be\/wp-content\/uploads\/sites\/2\/2023\/03\/Logo-We-Love-Cinema305x128.jpg","width":305,"height":128,"caption":"We Love Cinema"},"image":{"@id":"https:\/\/welovecinema.be\/nl\/#\/schema\/logo\/image\/"},"sameAs":["https:\/\/www.facebook.com\/welovecinema.be","https:\/\/www.youtube.com\/channel\/UCX5LYGVhnKvYauW4Nta4HJA","https:\/\/www.instagram.com\/welovecinema.be\/"]},{"@type":"Person","@id":"https:\/\/welovecinema.be\/nl\/#\/schema\/person\/fc6123ab588d884707be9a41ea83478d","name":"Joke Sluydts","url":"https:\/\/welovecinema.be\/nl\/author\/joke\/"}]}},"_links":{"self":[{"href":"https:\/\/welovecinema.be\/nl\/wp-json\/wp\/v2\/posts\/244923","targetHints":{"allow":["GET"]}}],"collection":[{"href":"https:\/\/welovecinema.be\/nl\/wp-json\/wp\/v2\/posts"}],"about":[{"href":"https:\/\/welovecinema.be\/nl\/wp-json\/wp\/v2\/types\/post"}],"author":[{"embeddable":true,"href":"https:\/\/welovecinema.be\/nl\/wp-json\/wp\/v2\/users\/350"}],"replies":[{"embeddable":true,"href":"https:\/\/welovecinema.be\/nl\/wp-json\/wp\/v2\/comments?post=244923"}],"version-history":[{"count":0,"href":"https:\/\/welovecinema.be\/nl\/wp-json\/wp\/v2\/posts\/244923\/revisions"}],"wp:featuredmedia":[{"embeddable":true,"href":"https:\/\/welovecinema.be\/nl\/wp-json\/wp\/v2\/media\/244924"}],"wp:attachment":[{"href":"https:\/\/welovecinema.be\/nl\/wp-json\/wp\/v2\/media?parent=244923"}],"wp:term":[{"taxonomy":"category","embeddable":true,"href":"https:\/\/welovecinema.be\/nl\/wp-json\/wp\/v2\/categories?post=244923"},{"taxonomy":"post_tag","embeddable":true,"href":"https:\/\/welovecinema.be\/nl\/wp-json\/wp\/v2\/tags?post=244923"}],"curies":[{"name":"wp","href":"https:\/\/api.w.org\/{rel}","templated":true}]}}