{"id":241636,"date":"2021-12-12T14:09:16","date_gmt":"2021-12-12T13:09:16","guid":{"rendered":"https:\/\/www.cinevox.be\/?p=241636"},"modified":"2021-12-24T11:02:46","modified_gmt":"2021-12-24T10:02:46","slug":"op-de-premiere-van-8eraf","status":"publish","type":"post","link":"https:\/\/welovecinema.be\/nl\/op-de-premiere-van-8eraf\/","title":{"rendered":"Op de premi\u00e8re van 8eraf!"},"content":{"rendered":"<header class=\"article__header\">\n<p class=\"article__title\"><strong>Woensdag 8\u00a0december ging <em>8eraf!<\/em> in premi\u00e8re, de bioscoopfilm van het legendarische W817.<\/strong><\/p>\n<p><span class=\"il\">Twintig jaar na de populaire Ketnetreeks <em>W817<\/em><\/span><span class=\"il\">, kan je nu in de bioscoop gaan kijken naar\u00a0<em>8eraf!<\/em>\u00a0<\/span>De lancering gebeurde in\u00a0aanwezigheid van de volledige cast:\u00a0<strong>Jenne Decleir<\/strong>\u00a0(Carlo),\u00a0<strong>Govert Deploige<\/strong>\u00a0(Steve),\u00a0<strong>Kad\u00e8r G\u00fcrb\u00fcz<\/strong>\u00a0(Birgit),\u00a0<strong>Britt Van Der Borght<\/strong>\u00a0(Zo\u00eb),\u00a0<strong>Danny Timmermans<\/strong>\u00a0(Tom),\u00a0<strong>Aron Wade<\/strong>\u00a0(Akke),\u00a0<strong>Machteld Timmermans<\/strong>\u00a0(Ellen),\u00a0<strong>Aagje Dom<\/strong>\u00a0(Jasmijn).<\/p>\n<p><span class=\"il\"><em>8eraf!<\/em><\/span> werd mee gefinancierd door de\u00a0<span class=\"il\">52.000 fans die een cinematicket kochten nog voor de film gedraaid werd. De film werd geregisseerd door\u00a0<\/span><strong>Pietje Horsten <\/strong>en\u00a0is een productie van <strong>Eyeworks Film &amp; TV Drama<\/strong>, in coproductie met MNM en Ketnet, met de steun van Screen Flanders, de Belgische tax shelter voor filmfinanciering en in samenwerking met SCIO Productions en Kinepolis.<\/p>\n<p><img loading=\"lazy\" decoding=\"async\" class=\" wp-image-241665 alignright\" src=\"https:\/\/www.cinevox.be\/wp-content\/uploads\/sites\/2\/2021\/12\/DSC1878-405x270.jpg\" alt=\"\" width=\"275\" height=\"183\" srcset=\"https:\/\/welovecinema.be\/wp-content\/uploads\/sites\/2\/2021\/12\/DSC1878-405x270.jpg 405w, https:\/\/welovecinema.be\/wp-content\/uploads\/sites\/2\/2021\/12\/DSC1878-800x534.jpg 800w, https:\/\/welovecinema.be\/wp-content\/uploads\/sites\/2\/2021\/12\/DSC1878-768x513.jpg 768w, https:\/\/welovecinema.be\/wp-content\/uploads\/sites\/2\/2021\/12\/DSC1878-1536x1025.jpg 1536w, https:\/\/welovecinema.be\/wp-content\/uploads\/sites\/2\/2021\/12\/DSC1878-2048x1367.jpg 2048w, https:\/\/welovecinema.be\/wp-content\/uploads\/sites\/2\/2021\/12\/DSC1878-310x205.jpg 310w\" sizes=\"auto, (max-width: 275px) 100vw, 275px\" \/><\/p>\n<\/header>\n<p><strong>Het verhaal:<\/strong><\/p>\n<p>Acht jeugdvrienden hebben elkaar na hun studies uit het oog verloren. Ze volgden elk hun dromen en passies en staan op een kantelpunt in hun leven. Op een dag ontvangen ze een mysterieuze videoboodschap van tech-geek Carlo. Hij nodigt zijn oude kotgenoten uit op een heel speciaal feest voor een &#8216;bijzondere gelegenheid&#8217;. Tijdens een zeer geanimeerd weekend ontdekken Steve, Birgit, Zo\u00eb, Tom, Ellen en Jasmijn dat er in al die jaren veel en tegelijkertijd ook weinig veranderd is. Maar waar is Akke? En wat is Carlo eigenlijk echt van plan?<\/p>\n<p><strong><span class=\"il\"><em>8eraf!<\/em><\/span> is sinds 8\u00a0december te zien in de Vlaamse filmzalen en wordt verdeeld door Kinepolis Film Distribution (KFD).<\/strong><\/p>\n","protected":false},"excerpt":{"rendered":"<p>Woensdag 8\u00a0december ging 8eraf! in premi\u00e8re, de bioscoopfilm van het legendarische W817. Twintig jaar na de populaire Ketnetreeks W817, kan je nu in de bioscoop gaan kijken naar\u00a08eraf!\u00a0De lancering gebeurde in\u00a0aanwezigheid van de volledige cast:\u00a0Jenne Decleir\u00a0(Carlo),\u00a0Govert Deploige\u00a0(Steve),\u00a0Kad\u00e8r G\u00fcrb\u00fcz\u00a0(Birgit),\u00a0Britt Van Der Borght\u00a0(Zo\u00eb),\u00a0Danny Timmermans\u00a0(Tom),\u00a0Aron Wade\u00a0(Akke),\u00a0Machteld Timmermans\u00a0(Ellen),\u00a0Aagje Dom\u00a0(Jasmijn). 8eraf! werd mee gefinancierd door de\u00a052.000 fans die een cinematicket &hellip;<\/p>\n","protected":false},"author":350,"featured_media":241665,"comment_status":"closed","ping_status":"closed","sticky":false,"template":"","format":"standard","meta":{"ngg_post_thumbnail":0,"footnotes":""},"categories":[35,41,3],"tags":[4927,6171,6588,6590,6170,6168,6589,6169,1275,2177,1466,1516,5128,2654,4188,5084,82,1754,4926],"class_list":["post-241636","post","type-post","status-publish","format-standard","has-post-thumbnail","","category-in-the-zalen","category-interviews-nl","category-varia-nl","tag-8eraf","tag-aagje-dom","tag-amelie-albrecht","tag-ann-van-den-broek","tag-aron-wade","tag-britt-van-der-borght","tag-christophe-haddad","tag-danny-timmermans","tag-eyeworks","tag-govert-deploige","tag-jenne-decleir","tag-kader-gurbuz","tag-ketnet","tag-machteld-timmermans","tag-newsletter-nl","tag-nieuwsbrief","tag-peter-bouckaert","tag-stany-crets","tag-w817"],"yoast_head":"<!-- This site is optimized with the Yoast SEO plugin v20.4 - https:\/\/yoast.com\/wordpress\/plugins\/seo\/ -->\n<title>Op de premi\u00e8re van 8eraf! - We Love Cinema<\/title>\n<meta name=\"robots\" content=\"index, follow, max-snippet:-1, max-image-preview:large, max-video-preview:-1\" \/>\n<link rel=\"canonical\" href=\"https:\/\/welovecinema.be\/nl\/op-de-premiere-van-8eraf\/\" \/>\n<meta property=\"og:locale\" content=\"nl_NL\" \/>\n<meta property=\"og:type\" content=\"article\" \/>\n<meta property=\"og:title\" content=\"Op de premi\u00e8re van 8eraf! - We Love Cinema\" \/>\n<meta property=\"og:description\" content=\"Woensdag 8\u00a0december ging 8eraf! in premi\u00e8re, de bioscoopfilm van het legendarische W817. Twintig jaar na de populaire Ketnetreeks W817, kan je nu in de bioscoop gaan kijken naar\u00a08eraf!\u00a0De lancering gebeurde in\u00a0aanwezigheid van de volledige cast:\u00a0Jenne Decleir\u00a0(Carlo),\u00a0Govert Deploige\u00a0(Steve),\u00a0Kad\u00e8r G\u00fcrb\u00fcz\u00a0(Birgit),\u00a0Britt Van Der Borght\u00a0(Zo\u00eb),\u00a0Danny Timmermans\u00a0(Tom),\u00a0Aron Wade\u00a0(Akke),\u00a0Machteld Timmermans\u00a0(Ellen),\u00a0Aagje Dom\u00a0(Jasmijn). 8eraf! werd mee gefinancierd door de\u00a052.000 fans die een cinematicket &hellip;\" \/>\n<meta property=\"og:url\" content=\"https:\/\/welovecinema.be\/nl\/op-de-premiere-van-8eraf\/\" \/>\n<meta property=\"og:site_name\" content=\"We Love Cinema\" \/>\n<meta property=\"article:publisher\" content=\"https:\/\/www.facebook.com\/welovecinema.be\" \/>\n<meta property=\"article:published_time\" content=\"2021-12-12T13:09:16+00:00\" \/>\n<meta property=\"article:modified_time\" content=\"2021-12-24T10:02:46+00:00\" \/>\n<meta property=\"og:image\" content=\"https:\/\/welovecinema.be\/wp-content\/uploads\/sites\/2\/2021\/12\/DSC1878-scaled.jpg\" \/>\n\t<meta property=\"og:image:width\" content=\"2560\" \/>\n\t<meta property=\"og:image:height\" content=\"1709\" \/>\n\t<meta property=\"og:image:type\" content=\"image\/jpeg\" \/>\n<meta name=\"author\" content=\"Joke Sluydts\" \/>\n<meta name=\"twitter:card\" content=\"summary_large_image\" \/>\n<meta name=\"twitter:label1\" content=\"Geschreven door\" \/>\n\t<meta name=\"twitter:data1\" content=\"Joke Sluydts\" \/>\n\t<meta name=\"twitter:label2\" content=\"Geschatte leestijd\" \/>\n\t<meta name=\"twitter:data2\" content=\"2 minuten\" \/>\n<script type=\"application\/ld+json\" class=\"yoast-schema-graph\">{\"@context\":\"https:\/\/schema.org\",\"@graph\":[{\"@type\":\"Article\",\"@id\":\"https:\/\/welovecinema.be\/nl\/op-de-premiere-van-8eraf\/#article\",\"isPartOf\":{\"@id\":\"https:\/\/welovecinema.be\/nl\/op-de-premiere-van-8eraf\/\"},\"author\":{\"name\":\"Joke Sluydts\",\"@id\":\"https:\/\/welovecinema.be\/nl\/#\/schema\/person\/fc6123ab588d884707be9a41ea83478d\"},\"headline\":\"Op de premi\u00e8re van 8eraf!\",\"datePublished\":\"2021-12-12T13:09:16+00:00\",\"dateModified\":\"2021-12-24T10:02:46+00:00\",\"mainEntityOfPage\":{\"@id\":\"https:\/\/welovecinema.be\/nl\/op-de-premiere-van-8eraf\/\"},\"wordCount\":244,\"publisher\":{\"@id\":\"https:\/\/welovecinema.be\/nl\/#organization\"},\"keywords\":[\"8eraf\",\"Aagje Dom\",\"Amelie Albrecht\",\"Ann van den broek\",\"Aron Wade\",\"Britt Van Der Borght\",\"Christophe Haddad\",\"Danny Timmermans\",\"Eyeworks\",\"Govert Deploige\",\"Jenne Decleir\",\"Kader Gurbuz\",\"Ketnet\",\"Machteld Timmermans\",\"newsletter\",\"nieuwsbrief\",\"Peter Bouckaert\",\"Stany Crets\",\"W817\"],\"articleSection\":[\"In de zalen\",\"Interviews\",\"Varia\"],\"inLanguage\":\"nl-NL\"},{\"@type\":\"WebPage\",\"@id\":\"https:\/\/welovecinema.be\/nl\/op-de-premiere-van-8eraf\/\",\"url\":\"https:\/\/welovecinema.be\/nl\/op-de-premiere-van-8eraf\/\",\"name\":\"Op de premi\u00e8re van 8eraf! - We Love Cinema\",\"isPartOf\":{\"@id\":\"https:\/\/welovecinema.be\/nl\/#website\"},\"datePublished\":\"2021-12-12T13:09:16+00:00\",\"dateModified\":\"2021-12-24T10:02:46+00:00\",\"breadcrumb\":{\"@id\":\"https:\/\/welovecinema.be\/nl\/op-de-premiere-van-8eraf\/#breadcrumb\"},\"inLanguage\":\"nl-NL\",\"potentialAction\":[{\"@type\":\"ReadAction\",\"target\":[\"https:\/\/welovecinema.be\/nl\/op-de-premiere-van-8eraf\/\"]}]},{\"@type\":\"BreadcrumbList\",\"@id\":\"https:\/\/welovecinema.be\/nl\/op-de-premiere-van-8eraf\/#breadcrumb\",\"itemListElement\":[{\"@type\":\"ListItem\",\"position\":1,\"name\":\"Accueil\",\"item\":\"https:\/\/welovecinema.be\/nl\/\"},{\"@type\":\"ListItem\",\"position\":2,\"name\":\"Op de premi\u00e8re van 8eraf!\"}]},{\"@type\":\"WebSite\",\"@id\":\"https:\/\/welovecinema.be\/nl\/#website\",\"url\":\"https:\/\/welovecinema.be\/nl\/\",\"name\":\"We Love Cinema\",\"description\":\"Toute l\u2019information du cin\u00e9ma en Belgique\",\"publisher\":{\"@id\":\"https:\/\/welovecinema.be\/nl\/#organization\"},\"potentialAction\":[{\"@type\":\"SearchAction\",\"target\":{\"@type\":\"EntryPoint\",\"urlTemplate\":\"https:\/\/welovecinema.be\/nl\/?s={search_term_string}\"},\"query-input\":\"required name=search_term_string\"}],\"inLanguage\":\"nl-NL\"},{\"@type\":\"Organization\",\"@id\":\"https:\/\/welovecinema.be\/nl\/#organization\",\"name\":\"We Love Cinema\",\"url\":\"https:\/\/welovecinema.be\/nl\/\",\"logo\":{\"@type\":\"ImageObject\",\"inLanguage\":\"nl-NL\",\"@id\":\"https:\/\/welovecinema.be\/nl\/#\/schema\/logo\/image\/\",\"url\":\"https:\/\/welovecinema.be\/wp-content\/uploads\/sites\/2\/2023\/03\/Logo-We-Love-Cinema305x128.jpg\",\"contentUrl\":\"https:\/\/welovecinema.be\/wp-content\/uploads\/sites\/2\/2023\/03\/Logo-We-Love-Cinema305x128.jpg\",\"width\":305,\"height\":128,\"caption\":\"We Love Cinema\"},\"image\":{\"@id\":\"https:\/\/welovecinema.be\/nl\/#\/schema\/logo\/image\/\"},\"sameAs\":[\"https:\/\/www.facebook.com\/welovecinema.be\",\"https:\/\/www.youtube.com\/channel\/UCX5LYGVhnKvYauW4Nta4HJA\",\"https:\/\/www.instagram.com\/welovecinema.be\/\"]},{\"@type\":\"Person\",\"@id\":\"https:\/\/welovecinema.be\/nl\/#\/schema\/person\/fc6123ab588d884707be9a41ea83478d\",\"name\":\"Joke Sluydts\",\"url\":\"https:\/\/welovecinema.be\/nl\/author\/joke\/\"}]}<\/script>\n<!-- \/ Yoast SEO plugin. -->","yoast_head_json":{"title":"Op de premi\u00e8re van 8eraf! - We Love Cinema","robots":{"index":"index","follow":"follow","max-snippet":"max-snippet:-1","max-image-preview":"max-image-preview:large","max-video-preview":"max-video-preview:-1"},"canonical":"https:\/\/welovecinema.be\/nl\/op-de-premiere-van-8eraf\/","og_locale":"nl_NL","og_type":"article","og_title":"Op de premi\u00e8re van 8eraf! - We Love Cinema","og_description":"Woensdag 8\u00a0december ging 8eraf! in premi\u00e8re, de bioscoopfilm van het legendarische W817. Twintig jaar na de populaire Ketnetreeks W817, kan je nu in de bioscoop gaan kijken naar\u00a08eraf!\u00a0De lancering gebeurde in\u00a0aanwezigheid van de volledige cast:\u00a0Jenne Decleir\u00a0(Carlo),\u00a0Govert Deploige\u00a0(Steve),\u00a0Kad\u00e8r G\u00fcrb\u00fcz\u00a0(Birgit),\u00a0Britt Van Der Borght\u00a0(Zo\u00eb),\u00a0Danny Timmermans\u00a0(Tom),\u00a0Aron Wade\u00a0(Akke),\u00a0Machteld Timmermans\u00a0(Ellen),\u00a0Aagje Dom\u00a0(Jasmijn). 8eraf! werd mee gefinancierd door de\u00a052.000 fans die een cinematicket &hellip;","og_url":"https:\/\/welovecinema.be\/nl\/op-de-premiere-van-8eraf\/","og_site_name":"We Love Cinema","article_publisher":"https:\/\/www.facebook.com\/welovecinema.be","article_published_time":"2021-12-12T13:09:16+00:00","article_modified_time":"2021-12-24T10:02:46+00:00","og_image":[{"width":2560,"height":1709,"url":"https:\/\/welovecinema.be\/wp-content\/uploads\/sites\/2\/2021\/12\/DSC1878-scaled.jpg","type":"image\/jpeg"}],"author":"Joke Sluydts","twitter_card":"summary_large_image","twitter_misc":{"Geschreven door":"Joke Sluydts","Geschatte leestijd":"2 minuten"},"schema":{"@context":"https:\/\/schema.org","@graph":[{"@type":"Article","@id":"https:\/\/welovecinema.be\/nl\/op-de-premiere-van-8eraf\/#article","isPartOf":{"@id":"https:\/\/welovecinema.be\/nl\/op-de-premiere-van-8eraf\/"},"author":{"name":"Joke Sluydts","@id":"https:\/\/welovecinema.be\/nl\/#\/schema\/person\/fc6123ab588d884707be9a41ea83478d"},"headline":"Op de premi\u00e8re van 8eraf!","datePublished":"2021-12-12T13:09:16+00:00","dateModified":"2021-12-24T10:02:46+00:00","mainEntityOfPage":{"@id":"https:\/\/welovecinema.be\/nl\/op-de-premiere-van-8eraf\/"},"wordCount":244,"publisher":{"@id":"https:\/\/welovecinema.be\/nl\/#organization"},"keywords":["8eraf","Aagje Dom","Amelie Albrecht","Ann van den broek","Aron Wade","Britt Van Der Borght","Christophe Haddad","Danny Timmermans","Eyeworks","Govert Deploige","Jenne Decleir","Kader Gurbuz","Ketnet","Machteld Timmermans","newsletter","nieuwsbrief","Peter Bouckaert","Stany Crets","W817"],"articleSection":["In de zalen","Interviews","Varia"],"inLanguage":"nl-NL"},{"@type":"WebPage","@id":"https:\/\/welovecinema.be\/nl\/op-de-premiere-van-8eraf\/","url":"https:\/\/welovecinema.be\/nl\/op-de-premiere-van-8eraf\/","name":"Op de premi\u00e8re van 8eraf! - We Love Cinema","isPartOf":{"@id":"https:\/\/welovecinema.be\/nl\/#website"},"datePublished":"2021-12-12T13:09:16+00:00","dateModified":"2021-12-24T10:02:46+00:00","breadcrumb":{"@id":"https:\/\/welovecinema.be\/nl\/op-de-premiere-van-8eraf\/#breadcrumb"},"inLanguage":"nl-NL","potentialAction":[{"@type":"ReadAction","target":["https:\/\/welovecinema.be\/nl\/op-de-premiere-van-8eraf\/"]}]},{"@type":"BreadcrumbList","@id":"https:\/\/welovecinema.be\/nl\/op-de-premiere-van-8eraf\/#breadcrumb","itemListElement":[{"@type":"ListItem","position":1,"name":"Accueil","item":"https:\/\/welovecinema.be\/nl\/"},{"@type":"ListItem","position":2,"name":"Op de premi\u00e8re van 8eraf!"}]},{"@type":"WebSite","@id":"https:\/\/welovecinema.be\/nl\/#website","url":"https:\/\/welovecinema.be\/nl\/","name":"We Love Cinema","description":"Toute l\u2019information du cin\u00e9ma en Belgique","publisher":{"@id":"https:\/\/welovecinema.be\/nl\/#organization"},"potentialAction":[{"@type":"SearchAction","target":{"@type":"EntryPoint","urlTemplate":"https:\/\/welovecinema.be\/nl\/?s={search_term_string}"},"query-input":"required name=search_term_string"}],"inLanguage":"nl-NL"},{"@type":"Organization","@id":"https:\/\/welovecinema.be\/nl\/#organization","name":"We Love Cinema","url":"https:\/\/welovecinema.be\/nl\/","logo":{"@type":"ImageObject","inLanguage":"nl-NL","@id":"https:\/\/welovecinema.be\/nl\/#\/schema\/logo\/image\/","url":"https:\/\/welovecinema.be\/wp-content\/uploads\/sites\/2\/2023\/03\/Logo-We-Love-Cinema305x128.jpg","contentUrl":"https:\/\/welovecinema.be\/wp-content\/uploads\/sites\/2\/2023\/03\/Logo-We-Love-Cinema305x128.jpg","width":305,"height":128,"caption":"We Love Cinema"},"image":{"@id":"https:\/\/welovecinema.be\/nl\/#\/schema\/logo\/image\/"},"sameAs":["https:\/\/www.facebook.com\/welovecinema.be","https:\/\/www.youtube.com\/channel\/UCX5LYGVhnKvYauW4Nta4HJA","https:\/\/www.instagram.com\/welovecinema.be\/"]},{"@type":"Person","@id":"https:\/\/welovecinema.be\/nl\/#\/schema\/person\/fc6123ab588d884707be9a41ea83478d","name":"Joke Sluydts","url":"https:\/\/welovecinema.be\/nl\/author\/joke\/"}]}},"_links":{"self":[{"href":"https:\/\/welovecinema.be\/nl\/wp-json\/wp\/v2\/posts\/241636","targetHints":{"allow":["GET"]}}],"collection":[{"href":"https:\/\/welovecinema.be\/nl\/wp-json\/wp\/v2\/posts"}],"about":[{"href":"https:\/\/welovecinema.be\/nl\/wp-json\/wp\/v2\/types\/post"}],"author":[{"embeddable":true,"href":"https:\/\/welovecinema.be\/nl\/wp-json\/wp\/v2\/users\/350"}],"replies":[{"embeddable":true,"href":"https:\/\/welovecinema.be\/nl\/wp-json\/wp\/v2\/comments?post=241636"}],"version-history":[{"count":0,"href":"https:\/\/welovecinema.be\/nl\/wp-json\/wp\/v2\/posts\/241636\/revisions"}],"wp:featuredmedia":[{"embeddable":true,"href":"https:\/\/welovecinema.be\/nl\/wp-json\/wp\/v2\/media\/241665"}],"wp:attachment":[{"href":"https:\/\/welovecinema.be\/nl\/wp-json\/wp\/v2\/media?parent=241636"}],"wp:term":[{"taxonomy":"category","embeddable":true,"href":"https:\/\/welovecinema.be\/nl\/wp-json\/wp\/v2\/categories?post=241636"},{"taxonomy":"post_tag","embeddable":true,"href":"https:\/\/welovecinema.be\/nl\/wp-json\/wp\/v2\/tags?post=241636"}],"curies":[{"name":"wp","href":"https:\/\/api.w.org\/{rel}","templated":true}]}}