{"id":230531,"date":"2020-08-06T16:03:18","date_gmt":"2020-08-06T14:03:18","guid":{"rendered":"https:\/\/www.cinevox.be\/?p=230531"},"modified":"2020-08-09T20:16:20","modified_gmt":"2020-08-09T18:16:20","slug":"bekijk-de-trailer-van-black-out-met-geert-van-rampelberg-en-sara-de-roo","status":"publish","type":"post","link":"https:\/\/welovecinema.be\/nl\/bekijk-de-trailer-van-black-out-met-geert-van-rampelberg-en-sara-de-roo\/","title":{"rendered":"Bekijk de trailer van Black-out, met Geert van Rampelberg en Sara De Roo!"},"content":{"rendered":"<p><strong>Foto &amp; trailer\u00a0\u00a9 \u00e9\u00e9n<\/strong><\/p>\n<p>Na de sabotage van een kerncentrale, gaat het licht in Belgi\u00eb dagenlang uit. Op datzelfde moment wordt de dochter van Annemie Hillebrand ontvoerd, de eerste vrouwelijke premier van Belgi\u00eb.<\/p>\n<p>De premier moet nu alles op alles zetten, om de crisis het hoofd te bieden \u00e9n haar dochter te redden. Michael Dendoncker, teamleider van de dienst anti-terrorisme, gaat ondertussen in de duisternis op zoek naar de daders.<\/p>\n<p>Black-out wordt een reeks vol politiek getouwtrek \u00e9n roept prangende vragen op over het Belgische energiebeleid van de afgelopen 15 jaar.<\/p>\n<p>De hoofdrollen zijn voor <strong>Geert Van Rampelberg<\/strong> en <strong>Sara De Roo<\/strong>. Zij krijgen\u00a0gezelschap van onder meer Lucas Van den Eynde, Ruth Becquart, Tom Van Bauwel, Nora Gharib, Micha\u00ebl Pas, Ikram Aoulad, Violet Braeckman, Mathijs Scheepers, Louis Talpe, Matthieu Sys, Jelle De Beule en Anna de Ceulaer. De reeks werd geregisseerd door <strong>Jo\u00ebl Vanhoebrouck <\/strong><em>(Eigen kweek)<\/em>.<\/p>\n<p><strong><em>Black-out<\/em> is\u00a0dit najaar te zien op E\u00e9n.<\/strong><\/p>\n","protected":false},"excerpt":{"rendered":"<p>Foto &amp; trailer\u00a0\u00a9 \u00e9\u00e9n Na de sabotage van een kerncentrale, gaat het licht in Belgi\u00eb dagenlang uit. Op datzelfde moment wordt de dochter van Annemie Hillebrand ontvoerd, de eerste vrouwelijke premier van Belgi\u00eb. De premier moet nu alles op alles zetten, om de crisis het hoofd te bieden \u00e9n haar dochter te redden. Michael Dendoncker, &hellip;<\/p>\n","protected":false},"author":350,"featured_media":230535,"comment_status":"closed","ping_status":"closed","sticky":false,"template":"","format":"standard","meta":{"ngg_post_thumbnail":0,"footnotes":""},"categories":[54],"tags":[5103,5038,80,164,4188,5084,155,4675],"class_list":["post-230531","post","type-post","status-publish","format-standard","has-post-thumbnail","","category-binnenkort","tag-black-out","tag-een","tag-geert-van-rampelberg","tag-joel-vanhoebrouck","tag-newsletter-nl","tag-nieuwsbrief","tag-sara-de-roo","tag-trailer"],"yoast_head":"<!-- This site is optimized with the Yoast SEO plugin v20.4 - https:\/\/yoast.com\/wordpress\/plugins\/seo\/ -->\n<title>Bekijk de trailer van Black-out, met Geert van Rampelberg en Sara De Roo! - We Love Cinema<\/title>\n<meta name=\"robots\" content=\"index, follow, max-snippet:-1, max-image-preview:large, max-video-preview:-1\" \/>\n<link rel=\"canonical\" href=\"https:\/\/welovecinema.be\/nl\/bekijk-de-trailer-van-black-out-met-geert-van-rampelberg-en-sara-de-roo\/\" \/>\n<meta property=\"og:locale\" content=\"nl_NL\" \/>\n<meta property=\"og:type\" content=\"article\" \/>\n<meta property=\"og:title\" content=\"Bekijk de trailer van Black-out, met Geert van Rampelberg en Sara De Roo! - We Love Cinema\" \/>\n<meta property=\"og:description\" content=\"Foto &amp; trailer\u00a0\u00a9 \u00e9\u00e9n Na de sabotage van een kerncentrale, gaat het licht in Belgi\u00eb dagenlang uit. Op datzelfde moment wordt de dochter van Annemie Hillebrand ontvoerd, de eerste vrouwelijke premier van Belgi\u00eb. De premier moet nu alles op alles zetten, om de crisis het hoofd te bieden \u00e9n haar dochter te redden. Michael Dendoncker, &hellip;\" \/>\n<meta property=\"og:url\" content=\"https:\/\/welovecinema.be\/nl\/bekijk-de-trailer-van-black-out-met-geert-van-rampelberg-en-sara-de-roo\/\" \/>\n<meta property=\"og:site_name\" content=\"We Love Cinema\" \/>\n<meta property=\"article:publisher\" content=\"https:\/\/www.facebook.com\/welovecinema.be\" \/>\n<meta property=\"article:published_time\" content=\"2020-08-06T14:03:18+00:00\" \/>\n<meta property=\"article:modified_time\" content=\"2020-08-09T18:16:20+00:00\" \/>\n<meta property=\"og:image\" content=\"https:\/\/welovecinema.be\/wp-content\/uploads\/sites\/2\/2020\/08\/Schermafbeelding-2020-08-04-om-14.39.25-800x491.png\" \/>\n\t<meta property=\"og:image:width\" content=\"800\" \/>\n\t<meta property=\"og:image:height\" content=\"491\" \/>\n\t<meta property=\"og:image:type\" content=\"image\/png\" \/>\n<meta name=\"author\" content=\"Joke Sluydts\" \/>\n<meta name=\"twitter:card\" content=\"summary_large_image\" \/>\n<meta name=\"twitter:label1\" content=\"Geschreven door\" \/>\n\t<meta name=\"twitter:data1\" content=\"Joke Sluydts\" \/>\n\t<meta name=\"twitter:label2\" content=\"Geschatte leestijd\" \/>\n\t<meta name=\"twitter:data2\" content=\"1 minuut\" \/>\n<script type=\"application\/ld+json\" class=\"yoast-schema-graph\">{\"@context\":\"https:\/\/schema.org\",\"@graph\":[{\"@type\":\"Article\",\"@id\":\"https:\/\/welovecinema.be\/nl\/bekijk-de-trailer-van-black-out-met-geert-van-rampelberg-en-sara-de-roo\/#article\",\"isPartOf\":{\"@id\":\"https:\/\/welovecinema.be\/nl\/bekijk-de-trailer-van-black-out-met-geert-van-rampelberg-en-sara-de-roo\/\"},\"author\":{\"name\":\"Joke Sluydts\",\"@id\":\"https:\/\/welovecinema.be\/nl\/#\/schema\/person\/fc6123ab588d884707be9a41ea83478d\"},\"headline\":\"Bekijk de trailer van Black-out, met Geert van Rampelberg en Sara De Roo!\",\"datePublished\":\"2020-08-06T14:03:18+00:00\",\"dateModified\":\"2020-08-09T18:16:20+00:00\",\"mainEntityOfPage\":{\"@id\":\"https:\/\/welovecinema.be\/nl\/bekijk-de-trailer-van-black-out-met-geert-van-rampelberg-en-sara-de-roo\/\"},\"wordCount\":170,\"publisher\":{\"@id\":\"https:\/\/welovecinema.be\/nl\/#organization\"},\"keywords\":[\"black-out\",\"een\",\"Geert Van Rampelberg\",\"Jo\u00ebl Vanhoebrouck\",\"newsletter\",\"nieuwsbrief\",\"Sara De Roo\",\"trailer\"],\"articleSection\":[\"Binnenkort\"],\"inLanguage\":\"nl-NL\"},{\"@type\":\"WebPage\",\"@id\":\"https:\/\/welovecinema.be\/nl\/bekijk-de-trailer-van-black-out-met-geert-van-rampelberg-en-sara-de-roo\/\",\"url\":\"https:\/\/welovecinema.be\/nl\/bekijk-de-trailer-van-black-out-met-geert-van-rampelberg-en-sara-de-roo\/\",\"name\":\"Bekijk de trailer van Black-out, met Geert van Rampelberg en Sara De Roo! - We Love Cinema\",\"isPartOf\":{\"@id\":\"https:\/\/welovecinema.be\/nl\/#website\"},\"datePublished\":\"2020-08-06T14:03:18+00:00\",\"dateModified\":\"2020-08-09T18:16:20+00:00\",\"breadcrumb\":{\"@id\":\"https:\/\/welovecinema.be\/nl\/bekijk-de-trailer-van-black-out-met-geert-van-rampelberg-en-sara-de-roo\/#breadcrumb\"},\"inLanguage\":\"nl-NL\",\"potentialAction\":[{\"@type\":\"ReadAction\",\"target\":[\"https:\/\/welovecinema.be\/nl\/bekijk-de-trailer-van-black-out-met-geert-van-rampelberg-en-sara-de-roo\/\"]}]},{\"@type\":\"BreadcrumbList\",\"@id\":\"https:\/\/welovecinema.be\/nl\/bekijk-de-trailer-van-black-out-met-geert-van-rampelberg-en-sara-de-roo\/#breadcrumb\",\"itemListElement\":[{\"@type\":\"ListItem\",\"position\":1,\"name\":\"Accueil\",\"item\":\"https:\/\/welovecinema.be\/nl\/\"},{\"@type\":\"ListItem\",\"position\":2,\"name\":\"Bekijk de trailer van Black-out, met Geert van Rampelberg en Sara De Roo!\"}]},{\"@type\":\"WebSite\",\"@id\":\"https:\/\/welovecinema.be\/nl\/#website\",\"url\":\"https:\/\/welovecinema.be\/nl\/\",\"name\":\"We Love Cinema\",\"description\":\"Toute l\u2019information du cin\u00e9ma en Belgique\",\"publisher\":{\"@id\":\"https:\/\/welovecinema.be\/nl\/#organization\"},\"potentialAction\":[{\"@type\":\"SearchAction\",\"target\":{\"@type\":\"EntryPoint\",\"urlTemplate\":\"https:\/\/welovecinema.be\/nl\/?s={search_term_string}\"},\"query-input\":\"required name=search_term_string\"}],\"inLanguage\":\"nl-NL\"},{\"@type\":\"Organization\",\"@id\":\"https:\/\/welovecinema.be\/nl\/#organization\",\"name\":\"We Love Cinema\",\"url\":\"https:\/\/welovecinema.be\/nl\/\",\"logo\":{\"@type\":\"ImageObject\",\"inLanguage\":\"nl-NL\",\"@id\":\"https:\/\/welovecinema.be\/nl\/#\/schema\/logo\/image\/\",\"url\":\"https:\/\/welovecinema.be\/wp-content\/uploads\/sites\/2\/2023\/03\/Logo-We-Love-Cinema305x128.jpg\",\"contentUrl\":\"https:\/\/welovecinema.be\/wp-content\/uploads\/sites\/2\/2023\/03\/Logo-We-Love-Cinema305x128.jpg\",\"width\":305,\"height\":128,\"caption\":\"We Love Cinema\"},\"image\":{\"@id\":\"https:\/\/welovecinema.be\/nl\/#\/schema\/logo\/image\/\"},\"sameAs\":[\"https:\/\/www.facebook.com\/welovecinema.be\",\"https:\/\/www.youtube.com\/channel\/UCX5LYGVhnKvYauW4Nta4HJA\",\"https:\/\/www.instagram.com\/welovecinema.be\/\"]},{\"@type\":\"Person\",\"@id\":\"https:\/\/welovecinema.be\/nl\/#\/schema\/person\/fc6123ab588d884707be9a41ea83478d\",\"name\":\"Joke Sluydts\",\"url\":\"https:\/\/welovecinema.be\/nl\/author\/joke\/\"}]}<\/script>\n<!-- \/ Yoast SEO plugin. -->","yoast_head_json":{"title":"Bekijk de trailer van Black-out, met Geert van Rampelberg en Sara De Roo! - We Love Cinema","robots":{"index":"index","follow":"follow","max-snippet":"max-snippet:-1","max-image-preview":"max-image-preview:large","max-video-preview":"max-video-preview:-1"},"canonical":"https:\/\/welovecinema.be\/nl\/bekijk-de-trailer-van-black-out-met-geert-van-rampelberg-en-sara-de-roo\/","og_locale":"nl_NL","og_type":"article","og_title":"Bekijk de trailer van Black-out, met Geert van Rampelberg en Sara De Roo! - We Love Cinema","og_description":"Foto &amp; trailer\u00a0\u00a9 \u00e9\u00e9n Na de sabotage van een kerncentrale, gaat het licht in Belgi\u00eb dagenlang uit. Op datzelfde moment wordt de dochter van Annemie Hillebrand ontvoerd, de eerste vrouwelijke premier van Belgi\u00eb. De premier moet nu alles op alles zetten, om de crisis het hoofd te bieden \u00e9n haar dochter te redden. Michael Dendoncker, &hellip;","og_url":"https:\/\/welovecinema.be\/nl\/bekijk-de-trailer-van-black-out-met-geert-van-rampelberg-en-sara-de-roo\/","og_site_name":"We Love Cinema","article_publisher":"https:\/\/www.facebook.com\/welovecinema.be","article_published_time":"2020-08-06T14:03:18+00:00","article_modified_time":"2020-08-09T18:16:20+00:00","og_image":[{"width":800,"height":491,"url":"https:\/\/welovecinema.be\/wp-content\/uploads\/sites\/2\/2020\/08\/Schermafbeelding-2020-08-04-om-14.39.25-800x491.png","type":"image\/png"}],"author":"Joke Sluydts","twitter_card":"summary_large_image","twitter_misc":{"Geschreven door":"Joke Sluydts","Geschatte leestijd":"1 minuut"},"schema":{"@context":"https:\/\/schema.org","@graph":[{"@type":"Article","@id":"https:\/\/welovecinema.be\/nl\/bekijk-de-trailer-van-black-out-met-geert-van-rampelberg-en-sara-de-roo\/#article","isPartOf":{"@id":"https:\/\/welovecinema.be\/nl\/bekijk-de-trailer-van-black-out-met-geert-van-rampelberg-en-sara-de-roo\/"},"author":{"name":"Joke Sluydts","@id":"https:\/\/welovecinema.be\/nl\/#\/schema\/person\/fc6123ab588d884707be9a41ea83478d"},"headline":"Bekijk de trailer van Black-out, met Geert van Rampelberg en Sara De Roo!","datePublished":"2020-08-06T14:03:18+00:00","dateModified":"2020-08-09T18:16:20+00:00","mainEntityOfPage":{"@id":"https:\/\/welovecinema.be\/nl\/bekijk-de-trailer-van-black-out-met-geert-van-rampelberg-en-sara-de-roo\/"},"wordCount":170,"publisher":{"@id":"https:\/\/welovecinema.be\/nl\/#organization"},"keywords":["black-out","een","Geert Van Rampelberg","Jo\u00ebl Vanhoebrouck","newsletter","nieuwsbrief","Sara De Roo","trailer"],"articleSection":["Binnenkort"],"inLanguage":"nl-NL"},{"@type":"WebPage","@id":"https:\/\/welovecinema.be\/nl\/bekijk-de-trailer-van-black-out-met-geert-van-rampelberg-en-sara-de-roo\/","url":"https:\/\/welovecinema.be\/nl\/bekijk-de-trailer-van-black-out-met-geert-van-rampelberg-en-sara-de-roo\/","name":"Bekijk de trailer van Black-out, met Geert van Rampelberg en Sara De Roo! - We Love Cinema","isPartOf":{"@id":"https:\/\/welovecinema.be\/nl\/#website"},"datePublished":"2020-08-06T14:03:18+00:00","dateModified":"2020-08-09T18:16:20+00:00","breadcrumb":{"@id":"https:\/\/welovecinema.be\/nl\/bekijk-de-trailer-van-black-out-met-geert-van-rampelberg-en-sara-de-roo\/#breadcrumb"},"inLanguage":"nl-NL","potentialAction":[{"@type":"ReadAction","target":["https:\/\/welovecinema.be\/nl\/bekijk-de-trailer-van-black-out-met-geert-van-rampelberg-en-sara-de-roo\/"]}]},{"@type":"BreadcrumbList","@id":"https:\/\/welovecinema.be\/nl\/bekijk-de-trailer-van-black-out-met-geert-van-rampelberg-en-sara-de-roo\/#breadcrumb","itemListElement":[{"@type":"ListItem","position":1,"name":"Accueil","item":"https:\/\/welovecinema.be\/nl\/"},{"@type":"ListItem","position":2,"name":"Bekijk de trailer van Black-out, met Geert van Rampelberg en Sara De Roo!"}]},{"@type":"WebSite","@id":"https:\/\/welovecinema.be\/nl\/#website","url":"https:\/\/welovecinema.be\/nl\/","name":"We Love Cinema","description":"Toute l\u2019information du cin\u00e9ma en Belgique","publisher":{"@id":"https:\/\/welovecinema.be\/nl\/#organization"},"potentialAction":[{"@type":"SearchAction","target":{"@type":"EntryPoint","urlTemplate":"https:\/\/welovecinema.be\/nl\/?s={search_term_string}"},"query-input":"required name=search_term_string"}],"inLanguage":"nl-NL"},{"@type":"Organization","@id":"https:\/\/welovecinema.be\/nl\/#organization","name":"We Love Cinema","url":"https:\/\/welovecinema.be\/nl\/","logo":{"@type":"ImageObject","inLanguage":"nl-NL","@id":"https:\/\/welovecinema.be\/nl\/#\/schema\/logo\/image\/","url":"https:\/\/welovecinema.be\/wp-content\/uploads\/sites\/2\/2023\/03\/Logo-We-Love-Cinema305x128.jpg","contentUrl":"https:\/\/welovecinema.be\/wp-content\/uploads\/sites\/2\/2023\/03\/Logo-We-Love-Cinema305x128.jpg","width":305,"height":128,"caption":"We Love Cinema"},"image":{"@id":"https:\/\/welovecinema.be\/nl\/#\/schema\/logo\/image\/"},"sameAs":["https:\/\/www.facebook.com\/welovecinema.be","https:\/\/www.youtube.com\/channel\/UCX5LYGVhnKvYauW4Nta4HJA","https:\/\/www.instagram.com\/welovecinema.be\/"]},{"@type":"Person","@id":"https:\/\/welovecinema.be\/nl\/#\/schema\/person\/fc6123ab588d884707be9a41ea83478d","name":"Joke Sluydts","url":"https:\/\/welovecinema.be\/nl\/author\/joke\/"}]}},"_links":{"self":[{"href":"https:\/\/welovecinema.be\/nl\/wp-json\/wp\/v2\/posts\/230531","targetHints":{"allow":["GET"]}}],"collection":[{"href":"https:\/\/welovecinema.be\/nl\/wp-json\/wp\/v2\/posts"}],"about":[{"href":"https:\/\/welovecinema.be\/nl\/wp-json\/wp\/v2\/types\/post"}],"author":[{"embeddable":true,"href":"https:\/\/welovecinema.be\/nl\/wp-json\/wp\/v2\/users\/350"}],"replies":[{"embeddable":true,"href":"https:\/\/welovecinema.be\/nl\/wp-json\/wp\/v2\/comments?post=230531"}],"version-history":[{"count":0,"href":"https:\/\/welovecinema.be\/nl\/wp-json\/wp\/v2\/posts\/230531\/revisions"}],"wp:featuredmedia":[{"embeddable":true,"href":"https:\/\/welovecinema.be\/nl\/wp-json\/wp\/v2\/media\/230535"}],"wp:attachment":[{"href":"https:\/\/welovecinema.be\/nl\/wp-json\/wp\/v2\/media?parent=230531"}],"wp:term":[{"taxonomy":"category","embeddable":true,"href":"https:\/\/welovecinema.be\/nl\/wp-json\/wp\/v2\/categories?post=230531"},{"taxonomy":"post_tag","embeddable":true,"href":"https:\/\/welovecinema.be\/nl\/wp-json\/wp\/v2\/tags?post=230531"}],"curies":[{"name":"wp","href":"https:\/\/api.w.org\/{rel}","templated":true}]}}