{"id":224451,"date":"2019-10-25T21:46:20","date_gmt":"2019-10-25T19:46:20","guid":{"rendered":"https:\/\/www.cinevox.be\/?p=224451"},"modified":"2019-10-25T21:46:20","modified_gmt":"2019-10-25T19:46:20","slug":"vlaamse-jeugdfilms-in-de-prijzen-op-cinekid-te-amsterdam","status":"publish","type":"post","link":"https:\/\/welovecinema.be\/nl\/vlaamse-jeugdfilms-in-de-prijzen-op-cinekid-te-amsterdam\/","title":{"rendered":"Vlaamse jeugdfilms in de prijzen op Cinekid te Amsterdam!"},"content":{"rendered":"<p><strong>Op de slotavond\u00a0van het Cinekid Festival in Amsterdam (19-25 oktober) zijn\u00a0<em>Binti<\/em>, het speelfilmdebuut van Frederike Migom, en de korte film <em>Provence<\/em> van Kato De Boeck in de prijzen gevallen. <em>Binti<\/em> werd er bekroond met de hoofdprijs, de Cinekid Leeuw voor Beste Kinderfilm. <em>Provence<\/em>\u00a0ging met de Prijs voor de Beste Internationale Korte Live-Action Film aan de haal.<\/strong><\/p>\n<p>Cinekid is het belangrijkste op zich staande kindermediafestival ter wereld. Naast kinderen komen ook kindermedia-professionals uit de hele wereld jaarlijks in Amsterdam samen om er nieuwe content en trends te ontdekken.<\/p>\n<p><em>Binti<\/em>, het speelfilmdebuut van Frederike Migom, was dit jaar de openingsfilm van Cinekid. De film vertelt het verhaal van de 12-jarige Binti, die ervan droomt een beroemde vlogger te worden. Ze is geboren in Congo en woont al van toen ze een baby was samen met haar vader Jovial in Belgi\u00eb, zonder geldige verblijfsdocumenten. Op de vlucht voor de politie belanden Binti en haar vader in de boomhut van de 11-jarige Elias. Op zoek naar een oplossing voor haar problemen wordt Binti lid van Elias\u2019 okapiclub en probeert ze haar vader en Elias\u2019 moeder aan elkaar te koppelen. Maar dan ontdekt Elias waar Binti mee bezig is.<\/p>\n<p><em>Binti<\/em> ging in februari in wereldpremi\u00e8re op het JEF festival, waar het de prijs won voor beste speelfilm. De internationale premi\u00e8re vond in maart plaats tijdens FIFEM (Festival International du Film pour Enfants de Montr\u00e9al) en ook daar kaapte de film de hoofdprijs weg, naast een speciale vermelding van de kinderjury. Daarop volgden nog selecties voor verschillende internationale festivals.<\/p>\n<p><em>Binti<\/em> werd geschreven en geregisseerd door Frederike Migom. De hoofdrollen worden vertolkt door Bebel Tshiani Baloji, Mo Bakker, Joke Devynck, Baloji en Tatyana Beloy. Joachim Philippe stond achter de camera en Clemence Samson deed de montage. De originele muziekscore is van Le Motel. De film is een productie van Bulletproof Cupid in coproductie met Kwassa Films, Ketnet en Family Affair Films. In Belgi\u00eb wordt de film verdeeld door JEF. De internationale verkoop is in handen van het Deense LevelK.<\/p>\n<p><em>Provence<\/em>\u00a0van Kato De Boeck werd gemaakt als eindwerk aan het RITCS en viel sindsdien al meermaals in de prijzen, onder meer met de Ensor voor Beste Kortfilm.\u00a0Provence is een coming-of-age-film over een broer en zus tijdens hun jaarlijkse zomervakantie. Wanneer Camille en Tuur op hun nieuwe kampeerbestemming in de Provence twee Nederlandse meisjes ontmoeten, verandert Camilles bewondering voor haar grote broer in jaloezie. Ontluikende volwassenheid verstoort de zorgeloze vakantie.<\/p>\n<p><em>Provence<\/em>\u00a0was het eindwerk van RITCS-student Kato De Boeck, die de film in 2018 schreef en regisseerde. Sindsdien werd de film\u00a0geselecteerd voor o.a. de festivals van Leuven, Brussel, Palm Springs en Zl\u00edn. Naast de\u00a0Ensor voor Beste Kortfilm in 2019 en de Publieksprijs op het Internationaal Kortfilmfestival Leuven in 2018 won Kato De Boeck\u00a0nog een tiental andere internationale prijzen met Provence.<\/p>\n","protected":false},"excerpt":{"rendered":"<p>Op de slotavond\u00a0van het Cinekid Festival in Amsterdam (19-25 oktober) zijn\u00a0Binti, het speelfilmdebuut van Frederike Migom, en de korte film Provence van Kato De Boeck in de prijzen gevallen. Binti werd er bekroond met de hoofdprijs, de Cinekid Leeuw voor Beste Kinderfilm. Provence\u00a0ging met de Prijs voor de Beste Internationale Korte Live-Action Film aan de &hellip;<\/p>\n","protected":false},"author":349,"featured_media":214180,"comment_status":"closed","ping_status":"closed","sticky":false,"template":"","format":"standard","meta":{"ngg_post_thumbnail":0,"footnotes":""},"categories":[1069,30,31],"tags":[2359,1520,3592,4254],"class_list":["post-224451","post","type-post","status-publish","format-standard","has-post-thumbnail","","category-festivals-nl","category-nieuws","category-prijzen","tag-binti","tag-frederike-migom","tag-kato-de-boeck","tag-provence"],"yoast_head":"<!-- This site is optimized with the Yoast SEO plugin v20.4 - https:\/\/yoast.com\/wordpress\/plugins\/seo\/ -->\n<title>Vlaamse jeugdfilms in de prijzen op Cinekid te Amsterdam! - We Love Cinema<\/title>\n<meta name=\"robots\" content=\"index, follow, max-snippet:-1, max-image-preview:large, max-video-preview:-1\" \/>\n<link rel=\"canonical\" href=\"https:\/\/welovecinema.be\/nl\/vlaamse-jeugdfilms-in-de-prijzen-op-cinekid-te-amsterdam\/\" \/>\n<meta property=\"og:locale\" content=\"nl_NL\" \/>\n<meta property=\"og:type\" content=\"article\" \/>\n<meta property=\"og:title\" content=\"Vlaamse jeugdfilms in de prijzen op Cinekid te Amsterdam! - We Love Cinema\" \/>\n<meta property=\"og:description\" content=\"Op de slotavond\u00a0van het Cinekid Festival in Amsterdam (19-25 oktober) zijn\u00a0Binti, het speelfilmdebuut van Frederike Migom, en de korte film Provence van Kato De Boeck in de prijzen gevallen. Binti werd er bekroond met de hoofdprijs, de Cinekid Leeuw voor Beste Kinderfilm. Provence\u00a0ging met de Prijs voor de Beste Internationale Korte Live-Action Film aan de &hellip;\" \/>\n<meta property=\"og:url\" content=\"https:\/\/welovecinema.be\/nl\/vlaamse-jeugdfilms-in-de-prijzen-op-cinekid-te-amsterdam\/\" \/>\n<meta property=\"og:site_name\" content=\"We Love Cinema\" \/>\n<meta property=\"article:publisher\" content=\"https:\/\/www.facebook.com\/welovecinema.be\" \/>\n<meta property=\"article:published_time\" content=\"2019-10-25T19:46:20+00:00\" \/>\n<meta property=\"og:image\" content=\"https:\/\/welovecinema.be\/wp-content\/uploads\/sites\/2\/2018\/10\/omslag-2.cVXcdNfIunKd.png\" \/>\n\t<meta property=\"og:image:width\" content=\"640\" \/>\n\t<meta property=\"og:image:height\" content=\"360\" \/>\n\t<meta property=\"og:image:type\" content=\"image\/png\" \/>\n<meta name=\"author\" content=\"Seppe van Groeningen\" \/>\n<meta name=\"twitter:card\" content=\"summary_large_image\" \/>\n<meta name=\"twitter:label1\" content=\"Geschreven door\" \/>\n\t<meta name=\"twitter:data1\" content=\"Seppe van Groeningen\" \/>\n\t<meta name=\"twitter:label2\" content=\"Geschatte leestijd\" \/>\n\t<meta name=\"twitter:data2\" content=\"2 minuten\" \/>\n<script type=\"application\/ld+json\" class=\"yoast-schema-graph\">{\"@context\":\"https:\/\/schema.org\",\"@graph\":[{\"@type\":\"Article\",\"@id\":\"https:\/\/welovecinema.be\/nl\/vlaamse-jeugdfilms-in-de-prijzen-op-cinekid-te-amsterdam\/#article\",\"isPartOf\":{\"@id\":\"https:\/\/welovecinema.be\/nl\/vlaamse-jeugdfilms-in-de-prijzen-op-cinekid-te-amsterdam\/\"},\"author\":{\"name\":\"Seppe van Groeningen\",\"@id\":\"https:\/\/welovecinema.be\/nl\/#\/schema\/person\/9a9270eec1274600ec8c420b80d00480\"},\"headline\":\"Vlaamse jeugdfilms in de prijzen op Cinekid te Amsterdam!\",\"datePublished\":\"2019-10-25T19:46:20+00:00\",\"dateModified\":\"2019-10-25T19:46:20+00:00\",\"mainEntityOfPage\":{\"@id\":\"https:\/\/welovecinema.be\/nl\/vlaamse-jeugdfilms-in-de-prijzen-op-cinekid-te-amsterdam\/\"},\"wordCount\":480,\"publisher\":{\"@id\":\"https:\/\/welovecinema.be\/nl\/#organization\"},\"keywords\":[\"'Binti'\",\"Frederike Migom\",\"Kato De Boeck\",\"Provence\"],\"articleSection\":[\"Festivals\",\"Nieuws\",\"Prijzen\"],\"inLanguage\":\"nl-NL\"},{\"@type\":\"WebPage\",\"@id\":\"https:\/\/welovecinema.be\/nl\/vlaamse-jeugdfilms-in-de-prijzen-op-cinekid-te-amsterdam\/\",\"url\":\"https:\/\/welovecinema.be\/nl\/vlaamse-jeugdfilms-in-de-prijzen-op-cinekid-te-amsterdam\/\",\"name\":\"Vlaamse jeugdfilms in de prijzen op Cinekid te Amsterdam! - We Love Cinema\",\"isPartOf\":{\"@id\":\"https:\/\/welovecinema.be\/nl\/#website\"},\"datePublished\":\"2019-10-25T19:46:20+00:00\",\"dateModified\":\"2019-10-25T19:46:20+00:00\",\"breadcrumb\":{\"@id\":\"https:\/\/welovecinema.be\/nl\/vlaamse-jeugdfilms-in-de-prijzen-op-cinekid-te-amsterdam\/#breadcrumb\"},\"inLanguage\":\"nl-NL\",\"potentialAction\":[{\"@type\":\"ReadAction\",\"target\":[\"https:\/\/welovecinema.be\/nl\/vlaamse-jeugdfilms-in-de-prijzen-op-cinekid-te-amsterdam\/\"]}]},{\"@type\":\"BreadcrumbList\",\"@id\":\"https:\/\/welovecinema.be\/nl\/vlaamse-jeugdfilms-in-de-prijzen-op-cinekid-te-amsterdam\/#breadcrumb\",\"itemListElement\":[{\"@type\":\"ListItem\",\"position\":1,\"name\":\"Accueil\",\"item\":\"https:\/\/welovecinema.be\/nl\/\"},{\"@type\":\"ListItem\",\"position\":2,\"name\":\"Vlaamse jeugdfilms in de prijzen op Cinekid te Amsterdam!\"}]},{\"@type\":\"WebSite\",\"@id\":\"https:\/\/welovecinema.be\/nl\/#website\",\"url\":\"https:\/\/welovecinema.be\/nl\/\",\"name\":\"We Love Cinema\",\"description\":\"Toute l\u2019information du cin\u00e9ma en Belgique\",\"publisher\":{\"@id\":\"https:\/\/welovecinema.be\/nl\/#organization\"},\"potentialAction\":[{\"@type\":\"SearchAction\",\"target\":{\"@type\":\"EntryPoint\",\"urlTemplate\":\"https:\/\/welovecinema.be\/nl\/?s={search_term_string}\"},\"query-input\":\"required name=search_term_string\"}],\"inLanguage\":\"nl-NL\"},{\"@type\":\"Organization\",\"@id\":\"https:\/\/welovecinema.be\/nl\/#organization\",\"name\":\"We Love Cinema\",\"url\":\"https:\/\/welovecinema.be\/nl\/\",\"logo\":{\"@type\":\"ImageObject\",\"inLanguage\":\"nl-NL\",\"@id\":\"https:\/\/welovecinema.be\/nl\/#\/schema\/logo\/image\/\",\"url\":\"https:\/\/welovecinema.be\/wp-content\/uploads\/sites\/2\/2023\/03\/Logo-We-Love-Cinema305x128.jpg\",\"contentUrl\":\"https:\/\/welovecinema.be\/wp-content\/uploads\/sites\/2\/2023\/03\/Logo-We-Love-Cinema305x128.jpg\",\"width\":305,\"height\":128,\"caption\":\"We Love Cinema\"},\"image\":{\"@id\":\"https:\/\/welovecinema.be\/nl\/#\/schema\/logo\/image\/\"},\"sameAs\":[\"https:\/\/www.facebook.com\/welovecinema.be\",\"https:\/\/www.youtube.com\/channel\/UCX5LYGVhnKvYauW4Nta4HJA\",\"https:\/\/www.instagram.com\/welovecinema.be\/\"]},{\"@type\":\"Person\",\"@id\":\"https:\/\/welovecinema.be\/nl\/#\/schema\/person\/9a9270eec1274600ec8c420b80d00480\",\"name\":\"Seppe van Groeningen\",\"url\":\"https:\/\/welovecinema.be\/nl\/author\/seppe\/\"}]}<\/script>\n<!-- \/ Yoast SEO plugin. -->","yoast_head_json":{"title":"Vlaamse jeugdfilms in de prijzen op Cinekid te Amsterdam! - We Love Cinema","robots":{"index":"index","follow":"follow","max-snippet":"max-snippet:-1","max-image-preview":"max-image-preview:large","max-video-preview":"max-video-preview:-1"},"canonical":"https:\/\/welovecinema.be\/nl\/vlaamse-jeugdfilms-in-de-prijzen-op-cinekid-te-amsterdam\/","og_locale":"nl_NL","og_type":"article","og_title":"Vlaamse jeugdfilms in de prijzen op Cinekid te Amsterdam! - We Love Cinema","og_description":"Op de slotavond\u00a0van het Cinekid Festival in Amsterdam (19-25 oktober) zijn\u00a0Binti, het speelfilmdebuut van Frederike Migom, en de korte film Provence van Kato De Boeck in de prijzen gevallen. Binti werd er bekroond met de hoofdprijs, de Cinekid Leeuw voor Beste Kinderfilm. Provence\u00a0ging met de Prijs voor de Beste Internationale Korte Live-Action Film aan de &hellip;","og_url":"https:\/\/welovecinema.be\/nl\/vlaamse-jeugdfilms-in-de-prijzen-op-cinekid-te-amsterdam\/","og_site_name":"We Love Cinema","article_publisher":"https:\/\/www.facebook.com\/welovecinema.be","article_published_time":"2019-10-25T19:46:20+00:00","og_image":[{"width":640,"height":360,"url":"https:\/\/welovecinema.be\/wp-content\/uploads\/sites\/2\/2018\/10\/omslag-2.cVXcdNfIunKd.png","type":"image\/png"}],"author":"Seppe van Groeningen","twitter_card":"summary_large_image","twitter_misc":{"Geschreven door":"Seppe van Groeningen","Geschatte leestijd":"2 minuten"},"schema":{"@context":"https:\/\/schema.org","@graph":[{"@type":"Article","@id":"https:\/\/welovecinema.be\/nl\/vlaamse-jeugdfilms-in-de-prijzen-op-cinekid-te-amsterdam\/#article","isPartOf":{"@id":"https:\/\/welovecinema.be\/nl\/vlaamse-jeugdfilms-in-de-prijzen-op-cinekid-te-amsterdam\/"},"author":{"name":"Seppe van Groeningen","@id":"https:\/\/welovecinema.be\/nl\/#\/schema\/person\/9a9270eec1274600ec8c420b80d00480"},"headline":"Vlaamse jeugdfilms in de prijzen op Cinekid te Amsterdam!","datePublished":"2019-10-25T19:46:20+00:00","dateModified":"2019-10-25T19:46:20+00:00","mainEntityOfPage":{"@id":"https:\/\/welovecinema.be\/nl\/vlaamse-jeugdfilms-in-de-prijzen-op-cinekid-te-amsterdam\/"},"wordCount":480,"publisher":{"@id":"https:\/\/welovecinema.be\/nl\/#organization"},"keywords":["'Binti'","Frederike Migom","Kato De Boeck","Provence"],"articleSection":["Festivals","Nieuws","Prijzen"],"inLanguage":"nl-NL"},{"@type":"WebPage","@id":"https:\/\/welovecinema.be\/nl\/vlaamse-jeugdfilms-in-de-prijzen-op-cinekid-te-amsterdam\/","url":"https:\/\/welovecinema.be\/nl\/vlaamse-jeugdfilms-in-de-prijzen-op-cinekid-te-amsterdam\/","name":"Vlaamse jeugdfilms in de prijzen op Cinekid te Amsterdam! - We Love Cinema","isPartOf":{"@id":"https:\/\/welovecinema.be\/nl\/#website"},"datePublished":"2019-10-25T19:46:20+00:00","dateModified":"2019-10-25T19:46:20+00:00","breadcrumb":{"@id":"https:\/\/welovecinema.be\/nl\/vlaamse-jeugdfilms-in-de-prijzen-op-cinekid-te-amsterdam\/#breadcrumb"},"inLanguage":"nl-NL","potentialAction":[{"@type":"ReadAction","target":["https:\/\/welovecinema.be\/nl\/vlaamse-jeugdfilms-in-de-prijzen-op-cinekid-te-amsterdam\/"]}]},{"@type":"BreadcrumbList","@id":"https:\/\/welovecinema.be\/nl\/vlaamse-jeugdfilms-in-de-prijzen-op-cinekid-te-amsterdam\/#breadcrumb","itemListElement":[{"@type":"ListItem","position":1,"name":"Accueil","item":"https:\/\/welovecinema.be\/nl\/"},{"@type":"ListItem","position":2,"name":"Vlaamse jeugdfilms in de prijzen op Cinekid te Amsterdam!"}]},{"@type":"WebSite","@id":"https:\/\/welovecinema.be\/nl\/#website","url":"https:\/\/welovecinema.be\/nl\/","name":"We Love Cinema","description":"Toute l\u2019information du cin\u00e9ma en Belgique","publisher":{"@id":"https:\/\/welovecinema.be\/nl\/#organization"},"potentialAction":[{"@type":"SearchAction","target":{"@type":"EntryPoint","urlTemplate":"https:\/\/welovecinema.be\/nl\/?s={search_term_string}"},"query-input":"required name=search_term_string"}],"inLanguage":"nl-NL"},{"@type":"Organization","@id":"https:\/\/welovecinema.be\/nl\/#organization","name":"We Love Cinema","url":"https:\/\/welovecinema.be\/nl\/","logo":{"@type":"ImageObject","inLanguage":"nl-NL","@id":"https:\/\/welovecinema.be\/nl\/#\/schema\/logo\/image\/","url":"https:\/\/welovecinema.be\/wp-content\/uploads\/sites\/2\/2023\/03\/Logo-We-Love-Cinema305x128.jpg","contentUrl":"https:\/\/welovecinema.be\/wp-content\/uploads\/sites\/2\/2023\/03\/Logo-We-Love-Cinema305x128.jpg","width":305,"height":128,"caption":"We Love Cinema"},"image":{"@id":"https:\/\/welovecinema.be\/nl\/#\/schema\/logo\/image\/"},"sameAs":["https:\/\/www.facebook.com\/welovecinema.be","https:\/\/www.youtube.com\/channel\/UCX5LYGVhnKvYauW4Nta4HJA","https:\/\/www.instagram.com\/welovecinema.be\/"]},{"@type":"Person","@id":"https:\/\/welovecinema.be\/nl\/#\/schema\/person\/9a9270eec1274600ec8c420b80d00480","name":"Seppe van Groeningen","url":"https:\/\/welovecinema.be\/nl\/author\/seppe\/"}]}},"_links":{"self":[{"href":"https:\/\/welovecinema.be\/nl\/wp-json\/wp\/v2\/posts\/224451","targetHints":{"allow":["GET"]}}],"collection":[{"href":"https:\/\/welovecinema.be\/nl\/wp-json\/wp\/v2\/posts"}],"about":[{"href":"https:\/\/welovecinema.be\/nl\/wp-json\/wp\/v2\/types\/post"}],"author":[{"embeddable":true,"href":"https:\/\/welovecinema.be\/nl\/wp-json\/wp\/v2\/users\/349"}],"replies":[{"embeddable":true,"href":"https:\/\/welovecinema.be\/nl\/wp-json\/wp\/v2\/comments?post=224451"}],"version-history":[{"count":0,"href":"https:\/\/welovecinema.be\/nl\/wp-json\/wp\/v2\/posts\/224451\/revisions"}],"wp:featuredmedia":[{"embeddable":true,"href":"https:\/\/welovecinema.be\/nl\/wp-json\/wp\/v2\/media\/214180"}],"wp:attachment":[{"href":"https:\/\/welovecinema.be\/nl\/wp-json\/wp\/v2\/media?parent=224451"}],"wp:term":[{"taxonomy":"category","embeddable":true,"href":"https:\/\/welovecinema.be\/nl\/wp-json\/wp\/v2\/categories?post=224451"},{"taxonomy":"post_tag","embeddable":true,"href":"https:\/\/welovecinema.be\/nl\/wp-json\/wp\/v2\/tags?post=224451"}],"curies":[{"name":"wp","href":"https:\/\/api.w.org\/{rel}","templated":true}]}}