{"id":224397,"date":"2019-10-24T12:30:17","date_gmt":"2019-10-24T10:30:17","guid":{"rendered":"https:\/\/www.cinevox.be\/?p=224397"},"modified":"2019-10-28T09:27:50","modified_gmt":"2019-10-28T08:27:50","slug":"casting-jeroen-perceval-zoekt-jong-talent","status":"publish","type":"post","link":"https:\/\/welovecinema.be\/nl\/casting-jeroen-perceval-zoekt-jong-talent\/","title":{"rendered":"Casting: Jeroen Perceval zoekt jong talent!"},"content":{"rendered":"<p><strong>Voor zijn langspeelfilm\u00a0<em>Dreambaby\u00a0<\/em>met Ben Segers in de hoofdrol, zoekt Jeroen Perceval jong Antwerps talent tussen 11 &amp; 15 jaar oud, voor \u00e9\u00e9n van de hoofdrollen. Ervaring is niet vereist, wel een Antwerpse tongval. Ben je ge\u00efnteresseerd of ken je iemand die geschikt is? Stuur dan een email met je naam, telefoonnummer en enkele recente foto&#8217;s naar <a href=\"mailto:info@oimundo.be\">info@oimundo.be<\/a>.<\/strong><\/p>\n<p><img loading=\"lazy\" decoding=\"async\" class=\"aligncenter size-full wp-image-224400\" src=\"https:\/\/www.cinevox.be\/wp-content\/uploads\/sites\/2\/2019\/10\/Screen-Shot-2019-10-24-at-12.28.33.jpg\" alt=\"\" width=\"497\" height=\"747\" srcset=\"https:\/\/welovecinema.be\/wp-content\/uploads\/sites\/2\/2019\/10\/Screen-Shot-2019-10-24-at-12.28.33.jpg 497w, https:\/\/welovecinema.be\/wp-content\/uploads\/sites\/2\/2019\/10\/Screen-Shot-2019-10-24-at-12.28.33-180x270.jpg 180w, https:\/\/welovecinema.be\/wp-content\/uploads\/sites\/2\/2019\/10\/Screen-Shot-2019-10-24-at-12.28.33-399x600.jpg 399w\" sizes=\"auto, (max-width: 497px) 100vw, 497px\" \/><\/p>\n","protected":false},"excerpt":{"rendered":"<p>Voor zijn langspeelfilm\u00a0Dreambaby\u00a0met Ben Segers in de hoofdrol, zoekt Jeroen Perceval jong Antwerps talent tussen 11 &amp; 15 jaar oud, voor \u00e9\u00e9n van de hoofdrollen. Ervaring is niet vereist, wel een Antwerpse tongval. Ben je ge\u00efnteresseerd of ken je iemand die geschikt is? Stuur dan een email met je naam, telefoonnummer en enkele recente foto&#8217;s &hellip;<\/p>\n","protected":false},"author":349,"featured_media":224398,"comment_status":"closed","ping_status":"closed","sticky":false,"template":"","format":"standard","meta":{"ngg_post_thumbnail":0,"footnotes":""},"categories":[37],"tags":[1197,86,4632,1041,4188],"class_list":["post-224397","post","type-post","status-publish","format-standard","has-post-thumbnail","","category-cinejobs-nl","tag-ben-segers","tag-casting-2","tag-dreambaby","tag-jeroen-perceval","tag-newsletter-nl"],"yoast_head":"<!-- This site is optimized with the Yoast SEO plugin v20.4 - https:\/\/yoast.com\/wordpress\/plugins\/seo\/ -->\n<title>Casting: Jeroen Perceval zoekt jong talent! - We Love Cinema<\/title>\n<meta name=\"robots\" content=\"index, follow, max-snippet:-1, max-image-preview:large, max-video-preview:-1\" \/>\n<link rel=\"canonical\" href=\"https:\/\/welovecinema.be\/nl\/casting-jeroen-perceval-zoekt-jong-talent\/\" \/>\n<meta property=\"og:locale\" content=\"nl_NL\" \/>\n<meta property=\"og:type\" content=\"article\" \/>\n<meta property=\"og:title\" content=\"Casting: Jeroen Perceval zoekt jong talent! - We Love Cinema\" \/>\n<meta property=\"og:description\" content=\"Voor zijn langspeelfilm\u00a0Dreambaby\u00a0met Ben Segers in de hoofdrol, zoekt Jeroen Perceval jong Antwerps talent tussen 11 &amp; 15 jaar oud, voor \u00e9\u00e9n van de hoofdrollen. Ervaring is niet vereist, wel een Antwerpse tongval. Ben je ge\u00efnteresseerd of ken je iemand die geschikt is? Stuur dan een email met je naam, telefoonnummer en enkele recente foto&#8217;s &hellip;\" \/>\n<meta property=\"og:url\" content=\"https:\/\/welovecinema.be\/nl\/casting-jeroen-perceval-zoekt-jong-talent\/\" \/>\n<meta property=\"og:site_name\" content=\"We Love Cinema\" \/>\n<meta property=\"article:publisher\" content=\"https:\/\/www.facebook.com\/welovecinema.be\" \/>\n<meta property=\"article:published_time\" content=\"2019-10-24T10:30:17+00:00\" \/>\n<meta property=\"article:modified_time\" content=\"2019-10-28T08:27:50+00:00\" \/>\n<meta property=\"og:image\" content=\"https:\/\/welovecinema.be\/wp-content\/uploads\/sites\/2\/2019\/10\/Screen-Shot-2019-10-24-at-12.21.49.jpg\" \/>\n\t<meta property=\"og:image:width\" content=\"490\" \/>\n\t<meta property=\"og:image:height\" content=\"305\" \/>\n\t<meta property=\"og:image:type\" content=\"image\/jpeg\" \/>\n<meta name=\"author\" content=\"Seppe van Groeningen\" \/>\n<meta name=\"twitter:card\" content=\"summary_large_image\" \/>\n<meta name=\"twitter:label1\" content=\"Geschreven door\" \/>\n\t<meta name=\"twitter:data1\" content=\"Seppe van Groeningen\" \/>\n<script type=\"application\/ld+json\" class=\"yoast-schema-graph\">{\"@context\":\"https:\/\/schema.org\",\"@graph\":[{\"@type\":\"Article\",\"@id\":\"https:\/\/welovecinema.be\/nl\/casting-jeroen-perceval-zoekt-jong-talent\/#article\",\"isPartOf\":{\"@id\":\"https:\/\/welovecinema.be\/nl\/casting-jeroen-perceval-zoekt-jong-talent\/\"},\"author\":{\"name\":\"Seppe van Groeningen\",\"@id\":\"https:\/\/welovecinema.be\/nl\/#\/schema\/person\/9a9270eec1274600ec8c420b80d00480\"},\"headline\":\"Casting: Jeroen Perceval zoekt jong talent!\",\"datePublished\":\"2019-10-24T10:30:17+00:00\",\"dateModified\":\"2019-10-28T08:27:50+00:00\",\"mainEntityOfPage\":{\"@id\":\"https:\/\/welovecinema.be\/nl\/casting-jeroen-perceval-zoekt-jong-talent\/\"},\"wordCount\":67,\"publisher\":{\"@id\":\"https:\/\/welovecinema.be\/nl\/#organization\"},\"keywords\":[\"Ben Segers\",\"casting\",\"Dreambaby\",\"Jeroen Perceval\",\"newsletter\"],\"articleSection\":[\"Cinejobs\"],\"inLanguage\":\"nl-NL\"},{\"@type\":\"WebPage\",\"@id\":\"https:\/\/welovecinema.be\/nl\/casting-jeroen-perceval-zoekt-jong-talent\/\",\"url\":\"https:\/\/welovecinema.be\/nl\/casting-jeroen-perceval-zoekt-jong-talent\/\",\"name\":\"Casting: Jeroen Perceval zoekt jong talent! - We Love Cinema\",\"isPartOf\":{\"@id\":\"https:\/\/welovecinema.be\/nl\/#website\"},\"datePublished\":\"2019-10-24T10:30:17+00:00\",\"dateModified\":\"2019-10-28T08:27:50+00:00\",\"breadcrumb\":{\"@id\":\"https:\/\/welovecinema.be\/nl\/casting-jeroen-perceval-zoekt-jong-talent\/#breadcrumb\"},\"inLanguage\":\"nl-NL\",\"potentialAction\":[{\"@type\":\"ReadAction\",\"target\":[\"https:\/\/welovecinema.be\/nl\/casting-jeroen-perceval-zoekt-jong-talent\/\"]}]},{\"@type\":\"BreadcrumbList\",\"@id\":\"https:\/\/welovecinema.be\/nl\/casting-jeroen-perceval-zoekt-jong-talent\/#breadcrumb\",\"itemListElement\":[{\"@type\":\"ListItem\",\"position\":1,\"name\":\"Accueil\",\"item\":\"https:\/\/welovecinema.be\/nl\/\"},{\"@type\":\"ListItem\",\"position\":2,\"name\":\"Casting: Jeroen Perceval zoekt jong talent!\"}]},{\"@type\":\"WebSite\",\"@id\":\"https:\/\/welovecinema.be\/nl\/#website\",\"url\":\"https:\/\/welovecinema.be\/nl\/\",\"name\":\"We Love Cinema\",\"description\":\"Toute l\u2019information du cin\u00e9ma en Belgique\",\"publisher\":{\"@id\":\"https:\/\/welovecinema.be\/nl\/#organization\"},\"potentialAction\":[{\"@type\":\"SearchAction\",\"target\":{\"@type\":\"EntryPoint\",\"urlTemplate\":\"https:\/\/welovecinema.be\/nl\/?s={search_term_string}\"},\"query-input\":\"required name=search_term_string\"}],\"inLanguage\":\"nl-NL\"},{\"@type\":\"Organization\",\"@id\":\"https:\/\/welovecinema.be\/nl\/#organization\",\"name\":\"We Love Cinema\",\"url\":\"https:\/\/welovecinema.be\/nl\/\",\"logo\":{\"@type\":\"ImageObject\",\"inLanguage\":\"nl-NL\",\"@id\":\"https:\/\/welovecinema.be\/nl\/#\/schema\/logo\/image\/\",\"url\":\"https:\/\/welovecinema.be\/wp-content\/uploads\/sites\/2\/2023\/03\/Logo-We-Love-Cinema305x128.jpg\",\"contentUrl\":\"https:\/\/welovecinema.be\/wp-content\/uploads\/sites\/2\/2023\/03\/Logo-We-Love-Cinema305x128.jpg\",\"width\":305,\"height\":128,\"caption\":\"We Love Cinema\"},\"image\":{\"@id\":\"https:\/\/welovecinema.be\/nl\/#\/schema\/logo\/image\/\"},\"sameAs\":[\"https:\/\/www.facebook.com\/welovecinema.be\",\"https:\/\/www.youtube.com\/channel\/UCX5LYGVhnKvYauW4Nta4HJA\",\"https:\/\/www.instagram.com\/welovecinema.be\/\"]},{\"@type\":\"Person\",\"@id\":\"https:\/\/welovecinema.be\/nl\/#\/schema\/person\/9a9270eec1274600ec8c420b80d00480\",\"name\":\"Seppe van Groeningen\",\"url\":\"https:\/\/welovecinema.be\/nl\/author\/seppe\/\"}]}<\/script>\n<!-- \/ Yoast SEO plugin. -->","yoast_head_json":{"title":"Casting: Jeroen Perceval zoekt jong talent! - We Love Cinema","robots":{"index":"index","follow":"follow","max-snippet":"max-snippet:-1","max-image-preview":"max-image-preview:large","max-video-preview":"max-video-preview:-1"},"canonical":"https:\/\/welovecinema.be\/nl\/casting-jeroen-perceval-zoekt-jong-talent\/","og_locale":"nl_NL","og_type":"article","og_title":"Casting: Jeroen Perceval zoekt jong talent! - We Love Cinema","og_description":"Voor zijn langspeelfilm\u00a0Dreambaby\u00a0met Ben Segers in de hoofdrol, zoekt Jeroen Perceval jong Antwerps talent tussen 11 &amp; 15 jaar oud, voor \u00e9\u00e9n van de hoofdrollen. Ervaring is niet vereist, wel een Antwerpse tongval. Ben je ge\u00efnteresseerd of ken je iemand die geschikt is? Stuur dan een email met je naam, telefoonnummer en enkele recente foto&#8217;s &hellip;","og_url":"https:\/\/welovecinema.be\/nl\/casting-jeroen-perceval-zoekt-jong-talent\/","og_site_name":"We Love Cinema","article_publisher":"https:\/\/www.facebook.com\/welovecinema.be","article_published_time":"2019-10-24T10:30:17+00:00","article_modified_time":"2019-10-28T08:27:50+00:00","og_image":[{"width":490,"height":305,"url":"https:\/\/welovecinema.be\/wp-content\/uploads\/sites\/2\/2019\/10\/Screen-Shot-2019-10-24-at-12.21.49.jpg","type":"image\/jpeg"}],"author":"Seppe van Groeningen","twitter_card":"summary_large_image","twitter_misc":{"Geschreven door":"Seppe van Groeningen"},"schema":{"@context":"https:\/\/schema.org","@graph":[{"@type":"Article","@id":"https:\/\/welovecinema.be\/nl\/casting-jeroen-perceval-zoekt-jong-talent\/#article","isPartOf":{"@id":"https:\/\/welovecinema.be\/nl\/casting-jeroen-perceval-zoekt-jong-talent\/"},"author":{"name":"Seppe van Groeningen","@id":"https:\/\/welovecinema.be\/nl\/#\/schema\/person\/9a9270eec1274600ec8c420b80d00480"},"headline":"Casting: Jeroen Perceval zoekt jong talent!","datePublished":"2019-10-24T10:30:17+00:00","dateModified":"2019-10-28T08:27:50+00:00","mainEntityOfPage":{"@id":"https:\/\/welovecinema.be\/nl\/casting-jeroen-perceval-zoekt-jong-talent\/"},"wordCount":67,"publisher":{"@id":"https:\/\/welovecinema.be\/nl\/#organization"},"keywords":["Ben Segers","casting","Dreambaby","Jeroen Perceval","newsletter"],"articleSection":["Cinejobs"],"inLanguage":"nl-NL"},{"@type":"WebPage","@id":"https:\/\/welovecinema.be\/nl\/casting-jeroen-perceval-zoekt-jong-talent\/","url":"https:\/\/welovecinema.be\/nl\/casting-jeroen-perceval-zoekt-jong-talent\/","name":"Casting: Jeroen Perceval zoekt jong talent! - We Love Cinema","isPartOf":{"@id":"https:\/\/welovecinema.be\/nl\/#website"},"datePublished":"2019-10-24T10:30:17+00:00","dateModified":"2019-10-28T08:27:50+00:00","breadcrumb":{"@id":"https:\/\/welovecinema.be\/nl\/casting-jeroen-perceval-zoekt-jong-talent\/#breadcrumb"},"inLanguage":"nl-NL","potentialAction":[{"@type":"ReadAction","target":["https:\/\/welovecinema.be\/nl\/casting-jeroen-perceval-zoekt-jong-talent\/"]}]},{"@type":"BreadcrumbList","@id":"https:\/\/welovecinema.be\/nl\/casting-jeroen-perceval-zoekt-jong-talent\/#breadcrumb","itemListElement":[{"@type":"ListItem","position":1,"name":"Accueil","item":"https:\/\/welovecinema.be\/nl\/"},{"@type":"ListItem","position":2,"name":"Casting: Jeroen Perceval zoekt jong talent!"}]},{"@type":"WebSite","@id":"https:\/\/welovecinema.be\/nl\/#website","url":"https:\/\/welovecinema.be\/nl\/","name":"We Love Cinema","description":"Toute l\u2019information du cin\u00e9ma en Belgique","publisher":{"@id":"https:\/\/welovecinema.be\/nl\/#organization"},"potentialAction":[{"@type":"SearchAction","target":{"@type":"EntryPoint","urlTemplate":"https:\/\/welovecinema.be\/nl\/?s={search_term_string}"},"query-input":"required name=search_term_string"}],"inLanguage":"nl-NL"},{"@type":"Organization","@id":"https:\/\/welovecinema.be\/nl\/#organization","name":"We Love Cinema","url":"https:\/\/welovecinema.be\/nl\/","logo":{"@type":"ImageObject","inLanguage":"nl-NL","@id":"https:\/\/welovecinema.be\/nl\/#\/schema\/logo\/image\/","url":"https:\/\/welovecinema.be\/wp-content\/uploads\/sites\/2\/2023\/03\/Logo-We-Love-Cinema305x128.jpg","contentUrl":"https:\/\/welovecinema.be\/wp-content\/uploads\/sites\/2\/2023\/03\/Logo-We-Love-Cinema305x128.jpg","width":305,"height":128,"caption":"We Love Cinema"},"image":{"@id":"https:\/\/welovecinema.be\/nl\/#\/schema\/logo\/image\/"},"sameAs":["https:\/\/www.facebook.com\/welovecinema.be","https:\/\/www.youtube.com\/channel\/UCX5LYGVhnKvYauW4Nta4HJA","https:\/\/www.instagram.com\/welovecinema.be\/"]},{"@type":"Person","@id":"https:\/\/welovecinema.be\/nl\/#\/schema\/person\/9a9270eec1274600ec8c420b80d00480","name":"Seppe van Groeningen","url":"https:\/\/welovecinema.be\/nl\/author\/seppe\/"}]}},"_links":{"self":[{"href":"https:\/\/welovecinema.be\/nl\/wp-json\/wp\/v2\/posts\/224397","targetHints":{"allow":["GET"]}}],"collection":[{"href":"https:\/\/welovecinema.be\/nl\/wp-json\/wp\/v2\/posts"}],"about":[{"href":"https:\/\/welovecinema.be\/nl\/wp-json\/wp\/v2\/types\/post"}],"author":[{"embeddable":true,"href":"https:\/\/welovecinema.be\/nl\/wp-json\/wp\/v2\/users\/349"}],"replies":[{"embeddable":true,"href":"https:\/\/welovecinema.be\/nl\/wp-json\/wp\/v2\/comments?post=224397"}],"version-history":[{"count":0,"href":"https:\/\/welovecinema.be\/nl\/wp-json\/wp\/v2\/posts\/224397\/revisions"}],"wp:featuredmedia":[{"embeddable":true,"href":"https:\/\/welovecinema.be\/nl\/wp-json\/wp\/v2\/media\/224398"}],"wp:attachment":[{"href":"https:\/\/welovecinema.be\/nl\/wp-json\/wp\/v2\/media?parent=224397"}],"wp:term":[{"taxonomy":"category","embeddable":true,"href":"https:\/\/welovecinema.be\/nl\/wp-json\/wp\/v2\/categories?post=224397"},{"taxonomy":"post_tag","embeddable":true,"href":"https:\/\/welovecinema.be\/nl\/wp-json\/wp\/v2\/tags?post=224397"}],"curies":[{"name":"wp","href":"https:\/\/api.w.org\/{rel}","templated":true}]}}