{"id":224357,"date":"2019-10-22T16:57:40","date_gmt":"2019-10-22T14:57:40","guid":{"rendered":"https:\/\/www.cinevox.be\/?p=224357"},"modified":"2019-10-22T16:57:40","modified_gmt":"2019-10-22T14:57:40","slug":"vanaf-morgen-13de-editie-filemon-het-internationaal-filmfestival-voor-jong-publiek","status":"publish","type":"post","link":"https:\/\/welovecinema.be\/nl\/vanaf-morgen-13de-editie-filemon-het-internationaal-filmfestival-voor-jong-publiek\/","title":{"rendered":"Vanaf morgen 13de editie Filem&#8217;On: het Internationaal filmfestival voor jong publiek!"},"content":{"rendered":"<p><strong>Van 23 oktober tot en met 2 november 2019 nodigt Filem\u2019On kinderen en jongeren uit op een uniek cinematografisch avontuur: het Internationaal Filmfestival voor Jong Publiek in Brussel. Filem&#8217;On is meteen het grootste filmfestival van Belgi\u00eb dat zich specifiek richt tot een publiek van 2 tot 16 jaar! Met een verbluffende programmatie v\u00f3\u00f3r en tijdens de herfstvakantie wil Filem&#8217;On zoveel mogelijk kinderen en jongeren de kans geven om een film mee te pikken.<\/strong><\/p>\n<p>Tijdens deze 13de editie mag Filem&#8217;On met veel trots onder meer de volgende avant-premi\u00e8res verwelkomen, films die vanaf het najaar te zien zullen zijn in de zalen en die meedingen naar de Filmmagie-UFK-UCC persprijs:<\/p>\n<ul>\n<li><em>Mijn bijzonder rare week met Tess<\/em> (Steven Wouterlood<\/li>\n<li><em>Kapsalon Romy<\/em> (Mischa Kamp)<\/li>\n<li><em>Fritzi, a revolutionary tale<\/em> (Matthias Bruhn en Ralf Kukula)<\/li>\n<li><em>Stupid Young Heart<\/em> (Selma Vilhunen)<\/li>\n<li><em>Une colonie<\/em> (Genevi\u00e8ve Dulude-De Celles)<\/li>\n<\/ul>\n<p>Het filmfestival trapt officieel af met een cin\u00e9concert in Bozar op woensdag 23 oktober om 15u. Tijdens deze opening krijgt de rode draad &#8216;uitvindingen&#8217; volop aandacht: animatiefilmpjes waarin de knotsgekke idee\u00ebn plots tot leven komen, live begeleid door muzikanten van topformaat en door de kinderen!<\/p>\n<p>Het volledige programma met data en locaties vind je <a href=\"http:\/\/www.filemon.be\">hier<\/a>.<\/p>\n","protected":false},"excerpt":{"rendered":"<p>Van 23 oktober tot en met 2 november 2019 nodigt Filem\u2019On kinderen en jongeren uit op een uniek cinematografisch avontuur: het Internationaal Filmfestival voor Jong Publiek in Brussel. Filem&#8217;On is meteen het grootste filmfestival van Belgi\u00eb dat zich specifiek richt tot een publiek van 2 tot 16 jaar! Met een verbluffende programmatie v\u00f3\u00f3r en tijdens &hellip;<\/p>\n","protected":false},"author":349,"featured_media":224358,"comment_status":"closed","ping_status":"closed","sticky":false,"template":"","format":"standard","meta":{"ngg_post_thumbnail":0,"footnotes":""},"categories":[1069,30],"tags":[4462],"class_list":["post-224357","post","type-post","status-publish","format-standard","has-post-thumbnail","","category-festivals-nl","category-nieuws","tag-filemon"],"yoast_head":"<!-- This site is optimized with the Yoast SEO plugin v20.4 - https:\/\/yoast.com\/wordpress\/plugins\/seo\/ -->\n<title>Vanaf morgen 13de editie Filem&#039;On: het Internationaal filmfestival voor jong publiek! - We Love Cinema<\/title>\n<meta name=\"robots\" content=\"index, follow, max-snippet:-1, max-image-preview:large, max-video-preview:-1\" \/>\n<link rel=\"canonical\" href=\"https:\/\/welovecinema.be\/nl\/vanaf-morgen-13de-editie-filemon-het-internationaal-filmfestival-voor-jong-publiek\/\" \/>\n<meta property=\"og:locale\" content=\"nl_NL\" \/>\n<meta property=\"og:type\" content=\"article\" \/>\n<meta property=\"og:title\" content=\"Vanaf morgen 13de editie Filem&#039;On: het Internationaal filmfestival voor jong publiek! - We Love Cinema\" \/>\n<meta property=\"og:description\" content=\"Van 23 oktober tot en met 2 november 2019 nodigt Filem\u2019On kinderen en jongeren uit op een uniek cinematografisch avontuur: het Internationaal Filmfestival voor Jong Publiek in Brussel. Filem&#8217;On is meteen het grootste filmfestival van Belgi\u00eb dat zich specifiek richt tot een publiek van 2 tot 16 jaar! Met een verbluffende programmatie v\u00f3\u00f3r en tijdens &hellip;\" \/>\n<meta property=\"og:url\" content=\"https:\/\/welovecinema.be\/nl\/vanaf-morgen-13de-editie-filemon-het-internationaal-filmfestival-voor-jong-publiek\/\" \/>\n<meta property=\"og:site_name\" content=\"We Love Cinema\" \/>\n<meta property=\"article:publisher\" content=\"https:\/\/www.facebook.com\/welovecinema.be\" \/>\n<meta property=\"article:published_time\" content=\"2019-10-22T14:57:40+00:00\" \/>\n<meta property=\"og:image\" content=\"https:\/\/welovecinema.be\/wp-content\/uploads\/sites\/2\/2019\/10\/Screen-Shot-2019-10-22-at-16.47.48.jpg\" \/>\n\t<meta property=\"og:image:width\" content=\"599\" \/>\n\t<meta property=\"og:image:height\" content=\"522\" \/>\n\t<meta property=\"og:image:type\" content=\"image\/jpeg\" \/>\n<meta name=\"author\" content=\"Seppe van Groeningen\" \/>\n<meta name=\"twitter:card\" content=\"summary_large_image\" \/>\n<meta name=\"twitter:label1\" content=\"Geschreven door\" \/>\n\t<meta name=\"twitter:data1\" content=\"Seppe van Groeningen\" \/>\n\t<meta name=\"twitter:label2\" content=\"Geschatte leestijd\" \/>\n\t<meta name=\"twitter:data2\" content=\"1 minuut\" \/>\n<script type=\"application\/ld+json\" class=\"yoast-schema-graph\">{\"@context\":\"https:\/\/schema.org\",\"@graph\":[{\"@type\":\"Article\",\"@id\":\"https:\/\/welovecinema.be\/nl\/vanaf-morgen-13de-editie-filemon-het-internationaal-filmfestival-voor-jong-publiek\/#article\",\"isPartOf\":{\"@id\":\"https:\/\/welovecinema.be\/nl\/vanaf-morgen-13de-editie-filemon-het-internationaal-filmfestival-voor-jong-publiek\/\"},\"author\":{\"name\":\"Seppe van Groeningen\",\"@id\":\"https:\/\/welovecinema.be\/nl\/#\/schema\/person\/9a9270eec1274600ec8c420b80d00480\"},\"headline\":\"Vanaf morgen 13de editie Filem&#8217;On: het Internationaal filmfestival voor jong publiek!\",\"datePublished\":\"2019-10-22T14:57:40+00:00\",\"dateModified\":\"2019-10-22T14:57:40+00:00\",\"mainEntityOfPage\":{\"@id\":\"https:\/\/welovecinema.be\/nl\/vanaf-morgen-13de-editie-filemon-het-internationaal-filmfestival-voor-jong-publiek\/\"},\"wordCount\":208,\"publisher\":{\"@id\":\"https:\/\/welovecinema.be\/nl\/#organization\"},\"keywords\":[\"filem'on\"],\"articleSection\":[\"Festivals\",\"Nieuws\"],\"inLanguage\":\"nl-NL\"},{\"@type\":\"WebPage\",\"@id\":\"https:\/\/welovecinema.be\/nl\/vanaf-morgen-13de-editie-filemon-het-internationaal-filmfestival-voor-jong-publiek\/\",\"url\":\"https:\/\/welovecinema.be\/nl\/vanaf-morgen-13de-editie-filemon-het-internationaal-filmfestival-voor-jong-publiek\/\",\"name\":\"Vanaf morgen 13de editie Filem'On: het Internationaal filmfestival voor jong publiek! - We Love Cinema\",\"isPartOf\":{\"@id\":\"https:\/\/welovecinema.be\/nl\/#website\"},\"datePublished\":\"2019-10-22T14:57:40+00:00\",\"dateModified\":\"2019-10-22T14:57:40+00:00\",\"breadcrumb\":{\"@id\":\"https:\/\/welovecinema.be\/nl\/vanaf-morgen-13de-editie-filemon-het-internationaal-filmfestival-voor-jong-publiek\/#breadcrumb\"},\"inLanguage\":\"nl-NL\",\"potentialAction\":[{\"@type\":\"ReadAction\",\"target\":[\"https:\/\/welovecinema.be\/nl\/vanaf-morgen-13de-editie-filemon-het-internationaal-filmfestival-voor-jong-publiek\/\"]}]},{\"@type\":\"BreadcrumbList\",\"@id\":\"https:\/\/welovecinema.be\/nl\/vanaf-morgen-13de-editie-filemon-het-internationaal-filmfestival-voor-jong-publiek\/#breadcrumb\",\"itemListElement\":[{\"@type\":\"ListItem\",\"position\":1,\"name\":\"Accueil\",\"item\":\"https:\/\/welovecinema.be\/nl\/\"},{\"@type\":\"ListItem\",\"position\":2,\"name\":\"Vanaf morgen 13de editie Filem&#8217;On: het Internationaal filmfestival voor jong publiek!\"}]},{\"@type\":\"WebSite\",\"@id\":\"https:\/\/welovecinema.be\/nl\/#website\",\"url\":\"https:\/\/welovecinema.be\/nl\/\",\"name\":\"We Love Cinema\",\"description\":\"Toute l\u2019information du cin\u00e9ma en Belgique\",\"publisher\":{\"@id\":\"https:\/\/welovecinema.be\/nl\/#organization\"},\"potentialAction\":[{\"@type\":\"SearchAction\",\"target\":{\"@type\":\"EntryPoint\",\"urlTemplate\":\"https:\/\/welovecinema.be\/nl\/?s={search_term_string}\"},\"query-input\":\"required name=search_term_string\"}],\"inLanguage\":\"nl-NL\"},{\"@type\":\"Organization\",\"@id\":\"https:\/\/welovecinema.be\/nl\/#organization\",\"name\":\"We Love Cinema\",\"url\":\"https:\/\/welovecinema.be\/nl\/\",\"logo\":{\"@type\":\"ImageObject\",\"inLanguage\":\"nl-NL\",\"@id\":\"https:\/\/welovecinema.be\/nl\/#\/schema\/logo\/image\/\",\"url\":\"https:\/\/welovecinema.be\/wp-content\/uploads\/sites\/2\/2023\/03\/Logo-We-Love-Cinema305x128.jpg\",\"contentUrl\":\"https:\/\/welovecinema.be\/wp-content\/uploads\/sites\/2\/2023\/03\/Logo-We-Love-Cinema305x128.jpg\",\"width\":305,\"height\":128,\"caption\":\"We Love Cinema\"},\"image\":{\"@id\":\"https:\/\/welovecinema.be\/nl\/#\/schema\/logo\/image\/\"},\"sameAs\":[\"https:\/\/www.facebook.com\/welovecinema.be\",\"https:\/\/www.youtube.com\/channel\/UCX5LYGVhnKvYauW4Nta4HJA\",\"https:\/\/www.instagram.com\/welovecinema.be\/\"]},{\"@type\":\"Person\",\"@id\":\"https:\/\/welovecinema.be\/nl\/#\/schema\/person\/9a9270eec1274600ec8c420b80d00480\",\"name\":\"Seppe van Groeningen\",\"url\":\"https:\/\/welovecinema.be\/nl\/author\/seppe\/\"}]}<\/script>\n<!-- \/ Yoast SEO plugin. -->","yoast_head_json":{"title":"Vanaf morgen 13de editie Filem'On: het Internationaal filmfestival voor jong publiek! - We Love Cinema","robots":{"index":"index","follow":"follow","max-snippet":"max-snippet:-1","max-image-preview":"max-image-preview:large","max-video-preview":"max-video-preview:-1"},"canonical":"https:\/\/welovecinema.be\/nl\/vanaf-morgen-13de-editie-filemon-het-internationaal-filmfestival-voor-jong-publiek\/","og_locale":"nl_NL","og_type":"article","og_title":"Vanaf morgen 13de editie Filem'On: het Internationaal filmfestival voor jong publiek! - We Love Cinema","og_description":"Van 23 oktober tot en met 2 november 2019 nodigt Filem\u2019On kinderen en jongeren uit op een uniek cinematografisch avontuur: het Internationaal Filmfestival voor Jong Publiek in Brussel. Filem&#8217;On is meteen het grootste filmfestival van Belgi\u00eb dat zich specifiek richt tot een publiek van 2 tot 16 jaar! Met een verbluffende programmatie v\u00f3\u00f3r en tijdens &hellip;","og_url":"https:\/\/welovecinema.be\/nl\/vanaf-morgen-13de-editie-filemon-het-internationaal-filmfestival-voor-jong-publiek\/","og_site_name":"We Love Cinema","article_publisher":"https:\/\/www.facebook.com\/welovecinema.be","article_published_time":"2019-10-22T14:57:40+00:00","og_image":[{"width":599,"height":522,"url":"https:\/\/welovecinema.be\/wp-content\/uploads\/sites\/2\/2019\/10\/Screen-Shot-2019-10-22-at-16.47.48.jpg","type":"image\/jpeg"}],"author":"Seppe van Groeningen","twitter_card":"summary_large_image","twitter_misc":{"Geschreven door":"Seppe van Groeningen","Geschatte leestijd":"1 minuut"},"schema":{"@context":"https:\/\/schema.org","@graph":[{"@type":"Article","@id":"https:\/\/welovecinema.be\/nl\/vanaf-morgen-13de-editie-filemon-het-internationaal-filmfestival-voor-jong-publiek\/#article","isPartOf":{"@id":"https:\/\/welovecinema.be\/nl\/vanaf-morgen-13de-editie-filemon-het-internationaal-filmfestival-voor-jong-publiek\/"},"author":{"name":"Seppe van Groeningen","@id":"https:\/\/welovecinema.be\/nl\/#\/schema\/person\/9a9270eec1274600ec8c420b80d00480"},"headline":"Vanaf morgen 13de editie Filem&#8217;On: het Internationaal filmfestival voor jong publiek!","datePublished":"2019-10-22T14:57:40+00:00","dateModified":"2019-10-22T14:57:40+00:00","mainEntityOfPage":{"@id":"https:\/\/welovecinema.be\/nl\/vanaf-morgen-13de-editie-filemon-het-internationaal-filmfestival-voor-jong-publiek\/"},"wordCount":208,"publisher":{"@id":"https:\/\/welovecinema.be\/nl\/#organization"},"keywords":["filem'on"],"articleSection":["Festivals","Nieuws"],"inLanguage":"nl-NL"},{"@type":"WebPage","@id":"https:\/\/welovecinema.be\/nl\/vanaf-morgen-13de-editie-filemon-het-internationaal-filmfestival-voor-jong-publiek\/","url":"https:\/\/welovecinema.be\/nl\/vanaf-morgen-13de-editie-filemon-het-internationaal-filmfestival-voor-jong-publiek\/","name":"Vanaf morgen 13de editie Filem'On: het Internationaal filmfestival voor jong publiek! - We Love Cinema","isPartOf":{"@id":"https:\/\/welovecinema.be\/nl\/#website"},"datePublished":"2019-10-22T14:57:40+00:00","dateModified":"2019-10-22T14:57:40+00:00","breadcrumb":{"@id":"https:\/\/welovecinema.be\/nl\/vanaf-morgen-13de-editie-filemon-het-internationaal-filmfestival-voor-jong-publiek\/#breadcrumb"},"inLanguage":"nl-NL","potentialAction":[{"@type":"ReadAction","target":["https:\/\/welovecinema.be\/nl\/vanaf-morgen-13de-editie-filemon-het-internationaal-filmfestival-voor-jong-publiek\/"]}]},{"@type":"BreadcrumbList","@id":"https:\/\/welovecinema.be\/nl\/vanaf-morgen-13de-editie-filemon-het-internationaal-filmfestival-voor-jong-publiek\/#breadcrumb","itemListElement":[{"@type":"ListItem","position":1,"name":"Accueil","item":"https:\/\/welovecinema.be\/nl\/"},{"@type":"ListItem","position":2,"name":"Vanaf morgen 13de editie Filem&#8217;On: het Internationaal filmfestival voor jong publiek!"}]},{"@type":"WebSite","@id":"https:\/\/welovecinema.be\/nl\/#website","url":"https:\/\/welovecinema.be\/nl\/","name":"We Love Cinema","description":"Toute l\u2019information du cin\u00e9ma en Belgique","publisher":{"@id":"https:\/\/welovecinema.be\/nl\/#organization"},"potentialAction":[{"@type":"SearchAction","target":{"@type":"EntryPoint","urlTemplate":"https:\/\/welovecinema.be\/nl\/?s={search_term_string}"},"query-input":"required name=search_term_string"}],"inLanguage":"nl-NL"},{"@type":"Organization","@id":"https:\/\/welovecinema.be\/nl\/#organization","name":"We Love Cinema","url":"https:\/\/welovecinema.be\/nl\/","logo":{"@type":"ImageObject","inLanguage":"nl-NL","@id":"https:\/\/welovecinema.be\/nl\/#\/schema\/logo\/image\/","url":"https:\/\/welovecinema.be\/wp-content\/uploads\/sites\/2\/2023\/03\/Logo-We-Love-Cinema305x128.jpg","contentUrl":"https:\/\/welovecinema.be\/wp-content\/uploads\/sites\/2\/2023\/03\/Logo-We-Love-Cinema305x128.jpg","width":305,"height":128,"caption":"We Love Cinema"},"image":{"@id":"https:\/\/welovecinema.be\/nl\/#\/schema\/logo\/image\/"},"sameAs":["https:\/\/www.facebook.com\/welovecinema.be","https:\/\/www.youtube.com\/channel\/UCX5LYGVhnKvYauW4Nta4HJA","https:\/\/www.instagram.com\/welovecinema.be\/"]},{"@type":"Person","@id":"https:\/\/welovecinema.be\/nl\/#\/schema\/person\/9a9270eec1274600ec8c420b80d00480","name":"Seppe van Groeningen","url":"https:\/\/welovecinema.be\/nl\/author\/seppe\/"}]}},"_links":{"self":[{"href":"https:\/\/welovecinema.be\/nl\/wp-json\/wp\/v2\/posts\/224357","targetHints":{"allow":["GET"]}}],"collection":[{"href":"https:\/\/welovecinema.be\/nl\/wp-json\/wp\/v2\/posts"}],"about":[{"href":"https:\/\/welovecinema.be\/nl\/wp-json\/wp\/v2\/types\/post"}],"author":[{"embeddable":true,"href":"https:\/\/welovecinema.be\/nl\/wp-json\/wp\/v2\/users\/349"}],"replies":[{"embeddable":true,"href":"https:\/\/welovecinema.be\/nl\/wp-json\/wp\/v2\/comments?post=224357"}],"version-history":[{"count":0,"href":"https:\/\/welovecinema.be\/nl\/wp-json\/wp\/v2\/posts\/224357\/revisions"}],"wp:featuredmedia":[{"embeddable":true,"href":"https:\/\/welovecinema.be\/nl\/wp-json\/wp\/v2\/media\/224358"}],"wp:attachment":[{"href":"https:\/\/welovecinema.be\/nl\/wp-json\/wp\/v2\/media?parent=224357"}],"wp:term":[{"taxonomy":"category","embeddable":true,"href":"https:\/\/welovecinema.be\/nl\/wp-json\/wp\/v2\/categories?post=224357"},{"taxonomy":"post_tag","embeddable":true,"href":"https:\/\/welovecinema.be\/nl\/wp-json\/wp\/v2\/tags?post=224357"}],"curies":[{"name":"wp","href":"https:\/\/api.w.org\/{rel}","templated":true}]}}