{"id":224084,"date":"2019-10-15T10:33:01","date_gmt":"2019-10-15T08:33:01","guid":{"rendered":"https:\/\/www.cinevox.be\/?p=224084"},"modified":"2019-10-21T08:50:38","modified_gmt":"2019-10-21T06:50:38","slug":"speeddate-met-gilles-coulier","status":"publish","type":"post","link":"https:\/\/welovecinema.be\/nl\/speeddate-met-gilles-coulier\/","title":{"rendered":"Speeddate met&#8230; Gilles Coulier!"},"content":{"rendered":"<p>Na de succesvolle series\u00a0<em>Bevergem\u00a0<\/em>en\u00a0<em>De Dag\u00a0<\/em>en de langspeelfilm\u00a0<em>Cargo\u00a0<\/em>is Gilles Coulier als regisseur bij ons al lang geen onbekende meer. Maar het is zijn eerder gedraaide kortfilm\u00a0<em>Mont Blanc<\/em>, waarmee hij veel prijzen won en op het prestigieuze festival in Cannes een nominatie in de wacht sleepte,\u00a0die de producenten van\u00a0<em>War of the Worlds<\/em>\u00a0in het oog sprong en ervan overtuigde dat Gilles Coulier en niemand anders de geknipte man was om als &#8216;lead director&#8217; de toon en de sfeer van hun nieuwe science fiction-reeks te bepalen. De eerste twee afleveringen werden gisterenavond in avant-premi\u00e8re op het Filmfest Gent aan het publiek vertoond. Tussen de internationale cast, met klinkende namen als Gabriel Byrne, Elizabeth McGovern, Adel Bencherif, L\u00e9a Drucker, wisten we toch \u00e9\u00e9n Vlaamse acteur te spotten: Pieter Genard. Ook op dit groots opgezette buitenlandse project bracht Gilles Coulier zijn trouwe kompaan en cameraman David Williamson met zich mee.<\/p>\n<div id='gallery-1' class='gallery galleryid-224084 gallery-columns-4 gallery-size-thumbnail'><figure class='gallery-item'>\n\t\t\t<div class='gallery-icon landscape'>\n\t\t\t\t<a href='https:\/\/welovecinema.be\/wp-content\/uploads\/sites\/2\/2019\/10\/DSC5898.jpg'><img loading=\"lazy\" decoding=\"async\" width=\"200\" height=\"113\" src=\"https:\/\/welovecinema.be\/wp-content\/uploads\/sites\/2\/2019\/10\/DSC5898-200x113.jpg\" class=\"attachment-thumbnail size-thumbnail\" alt=\"\" srcset=\"https:\/\/welovecinema.be\/wp-content\/uploads\/sites\/2\/2019\/10\/DSC5898-200x113.jpg 200w, https:\/\/welovecinema.be\/wp-content\/uploads\/sites\/2\/2019\/10\/DSC5898-599x337.jpg 599w\" sizes=\"auto, (max-width: 200px) 100vw, 200px\" \/><\/a>\n\t\t\t<\/div><\/figure><figure class='gallery-item'>\n\t\t\t<div class='gallery-icon landscape'>\n\t\t\t\t<a href='https:\/\/welovecinema.be\/wp-content\/uploads\/sites\/2\/2019\/10\/DSC5902.jpg'><img loading=\"lazy\" decoding=\"async\" width=\"200\" height=\"113\" src=\"https:\/\/welovecinema.be\/wp-content\/uploads\/sites\/2\/2019\/10\/DSC5902-200x113.jpg\" class=\"attachment-thumbnail size-thumbnail\" alt=\"\" srcset=\"https:\/\/welovecinema.be\/wp-content\/uploads\/sites\/2\/2019\/10\/DSC5902-200x113.jpg 200w, https:\/\/welovecinema.be\/wp-content\/uploads\/sites\/2\/2019\/10\/DSC5902-599x337.jpg 599w\" sizes=\"auto, (max-width: 200px) 100vw, 200px\" \/><\/a>\n\t\t\t<\/div><\/figure><figure class='gallery-item'>\n\t\t\t<div class='gallery-icon landscape'>\n\t\t\t\t<a href='https:\/\/welovecinema.be\/wp-content\/uploads\/sites\/2\/2019\/10\/DSC5896.jpg'><img loading=\"lazy\" decoding=\"async\" width=\"200\" height=\"113\" src=\"https:\/\/welovecinema.be\/wp-content\/uploads\/sites\/2\/2019\/10\/DSC5896-200x113.jpg\" class=\"attachment-thumbnail size-thumbnail\" alt=\"\" srcset=\"https:\/\/welovecinema.be\/wp-content\/uploads\/sites\/2\/2019\/10\/DSC5896-200x113.jpg 200w, https:\/\/welovecinema.be\/wp-content\/uploads\/sites\/2\/2019\/10\/DSC5896-599x337.jpg 599w\" sizes=\"auto, (max-width: 200px) 100vw, 200px\" \/><\/a>\n\t\t\t<\/div><\/figure><figure class='gallery-item'>\n\t\t\t<div class='gallery-icon landscape'>\n\t\t\t\t<a href='https:\/\/welovecinema.be\/wp-content\/uploads\/sites\/2\/2019\/10\/DSC5905.jpg'><img loading=\"lazy\" decoding=\"async\" width=\"200\" height=\"113\" src=\"https:\/\/welovecinema.be\/wp-content\/uploads\/sites\/2\/2019\/10\/DSC5905-200x113.jpg\" class=\"attachment-thumbnail size-thumbnail\" alt=\"\" srcset=\"https:\/\/welovecinema.be\/wp-content\/uploads\/sites\/2\/2019\/10\/DSC5905-200x113.jpg 200w, https:\/\/welovecinema.be\/wp-content\/uploads\/sites\/2\/2019\/10\/DSC5905-599x337.jpg 599w\" sizes=\"auto, (max-width: 200px) 100vw, 200px\" \/><\/a>\n\t\t\t<\/div><\/figure><figure class='gallery-item'>\n\t\t\t<div class='gallery-icon landscape'>\n\t\t\t\t<a href='https:\/\/welovecinema.be\/wp-content\/uploads\/sites\/2\/2019\/10\/DSC5909.jpg'><img loading=\"lazy\" decoding=\"async\" width=\"200\" height=\"113\" src=\"https:\/\/welovecinema.be\/wp-content\/uploads\/sites\/2\/2019\/10\/DSC5909-200x113.jpg\" class=\"attachment-thumbnail size-thumbnail\" alt=\"\" srcset=\"https:\/\/welovecinema.be\/wp-content\/uploads\/sites\/2\/2019\/10\/DSC5909-200x113.jpg 200w, https:\/\/welovecinema.be\/wp-content\/uploads\/sites\/2\/2019\/10\/DSC5909-599x337.jpg 599w\" sizes=\"auto, (max-width: 200px) 100vw, 200px\" \/><\/a>\n\t\t\t<\/div><\/figure><figure class='gallery-item'>\n\t\t\t<div class='gallery-icon landscape'>\n\t\t\t\t<a href='https:\/\/welovecinema.be\/wp-content\/uploads\/sites\/2\/2019\/10\/DSC5910.jpg'><img loading=\"lazy\" decoding=\"async\" width=\"200\" height=\"113\" src=\"https:\/\/welovecinema.be\/wp-content\/uploads\/sites\/2\/2019\/10\/DSC5910-200x113.jpg\" class=\"attachment-thumbnail size-thumbnail\" alt=\"\" srcset=\"https:\/\/welovecinema.be\/wp-content\/uploads\/sites\/2\/2019\/10\/DSC5910-200x113.jpg 200w, https:\/\/welovecinema.be\/wp-content\/uploads\/sites\/2\/2019\/10\/DSC5910-599x337.jpg 599w\" sizes=\"auto, (max-width: 200px) 100vw, 200px\" \/><\/a>\n\t\t\t<\/div><\/figure><figure class='gallery-item'>\n\t\t\t<div class='gallery-icon landscape'>\n\t\t\t\t<a href='https:\/\/welovecinema.be\/wp-content\/uploads\/sites\/2\/2019\/10\/DSC5912.jpg'><img loading=\"lazy\" decoding=\"async\" width=\"200\" height=\"113\" src=\"https:\/\/welovecinema.be\/wp-content\/uploads\/sites\/2\/2019\/10\/DSC5912-200x113.jpg\" class=\"attachment-thumbnail size-thumbnail\" alt=\"\" srcset=\"https:\/\/welovecinema.be\/wp-content\/uploads\/sites\/2\/2019\/10\/DSC5912-200x113.jpg 200w, https:\/\/welovecinema.be\/wp-content\/uploads\/sites\/2\/2019\/10\/DSC5912-599x337.jpg 599w\" sizes=\"auto, (max-width: 200px) 100vw, 200px\" \/><\/a>\n\t\t\t<\/div><\/figure><figure class='gallery-item'>\n\t\t\t<div class='gallery-icon landscape'>\n\t\t\t\t<a href='https:\/\/welovecinema.be\/wp-content\/uploads\/sites\/2\/2019\/10\/DSC5917.jpg'><img loading=\"lazy\" decoding=\"async\" width=\"200\" height=\"113\" src=\"https:\/\/welovecinema.be\/wp-content\/uploads\/sites\/2\/2019\/10\/DSC5917-200x113.jpg\" class=\"attachment-thumbnail size-thumbnail\" alt=\"\" srcset=\"https:\/\/welovecinema.be\/wp-content\/uploads\/sites\/2\/2019\/10\/DSC5917-200x113.jpg 200w, https:\/\/welovecinema.be\/wp-content\/uploads\/sites\/2\/2019\/10\/DSC5917-599x337.jpg 599w\" sizes=\"auto, (max-width: 200px) 100vw, 200px\" \/><\/a>\n\t\t\t<\/div><\/figure><figure class='gallery-item'>\n\t\t\t<div class='gallery-icon landscape'>\n\t\t\t\t<a href='https:\/\/welovecinema.be\/wp-content\/uploads\/sites\/2\/2019\/10\/DSC5925.jpg'><img loading=\"lazy\" decoding=\"async\" width=\"200\" height=\"113\" src=\"https:\/\/welovecinema.be\/wp-content\/uploads\/sites\/2\/2019\/10\/DSC5925-200x113.jpg\" class=\"attachment-thumbnail size-thumbnail\" alt=\"\" srcset=\"https:\/\/welovecinema.be\/wp-content\/uploads\/sites\/2\/2019\/10\/DSC5925-200x113.jpg 200w, https:\/\/welovecinema.be\/wp-content\/uploads\/sites\/2\/2019\/10\/DSC5925-599x337.jpg 599w\" sizes=\"auto, (max-width: 200px) 100vw, 200px\" \/><\/a>\n\t\t\t<\/div><\/figure><figure class='gallery-item'>\n\t\t\t<div class='gallery-icon landscape'>\n\t\t\t\t<a href='https:\/\/welovecinema.be\/wp-content\/uploads\/sites\/2\/2019\/10\/DSC5895.jpg'><img loading=\"lazy\" decoding=\"async\" width=\"200\" height=\"113\" src=\"https:\/\/welovecinema.be\/wp-content\/uploads\/sites\/2\/2019\/10\/DSC5895-200x113.jpg\" class=\"attachment-thumbnail size-thumbnail\" alt=\"\" srcset=\"https:\/\/welovecinema.be\/wp-content\/uploads\/sites\/2\/2019\/10\/DSC5895-200x113.jpg 200w, https:\/\/welovecinema.be\/wp-content\/uploads\/sites\/2\/2019\/10\/DSC5895-599x337.jpg 599w\" sizes=\"auto, (max-width: 200px) 100vw, 200px\" \/><\/a>\n\t\t\t<\/div><\/figure><figure class='gallery-item'>\n\t\t\t<div class='gallery-icon landscape'>\n\t\t\t\t<a href='https:\/\/welovecinema.be\/wp-content\/uploads\/sites\/2\/2019\/10\/DSC5927.jpg'><img loading=\"lazy\" decoding=\"async\" width=\"200\" height=\"113\" src=\"https:\/\/welovecinema.be\/wp-content\/uploads\/sites\/2\/2019\/10\/DSC5927-200x113.jpg\" class=\"attachment-thumbnail size-thumbnail\" alt=\"\" srcset=\"https:\/\/welovecinema.be\/wp-content\/uploads\/sites\/2\/2019\/10\/DSC5927-200x113.jpg 200w, https:\/\/welovecinema.be\/wp-content\/uploads\/sites\/2\/2019\/10\/DSC5927-599x337.jpg 599w\" sizes=\"auto, (max-width: 200px) 100vw, 200px\" \/><\/a>\n\t\t\t<\/div><\/figure><figure class='gallery-item'>\n\t\t\t<div class='gallery-icon landscape'>\n\t\t\t\t<a href='https:\/\/welovecinema.be\/wp-content\/uploads\/sites\/2\/2019\/10\/DSC5930.jpg'><img loading=\"lazy\" decoding=\"async\" width=\"200\" height=\"113\" src=\"https:\/\/welovecinema.be\/wp-content\/uploads\/sites\/2\/2019\/10\/DSC5930-200x113.jpg\" class=\"attachment-thumbnail size-thumbnail\" alt=\"\" srcset=\"https:\/\/welovecinema.be\/wp-content\/uploads\/sites\/2\/2019\/10\/DSC5930-200x113.jpg 200w, https:\/\/welovecinema.be\/wp-content\/uploads\/sites\/2\/2019\/10\/DSC5930-599x337.jpg 599w\" sizes=\"auto, (max-width: 200px) 100vw, 200px\" \/><\/a>\n\t\t\t<\/div><\/figure><figure class='gallery-item'>\n\t\t\t<div class='gallery-icon landscape'>\n\t\t\t\t<a href='https:\/\/welovecinema.be\/wp-content\/uploads\/sites\/2\/2019\/10\/DSC5934.jpg'><img loading=\"lazy\" decoding=\"async\" width=\"200\" height=\"113\" src=\"https:\/\/welovecinema.be\/wp-content\/uploads\/sites\/2\/2019\/10\/DSC5934-200x113.jpg\" class=\"attachment-thumbnail size-thumbnail\" alt=\"\" srcset=\"https:\/\/welovecinema.be\/wp-content\/uploads\/sites\/2\/2019\/10\/DSC5934-200x113.jpg 200w, https:\/\/welovecinema.be\/wp-content\/uploads\/sites\/2\/2019\/10\/DSC5934-599x337.jpg 599w\" sizes=\"auto, (max-width: 200px) 100vw, 200px\" \/><\/a>\n\t\t\t<\/div><\/figure><figure class='gallery-item'>\n\t\t\t<div class='gallery-icon landscape'>\n\t\t\t\t<a href='https:\/\/welovecinema.be\/wp-content\/uploads\/sites\/2\/2019\/10\/DSC5937.jpg'><img loading=\"lazy\" decoding=\"async\" width=\"200\" height=\"113\" src=\"https:\/\/welovecinema.be\/wp-content\/uploads\/sites\/2\/2019\/10\/DSC5937-200x113.jpg\" class=\"attachment-thumbnail size-thumbnail\" alt=\"\" srcset=\"https:\/\/welovecinema.be\/wp-content\/uploads\/sites\/2\/2019\/10\/DSC5937-200x113.jpg 200w, https:\/\/welovecinema.be\/wp-content\/uploads\/sites\/2\/2019\/10\/DSC5937-599x337.jpg 599w\" sizes=\"auto, (max-width: 200px) 100vw, 200px\" \/><\/a>\n\t\t\t<\/div><\/figure><figure class='gallery-item'>\n\t\t\t<div class='gallery-icon landscape'>\n\t\t\t\t<a href='https:\/\/welovecinema.be\/wp-content\/uploads\/sites\/2\/2019\/10\/DSC5943.jpg'><img loading=\"lazy\" decoding=\"async\" width=\"200\" height=\"113\" src=\"https:\/\/welovecinema.be\/wp-content\/uploads\/sites\/2\/2019\/10\/DSC5943-200x113.jpg\" class=\"attachment-thumbnail size-thumbnail\" alt=\"\" srcset=\"https:\/\/welovecinema.be\/wp-content\/uploads\/sites\/2\/2019\/10\/DSC5943-200x113.jpg 200w, https:\/\/welovecinema.be\/wp-content\/uploads\/sites\/2\/2019\/10\/DSC5943-599x337.jpg 599w\" sizes=\"auto, (max-width: 200px) 100vw, 200px\" \/><\/a>\n\t\t\t<\/div><\/figure><figure class='gallery-item'>\n\t\t\t<div class='gallery-icon landscape'>\n\t\t\t\t<a href='https:\/\/welovecinema.be\/wp-content\/uploads\/sites\/2\/2019\/10\/DSC5949.jpg'><img loading=\"lazy\" decoding=\"async\" width=\"200\" height=\"113\" src=\"https:\/\/welovecinema.be\/wp-content\/uploads\/sites\/2\/2019\/10\/DSC5949-200x113.jpg\" class=\"attachment-thumbnail size-thumbnail\" alt=\"\" srcset=\"https:\/\/welovecinema.be\/wp-content\/uploads\/sites\/2\/2019\/10\/DSC5949-200x113.jpg 200w, https:\/\/welovecinema.be\/wp-content\/uploads\/sites\/2\/2019\/10\/DSC5949-599x337.jpg 599w\" sizes=\"auto, (max-width: 200px) 100vw, 200px\" \/><\/a>\n\t\t\t<\/div><\/figure>\n\t\t<\/div>\n\n","protected":false},"excerpt":{"rendered":"<p>Na de succesvolle series\u00a0Bevergem\u00a0en\u00a0De Dag\u00a0en de langspeelfilm\u00a0Cargo\u00a0is Gilles Coulier als regisseur bij ons al lang geen onbekende meer. Maar het is zijn eerder gedraaide kortfilm\u00a0Mont Blanc, waarmee hij veel prijzen won en op het prestigieuze festival in Cannes een nominatie in de wacht sleepte,\u00a0die de producenten van\u00a0War of the Worlds\u00a0in het oog sprong en ervan &hellip;<\/p>\n","protected":false},"author":349,"featured_media":224090,"comment_status":"closed","ping_status":"closed","sticky":false,"template":"","format":"standard","meta":{"ngg_post_thumbnail":0,"footnotes":""},"categories":[1069,30,4335],"tags":[4073,4068,4066,256,4071,4188,4651,4065],"class_list":["post-224084","post","type-post","status-publish","format-standard","has-post-thumbnail","","category-festivals-nl","category-nieuws","category-speeddate-met","tag-adel-bencherif","tag-elizabeth-mcgovern","tag-gabriel-byrne","tag-gilles-coulier","tag-lea-drucker","tag-newsletter-nl","tag-pieter-genard","tag-war-of-the-worlds"],"yoast_head":"<!-- This site is optimized with the Yoast SEO plugin v20.4 - https:\/\/yoast.com\/wordpress\/plugins\/seo\/ -->\n<title>Speeddate met... Gilles Coulier! - We Love Cinema<\/title>\n<meta name=\"robots\" content=\"index, follow, max-snippet:-1, max-image-preview:large, max-video-preview:-1\" \/>\n<link rel=\"canonical\" href=\"https:\/\/welovecinema.be\/nl\/speeddate-met-gilles-coulier\/\" \/>\n<meta property=\"og:locale\" content=\"nl_NL\" \/>\n<meta property=\"og:type\" content=\"article\" \/>\n<meta property=\"og:title\" content=\"Speeddate met... Gilles Coulier! - We Love Cinema\" \/>\n<meta property=\"og:description\" content=\"Na de succesvolle series\u00a0Bevergem\u00a0en\u00a0De Dag\u00a0en de langspeelfilm\u00a0Cargo\u00a0is Gilles Coulier als regisseur bij ons al lang geen onbekende meer. Maar het is zijn eerder gedraaide kortfilm\u00a0Mont Blanc, waarmee hij veel prijzen won en op het prestigieuze festival in Cannes een nominatie in de wacht sleepte,\u00a0die de producenten van\u00a0War of the Worlds\u00a0in het oog sprong en ervan &hellip;\" \/>\n<meta property=\"og:url\" content=\"https:\/\/welovecinema.be\/nl\/speeddate-met-gilles-coulier\/\" \/>\n<meta property=\"og:site_name\" content=\"We Love Cinema\" \/>\n<meta property=\"article:publisher\" content=\"https:\/\/www.facebook.com\/welovecinema.be\" \/>\n<meta property=\"article:published_time\" content=\"2019-10-15T08:33:01+00:00\" \/>\n<meta property=\"article:modified_time\" content=\"2019-10-21T06:50:38+00:00\" \/>\n<meta property=\"og:image\" content=\"https:\/\/welovecinema.be\/wp-content\/uploads\/sites\/2\/2019\/10\/Screen-Shot-2019-10-15-at-10.26.11.jpg\" \/>\n\t<meta property=\"og:image:width\" content=\"1650\" \/>\n\t<meta property=\"og:image:height\" content=\"1100\" \/>\n\t<meta property=\"og:image:type\" content=\"image\/jpeg\" \/>\n<meta name=\"author\" content=\"Seppe van Groeningen\" \/>\n<meta name=\"twitter:card\" content=\"summary_large_image\" \/>\n<meta name=\"twitter:label1\" content=\"Geschreven door\" \/>\n\t<meta name=\"twitter:data1\" content=\"Seppe van Groeningen\" \/>\n\t<meta name=\"twitter:label2\" content=\"Geschatte leestijd\" \/>\n\t<meta name=\"twitter:data2\" content=\"1 minuut\" \/>\n<script type=\"application\/ld+json\" class=\"yoast-schema-graph\">{\"@context\":\"https:\/\/schema.org\",\"@graph\":[{\"@type\":\"Article\",\"@id\":\"https:\/\/welovecinema.be\/nl\/speeddate-met-gilles-coulier\/#article\",\"isPartOf\":{\"@id\":\"https:\/\/welovecinema.be\/nl\/speeddate-met-gilles-coulier\/\"},\"author\":{\"name\":\"Seppe van Groeningen\",\"@id\":\"https:\/\/welovecinema.be\/nl\/#\/schema\/person\/9a9270eec1274600ec8c420b80d00480\"},\"headline\":\"Speeddate met&#8230; Gilles Coulier!\",\"datePublished\":\"2019-10-15T08:33:01+00:00\",\"dateModified\":\"2019-10-21T06:50:38+00:00\",\"mainEntityOfPage\":{\"@id\":\"https:\/\/welovecinema.be\/nl\/speeddate-met-gilles-coulier\/\"},\"wordCount\":165,\"publisher\":{\"@id\":\"https:\/\/welovecinema.be\/nl\/#organization\"},\"keywords\":[\"Adel Bencherif\",\"Elizabeth McGovern\",\"Gabriel byrne\",\"Gilles Coulier\",\"Lea Drucker\",\"newsletter\",\"Pieter Genard\",\"war of the worlds\"],\"articleSection\":[\"Festivals\",\"Nieuws\",\"Speeddate met...\"],\"inLanguage\":\"nl-NL\"},{\"@type\":\"WebPage\",\"@id\":\"https:\/\/welovecinema.be\/nl\/speeddate-met-gilles-coulier\/\",\"url\":\"https:\/\/welovecinema.be\/nl\/speeddate-met-gilles-coulier\/\",\"name\":\"Speeddate met... Gilles Coulier! - We Love Cinema\",\"isPartOf\":{\"@id\":\"https:\/\/welovecinema.be\/nl\/#website\"},\"datePublished\":\"2019-10-15T08:33:01+00:00\",\"dateModified\":\"2019-10-21T06:50:38+00:00\",\"breadcrumb\":{\"@id\":\"https:\/\/welovecinema.be\/nl\/speeddate-met-gilles-coulier\/#breadcrumb\"},\"inLanguage\":\"nl-NL\",\"potentialAction\":[{\"@type\":\"ReadAction\",\"target\":[\"https:\/\/welovecinema.be\/nl\/speeddate-met-gilles-coulier\/\"]}]},{\"@type\":\"BreadcrumbList\",\"@id\":\"https:\/\/welovecinema.be\/nl\/speeddate-met-gilles-coulier\/#breadcrumb\",\"itemListElement\":[{\"@type\":\"ListItem\",\"position\":1,\"name\":\"Accueil\",\"item\":\"https:\/\/welovecinema.be\/nl\/\"},{\"@type\":\"ListItem\",\"position\":2,\"name\":\"Speeddate met&#8230; Gilles Coulier!\"}]},{\"@type\":\"WebSite\",\"@id\":\"https:\/\/welovecinema.be\/nl\/#website\",\"url\":\"https:\/\/welovecinema.be\/nl\/\",\"name\":\"We Love Cinema\",\"description\":\"Toute l\u2019information du cin\u00e9ma en Belgique\",\"publisher\":{\"@id\":\"https:\/\/welovecinema.be\/nl\/#organization\"},\"potentialAction\":[{\"@type\":\"SearchAction\",\"target\":{\"@type\":\"EntryPoint\",\"urlTemplate\":\"https:\/\/welovecinema.be\/nl\/?s={search_term_string}\"},\"query-input\":\"required name=search_term_string\"}],\"inLanguage\":\"nl-NL\"},{\"@type\":\"Organization\",\"@id\":\"https:\/\/welovecinema.be\/nl\/#organization\",\"name\":\"We Love Cinema\",\"url\":\"https:\/\/welovecinema.be\/nl\/\",\"logo\":{\"@type\":\"ImageObject\",\"inLanguage\":\"nl-NL\",\"@id\":\"https:\/\/welovecinema.be\/nl\/#\/schema\/logo\/image\/\",\"url\":\"https:\/\/welovecinema.be\/wp-content\/uploads\/sites\/2\/2023\/03\/Logo-We-Love-Cinema305x128.jpg\",\"contentUrl\":\"https:\/\/welovecinema.be\/wp-content\/uploads\/sites\/2\/2023\/03\/Logo-We-Love-Cinema305x128.jpg\",\"width\":305,\"height\":128,\"caption\":\"We Love Cinema\"},\"image\":{\"@id\":\"https:\/\/welovecinema.be\/nl\/#\/schema\/logo\/image\/\"},\"sameAs\":[\"https:\/\/www.facebook.com\/welovecinema.be\",\"https:\/\/www.youtube.com\/channel\/UCX5LYGVhnKvYauW4Nta4HJA\",\"https:\/\/www.instagram.com\/welovecinema.be\/\"]},{\"@type\":\"Person\",\"@id\":\"https:\/\/welovecinema.be\/nl\/#\/schema\/person\/9a9270eec1274600ec8c420b80d00480\",\"name\":\"Seppe van Groeningen\",\"url\":\"https:\/\/welovecinema.be\/nl\/author\/seppe\/\"}]}<\/script>\n<!-- \/ Yoast SEO plugin. -->","yoast_head_json":{"title":"Speeddate met... Gilles Coulier! - We Love Cinema","robots":{"index":"index","follow":"follow","max-snippet":"max-snippet:-1","max-image-preview":"max-image-preview:large","max-video-preview":"max-video-preview:-1"},"canonical":"https:\/\/welovecinema.be\/nl\/speeddate-met-gilles-coulier\/","og_locale":"nl_NL","og_type":"article","og_title":"Speeddate met... Gilles Coulier! - We Love Cinema","og_description":"Na de succesvolle series\u00a0Bevergem\u00a0en\u00a0De Dag\u00a0en de langspeelfilm\u00a0Cargo\u00a0is Gilles Coulier als regisseur bij ons al lang geen onbekende meer. Maar het is zijn eerder gedraaide kortfilm\u00a0Mont Blanc, waarmee hij veel prijzen won en op het prestigieuze festival in Cannes een nominatie in de wacht sleepte,\u00a0die de producenten van\u00a0War of the Worlds\u00a0in het oog sprong en ervan &hellip;","og_url":"https:\/\/welovecinema.be\/nl\/speeddate-met-gilles-coulier\/","og_site_name":"We Love Cinema","article_publisher":"https:\/\/www.facebook.com\/welovecinema.be","article_published_time":"2019-10-15T08:33:01+00:00","article_modified_time":"2019-10-21T06:50:38+00:00","og_image":[{"width":1650,"height":1100,"url":"https:\/\/welovecinema.be\/wp-content\/uploads\/sites\/2\/2019\/10\/Screen-Shot-2019-10-15-at-10.26.11.jpg","type":"image\/jpeg"}],"author":"Seppe van Groeningen","twitter_card":"summary_large_image","twitter_misc":{"Geschreven door":"Seppe van Groeningen","Geschatte leestijd":"1 minuut"},"schema":{"@context":"https:\/\/schema.org","@graph":[{"@type":"Article","@id":"https:\/\/welovecinema.be\/nl\/speeddate-met-gilles-coulier\/#article","isPartOf":{"@id":"https:\/\/welovecinema.be\/nl\/speeddate-met-gilles-coulier\/"},"author":{"name":"Seppe van Groeningen","@id":"https:\/\/welovecinema.be\/nl\/#\/schema\/person\/9a9270eec1274600ec8c420b80d00480"},"headline":"Speeddate met&#8230; Gilles Coulier!","datePublished":"2019-10-15T08:33:01+00:00","dateModified":"2019-10-21T06:50:38+00:00","mainEntityOfPage":{"@id":"https:\/\/welovecinema.be\/nl\/speeddate-met-gilles-coulier\/"},"wordCount":165,"publisher":{"@id":"https:\/\/welovecinema.be\/nl\/#organization"},"keywords":["Adel Bencherif","Elizabeth McGovern","Gabriel byrne","Gilles Coulier","Lea Drucker","newsletter","Pieter Genard","war of the worlds"],"articleSection":["Festivals","Nieuws","Speeddate met..."],"inLanguage":"nl-NL"},{"@type":"WebPage","@id":"https:\/\/welovecinema.be\/nl\/speeddate-met-gilles-coulier\/","url":"https:\/\/welovecinema.be\/nl\/speeddate-met-gilles-coulier\/","name":"Speeddate met... Gilles Coulier! - We Love Cinema","isPartOf":{"@id":"https:\/\/welovecinema.be\/nl\/#website"},"datePublished":"2019-10-15T08:33:01+00:00","dateModified":"2019-10-21T06:50:38+00:00","breadcrumb":{"@id":"https:\/\/welovecinema.be\/nl\/speeddate-met-gilles-coulier\/#breadcrumb"},"inLanguage":"nl-NL","potentialAction":[{"@type":"ReadAction","target":["https:\/\/welovecinema.be\/nl\/speeddate-met-gilles-coulier\/"]}]},{"@type":"BreadcrumbList","@id":"https:\/\/welovecinema.be\/nl\/speeddate-met-gilles-coulier\/#breadcrumb","itemListElement":[{"@type":"ListItem","position":1,"name":"Accueil","item":"https:\/\/welovecinema.be\/nl\/"},{"@type":"ListItem","position":2,"name":"Speeddate met&#8230; Gilles Coulier!"}]},{"@type":"WebSite","@id":"https:\/\/welovecinema.be\/nl\/#website","url":"https:\/\/welovecinema.be\/nl\/","name":"We Love Cinema","description":"Toute l\u2019information du cin\u00e9ma en Belgique","publisher":{"@id":"https:\/\/welovecinema.be\/nl\/#organization"},"potentialAction":[{"@type":"SearchAction","target":{"@type":"EntryPoint","urlTemplate":"https:\/\/welovecinema.be\/nl\/?s={search_term_string}"},"query-input":"required name=search_term_string"}],"inLanguage":"nl-NL"},{"@type":"Organization","@id":"https:\/\/welovecinema.be\/nl\/#organization","name":"We Love Cinema","url":"https:\/\/welovecinema.be\/nl\/","logo":{"@type":"ImageObject","inLanguage":"nl-NL","@id":"https:\/\/welovecinema.be\/nl\/#\/schema\/logo\/image\/","url":"https:\/\/welovecinema.be\/wp-content\/uploads\/sites\/2\/2023\/03\/Logo-We-Love-Cinema305x128.jpg","contentUrl":"https:\/\/welovecinema.be\/wp-content\/uploads\/sites\/2\/2023\/03\/Logo-We-Love-Cinema305x128.jpg","width":305,"height":128,"caption":"We Love Cinema"},"image":{"@id":"https:\/\/welovecinema.be\/nl\/#\/schema\/logo\/image\/"},"sameAs":["https:\/\/www.facebook.com\/welovecinema.be","https:\/\/www.youtube.com\/channel\/UCX5LYGVhnKvYauW4Nta4HJA","https:\/\/www.instagram.com\/welovecinema.be\/"]},{"@type":"Person","@id":"https:\/\/welovecinema.be\/nl\/#\/schema\/person\/9a9270eec1274600ec8c420b80d00480","name":"Seppe van Groeningen","url":"https:\/\/welovecinema.be\/nl\/author\/seppe\/"}]}},"_links":{"self":[{"href":"https:\/\/welovecinema.be\/nl\/wp-json\/wp\/v2\/posts\/224084","targetHints":{"allow":["GET"]}}],"collection":[{"href":"https:\/\/welovecinema.be\/nl\/wp-json\/wp\/v2\/posts"}],"about":[{"href":"https:\/\/welovecinema.be\/nl\/wp-json\/wp\/v2\/types\/post"}],"author":[{"embeddable":true,"href":"https:\/\/welovecinema.be\/nl\/wp-json\/wp\/v2\/users\/349"}],"replies":[{"embeddable":true,"href":"https:\/\/welovecinema.be\/nl\/wp-json\/wp\/v2\/comments?post=224084"}],"version-history":[{"count":0,"href":"https:\/\/welovecinema.be\/nl\/wp-json\/wp\/v2\/posts\/224084\/revisions"}],"wp:featuredmedia":[{"embeddable":true,"href":"https:\/\/welovecinema.be\/nl\/wp-json\/wp\/v2\/media\/224090"}],"wp:attachment":[{"href":"https:\/\/welovecinema.be\/nl\/wp-json\/wp\/v2\/media?parent=224084"}],"wp:term":[{"taxonomy":"category","embeddable":true,"href":"https:\/\/welovecinema.be\/nl\/wp-json\/wp\/v2\/categories?post=224084"},{"taxonomy":"post_tag","embeddable":true,"href":"https:\/\/welovecinema.be\/nl\/wp-json\/wp\/v2\/tags?post=224084"}],"curies":[{"name":"wp","href":"https:\/\/api.w.org\/{rel}","templated":true}]}}