{"id":222843,"date":"2019-09-17T09:57:37","date_gmt":"2019-09-17T07:57:37","guid":{"rendered":"https:\/\/www.cinevox.be\/?p=222843"},"modified":"2019-09-17T09:58:37","modified_gmt":"2019-09-17T07:58:37","slug":"belgische-documentaire-mother-van-kristof-bilsen-in-belgische-premiere-op-film-fest-gent-en-naar-het-chicago-international-film-festival1","status":"publish","type":"post","link":"https:\/\/welovecinema.be\/nl\/belgische-documentaire-mother-van-kristof-bilsen-in-belgische-premiere-op-film-fest-gent-en-naar-het-chicago-international-film-festival1\/","title":{"rendered":"Belgische documentaire &#8216;Mother&#8217; van  Kristof Bilsen in Belgische premi\u00e8re op Film Fest Gent \u00e9n naar het Chicago International Film Festival!"},"content":{"rendered":"<p>E\u00e9n van de meest in het oog springende documentaires op Film Fest Gent dit jaar is ongetwijfeld <em>Mother<\/em> van de Vlaamse documentairemaker Kristof Bilsen. Daarnaast heeft hij ook een uitnodiging op zak voor het Chicago International Film Festival (16-27 oktober). De film zal er zijn Noord-Amerikaanse premi\u00e8re beleven en maakt kans op prijzen in de internationale competitie voor documentaires. Na de wereldpremi\u00e8re tijdens het\u00a0Sheffield Doc\/Fest in juni beschreef The Guardian de film in een vijfsterrenrecensie als\u00a0&#8220;a radical achievement&#8221;. Maar de Belgische premi\u00e8re is dus op maandag 14 oktober in de Vooruit in aanwezigheid van de regisseur. Dit najaar zal\u00a0<em>Mother<\/em>\u00a0in verschillende zalen te zien zijn.<\/p>\n<p>In de Thaise stad Chiang Mai bestaat een uniek verzorgingstehuis voor Europeanen met Alzheimer. De bewoners worden er door Thaise verzorgers intensief en liefdevol begeleid in de laatste fase van hun leven.<\/p>\n<p>In <em>Mother<\/em>\u00a0volgt regisseur Kristof Bilsen de Thaise Pomm, die zich ontfermt over de Zwitserse Elisabeth. Elisabeth en Pomm hebben een nauwe band. Pomm leeft noodgedwongen ver weg van haar drie kinderen om financieel voor hen te kunnen zorgen en dat weegt zwaar op haar gemoed. &#8217;s Nachts vertrouwt ze Elisabeth haar angsten toe. Ondertussen besluit ook een familie in Zwitserland om de zorg voor hun moeder Maya, een jonge vrouw met Alzheimer, over te laten aan Pomm.<\/p>\n<p>De film\u00a0daagt ons uit om na te denken over wat de rol van een moeder is, stelt in vraag wat we aan onze kinderen en onze moeders verschuldigd zijn, en werpt een diepgaande blik op hoe we de meest pijnlijke dilemma\u2019s van het leven met waardigheid het hoofd kunnen bieden. Het brengt ook een\u00a0verrassend beeld van\u00a0een verzorgingstehuis dat onze kennis over mantelzorg en zorg voor zieken in een ander daglicht stelt.<\/p>\n<p><em>Mother<\/em> werd gefilmd met een\u00a0uiterst attente observationele aanpak\u00a0en het uitzonderlijke camerawerk onthult hoe dementie op een verwoestende en bedrieglijke manier een persoon transformeert en degenen die voor deze mensen zorgen emotioneel be\u00efnvloedt.<\/p>\n<p>Kristof Bilsen regisseerde en produceerde de documentaire voor zijn eigen productiehuis Limerick Films. Het scenario schreef hij samen met Xan M\u00e1rquez Caneda. Coproducenten zijn Marion H\u00e4nsel voor Man\u2019s Film Productions, Olivia Sophie van Leeuwen voor het Nederlandse Halal Docs, RTBF, VRT-Canvas en EOdocs, in samenwerking met Radio-T\u00e9l\u00e9vision Suisse (RTS). Associate producer is Steven Dhoedt en executive producer is Kirsten Johnson. De film wordt internationaal vertegenwoordigd door Deckert Distribution.<\/p>\n<p><em>Mother<\/em> is een prachtige en pakkende reflectie vol onvergetelijke portretten van mensen die zich doorheen zware uitdagingen worstelen.<\/p>\n<p>&nbsp;<\/p>\n","protected":false},"excerpt":{"rendered":"<p>E\u00e9n van de meest in het oog springende documentaires op Film Fest Gent dit jaar is ongetwijfeld Mother van de Vlaamse documentairemaker Kristof Bilsen. Daarnaast heeft hij ook een uitnodiging op zak voor het Chicago International Film Festival (16-27 oktober). De film zal er zijn Noord-Amerikaanse premi\u00e8re beleven en maakt kans op prijzen in de &hellip;<\/p>\n","protected":false},"author":349,"featured_media":222844,"comment_status":"closed","ping_status":"closed","sticky":false,"template":"","format":"standard","meta":{"ngg_post_thumbnail":0,"footnotes":""},"categories":[1069,30,3],"tags":[1662,1773,4275],"class_list":["post-222843","post","type-post","status-publish","format-standard","has-post-thumbnail","","category-festivals-nl","category-nieuws","category-varia-nl","tag-filmfest-gent","tag-kristof-bilsen","tag-mother"],"yoast_head":"<!-- This site is optimized with the Yoast SEO plugin v20.4 - https:\/\/yoast.com\/wordpress\/plugins\/seo\/ -->\n<title>Belgische documentaire &#039;Mother&#039; van Kristof Bilsen in Belgische premi\u00e8re op Film Fest Gent \u00e9n naar het Chicago International Film Festival! - We Love Cinema<\/title>\n<meta name=\"robots\" content=\"index, follow, max-snippet:-1, max-image-preview:large, max-video-preview:-1\" \/>\n<link rel=\"canonical\" href=\"https:\/\/welovecinema.be\/nl\/belgische-documentaire-mother-van-kristof-bilsen-in-belgische-premiere-op-film-fest-gent-en-naar-het-chicago-international-film-festival1\/\" \/>\n<meta property=\"og:locale\" content=\"nl_NL\" \/>\n<meta property=\"og:type\" content=\"article\" \/>\n<meta property=\"og:title\" content=\"Belgische documentaire &#039;Mother&#039; van Kristof Bilsen in Belgische premi\u00e8re op Film Fest Gent \u00e9n naar het Chicago International Film Festival! - We Love Cinema\" \/>\n<meta property=\"og:description\" content=\"E\u00e9n van de meest in het oog springende documentaires op Film Fest Gent dit jaar is ongetwijfeld Mother van de Vlaamse documentairemaker Kristof Bilsen. Daarnaast heeft hij ook een uitnodiging op zak voor het Chicago International Film Festival (16-27 oktober). De film zal er zijn Noord-Amerikaanse premi\u00e8re beleven en maakt kans op prijzen in de &hellip;\" \/>\n<meta property=\"og:url\" content=\"https:\/\/welovecinema.be\/nl\/belgische-documentaire-mother-van-kristof-bilsen-in-belgische-premiere-op-film-fest-gent-en-naar-het-chicago-international-film-festival1\/\" \/>\n<meta property=\"og:site_name\" content=\"We Love Cinema\" \/>\n<meta property=\"article:publisher\" content=\"https:\/\/www.facebook.com\/welovecinema.be\" \/>\n<meta property=\"article:published_time\" content=\"2019-09-17T07:57:37+00:00\" \/>\n<meta property=\"article:modified_time\" content=\"2019-09-17T07:58:37+00:00\" \/>\n<meta property=\"og:image\" content=\"https:\/\/welovecinema.be\/wp-content\/uploads\/sites\/2\/2019\/09\/Screen-Shot-2019-09-17-at-09.50.11.jpg\" \/>\n\t<meta property=\"og:image:width\" content=\"1116\" \/>\n\t<meta property=\"og:image:height\" content=\"576\" \/>\n\t<meta property=\"og:image:type\" content=\"image\/jpeg\" \/>\n<meta name=\"author\" content=\"Seppe van Groeningen\" \/>\n<meta name=\"twitter:card\" content=\"summary_large_image\" \/>\n<meta name=\"twitter:label1\" content=\"Geschreven door\" \/>\n\t<meta name=\"twitter:data1\" content=\"Seppe van Groeningen\" \/>\n\t<meta name=\"twitter:label2\" content=\"Geschatte leestijd\" \/>\n\t<meta name=\"twitter:data2\" content=\"2 minuten\" \/>\n<script type=\"application\/ld+json\" class=\"yoast-schema-graph\">{\"@context\":\"https:\/\/schema.org\",\"@graph\":[{\"@type\":\"Article\",\"@id\":\"https:\/\/welovecinema.be\/nl\/belgische-documentaire-mother-van-kristof-bilsen-in-belgische-premiere-op-film-fest-gent-en-naar-het-chicago-international-film-festival1\/#article\",\"isPartOf\":{\"@id\":\"https:\/\/welovecinema.be\/nl\/belgische-documentaire-mother-van-kristof-bilsen-in-belgische-premiere-op-film-fest-gent-en-naar-het-chicago-international-film-festival1\/\"},\"author\":{\"name\":\"Seppe van Groeningen\",\"@id\":\"https:\/\/welovecinema.be\/nl\/#\/schema\/person\/9a9270eec1274600ec8c420b80d00480\"},\"headline\":\"Belgische documentaire &#8216;Mother&#8217; van Kristof Bilsen in Belgische premi\u00e8re op Film Fest Gent \u00e9n naar het Chicago International Film Festival!\",\"datePublished\":\"2019-09-17T07:57:37+00:00\",\"dateModified\":\"2019-09-17T07:58:37+00:00\",\"mainEntityOfPage\":{\"@id\":\"https:\/\/welovecinema.be\/nl\/belgische-documentaire-mother-van-kristof-bilsen-in-belgische-premiere-op-film-fest-gent-en-naar-het-chicago-international-film-festival1\/\"},\"wordCount\":445,\"publisher\":{\"@id\":\"https:\/\/welovecinema.be\/nl\/#organization\"},\"keywords\":[\"Filmfest Gent\",\"Kristof Bilsen\",\"Mother\"],\"articleSection\":[\"Festivals\",\"Nieuws\",\"Varia\"],\"inLanguage\":\"nl-NL\"},{\"@type\":\"WebPage\",\"@id\":\"https:\/\/welovecinema.be\/nl\/belgische-documentaire-mother-van-kristof-bilsen-in-belgische-premiere-op-film-fest-gent-en-naar-het-chicago-international-film-festival1\/\",\"url\":\"https:\/\/welovecinema.be\/nl\/belgische-documentaire-mother-van-kristof-bilsen-in-belgische-premiere-op-film-fest-gent-en-naar-het-chicago-international-film-festival1\/\",\"name\":\"Belgische documentaire 'Mother' van Kristof Bilsen in Belgische premi\u00e8re op Film Fest Gent \u00e9n naar het Chicago International Film Festival! - We Love Cinema\",\"isPartOf\":{\"@id\":\"https:\/\/welovecinema.be\/nl\/#website\"},\"datePublished\":\"2019-09-17T07:57:37+00:00\",\"dateModified\":\"2019-09-17T07:58:37+00:00\",\"breadcrumb\":{\"@id\":\"https:\/\/welovecinema.be\/nl\/belgische-documentaire-mother-van-kristof-bilsen-in-belgische-premiere-op-film-fest-gent-en-naar-het-chicago-international-film-festival1\/#breadcrumb\"},\"inLanguage\":\"nl-NL\",\"potentialAction\":[{\"@type\":\"ReadAction\",\"target\":[\"https:\/\/welovecinema.be\/nl\/belgische-documentaire-mother-van-kristof-bilsen-in-belgische-premiere-op-film-fest-gent-en-naar-het-chicago-international-film-festival1\/\"]}]},{\"@type\":\"BreadcrumbList\",\"@id\":\"https:\/\/welovecinema.be\/nl\/belgische-documentaire-mother-van-kristof-bilsen-in-belgische-premiere-op-film-fest-gent-en-naar-het-chicago-international-film-festival1\/#breadcrumb\",\"itemListElement\":[{\"@type\":\"ListItem\",\"position\":1,\"name\":\"Accueil\",\"item\":\"https:\/\/welovecinema.be\/nl\/\"},{\"@type\":\"ListItem\",\"position\":2,\"name\":\"Belgische documentaire &#8216;Mother&#8217; van Kristof Bilsen in Belgische premi\u00e8re op Film Fest Gent \u00e9n naar het Chicago International Film Festival!\"}]},{\"@type\":\"WebSite\",\"@id\":\"https:\/\/welovecinema.be\/nl\/#website\",\"url\":\"https:\/\/welovecinema.be\/nl\/\",\"name\":\"We Love Cinema\",\"description\":\"Toute l\u2019information du cin\u00e9ma en Belgique\",\"publisher\":{\"@id\":\"https:\/\/welovecinema.be\/nl\/#organization\"},\"potentialAction\":[{\"@type\":\"SearchAction\",\"target\":{\"@type\":\"EntryPoint\",\"urlTemplate\":\"https:\/\/welovecinema.be\/nl\/?s={search_term_string}\"},\"query-input\":\"required name=search_term_string\"}],\"inLanguage\":\"nl-NL\"},{\"@type\":\"Organization\",\"@id\":\"https:\/\/welovecinema.be\/nl\/#organization\",\"name\":\"We Love Cinema\",\"url\":\"https:\/\/welovecinema.be\/nl\/\",\"logo\":{\"@type\":\"ImageObject\",\"inLanguage\":\"nl-NL\",\"@id\":\"https:\/\/welovecinema.be\/nl\/#\/schema\/logo\/image\/\",\"url\":\"https:\/\/welovecinema.be\/wp-content\/uploads\/sites\/2\/2023\/03\/Logo-We-Love-Cinema305x128.jpg\",\"contentUrl\":\"https:\/\/welovecinema.be\/wp-content\/uploads\/sites\/2\/2023\/03\/Logo-We-Love-Cinema305x128.jpg\",\"width\":305,\"height\":128,\"caption\":\"We Love Cinema\"},\"image\":{\"@id\":\"https:\/\/welovecinema.be\/nl\/#\/schema\/logo\/image\/\"},\"sameAs\":[\"https:\/\/www.facebook.com\/welovecinema.be\",\"https:\/\/www.youtube.com\/channel\/UCX5LYGVhnKvYauW4Nta4HJA\",\"https:\/\/www.instagram.com\/welovecinema.be\/\"]},{\"@type\":\"Person\",\"@id\":\"https:\/\/welovecinema.be\/nl\/#\/schema\/person\/9a9270eec1274600ec8c420b80d00480\",\"name\":\"Seppe van Groeningen\",\"url\":\"https:\/\/welovecinema.be\/nl\/author\/seppe\/\"}]}<\/script>\n<!-- \/ Yoast SEO plugin. -->","yoast_head_json":{"title":"Belgische documentaire 'Mother' van Kristof Bilsen in Belgische premi\u00e8re op Film Fest Gent \u00e9n naar het Chicago International Film Festival! - We Love Cinema","robots":{"index":"index","follow":"follow","max-snippet":"max-snippet:-1","max-image-preview":"max-image-preview:large","max-video-preview":"max-video-preview:-1"},"canonical":"https:\/\/welovecinema.be\/nl\/belgische-documentaire-mother-van-kristof-bilsen-in-belgische-premiere-op-film-fest-gent-en-naar-het-chicago-international-film-festival1\/","og_locale":"nl_NL","og_type":"article","og_title":"Belgische documentaire 'Mother' van Kristof Bilsen in Belgische premi\u00e8re op Film Fest Gent \u00e9n naar het Chicago International Film Festival! - We Love Cinema","og_description":"E\u00e9n van de meest in het oog springende documentaires op Film Fest Gent dit jaar is ongetwijfeld Mother van de Vlaamse documentairemaker Kristof Bilsen. Daarnaast heeft hij ook een uitnodiging op zak voor het Chicago International Film Festival (16-27 oktober). De film zal er zijn Noord-Amerikaanse premi\u00e8re beleven en maakt kans op prijzen in de &hellip;","og_url":"https:\/\/welovecinema.be\/nl\/belgische-documentaire-mother-van-kristof-bilsen-in-belgische-premiere-op-film-fest-gent-en-naar-het-chicago-international-film-festival1\/","og_site_name":"We Love Cinema","article_publisher":"https:\/\/www.facebook.com\/welovecinema.be","article_published_time":"2019-09-17T07:57:37+00:00","article_modified_time":"2019-09-17T07:58:37+00:00","og_image":[{"width":1116,"height":576,"url":"https:\/\/welovecinema.be\/wp-content\/uploads\/sites\/2\/2019\/09\/Screen-Shot-2019-09-17-at-09.50.11.jpg","type":"image\/jpeg"}],"author":"Seppe van Groeningen","twitter_card":"summary_large_image","twitter_misc":{"Geschreven door":"Seppe van Groeningen","Geschatte leestijd":"2 minuten"},"schema":{"@context":"https:\/\/schema.org","@graph":[{"@type":"Article","@id":"https:\/\/welovecinema.be\/nl\/belgische-documentaire-mother-van-kristof-bilsen-in-belgische-premiere-op-film-fest-gent-en-naar-het-chicago-international-film-festival1\/#article","isPartOf":{"@id":"https:\/\/welovecinema.be\/nl\/belgische-documentaire-mother-van-kristof-bilsen-in-belgische-premiere-op-film-fest-gent-en-naar-het-chicago-international-film-festival1\/"},"author":{"name":"Seppe van Groeningen","@id":"https:\/\/welovecinema.be\/nl\/#\/schema\/person\/9a9270eec1274600ec8c420b80d00480"},"headline":"Belgische documentaire &#8216;Mother&#8217; van Kristof Bilsen in Belgische premi\u00e8re op Film Fest Gent \u00e9n naar het Chicago International Film Festival!","datePublished":"2019-09-17T07:57:37+00:00","dateModified":"2019-09-17T07:58:37+00:00","mainEntityOfPage":{"@id":"https:\/\/welovecinema.be\/nl\/belgische-documentaire-mother-van-kristof-bilsen-in-belgische-premiere-op-film-fest-gent-en-naar-het-chicago-international-film-festival1\/"},"wordCount":445,"publisher":{"@id":"https:\/\/welovecinema.be\/nl\/#organization"},"keywords":["Filmfest Gent","Kristof Bilsen","Mother"],"articleSection":["Festivals","Nieuws","Varia"],"inLanguage":"nl-NL"},{"@type":"WebPage","@id":"https:\/\/welovecinema.be\/nl\/belgische-documentaire-mother-van-kristof-bilsen-in-belgische-premiere-op-film-fest-gent-en-naar-het-chicago-international-film-festival1\/","url":"https:\/\/welovecinema.be\/nl\/belgische-documentaire-mother-van-kristof-bilsen-in-belgische-premiere-op-film-fest-gent-en-naar-het-chicago-international-film-festival1\/","name":"Belgische documentaire 'Mother' van Kristof Bilsen in Belgische premi\u00e8re op Film Fest Gent \u00e9n naar het Chicago International Film Festival! - We Love Cinema","isPartOf":{"@id":"https:\/\/welovecinema.be\/nl\/#website"},"datePublished":"2019-09-17T07:57:37+00:00","dateModified":"2019-09-17T07:58:37+00:00","breadcrumb":{"@id":"https:\/\/welovecinema.be\/nl\/belgische-documentaire-mother-van-kristof-bilsen-in-belgische-premiere-op-film-fest-gent-en-naar-het-chicago-international-film-festival1\/#breadcrumb"},"inLanguage":"nl-NL","potentialAction":[{"@type":"ReadAction","target":["https:\/\/welovecinema.be\/nl\/belgische-documentaire-mother-van-kristof-bilsen-in-belgische-premiere-op-film-fest-gent-en-naar-het-chicago-international-film-festival1\/"]}]},{"@type":"BreadcrumbList","@id":"https:\/\/welovecinema.be\/nl\/belgische-documentaire-mother-van-kristof-bilsen-in-belgische-premiere-op-film-fest-gent-en-naar-het-chicago-international-film-festival1\/#breadcrumb","itemListElement":[{"@type":"ListItem","position":1,"name":"Accueil","item":"https:\/\/welovecinema.be\/nl\/"},{"@type":"ListItem","position":2,"name":"Belgische documentaire &#8216;Mother&#8217; van Kristof Bilsen in Belgische premi\u00e8re op Film Fest Gent \u00e9n naar het Chicago International Film Festival!"}]},{"@type":"WebSite","@id":"https:\/\/welovecinema.be\/nl\/#website","url":"https:\/\/welovecinema.be\/nl\/","name":"We Love Cinema","description":"Toute l\u2019information du cin\u00e9ma en Belgique","publisher":{"@id":"https:\/\/welovecinema.be\/nl\/#organization"},"potentialAction":[{"@type":"SearchAction","target":{"@type":"EntryPoint","urlTemplate":"https:\/\/welovecinema.be\/nl\/?s={search_term_string}"},"query-input":"required name=search_term_string"}],"inLanguage":"nl-NL"},{"@type":"Organization","@id":"https:\/\/welovecinema.be\/nl\/#organization","name":"We Love Cinema","url":"https:\/\/welovecinema.be\/nl\/","logo":{"@type":"ImageObject","inLanguage":"nl-NL","@id":"https:\/\/welovecinema.be\/nl\/#\/schema\/logo\/image\/","url":"https:\/\/welovecinema.be\/wp-content\/uploads\/sites\/2\/2023\/03\/Logo-We-Love-Cinema305x128.jpg","contentUrl":"https:\/\/welovecinema.be\/wp-content\/uploads\/sites\/2\/2023\/03\/Logo-We-Love-Cinema305x128.jpg","width":305,"height":128,"caption":"We Love Cinema"},"image":{"@id":"https:\/\/welovecinema.be\/nl\/#\/schema\/logo\/image\/"},"sameAs":["https:\/\/www.facebook.com\/welovecinema.be","https:\/\/www.youtube.com\/channel\/UCX5LYGVhnKvYauW4Nta4HJA","https:\/\/www.instagram.com\/welovecinema.be\/"]},{"@type":"Person","@id":"https:\/\/welovecinema.be\/nl\/#\/schema\/person\/9a9270eec1274600ec8c420b80d00480","name":"Seppe van Groeningen","url":"https:\/\/welovecinema.be\/nl\/author\/seppe\/"}]}},"_links":{"self":[{"href":"https:\/\/welovecinema.be\/nl\/wp-json\/wp\/v2\/posts\/222843","targetHints":{"allow":["GET"]}}],"collection":[{"href":"https:\/\/welovecinema.be\/nl\/wp-json\/wp\/v2\/posts"}],"about":[{"href":"https:\/\/welovecinema.be\/nl\/wp-json\/wp\/v2\/types\/post"}],"author":[{"embeddable":true,"href":"https:\/\/welovecinema.be\/nl\/wp-json\/wp\/v2\/users\/349"}],"replies":[{"embeddable":true,"href":"https:\/\/welovecinema.be\/nl\/wp-json\/wp\/v2\/comments?post=222843"}],"version-history":[{"count":0,"href":"https:\/\/welovecinema.be\/nl\/wp-json\/wp\/v2\/posts\/222843\/revisions"}],"wp:featuredmedia":[{"embeddable":true,"href":"https:\/\/welovecinema.be\/nl\/wp-json\/wp\/v2\/media\/222844"}],"wp:attachment":[{"href":"https:\/\/welovecinema.be\/nl\/wp-json\/wp\/v2\/media?parent=222843"}],"wp:term":[{"taxonomy":"category","embeddable":true,"href":"https:\/\/welovecinema.be\/nl\/wp-json\/wp\/v2\/categories?post=222843"},{"taxonomy":"post_tag","embeddable":true,"href":"https:\/\/welovecinema.be\/nl\/wp-json\/wp\/v2\/tags?post=222843"}],"curies":[{"name":"wp","href":"https:\/\/api.w.org\/{rel}","templated":true}]}}