{"id":221479,"date":"2019-08-09T20:05:12","date_gmt":"2019-08-09T18:05:12","guid":{"rendered":"https:\/\/www.cinevox.be\/?p=221479"},"modified":"2019-08-16T09:26:44","modified_gmt":"2019-08-16T07:26:44","slug":"in-de-patrick-schittert-topactrice-ariane-van-vliet-als-liliane","status":"publish","type":"post","link":"https:\/\/welovecinema.be\/nl\/in-de-patrick-schittert-topactrice-ariane-van-vliet-als-liliane\/","title":{"rendered":"In \u2018De Patrick\u2019 schittert topactrice Ariane van Vliet als Liliane!"},"content":{"rendered":"<h3><b>Ariane van Vliet (1971) studeerde af aan de studio Herman Teirlinck te Antwerpen. Daar leerde ze haar man Koen De Graeve kennen, met wie ze drie dochters heeft. Ze deed veel theaterwerk voor Blauwe Maandag cie en Toneelhuis, nu werkt ze als freelance actrice bij Het Paleis,<span class=\"Apple-converted-space\">\u00a0<\/span>Lazarus, NTG en Malpertuis. Alweer meer dan tien jaar geleden speelde ze in het theaterstuk <i>The Broken Circle Breakdown featuring The Cover-Ups from Alabama<\/i>, van en samen met Johan Heldenbergh, waarop de quasi gelijknamige film van Felix van Groeningen later werd gebaseerd.<\/b><\/h3>\n<figure id=\"attachment_221483\" aria-describedby=\"caption-attachment-221483\" style=\"width: 405px\" class=\"wp-caption alignleft\"><img loading=\"lazy\" decoding=\"async\" class=\"size-medium wp-image-221483\" src=\"https:\/\/www.cinevox.be\/wp-content\/uploads\/sites\/2\/2019\/08\/DSC8242-405x270.jpg\" alt=\"\" width=\"405\" height=\"270\" srcset=\"https:\/\/welovecinema.be\/wp-content\/uploads\/sites\/2\/2019\/08\/DSC8242-405x270.jpg 405w, https:\/\/welovecinema.be\/wp-content\/uploads\/sites\/2\/2019\/08\/DSC8242-768x512.jpg 768w, https:\/\/welovecinema.be\/wp-content\/uploads\/sites\/2\/2019\/08\/DSC8242-800x533.jpg 800w, https:\/\/welovecinema.be\/wp-content\/uploads\/sites\/2\/2019\/08\/DSC8242.jpg 1440w\" sizes=\"auto, (max-width: 405px) 100vw, 405px\" \/><figcaption id=\"caption-attachment-221483\" class=\"wp-caption-text\">Ariane van Vliet<\/figcaption><\/figure>\n<h3><b>Het bleek een unieke ervaring te zijn, besefte ik meteen toen ik het stuk zag: een ware rollercoaster van emoties. De tranen rolden over mijn wangen van het lachen, dan weer van het huilen. Ook al is theater vergankelijk, haar performance zal mij en vele anderen eeuwig bijblijven. Op het witte doek speelde ze mee in <i>Vele Hemels Boven De Zevende<\/i> en <i>Majesteit <\/i>en op tv had ze gastrollen in <i>Professor T, Code 37, Calleboys, The Missing <\/i>en in <i>Albatros<\/i>. Nu spreek ik op een zonnige dag met haar af op Linkeroever. We ontmoeten elkaar naar aanleiding van haar rol in <i>De Patrick<\/i> &#8211; de debuutfilm van Tim Mielants &#8211; die zij opnieuw met verve neerzet. Het verhaal speelt zich af op een nudistencamping in de Ardennen, die gerund wordt door ene Patrick (Kevin Janssens). Hij woont er met zijn ouders en als zijn vader sterft, krijgt hij plots de leiding over de camping. Maar de kersverse uitbater heeft andere zorgen: hij is al een tijdje zijn favoriete hamer kwijt. De vaste bewoners willen dat Patrick iets met zijn leven doet en begrijpen niet dat hij alles op alles zet om zijn hamer terug te vinden. En die queeste wordt hoe langer hoe meer een zoektocht naar zichzelf. De andere rollen zijn weggelegd voor Pierre Bokma, Bouli Lanners (wiens volgende film Tim Mielants dra gaat regisseren), Frank Vercruyssen, Janne Desmet, Hannah Hoekstra, Louis van der Waal, Jemaine Clement, Tine Van den Wijngaert, Katelijne Damen, Josse De Pauw, Peter Gorissen, Jan Bijvoet en Fran\u00e7oise Chichery.<\/b><\/h3>\n<p><b>Kan je iets vertellen over je vertolking in <i>De Patrick<\/i>?<br \/>\n<\/b>Ik speel Liliane en ze is getrouwd met Herman. Zij ervaart hun huwelijk als een beetje triest, omdat ze er meer van had verwacht. Ook van het leven. Ze is een stille, dominante vrouw &#8211; een beetje een Lady Macbeth, vind ik wel &#8211; die meende dat Herman de ideale man voor haar zou zijn, omdat ze hem kan boetseren. Hij doet wat zij wil, want zij is de baas. Maar soms lukt dat niet, helaas. Daardoor hebben ze best een spannende relatie. Zij had zichzelf in de hogere kringen willen zien. Maar goed, in het land der blinden is \u00e9\u00e9noog koning en dus voelt ze zich op die camping uiteindelijk wel in haar element. Patrick, de uitbater, beschouwt ze als de zoon die ze nooit heeft gehad. Hij bezit de jeugd die ze zelf niet wil verliezen. Maar ze bespeelt en manipuleert hem ook, omdat hij uiteindelijk de link is naar de overname van de camping die ze voor ogen heeft. Of ze zo bewust strategisch te werk gaat, weet ik niet. Maar dat doel heeft ze zeker voor ogen; ze moet toch ergens koningin kunnen zijn. Aan haar kapsel en haar kettinkje &#8211; want veel meer draagt ze niet &#8211; en aan de camper waarin ze met haar man woont, zie je tot welke klasse ze graag wil behoren.<\/p>\n<p><b>Herman wordt gespeeld door Pierre Bokma (<i>Borgman, Bloedverwanten, Cloaca<\/i>). Hoe was het om met hem samen te spelen?<br \/>\n<\/b>H\u00e9\u00e9l leuk. We kenden elkaar niet zo heel goed. Ooit hadden we eens met elkaar gekletst, meer niet. Maar vanaf dag \u00e9\u00e9n moesten we spelen alsof we al jaren een koppel waren. En als vanzelf was daar die ge\u00efrriteerde ondertoon, kenmerkend voor mensen die het met elkaar gehad hebben maar tevens denken tot elkaar veroordeeld te zijn. Pierre Bokma heeft humor, maar is heel serieus in de benadering van zijn rol. En die humor klikte meteen, zonder dat we die teveel gingen uitspelen. Heerlijk.<\/p>\n<p><b>En hoe was de samenwerking met Tim Mielants, de regisseur?<br \/>\n<\/b>Dat is ook een verhaal apart. (<i>lacht)<\/i>Die is h\u00e9\u00e9l enthousiast en dat werkt aanstekelijk. Hij heeft een maffe kijk op de mensen en het leven, zoals je in de film kan zien. Je gaat kijken zoals hij kijkt, en dat inspireert enorm. Op die manier word je personage toch spannender en vreemder dan je zelf had kunnen bedenken. Hij port je steeds weer aan. Duwt je met grappige en persoonlijke regieaanwijzingen alsmaar verder. Voor iedere acteur heeft hij weer iets anders klaar en op die manier bewandelt hij met elkeen een ander weggetje, waardoor het voor de hele cast een bijzonder spannende spelomgeving wordt.<\/p>\n<figure id=\"attachment_221485\" aria-describedby=\"caption-attachment-221485\" style=\"width: 405px\" class=\"wp-caption alignright\"><img loading=\"lazy\" decoding=\"async\" class=\"size-medium wp-image-221485\" src=\"https:\/\/www.cinevox.be\/wp-content\/uploads\/sites\/2\/2019\/08\/DSC8236-405x270.jpg\" alt=\"\" width=\"405\" height=\"270\" srcset=\"https:\/\/welovecinema.be\/wp-content\/uploads\/sites\/2\/2019\/08\/DSC8236-405x270.jpg 405w, https:\/\/welovecinema.be\/wp-content\/uploads\/sites\/2\/2019\/08\/DSC8236-768x512.jpg 768w, https:\/\/welovecinema.be\/wp-content\/uploads\/sites\/2\/2019\/08\/DSC8236-800x533.jpg 800w, https:\/\/welovecinema.be\/wp-content\/uploads\/sites\/2\/2019\/08\/DSC8236.jpg 1440w\" sizes=\"auto, (max-width: 405px) 100vw, 405px\" \/><figcaption id=\"caption-attachment-221485\" class=\"wp-caption-text\">Ariane van Vliet<\/figcaption><\/figure>\n<p><b>Hoe is Tim Mielants bij jou terechtgekomen?<br \/>\n<\/b>Elf, twaalf jaar geleden speelde ik in Oom Vanja, een voorstelling van Luk Perceval. Tim was fan van de Blauwe Maandag cie en van Luk Perceval, en hij kwam vaak kijken. Na die bewuste voorstelling vertelde hij me over een film die hij wilde maken en die zich afspeelt op een nudistencamping. Hij vond dat ik daarin moest meespelen. Om de zoveel tijd kwamen we elkaar tegen en telkens vroeg hij: \u2018Jij doet nog mee, h\u00e9?\u2019 En ik zei: \u2018Natuurlijk!\u2019 Maar de jaren gingen voorbij. Tussendoor heb ik nog wel enkele gastrolletjes gespeeld in reeksen die hij regisseerde, zoals <i>Code 37<\/i> en <i>Professor T<\/i>, en door samen te werken leerden we elkaar iets beter kennen. En tenslotte kreeg ik alsnog dat telefoontje met de vraag of ik auditie wilde doen voor die film.<\/p>\n<p><b>Op scene werkte je al samen met de grootste toneelregisseurs. Waarom zien we jou niet vaker op het grote witte doek?<br \/>\n<\/b>Ik ben natuurlijk een Nederlandse in Belgi\u00eb en bij theater vormt dit geen probleem, omdat de realiteit er groter is dan de werkelijkheid. TV en film zijn van een ander soort realisme. Met mijn accent zou het vreemd zijn als ik hier de zus ben van die man of die vrouw. En omdat ik druk was met theater en kleine kinderen, ben ik ook niet naar Nederland uitgeweken. Maar nu heb ik de smaak \u00e9cht wel te pakken, want het is toch weer een ander aspect van acteren. Ik vond het leuk om daar eens dieper op in te gaan. Bij theater speel je met veel energie het hele verhaal steeds van A tot Z, want je moet ook de mensen op de laatste rij bereiken. Bij film gaat het steeds om kleine, losstaande stukjes. Je moet alles veel kleiner, ingetogener en vooral naar binnen toe te spelen.<\/p>\n<figure id=\"attachment_221487\" aria-describedby=\"caption-attachment-221487\" style=\"width: 209px\" class=\"wp-caption alignleft\"><img loading=\"lazy\" decoding=\"async\" class=\" wp-image-221487\" src=\"https:\/\/www.cinevox.be\/wp-content\/uploads\/sites\/2\/2019\/08\/Screen-Shot-2019-08-09-at-19.57.35-191x270.jpg\" alt=\"\" width=\"209\" height=\"296\" srcset=\"https:\/\/welovecinema.be\/wp-content\/uploads\/sites\/2\/2019\/08\/Screen-Shot-2019-08-09-at-19.57.35-191x270.jpg 191w, https:\/\/welovecinema.be\/wp-content\/uploads\/sites\/2\/2019\/08\/Screen-Shot-2019-08-09-at-19.57.35-424x600.jpg 424w, https:\/\/welovecinema.be\/wp-content\/uploads\/sites\/2\/2019\/08\/Screen-Shot-2019-08-09-at-19.57.35.jpg 632w\" sizes=\"auto, (max-width: 209px) 100vw, 209px\" \/><figcaption id=\"caption-attachment-221487\" class=\"wp-caption-text\">Ariane van Vliet<\/figcaption><\/figure>\n<p><b>Acteurs zeggen vaak dat het kostuum de helft van hun personage is. Maar op een nudistencamping is er niet zoveel kostuum om je personage kleur mee te geven. Hoe heb jij dat ervaren?<br \/>\n<\/b>Ik had precies hetzelfde idee en vroeg me af of ik daar niet teveel als mezelf zou staan. Het kostuum helpt vanzelfsprekend bij de fantasie over je personage. Maar toen kreeg ik natuurlijk dat kapsel en dat kleine kettinkje en begreep ik dat lichaam er ook bij &#8211; mijn lichaam -, en ineens zag ik Liliane voor me. Normaal draag je kleren waarmee je de mensen om je heen kan manipuleren over hoe zij over jou denken. Op zo\u2019n camping hebben mensen dat niet. Het geeft alles een bepaalde kwetsbaarheid. Dat zag ik ook bij de andere acteurs. Je ziet er ineens allemaal \u2018mensjes\u2019 die heel hard hun best doen en dat heeft iets aandoenlijks. Het is alsof je uitzoomt van de wereld en je ziet iedereen heel erg druk doen over dingen &#8211; allemaal even belangrijk &#8211; en hoe meer je uitzoomt hoe meer ze allemaal op kleine miertjes gaan lijken. Dat merkte ik ook bij het spelen. Zonder kleren voelde ik me eerst ontzettend kwetsbaar, maar het hielp me om snel bij de kern van mijn personage te komen, en ook bij de kern van mezelf. En het was bijzonder om te merken dat je personage en jijzelf elkaar daar ontmoetten. Het was best eng eerst, maar toen ik samen met alle andere acteurs &#8211; want ik was natuurlijk niet alleen &#8211; de eerste stappen had gezet, vond ik dat eigenlijk een grote vrijheid. Het was best prima.<\/p>\n<p><b>Je ontmoette je personage. Heb je van Liliane iets bijgeleerd?<br \/>\n<\/b>Nou, Liliane is niet zo\u2019n aangename vrouw natuurlijk. Maar als er iets was wat ik wel leuk aan haar vond, dan is het haar sterke wil. Ook al komt die haar niet altijd ten goede. Toch is het een kwaliteit die ik voortaan van haar heb overgenomen!<\/p>\n","protected":false},"excerpt":{"rendered":"<p>Ariane van Vliet (1971) studeerde af aan de studio Herman Teirlinck te Antwerpen. Daar leerde ze haar man Koen De Graeve kennen, met wie ze drie dochters heeft. Ze deed veel theaterwerk voor Blauwe Maandag cie en Toneelhuis, nu werkt ze als freelance actrice bij Het Paleis,\u00a0Lazarus, NTG en Malpertuis. Alweer meer dan tien jaar &hellip;<\/p>\n","protected":false},"author":349,"featured_media":221481,"comment_status":"closed","ping_status":"closed","sticky":false,"template":"","format":"standard","meta":{"ngg_post_thumbnail":0,"footnotes":""},"categories":[54,41,30,3],"tags":[1857,596,4470,4471,858,202,4188],"class_list":["post-221479","post","type-post","status-publish","format-standard","has-post-thumbnail","","category-binnenkort","category-interviews-nl","category-nieuws","category-varia-nl","tag-ariane-van-vliet","tag-de-patrick","tag-intervieuw","tag-interview","tag-kevin-janssens","tag-koen-de-graeve","tag-newsletter-nl"],"yoast_head":"<!-- This site is optimized with the Yoast SEO plugin v20.4 - https:\/\/yoast.com\/wordpress\/plugins\/seo\/ -->\n<title>In \u2018De Patrick\u2019 schittert topactrice Ariane van Vliet als Liliane! - We Love Cinema<\/title>\n<meta name=\"robots\" content=\"index, follow, max-snippet:-1, max-image-preview:large, max-video-preview:-1\" \/>\n<link rel=\"canonical\" href=\"https:\/\/welovecinema.be\/nl\/in-de-patrick-schittert-topactrice-ariane-van-vliet-als-liliane\/\" \/>\n<meta property=\"og:locale\" content=\"nl_NL\" \/>\n<meta property=\"og:type\" content=\"article\" \/>\n<meta property=\"og:title\" content=\"In \u2018De Patrick\u2019 schittert topactrice Ariane van Vliet als Liliane! - We Love Cinema\" \/>\n<meta property=\"og:description\" content=\"Ariane van Vliet (1971) studeerde af aan de studio Herman Teirlinck te Antwerpen. Daar leerde ze haar man Koen De Graeve kennen, met wie ze drie dochters heeft. Ze deed veel theaterwerk voor Blauwe Maandag cie en Toneelhuis, nu werkt ze als freelance actrice bij Het Paleis,\u00a0Lazarus, NTG en Malpertuis. Alweer meer dan tien jaar &hellip;\" \/>\n<meta property=\"og:url\" content=\"https:\/\/welovecinema.be\/nl\/in-de-patrick-schittert-topactrice-ariane-van-vliet-als-liliane\/\" \/>\n<meta property=\"og:site_name\" content=\"We Love Cinema\" \/>\n<meta property=\"article:publisher\" content=\"https:\/\/www.facebook.com\/welovecinema.be\" \/>\n<meta property=\"article:published_time\" content=\"2019-08-09T18:05:12+00:00\" \/>\n<meta property=\"article:modified_time\" content=\"2019-08-16T07:26:44+00:00\" \/>\n<meta property=\"og:image\" content=\"https:\/\/welovecinema.be\/wp-content\/uploads\/sites\/2\/2019\/08\/De-Patrick_fDD15_1.49.3.jpg\" \/>\n\t<meta property=\"og:image:width\" content=\"6000\" \/>\n\t<meta property=\"og:image:height\" content=\"4000\" \/>\n\t<meta property=\"og:image:type\" content=\"image\/jpeg\" \/>\n<meta name=\"author\" content=\"Seppe van Groeningen\" \/>\n<meta name=\"twitter:card\" content=\"summary_large_image\" \/>\n<meta name=\"twitter:label1\" content=\"Geschreven door\" \/>\n\t<meta name=\"twitter:data1\" content=\"Seppe van Groeningen\" \/>\n\t<meta name=\"twitter:label2\" content=\"Geschatte leestijd\" \/>\n\t<meta name=\"twitter:data2\" content=\"7 minuten\" \/>\n<script type=\"application\/ld+json\" class=\"yoast-schema-graph\">{\"@context\":\"https:\/\/schema.org\",\"@graph\":[{\"@type\":\"Article\",\"@id\":\"https:\/\/welovecinema.be\/nl\/in-de-patrick-schittert-topactrice-ariane-van-vliet-als-liliane\/#article\",\"isPartOf\":{\"@id\":\"https:\/\/welovecinema.be\/nl\/in-de-patrick-schittert-topactrice-ariane-van-vliet-als-liliane\/\"},\"author\":{\"name\":\"Seppe van Groeningen\",\"@id\":\"https:\/\/welovecinema.be\/nl\/#\/schema\/person\/9a9270eec1274600ec8c420b80d00480\"},\"headline\":\"In \u2018De Patrick\u2019 schittert topactrice Ariane van Vliet als Liliane!\",\"datePublished\":\"2019-08-09T18:05:12+00:00\",\"dateModified\":\"2019-08-16T07:26:44+00:00\",\"mainEntityOfPage\":{\"@id\":\"https:\/\/welovecinema.be\/nl\/in-de-patrick-schittert-topactrice-ariane-van-vliet-als-liliane\/\"},\"wordCount\":1473,\"publisher\":{\"@id\":\"https:\/\/welovecinema.be\/nl\/#organization\"},\"keywords\":[\"Ariane van Vliet\",\"De Patrick\",\"intervieuw\",\"interview\",\"Kevin Janssens\",\"Koen De Graeve\",\"newsletter\"],\"articleSection\":[\"Binnenkort\",\"Interviews\",\"Nieuws\",\"Varia\"],\"inLanguage\":\"nl-NL\"},{\"@type\":\"WebPage\",\"@id\":\"https:\/\/welovecinema.be\/nl\/in-de-patrick-schittert-topactrice-ariane-van-vliet-als-liliane\/\",\"url\":\"https:\/\/welovecinema.be\/nl\/in-de-patrick-schittert-topactrice-ariane-van-vliet-als-liliane\/\",\"name\":\"In \u2018De Patrick\u2019 schittert topactrice Ariane van Vliet als Liliane! - We Love Cinema\",\"isPartOf\":{\"@id\":\"https:\/\/welovecinema.be\/nl\/#website\"},\"datePublished\":\"2019-08-09T18:05:12+00:00\",\"dateModified\":\"2019-08-16T07:26:44+00:00\",\"breadcrumb\":{\"@id\":\"https:\/\/welovecinema.be\/nl\/in-de-patrick-schittert-topactrice-ariane-van-vliet-als-liliane\/#breadcrumb\"},\"inLanguage\":\"nl-NL\",\"potentialAction\":[{\"@type\":\"ReadAction\",\"target\":[\"https:\/\/welovecinema.be\/nl\/in-de-patrick-schittert-topactrice-ariane-van-vliet-als-liliane\/\"]}]},{\"@type\":\"BreadcrumbList\",\"@id\":\"https:\/\/welovecinema.be\/nl\/in-de-patrick-schittert-topactrice-ariane-van-vliet-als-liliane\/#breadcrumb\",\"itemListElement\":[{\"@type\":\"ListItem\",\"position\":1,\"name\":\"Accueil\",\"item\":\"https:\/\/welovecinema.be\/nl\/\"},{\"@type\":\"ListItem\",\"position\":2,\"name\":\"In \u2018De Patrick\u2019 schittert topactrice Ariane van Vliet als Liliane!\"}]},{\"@type\":\"WebSite\",\"@id\":\"https:\/\/welovecinema.be\/nl\/#website\",\"url\":\"https:\/\/welovecinema.be\/nl\/\",\"name\":\"We Love Cinema\",\"description\":\"Toute l\u2019information du cin\u00e9ma en Belgique\",\"publisher\":{\"@id\":\"https:\/\/welovecinema.be\/nl\/#organization\"},\"potentialAction\":[{\"@type\":\"SearchAction\",\"target\":{\"@type\":\"EntryPoint\",\"urlTemplate\":\"https:\/\/welovecinema.be\/nl\/?s={search_term_string}\"},\"query-input\":\"required name=search_term_string\"}],\"inLanguage\":\"nl-NL\"},{\"@type\":\"Organization\",\"@id\":\"https:\/\/welovecinema.be\/nl\/#organization\",\"name\":\"We Love Cinema\",\"url\":\"https:\/\/welovecinema.be\/nl\/\",\"logo\":{\"@type\":\"ImageObject\",\"inLanguage\":\"nl-NL\",\"@id\":\"https:\/\/welovecinema.be\/nl\/#\/schema\/logo\/image\/\",\"url\":\"https:\/\/welovecinema.be\/wp-content\/uploads\/sites\/2\/2023\/03\/Logo-We-Love-Cinema305x128.jpg\",\"contentUrl\":\"https:\/\/welovecinema.be\/wp-content\/uploads\/sites\/2\/2023\/03\/Logo-We-Love-Cinema305x128.jpg\",\"width\":305,\"height\":128,\"caption\":\"We Love Cinema\"},\"image\":{\"@id\":\"https:\/\/welovecinema.be\/nl\/#\/schema\/logo\/image\/\"},\"sameAs\":[\"https:\/\/www.facebook.com\/welovecinema.be\",\"https:\/\/www.youtube.com\/channel\/UCX5LYGVhnKvYauW4Nta4HJA\",\"https:\/\/www.instagram.com\/welovecinema.be\/\"]},{\"@type\":\"Person\",\"@id\":\"https:\/\/welovecinema.be\/nl\/#\/schema\/person\/9a9270eec1274600ec8c420b80d00480\",\"name\":\"Seppe van Groeningen\",\"url\":\"https:\/\/welovecinema.be\/nl\/author\/seppe\/\"}]}<\/script>\n<!-- \/ Yoast SEO plugin. -->","yoast_head_json":{"title":"In \u2018De Patrick\u2019 schittert topactrice Ariane van Vliet als Liliane! - We Love Cinema","robots":{"index":"index","follow":"follow","max-snippet":"max-snippet:-1","max-image-preview":"max-image-preview:large","max-video-preview":"max-video-preview:-1"},"canonical":"https:\/\/welovecinema.be\/nl\/in-de-patrick-schittert-topactrice-ariane-van-vliet-als-liliane\/","og_locale":"nl_NL","og_type":"article","og_title":"In \u2018De Patrick\u2019 schittert topactrice Ariane van Vliet als Liliane! - We Love Cinema","og_description":"Ariane van Vliet (1971) studeerde af aan de studio Herman Teirlinck te Antwerpen. Daar leerde ze haar man Koen De Graeve kennen, met wie ze drie dochters heeft. Ze deed veel theaterwerk voor Blauwe Maandag cie en Toneelhuis, nu werkt ze als freelance actrice bij Het Paleis,\u00a0Lazarus, NTG en Malpertuis. Alweer meer dan tien jaar &hellip;","og_url":"https:\/\/welovecinema.be\/nl\/in-de-patrick-schittert-topactrice-ariane-van-vliet-als-liliane\/","og_site_name":"We Love Cinema","article_publisher":"https:\/\/www.facebook.com\/welovecinema.be","article_published_time":"2019-08-09T18:05:12+00:00","article_modified_time":"2019-08-16T07:26:44+00:00","og_image":[{"width":6000,"height":4000,"url":"https:\/\/welovecinema.be\/wp-content\/uploads\/sites\/2\/2019\/08\/De-Patrick_fDD15_1.49.3.jpg","type":"image\/jpeg"}],"author":"Seppe van Groeningen","twitter_card":"summary_large_image","twitter_misc":{"Geschreven door":"Seppe van Groeningen","Geschatte leestijd":"7 minuten"},"schema":{"@context":"https:\/\/schema.org","@graph":[{"@type":"Article","@id":"https:\/\/welovecinema.be\/nl\/in-de-patrick-schittert-topactrice-ariane-van-vliet-als-liliane\/#article","isPartOf":{"@id":"https:\/\/welovecinema.be\/nl\/in-de-patrick-schittert-topactrice-ariane-van-vliet-als-liliane\/"},"author":{"name":"Seppe van Groeningen","@id":"https:\/\/welovecinema.be\/nl\/#\/schema\/person\/9a9270eec1274600ec8c420b80d00480"},"headline":"In \u2018De Patrick\u2019 schittert topactrice Ariane van Vliet als Liliane!","datePublished":"2019-08-09T18:05:12+00:00","dateModified":"2019-08-16T07:26:44+00:00","mainEntityOfPage":{"@id":"https:\/\/welovecinema.be\/nl\/in-de-patrick-schittert-topactrice-ariane-van-vliet-als-liliane\/"},"wordCount":1473,"publisher":{"@id":"https:\/\/welovecinema.be\/nl\/#organization"},"keywords":["Ariane van Vliet","De Patrick","intervieuw","interview","Kevin Janssens","Koen De Graeve","newsletter"],"articleSection":["Binnenkort","Interviews","Nieuws","Varia"],"inLanguage":"nl-NL"},{"@type":"WebPage","@id":"https:\/\/welovecinema.be\/nl\/in-de-patrick-schittert-topactrice-ariane-van-vliet-als-liliane\/","url":"https:\/\/welovecinema.be\/nl\/in-de-patrick-schittert-topactrice-ariane-van-vliet-als-liliane\/","name":"In \u2018De Patrick\u2019 schittert topactrice Ariane van Vliet als Liliane! - We Love Cinema","isPartOf":{"@id":"https:\/\/welovecinema.be\/nl\/#website"},"datePublished":"2019-08-09T18:05:12+00:00","dateModified":"2019-08-16T07:26:44+00:00","breadcrumb":{"@id":"https:\/\/welovecinema.be\/nl\/in-de-patrick-schittert-topactrice-ariane-van-vliet-als-liliane\/#breadcrumb"},"inLanguage":"nl-NL","potentialAction":[{"@type":"ReadAction","target":["https:\/\/welovecinema.be\/nl\/in-de-patrick-schittert-topactrice-ariane-van-vliet-als-liliane\/"]}]},{"@type":"BreadcrumbList","@id":"https:\/\/welovecinema.be\/nl\/in-de-patrick-schittert-topactrice-ariane-van-vliet-als-liliane\/#breadcrumb","itemListElement":[{"@type":"ListItem","position":1,"name":"Accueil","item":"https:\/\/welovecinema.be\/nl\/"},{"@type":"ListItem","position":2,"name":"In \u2018De Patrick\u2019 schittert topactrice Ariane van Vliet als Liliane!"}]},{"@type":"WebSite","@id":"https:\/\/welovecinema.be\/nl\/#website","url":"https:\/\/welovecinema.be\/nl\/","name":"We Love Cinema","description":"Toute l\u2019information du cin\u00e9ma en Belgique","publisher":{"@id":"https:\/\/welovecinema.be\/nl\/#organization"},"potentialAction":[{"@type":"SearchAction","target":{"@type":"EntryPoint","urlTemplate":"https:\/\/welovecinema.be\/nl\/?s={search_term_string}"},"query-input":"required name=search_term_string"}],"inLanguage":"nl-NL"},{"@type":"Organization","@id":"https:\/\/welovecinema.be\/nl\/#organization","name":"We Love Cinema","url":"https:\/\/welovecinema.be\/nl\/","logo":{"@type":"ImageObject","inLanguage":"nl-NL","@id":"https:\/\/welovecinema.be\/nl\/#\/schema\/logo\/image\/","url":"https:\/\/welovecinema.be\/wp-content\/uploads\/sites\/2\/2023\/03\/Logo-We-Love-Cinema305x128.jpg","contentUrl":"https:\/\/welovecinema.be\/wp-content\/uploads\/sites\/2\/2023\/03\/Logo-We-Love-Cinema305x128.jpg","width":305,"height":128,"caption":"We Love Cinema"},"image":{"@id":"https:\/\/welovecinema.be\/nl\/#\/schema\/logo\/image\/"},"sameAs":["https:\/\/www.facebook.com\/welovecinema.be","https:\/\/www.youtube.com\/channel\/UCX5LYGVhnKvYauW4Nta4HJA","https:\/\/www.instagram.com\/welovecinema.be\/"]},{"@type":"Person","@id":"https:\/\/welovecinema.be\/nl\/#\/schema\/person\/9a9270eec1274600ec8c420b80d00480","name":"Seppe van Groeningen","url":"https:\/\/welovecinema.be\/nl\/author\/seppe\/"}]}},"_links":{"self":[{"href":"https:\/\/welovecinema.be\/nl\/wp-json\/wp\/v2\/posts\/221479","targetHints":{"allow":["GET"]}}],"collection":[{"href":"https:\/\/welovecinema.be\/nl\/wp-json\/wp\/v2\/posts"}],"about":[{"href":"https:\/\/welovecinema.be\/nl\/wp-json\/wp\/v2\/types\/post"}],"author":[{"embeddable":true,"href":"https:\/\/welovecinema.be\/nl\/wp-json\/wp\/v2\/users\/349"}],"replies":[{"embeddable":true,"href":"https:\/\/welovecinema.be\/nl\/wp-json\/wp\/v2\/comments?post=221479"}],"version-history":[{"count":0,"href":"https:\/\/welovecinema.be\/nl\/wp-json\/wp\/v2\/posts\/221479\/revisions"}],"wp:featuredmedia":[{"embeddable":true,"href":"https:\/\/welovecinema.be\/nl\/wp-json\/wp\/v2\/media\/221481"}],"wp:attachment":[{"href":"https:\/\/welovecinema.be\/nl\/wp-json\/wp\/v2\/media?parent=221479"}],"wp:term":[{"taxonomy":"category","embeddable":true,"href":"https:\/\/welovecinema.be\/nl\/wp-json\/wp\/v2\/categories?post=221479"},{"taxonomy":"post_tag","embeddable":true,"href":"https:\/\/welovecinema.be\/nl\/wp-json\/wp\/v2\/tags?post=221479"}],"curies":[{"name":"wp","href":"https:\/\/api.w.org\/{rel}","templated":true}]}}