{"id":221475,"date":"2019-08-09T15:45:20","date_gmt":"2019-08-09T13:45:20","guid":{"rendered":"https:\/\/www.cinevox.be\/?p=221475"},"modified":"2019-08-09T15:45:43","modified_gmt":"2019-08-09T13:45:43","slug":"koen-de-bouw-en-nog-meer-vlaams-talent-bevestigd-voor-filmfestival-oostende","status":"publish","type":"post","link":"https:\/\/welovecinema.be\/nl\/koen-de-bouw-en-nog-meer-vlaams-talent-bevestigd-voor-filmfestival-oostende\/","title":{"rendered":"Koen De Bouw en nog meer Vlaams talent bevestigd voor Filmfestival Oostende!"},"content":{"rendered":"<h2 class=\"story__subtitle\">Bastaard wordt slotfilm FFO. Koen De Bouw stelt thrillerserie <em>Grenslanders<\/em> voor.<\/h2>\n<h3 class=\"story__subtitle\"><strong>Op zaterdag 7 september stelt Koen De Bouw de nieuwe \u00e9\u00e9n-reeks <em>Grenslanders<\/em> voor in exclusieve avant-premi\u00e8re. Hij speelt de hoofdrol naast de Nederlandse actrice, Jasmine Sendar, die hem samen met Wim Willaert en Sebastien Dewaele zal vergezellen op de rode loper.\u00a0Op vrijdag 13 september zal De Bouw ook te zien zijn. Hij speelt\u00a0een rol in\u00a0de thriller\u00a0BASTAARD.\u00a0De debuutfilm van Mathieu Mortelmans mag de 13e editie van Filmfestival Oostende afsluiten. Dit gebeurt in stijl en in\u00a0aanwezigheid van de regisseur en de cast.<\/strong><\/h3>\n<p><em><strong>GRENSLANDERS<\/strong><\/em><\/p>\n<p><em>Grenslanders<\/em>\u00a0is een achtdelige\u00a0thrillerserie waarin Koen De Bouw de rol vertolkt van Bert, een psychiater uit Antwerpen, die samen met een rechercheur uit Rotterdam\u00a0(Jasmine Sendar) moet proberen te achterhalen wat er met een zwaar getraumatiseerd meisje van Afrikaanse origine gebeurd is. De reeks is een unieke Belgisch-Nederlandse coproductie tussen Eyeworks (Peter Bouckaert) en Column (Chantal Van der Horst) en is dit najaar te zien op \u00e9\u00e9n (BE) &amp; AVRO TROS (NL).\u00a0\u00a0De regie is in handen van Erik de Bruyn (NL) en Hendrik Moonen (BE), naar een scenario van Erik de Bruyn (NL) en Rik D&#8217;hiet (BE). Naast de hoofdrollen van Koen De Bouw &amp; Jasmine Sendar maken ook\u00a0Wim Willaert, Sebastien Dewaele en\u00a0Herwig Ilegems deel uit van de cast.<\/p>\n<p>Op zaterdag 7 september (17u30) worden de eerste twee afleveringen vertoond in aanwezigheid van de regisseur (Erik de Bruyn) &amp; de cast (Koen De Bouw, Jasmine Sendar, Wim Willaert, Sebastien Dewaele).\u00a0<a href=\"https:\/\/filmfestivaloostende.be\/nl\/program\/m\/grenslanders\">Tickets<\/a> zijn nu reeds te verkrijgen via de website van Filmfestival Oostende.<\/p>\n<p><strong><em>BASTAARD<\/em> SLOTFILM FFO<\/strong><\/p>\n<p>Naast <em>Grenslanders<\/em> zal Koen De Bouw ook te zien zijn in <em>Bastaard<\/em>, de debuutfilm van Mathieu Mortelmans. Deze psychologische thriller vertelt het verhaal van Daan, een\u00a0zeventienjarige jongen\u00a0die\u00a0na de tragische dood van zijn oudere broer aan het hoofd komt te staan van een verscheurd gezin. De rouw lijkt onoverwinnelijk tot de familie de dakloze tiener Radja ontmoet. Daans moeder ziet een kans om de leegte in te vullen en biedt de onbekende jongen onderdak aan. Wanneer Daan merkt dat de nieuwkomer meer en meer macht krijgt over zijn kwetsbare moeder, bijt hij zich vast in Radja\u2019s mysterieuze verleden&#8230;<\/p>\n<p>Regisseur Mathieu Mortelmans\u00a0liet zich al opmerken met de kortfilms <em>Chambre Double<\/em>, <em>Complices<\/em>\u00a0en <em>Les Naufrages<\/em>. Hij zat ook in de regiestoel voor <em>De Kroongetuigen, Vermist, De Bunker <\/em>en<em> Gent West<\/em>.\u00a0<em>Bastaard<\/em>\u00a0is een productie van Marmalade Films. De film wordt gedragen door sterke vertolkingen van\u00a0Spencer Bogaert <em>(Labyrinthus, Vincent, De Twaalf<\/em>),\u00a0Tine Reymer <em>(De Premier, Salamander<\/em>) en nieuwkomer\u00a0Bjarne Devolder.\u00a0\u00a0Het scenario is van de hand van schrijversduo Jan Pepermans en Stefanie Vanhecke, die samen ook aan de wieg stonden van <em>Chauss\u00e9e d&#8217;Amour<\/em>.<\/p>\n<p>Op vrijdag 13\u00a0september (19u45) kan u de <a href=\"https:\/\/filmfestivaloostende.be\/nl\/program\/m\/bastaard\">avant-premi\u00e8re<\/a> bijwonen van <em>Bastaard<\/em>, de slotfilm in aanwezigheid van de regisseur (Mathieu Mortelmans), cast (Bjarne Devolder, Lukas Bulteel,&#8230;) &amp; crew (Stefanie Vanhecke,\u00a0Jan Pepermans)<\/p>\n<p>Info en tickets op www.filmfestivaloostende.be<\/p>\n","protected":false},"excerpt":{"rendered":"<p>Bastaard wordt slotfilm FFO. Koen De Bouw stelt thrillerserie Grenslanders voor. Op zaterdag 7 september stelt Koen De Bouw de nieuwe \u00e9\u00e9n-reeks Grenslanders voor in exclusieve avant-premi\u00e8re. Hij speelt de hoofdrol naast de Nederlandse actrice, Jasmine Sendar, die hem samen met Wim Willaert en Sebastien Dewaele zal vergezellen op de rode loper.\u00a0Op vrijdag 13 september &hellip;<\/p>\n","protected":false},"author":349,"featured_media":221476,"comment_status":"closed","ping_status":"closed","sticky":false,"template":"","format":"standard","meta":{"ngg_post_thumbnail":0,"footnotes":""},"categories":[1069,30,3],"tags":[3689,1341,1616,4469,154],"class_list":["post-221475","post","type-post","status-publish","format-standard","has-post-thumbnail","","category-festivals-nl","category-nieuws","category-varia-nl","tag-bastaard","tag-ffo","tag-filmfestival-oostende","tag-grenslanders","tag-koen-de-bouw"],"yoast_head":"<!-- This site is optimized with the Yoast SEO plugin v20.4 - https:\/\/yoast.com\/wordpress\/plugins\/seo\/ -->\n<title>Koen De Bouw en nog meer Vlaams talent bevestigd voor Filmfestival Oostende! - We Love Cinema<\/title>\n<meta name=\"robots\" content=\"index, follow, max-snippet:-1, max-image-preview:large, max-video-preview:-1\" \/>\n<link rel=\"canonical\" href=\"https:\/\/welovecinema.be\/nl\/koen-de-bouw-en-nog-meer-vlaams-talent-bevestigd-voor-filmfestival-oostende\/\" \/>\n<meta property=\"og:locale\" content=\"nl_NL\" \/>\n<meta property=\"og:type\" content=\"article\" \/>\n<meta property=\"og:title\" content=\"Koen De Bouw en nog meer Vlaams talent bevestigd voor Filmfestival Oostende! - We Love Cinema\" \/>\n<meta property=\"og:description\" content=\"Bastaard wordt slotfilm FFO. Koen De Bouw stelt thrillerserie Grenslanders voor. Op zaterdag 7 september stelt Koen De Bouw de nieuwe \u00e9\u00e9n-reeks Grenslanders voor in exclusieve avant-premi\u00e8re. Hij speelt de hoofdrol naast de Nederlandse actrice, Jasmine Sendar, die hem samen met Wim Willaert en Sebastien Dewaele zal vergezellen op de rode loper.\u00a0Op vrijdag 13 september &hellip;\" \/>\n<meta property=\"og:url\" content=\"https:\/\/welovecinema.be\/nl\/koen-de-bouw-en-nog-meer-vlaams-talent-bevestigd-voor-filmfestival-oostende\/\" \/>\n<meta property=\"og:site_name\" content=\"We Love Cinema\" \/>\n<meta property=\"article:publisher\" content=\"https:\/\/www.facebook.com\/welovecinema.be\" \/>\n<meta property=\"article:published_time\" content=\"2019-08-09T13:45:20+00:00\" \/>\n<meta property=\"article:modified_time\" content=\"2019-08-09T13:45:43+00:00\" \/>\n<meta property=\"og:image\" content=\"https:\/\/welovecinema.be\/wp-content\/uploads\/sites\/2\/2019\/08\/Screen-Shot-2019-08-09-at-15.44.21.jpg\" \/>\n\t<meta property=\"og:image:width\" content=\"550\" \/>\n\t<meta property=\"og:image:height\" content=\"356\" \/>\n\t<meta property=\"og:image:type\" content=\"image\/jpeg\" \/>\n<meta name=\"author\" content=\"Seppe van Groeningen\" \/>\n<meta name=\"twitter:card\" content=\"summary_large_image\" \/>\n<meta name=\"twitter:label1\" content=\"Geschreven door\" \/>\n\t<meta name=\"twitter:data1\" content=\"Seppe van Groeningen\" \/>\n\t<meta name=\"twitter:label2\" content=\"Geschatte leestijd\" \/>\n\t<meta name=\"twitter:data2\" content=\"2 minuten\" \/>\n<script type=\"application\/ld+json\" class=\"yoast-schema-graph\">{\"@context\":\"https:\/\/schema.org\",\"@graph\":[{\"@type\":\"Article\",\"@id\":\"https:\/\/welovecinema.be\/nl\/koen-de-bouw-en-nog-meer-vlaams-talent-bevestigd-voor-filmfestival-oostende\/#article\",\"isPartOf\":{\"@id\":\"https:\/\/welovecinema.be\/nl\/koen-de-bouw-en-nog-meer-vlaams-talent-bevestigd-voor-filmfestival-oostende\/\"},\"author\":{\"name\":\"Seppe van Groeningen\",\"@id\":\"https:\/\/welovecinema.be\/nl\/#\/schema\/person\/9a9270eec1274600ec8c420b80d00480\"},\"headline\":\"Koen De Bouw en nog meer Vlaams talent bevestigd voor Filmfestival Oostende!\",\"datePublished\":\"2019-08-09T13:45:20+00:00\",\"dateModified\":\"2019-08-09T13:45:43+00:00\",\"mainEntityOfPage\":{\"@id\":\"https:\/\/welovecinema.be\/nl\/koen-de-bouw-en-nog-meer-vlaams-talent-bevestigd-voor-filmfestival-oostende\/\"},\"wordCount\":504,\"publisher\":{\"@id\":\"https:\/\/welovecinema.be\/nl\/#organization\"},\"keywords\":[\"'Bastaard'\",\"FFO\",\"Filmfestival Oostende\",\"grenslanders\",\"Koen De Bouw\"],\"articleSection\":[\"Festivals\",\"Nieuws\",\"Varia\"],\"inLanguage\":\"nl-NL\"},{\"@type\":\"WebPage\",\"@id\":\"https:\/\/welovecinema.be\/nl\/koen-de-bouw-en-nog-meer-vlaams-talent-bevestigd-voor-filmfestival-oostende\/\",\"url\":\"https:\/\/welovecinema.be\/nl\/koen-de-bouw-en-nog-meer-vlaams-talent-bevestigd-voor-filmfestival-oostende\/\",\"name\":\"Koen De Bouw en nog meer Vlaams talent bevestigd voor Filmfestival Oostende! - We Love Cinema\",\"isPartOf\":{\"@id\":\"https:\/\/welovecinema.be\/nl\/#website\"},\"datePublished\":\"2019-08-09T13:45:20+00:00\",\"dateModified\":\"2019-08-09T13:45:43+00:00\",\"breadcrumb\":{\"@id\":\"https:\/\/welovecinema.be\/nl\/koen-de-bouw-en-nog-meer-vlaams-talent-bevestigd-voor-filmfestival-oostende\/#breadcrumb\"},\"inLanguage\":\"nl-NL\",\"potentialAction\":[{\"@type\":\"ReadAction\",\"target\":[\"https:\/\/welovecinema.be\/nl\/koen-de-bouw-en-nog-meer-vlaams-talent-bevestigd-voor-filmfestival-oostende\/\"]}]},{\"@type\":\"BreadcrumbList\",\"@id\":\"https:\/\/welovecinema.be\/nl\/koen-de-bouw-en-nog-meer-vlaams-talent-bevestigd-voor-filmfestival-oostende\/#breadcrumb\",\"itemListElement\":[{\"@type\":\"ListItem\",\"position\":1,\"name\":\"Accueil\",\"item\":\"https:\/\/welovecinema.be\/nl\/\"},{\"@type\":\"ListItem\",\"position\":2,\"name\":\"Koen De Bouw en nog meer Vlaams talent bevestigd voor Filmfestival Oostende!\"}]},{\"@type\":\"WebSite\",\"@id\":\"https:\/\/welovecinema.be\/nl\/#website\",\"url\":\"https:\/\/welovecinema.be\/nl\/\",\"name\":\"We Love Cinema\",\"description\":\"Toute l\u2019information du cin\u00e9ma en Belgique\",\"publisher\":{\"@id\":\"https:\/\/welovecinema.be\/nl\/#organization\"},\"potentialAction\":[{\"@type\":\"SearchAction\",\"target\":{\"@type\":\"EntryPoint\",\"urlTemplate\":\"https:\/\/welovecinema.be\/nl\/?s={search_term_string}\"},\"query-input\":\"required name=search_term_string\"}],\"inLanguage\":\"nl-NL\"},{\"@type\":\"Organization\",\"@id\":\"https:\/\/welovecinema.be\/nl\/#organization\",\"name\":\"We Love Cinema\",\"url\":\"https:\/\/welovecinema.be\/nl\/\",\"logo\":{\"@type\":\"ImageObject\",\"inLanguage\":\"nl-NL\",\"@id\":\"https:\/\/welovecinema.be\/nl\/#\/schema\/logo\/image\/\",\"url\":\"https:\/\/welovecinema.be\/wp-content\/uploads\/sites\/2\/2023\/03\/Logo-We-Love-Cinema305x128.jpg\",\"contentUrl\":\"https:\/\/welovecinema.be\/wp-content\/uploads\/sites\/2\/2023\/03\/Logo-We-Love-Cinema305x128.jpg\",\"width\":305,\"height\":128,\"caption\":\"We Love Cinema\"},\"image\":{\"@id\":\"https:\/\/welovecinema.be\/nl\/#\/schema\/logo\/image\/\"},\"sameAs\":[\"https:\/\/www.facebook.com\/welovecinema.be\",\"https:\/\/www.youtube.com\/channel\/UCX5LYGVhnKvYauW4Nta4HJA\",\"https:\/\/www.instagram.com\/welovecinema.be\/\"]},{\"@type\":\"Person\",\"@id\":\"https:\/\/welovecinema.be\/nl\/#\/schema\/person\/9a9270eec1274600ec8c420b80d00480\",\"name\":\"Seppe van Groeningen\",\"url\":\"https:\/\/welovecinema.be\/nl\/author\/seppe\/\"}]}<\/script>\n<!-- \/ Yoast SEO plugin. -->","yoast_head_json":{"title":"Koen De Bouw en nog meer Vlaams talent bevestigd voor Filmfestival Oostende! - We Love Cinema","robots":{"index":"index","follow":"follow","max-snippet":"max-snippet:-1","max-image-preview":"max-image-preview:large","max-video-preview":"max-video-preview:-1"},"canonical":"https:\/\/welovecinema.be\/nl\/koen-de-bouw-en-nog-meer-vlaams-talent-bevestigd-voor-filmfestival-oostende\/","og_locale":"nl_NL","og_type":"article","og_title":"Koen De Bouw en nog meer Vlaams talent bevestigd voor Filmfestival Oostende! - We Love Cinema","og_description":"Bastaard wordt slotfilm FFO. Koen De Bouw stelt thrillerserie Grenslanders voor. Op zaterdag 7 september stelt Koen De Bouw de nieuwe \u00e9\u00e9n-reeks Grenslanders voor in exclusieve avant-premi\u00e8re. Hij speelt de hoofdrol naast de Nederlandse actrice, Jasmine Sendar, die hem samen met Wim Willaert en Sebastien Dewaele zal vergezellen op de rode loper.\u00a0Op vrijdag 13 september &hellip;","og_url":"https:\/\/welovecinema.be\/nl\/koen-de-bouw-en-nog-meer-vlaams-talent-bevestigd-voor-filmfestival-oostende\/","og_site_name":"We Love Cinema","article_publisher":"https:\/\/www.facebook.com\/welovecinema.be","article_published_time":"2019-08-09T13:45:20+00:00","article_modified_time":"2019-08-09T13:45:43+00:00","og_image":[{"width":550,"height":356,"url":"https:\/\/welovecinema.be\/wp-content\/uploads\/sites\/2\/2019\/08\/Screen-Shot-2019-08-09-at-15.44.21.jpg","type":"image\/jpeg"}],"author":"Seppe van Groeningen","twitter_card":"summary_large_image","twitter_misc":{"Geschreven door":"Seppe van Groeningen","Geschatte leestijd":"2 minuten"},"schema":{"@context":"https:\/\/schema.org","@graph":[{"@type":"Article","@id":"https:\/\/welovecinema.be\/nl\/koen-de-bouw-en-nog-meer-vlaams-talent-bevestigd-voor-filmfestival-oostende\/#article","isPartOf":{"@id":"https:\/\/welovecinema.be\/nl\/koen-de-bouw-en-nog-meer-vlaams-talent-bevestigd-voor-filmfestival-oostende\/"},"author":{"name":"Seppe van Groeningen","@id":"https:\/\/welovecinema.be\/nl\/#\/schema\/person\/9a9270eec1274600ec8c420b80d00480"},"headline":"Koen De Bouw en nog meer Vlaams talent bevestigd voor Filmfestival Oostende!","datePublished":"2019-08-09T13:45:20+00:00","dateModified":"2019-08-09T13:45:43+00:00","mainEntityOfPage":{"@id":"https:\/\/welovecinema.be\/nl\/koen-de-bouw-en-nog-meer-vlaams-talent-bevestigd-voor-filmfestival-oostende\/"},"wordCount":504,"publisher":{"@id":"https:\/\/welovecinema.be\/nl\/#organization"},"keywords":["'Bastaard'","FFO","Filmfestival Oostende","grenslanders","Koen De Bouw"],"articleSection":["Festivals","Nieuws","Varia"],"inLanguage":"nl-NL"},{"@type":"WebPage","@id":"https:\/\/welovecinema.be\/nl\/koen-de-bouw-en-nog-meer-vlaams-talent-bevestigd-voor-filmfestival-oostende\/","url":"https:\/\/welovecinema.be\/nl\/koen-de-bouw-en-nog-meer-vlaams-talent-bevestigd-voor-filmfestival-oostende\/","name":"Koen De Bouw en nog meer Vlaams talent bevestigd voor Filmfestival Oostende! - We Love Cinema","isPartOf":{"@id":"https:\/\/welovecinema.be\/nl\/#website"},"datePublished":"2019-08-09T13:45:20+00:00","dateModified":"2019-08-09T13:45:43+00:00","breadcrumb":{"@id":"https:\/\/welovecinema.be\/nl\/koen-de-bouw-en-nog-meer-vlaams-talent-bevestigd-voor-filmfestival-oostende\/#breadcrumb"},"inLanguage":"nl-NL","potentialAction":[{"@type":"ReadAction","target":["https:\/\/welovecinema.be\/nl\/koen-de-bouw-en-nog-meer-vlaams-talent-bevestigd-voor-filmfestival-oostende\/"]}]},{"@type":"BreadcrumbList","@id":"https:\/\/welovecinema.be\/nl\/koen-de-bouw-en-nog-meer-vlaams-talent-bevestigd-voor-filmfestival-oostende\/#breadcrumb","itemListElement":[{"@type":"ListItem","position":1,"name":"Accueil","item":"https:\/\/welovecinema.be\/nl\/"},{"@type":"ListItem","position":2,"name":"Koen De Bouw en nog meer Vlaams talent bevestigd voor Filmfestival Oostende!"}]},{"@type":"WebSite","@id":"https:\/\/welovecinema.be\/nl\/#website","url":"https:\/\/welovecinema.be\/nl\/","name":"We Love Cinema","description":"Toute l\u2019information du cin\u00e9ma en Belgique","publisher":{"@id":"https:\/\/welovecinema.be\/nl\/#organization"},"potentialAction":[{"@type":"SearchAction","target":{"@type":"EntryPoint","urlTemplate":"https:\/\/welovecinema.be\/nl\/?s={search_term_string}"},"query-input":"required name=search_term_string"}],"inLanguage":"nl-NL"},{"@type":"Organization","@id":"https:\/\/welovecinema.be\/nl\/#organization","name":"We Love Cinema","url":"https:\/\/welovecinema.be\/nl\/","logo":{"@type":"ImageObject","inLanguage":"nl-NL","@id":"https:\/\/welovecinema.be\/nl\/#\/schema\/logo\/image\/","url":"https:\/\/welovecinema.be\/wp-content\/uploads\/sites\/2\/2023\/03\/Logo-We-Love-Cinema305x128.jpg","contentUrl":"https:\/\/welovecinema.be\/wp-content\/uploads\/sites\/2\/2023\/03\/Logo-We-Love-Cinema305x128.jpg","width":305,"height":128,"caption":"We Love Cinema"},"image":{"@id":"https:\/\/welovecinema.be\/nl\/#\/schema\/logo\/image\/"},"sameAs":["https:\/\/www.facebook.com\/welovecinema.be","https:\/\/www.youtube.com\/channel\/UCX5LYGVhnKvYauW4Nta4HJA","https:\/\/www.instagram.com\/welovecinema.be\/"]},{"@type":"Person","@id":"https:\/\/welovecinema.be\/nl\/#\/schema\/person\/9a9270eec1274600ec8c420b80d00480","name":"Seppe van Groeningen","url":"https:\/\/welovecinema.be\/nl\/author\/seppe\/"}]}},"_links":{"self":[{"href":"https:\/\/welovecinema.be\/nl\/wp-json\/wp\/v2\/posts\/221475","targetHints":{"allow":["GET"]}}],"collection":[{"href":"https:\/\/welovecinema.be\/nl\/wp-json\/wp\/v2\/posts"}],"about":[{"href":"https:\/\/welovecinema.be\/nl\/wp-json\/wp\/v2\/types\/post"}],"author":[{"embeddable":true,"href":"https:\/\/welovecinema.be\/nl\/wp-json\/wp\/v2\/users\/349"}],"replies":[{"embeddable":true,"href":"https:\/\/welovecinema.be\/nl\/wp-json\/wp\/v2\/comments?post=221475"}],"version-history":[{"count":0,"href":"https:\/\/welovecinema.be\/nl\/wp-json\/wp\/v2\/posts\/221475\/revisions"}],"wp:featuredmedia":[{"embeddable":true,"href":"https:\/\/welovecinema.be\/nl\/wp-json\/wp\/v2\/media\/221476"}],"wp:attachment":[{"href":"https:\/\/welovecinema.be\/nl\/wp-json\/wp\/v2\/media?parent=221475"}],"wp:term":[{"taxonomy":"category","embeddable":true,"href":"https:\/\/welovecinema.be\/nl\/wp-json\/wp\/v2\/categories?post=221475"},{"taxonomy":"post_tag","embeddable":true,"href":"https:\/\/welovecinema.be\/nl\/wp-json\/wp\/v2\/tags?post=221475"}],"curies":[{"name":"wp","href":"https:\/\/api.w.org\/{rel}","templated":true}]}}