{"id":219330,"date":"2019-04-26T11:33:37","date_gmt":"2019-04-26T09:33:37","guid":{"rendered":"https:\/\/www.cinevox.be\/?p=219330"},"modified":"2019-05-10T23:34:45","modified_gmt":"2019-05-10T21:34:45","slug":"the-best-of-dorien-b-van-anke-opent-ff0-2019","status":"publish","type":"post","link":"https:\/\/welovecinema.be\/nl\/the-best-of-dorien-b-van-anke-opent-ff0-2019\/","title":{"rendered":"&#8216;The Best Of Dorien B.&#8217; van Anke Blond\u00e9 opent FF0 2019!"},"content":{"rendered":"<p><strong>Op vrijdag 6 september opent het Filmfestival van Oostende met de Vlaamse tragikomedie <em>The Best of Dorien B.<\/em> van regisseur Anke Blond\u00e9. Dit komisch drama over een vrouw die zichzelf\u00a0tussen alle chaos door herontdekt, past perfect bij het thema dat Master Lynn Van Royen koos voor de editie van 2019: &#8216;Leading Ladies&#8217;. In de hoofdrollen ontdekken we nieuwkomer Kim Snauwaert en Jelle De Beule als haar overspelige man.\u00a0Ook Dirk Van Dijck, Katelijne Verbeke, Wine Dierickx en Robrecht Vanden Thoren spelen mee.<\/strong><\/p>\n<p><iframe loading=\"lazy\" title=\"The Best of Dorien B. - Offici\u00eble trailer\" width=\"618\" height=\"348\" src=\"https:\/\/www.youtube.com\/embed\/NErG6jTopiY?feature=oembed\" frameborder=\"0\" allow=\"accelerometer; autoplay; clipboard-write; encrypted-media; gyroscope; picture-in-picture; web-share\" referrerpolicy=\"strict-origin-when-cross-origin\" allowfullscreen><\/iframe><\/p>\n<div>De film\u00a0<em>The Best of Dorien B<\/em>. startte zijn internationale parcours in januari 2019 op het <strong>Internationaal filmfestival van Rotterdam<\/strong> en bezocht ondertussen ook al de\u00a0\u00a0filmfestivals van <strong>Beijing (China) en Lucca<\/strong> in Itali\u00eb. Begin september mag Vlaanderen deze\u00a0debuutfilm van Belgisch regisseur Anke Blond\u00e9 ontdekken. Haar kortfilms\u00a0<em>Mister Frits\u00a0<\/em>(1998),\u00a0<em>Buiten Adem<\/em> (1999) en in het bijzonder\u00a0<em>Dura Lex<\/em> (2011) wonnen al meerdere prijzen op internationale filmfestivals. Naast haar regiewerk is Anke een veelgevraagde casting director. Zo deed ze onder andere de casting voor\u00a0<em>De Helaasheid Der Dingen\u00a0<\/em>en\u00a0<em>The Broken Circle Breakdown\u00a0<\/em>van Felix van Groeningen,\u00a0<em>Trouw Met Mij\u00a0<\/em>van Kadir Balci en de televisieserie\u00a0<em>Beau S\u00e9jou<\/em>r.<\/div>\n<div><\/div>\n<div>\n<figure id=\"attachment_219335\" aria-describedby=\"caption-attachment-219335\" style=\"width: 180px\" class=\"wp-caption alignleft\"><img loading=\"lazy\" decoding=\"async\" class=\"size-medium wp-image-219335\" src=\"https:\/\/www.cinevox.be\/wp-content\/uploads\/sites\/2\/2019\/04\/DSC_0055-180x270.jpg\" alt=\"\" width=\"180\" height=\"270\" srcset=\"https:\/\/welovecinema.be\/wp-content\/uploads\/sites\/2\/2019\/04\/DSC_0055-180x270.jpg 180w, https:\/\/welovecinema.be\/wp-content\/uploads\/sites\/2\/2019\/04\/DSC_0055-400x600.jpg 400w, https:\/\/welovecinema.be\/wp-content\/uploads\/sites\/2\/2019\/04\/DSC_0055.jpg 480w\" sizes=\"auto, (max-width: 180px) 100vw, 180px\" \/><figcaption id=\"caption-attachment-219335\" class=\"wp-caption-text\">Anke Blond\u00e9<\/figcaption><\/figure>\n<p><strong>Anke Blond\u00e9: &#8216;<\/strong>Ik ben echt heel blij dat \u2018The Best of Dorien B.\u2019 het filmfestival van Oostende mag openen. De film is ontzettend belangrijk voor me omdat ik het verhaal van Dorien B. al lang wilde vertellen. \u00a0Hopelijk is de film herkenbaar en inspirerend voor vrouwen \u00e9n mannen die net zoals Dorien B. even de weg en hun levensdromen kwijt zijn. Maar ik hoop vooral dat ze de film kunnen smaken. Ik was al vaak te gast op de openingsavond van het festival en\u00a0het is best wel spannend dat deze eer dit jaar mijn eigen film te beurt valt.&#8217;<\/p>\n<\/div>\n<div><\/div>\n<div><\/div>\n<div><\/div>\n<div><\/div>\n<div><\/div>\n<div><\/div>\n<div><\/div>\n<figure id=\"attachment_219309\" aria-describedby=\"caption-attachment-219309\" style=\"width: 405px\" class=\"wp-caption alignleft\"><img loading=\"lazy\" decoding=\"async\" class=\"size-medium wp-image-219309\" src=\"https:\/\/www.cinevox.be\/wp-content\/uploads\/sites\/2\/2019\/04\/DSC_5792-405x270.jpg\" alt=\"\" width=\"405\" height=\"270\" srcset=\"https:\/\/welovecinema.be\/wp-content\/uploads\/sites\/2\/2019\/04\/DSC_5792-405x270.jpg 405w, https:\/\/welovecinema.be\/wp-content\/uploads\/sites\/2\/2019\/04\/DSC_5792.jpg 720w\" sizes=\"auto, (max-width: 405px) 100vw, 405px\" \/><figcaption id=\"caption-attachment-219309\" class=\"wp-caption-text\">Peter Craeymeersch<\/figcaption><\/figure>\n<p><strong>Peter Craeymeersch (artistiek directeur FFO):<\/strong>\u00a0&#8216;We kiezen steeds om te openen met een Vlaamse Film, maar deze film sluit ook perfect aan bij het thema van het festival waar leading ladies centraal staan. Anke is zeker \u00e9\u00e9n van de regisseurs om in de gaten te houden. \u00a0Haar kortfilm <em>Dura Lex<\/em> werd destijds heel enthousiast onthaald op ons festival en ook <em>The Best of Dorien B.<\/em> haar langspeelfilmdebuut wist me onmiddellijk te bekoren. Het verhaal is uit het leven gegrepen en wordt vertolkt door een verrassende, maar heel sterke cast. \u00a0Kim Snauwaert zal ongetwijfeld \u00e9\u00e9n van de ontdekkingen van het jaar worden. Ik was er bij op de premi\u00e8re in Rotterdam waar het Nederlandse publiek als een blok viel voor Ankes debuut. Ik ben ervan overtuigd dat <em>The Best Of Dorien B.<\/em>\u00a0ook onze bezoekers zal beroeren.&#8217;<\/p>\n<div>\n<p>De film zal zowel in Kinepolis Oostende als in het Kursaal vertoond worden op vrijdag 6 september. Enkele dagen later, op 11 september wordt\u00a0<em>The Best of Dorien B<\/em>. uitgebracht in de Belgische bioscopen door Kinepolis Film Distribution (KFD).De film werd geproduceerd door Dries Phlypo voor A Private View. Jean-Claude van Rijckeghem en Anke Blond\u00e9 schreven het scenario.\u00a0<em>The Best of Dorien B.<\/em> kwam tot stand met de steun van het Vlaams Audiovisueel Fonds (VAF), Nederlands Filmfonds, Creative Europe, Casa Kafka Pictures en Eurimages,\u00a0\u00a0Stadsmarketingfonds van de Stad Gent en\u00a0Telenet.<\/p>\n<\/div>\n","protected":false},"excerpt":{"rendered":"<p>Op vrijdag 6 september opent het Filmfestival van Oostende met de Vlaamse tragikomedie The Best of Dorien B. van regisseur Anke Blond\u00e9. Dit komisch drama over een vrouw die zichzelf\u00a0tussen alle chaos door herontdekt, past perfect bij het thema dat Master Lynn Van Royen koos voor de editie van 2019: &#8216;Leading Ladies&#8217;. In de hoofdrollen &hellip;<\/p>\n","protected":false},"author":349,"featured_media":219345,"comment_status":"closed","ping_status":"closed","sticky":false,"template":"","format":"standard","meta":{"ngg_post_thumbnail":0,"footnotes":""},"categories":[1069,30],"tags":[3372,381,1341,4230,4188,2331,1026],"class_list":["post-219330","post","type-post","status-publish","format-standard","has-post-thumbnail","","category-festivals-nl","category-nieuws","tag-the-best-of-dorien-b","tag-anke-blonde","tag-ffo","tag-ffo2019","tag-newsletter-nl","tag-openingsfilm","tag-peter-craeymeersch"],"yoast_head":"<!-- This site is optimized with the Yoast SEO plugin v20.4 - https:\/\/yoast.com\/wordpress\/plugins\/seo\/ -->\n<title>&#039;The Best Of Dorien B.&#039; van Anke Blond\u00e9 opent FF0 2019! - We Love Cinema<\/title>\n<meta name=\"robots\" content=\"index, follow, max-snippet:-1, max-image-preview:large, max-video-preview:-1\" \/>\n<link rel=\"canonical\" href=\"https:\/\/welovecinema.be\/nl\/the-best-of-dorien-b-van-anke-opent-ff0-2019\/\" \/>\n<meta property=\"og:locale\" content=\"nl_NL\" \/>\n<meta property=\"og:type\" content=\"article\" \/>\n<meta property=\"og:title\" content=\"&#039;The Best Of Dorien B.&#039; van Anke Blond\u00e9 opent FF0 2019! - We Love Cinema\" \/>\n<meta property=\"og:description\" content=\"Op vrijdag 6 september opent het Filmfestival van Oostende met de Vlaamse tragikomedie The Best of Dorien B. van regisseur Anke Blond\u00e9. Dit komisch drama over een vrouw die zichzelf\u00a0tussen alle chaos door herontdekt, past perfect bij het thema dat Master Lynn Van Royen koos voor de editie van 2019: &#8216;Leading Ladies&#8217;. In de hoofdrollen &hellip;\" \/>\n<meta property=\"og:url\" content=\"https:\/\/welovecinema.be\/nl\/the-best-of-dorien-b-van-anke-opent-ff0-2019\/\" \/>\n<meta property=\"og:site_name\" content=\"We Love Cinema\" \/>\n<meta property=\"article:publisher\" content=\"https:\/\/www.facebook.com\/welovecinema.be\" \/>\n<meta property=\"article:published_time\" content=\"2019-04-26T09:33:37+00:00\" \/>\n<meta property=\"article:modified_time\" content=\"2019-05-10T21:34:45+00:00\" \/>\n<meta property=\"og:image\" content=\"https:\/\/welovecinema.be\/wp-content\/uploads\/sites\/2\/2019\/04\/Screen-Shot-2019-04-26-at-11.35.59.png\" \/>\n\t<meta property=\"og:image:width\" content=\"1352\" \/>\n\t<meta property=\"og:image:height\" content=\"780\" \/>\n\t<meta property=\"og:image:type\" content=\"image\/png\" \/>\n<meta name=\"author\" content=\"Seppe van Groeningen\" \/>\n<meta name=\"twitter:card\" content=\"summary_large_image\" \/>\n<meta name=\"twitter:label1\" content=\"Geschreven door\" \/>\n\t<meta name=\"twitter:data1\" content=\"Seppe van Groeningen\" \/>\n\t<meta name=\"twitter:label2\" content=\"Geschatte leestijd\" \/>\n\t<meta name=\"twitter:data2\" content=\"3 minuten\" \/>\n<script type=\"application\/ld+json\" class=\"yoast-schema-graph\">{\"@context\":\"https:\/\/schema.org\",\"@graph\":[{\"@type\":\"Article\",\"@id\":\"https:\/\/welovecinema.be\/nl\/the-best-of-dorien-b-van-anke-opent-ff0-2019\/#article\",\"isPartOf\":{\"@id\":\"https:\/\/welovecinema.be\/nl\/the-best-of-dorien-b-van-anke-opent-ff0-2019\/\"},\"author\":{\"name\":\"Seppe van Groeningen\",\"@id\":\"https:\/\/welovecinema.be\/nl\/#\/schema\/person\/9a9270eec1274600ec8c420b80d00480\"},\"headline\":\"&#8216;The Best Of Dorien B.&#8217; van Anke Blond\u00e9 opent FF0 2019!\",\"datePublished\":\"2019-04-26T09:33:37+00:00\",\"dateModified\":\"2019-05-10T21:34:45+00:00\",\"mainEntityOfPage\":{\"@id\":\"https:\/\/welovecinema.be\/nl\/the-best-of-dorien-b-van-anke-opent-ff0-2019\/\"},\"wordCount\":547,\"publisher\":{\"@id\":\"https:\/\/welovecinema.be\/nl\/#organization\"},\"keywords\":[\"'The Best of Dorien B.'\",\"Anke Blond\u00e9\",\"FFO\",\"FFO2019\",\"newsletter\",\"Openingsfilm\",\"Peter Craeymeersch\"],\"articleSection\":[\"Festivals\",\"Nieuws\"],\"inLanguage\":\"nl-NL\"},{\"@type\":\"WebPage\",\"@id\":\"https:\/\/welovecinema.be\/nl\/the-best-of-dorien-b-van-anke-opent-ff0-2019\/\",\"url\":\"https:\/\/welovecinema.be\/nl\/the-best-of-dorien-b-van-anke-opent-ff0-2019\/\",\"name\":\"'The Best Of Dorien B.' van Anke Blond\u00e9 opent FF0 2019! - We Love Cinema\",\"isPartOf\":{\"@id\":\"https:\/\/welovecinema.be\/nl\/#website\"},\"datePublished\":\"2019-04-26T09:33:37+00:00\",\"dateModified\":\"2019-05-10T21:34:45+00:00\",\"breadcrumb\":{\"@id\":\"https:\/\/welovecinema.be\/nl\/the-best-of-dorien-b-van-anke-opent-ff0-2019\/#breadcrumb\"},\"inLanguage\":\"nl-NL\",\"potentialAction\":[{\"@type\":\"ReadAction\",\"target\":[\"https:\/\/welovecinema.be\/nl\/the-best-of-dorien-b-van-anke-opent-ff0-2019\/\"]}]},{\"@type\":\"BreadcrumbList\",\"@id\":\"https:\/\/welovecinema.be\/nl\/the-best-of-dorien-b-van-anke-opent-ff0-2019\/#breadcrumb\",\"itemListElement\":[{\"@type\":\"ListItem\",\"position\":1,\"name\":\"Accueil\",\"item\":\"https:\/\/welovecinema.be\/nl\/\"},{\"@type\":\"ListItem\",\"position\":2,\"name\":\"&#8216;The Best Of Dorien B.&#8217; van Anke Blond\u00e9 opent FF0 2019!\"}]},{\"@type\":\"WebSite\",\"@id\":\"https:\/\/welovecinema.be\/nl\/#website\",\"url\":\"https:\/\/welovecinema.be\/nl\/\",\"name\":\"We Love Cinema\",\"description\":\"Toute l\u2019information du cin\u00e9ma en Belgique\",\"publisher\":{\"@id\":\"https:\/\/welovecinema.be\/nl\/#organization\"},\"potentialAction\":[{\"@type\":\"SearchAction\",\"target\":{\"@type\":\"EntryPoint\",\"urlTemplate\":\"https:\/\/welovecinema.be\/nl\/?s={search_term_string}\"},\"query-input\":\"required name=search_term_string\"}],\"inLanguage\":\"nl-NL\"},{\"@type\":\"Organization\",\"@id\":\"https:\/\/welovecinema.be\/nl\/#organization\",\"name\":\"We Love Cinema\",\"url\":\"https:\/\/welovecinema.be\/nl\/\",\"logo\":{\"@type\":\"ImageObject\",\"inLanguage\":\"nl-NL\",\"@id\":\"https:\/\/welovecinema.be\/nl\/#\/schema\/logo\/image\/\",\"url\":\"https:\/\/welovecinema.be\/wp-content\/uploads\/sites\/2\/2023\/03\/Logo-We-Love-Cinema305x128.jpg\",\"contentUrl\":\"https:\/\/welovecinema.be\/wp-content\/uploads\/sites\/2\/2023\/03\/Logo-We-Love-Cinema305x128.jpg\",\"width\":305,\"height\":128,\"caption\":\"We Love Cinema\"},\"image\":{\"@id\":\"https:\/\/welovecinema.be\/nl\/#\/schema\/logo\/image\/\"},\"sameAs\":[\"https:\/\/www.facebook.com\/welovecinema.be\",\"https:\/\/www.youtube.com\/channel\/UCX5LYGVhnKvYauW4Nta4HJA\",\"https:\/\/www.instagram.com\/welovecinema.be\/\"]},{\"@type\":\"Person\",\"@id\":\"https:\/\/welovecinema.be\/nl\/#\/schema\/person\/9a9270eec1274600ec8c420b80d00480\",\"name\":\"Seppe van Groeningen\",\"url\":\"https:\/\/welovecinema.be\/nl\/author\/seppe\/\"}]}<\/script>\n<!-- \/ Yoast SEO plugin. -->","yoast_head_json":{"title":"'The Best Of Dorien B.' van Anke Blond\u00e9 opent FF0 2019! - We Love Cinema","robots":{"index":"index","follow":"follow","max-snippet":"max-snippet:-1","max-image-preview":"max-image-preview:large","max-video-preview":"max-video-preview:-1"},"canonical":"https:\/\/welovecinema.be\/nl\/the-best-of-dorien-b-van-anke-opent-ff0-2019\/","og_locale":"nl_NL","og_type":"article","og_title":"'The Best Of Dorien B.' van Anke Blond\u00e9 opent FF0 2019! - We Love Cinema","og_description":"Op vrijdag 6 september opent het Filmfestival van Oostende met de Vlaamse tragikomedie The Best of Dorien B. van regisseur Anke Blond\u00e9. Dit komisch drama over een vrouw die zichzelf\u00a0tussen alle chaos door herontdekt, past perfect bij het thema dat Master Lynn Van Royen koos voor de editie van 2019: &#8216;Leading Ladies&#8217;. In de hoofdrollen &hellip;","og_url":"https:\/\/welovecinema.be\/nl\/the-best-of-dorien-b-van-anke-opent-ff0-2019\/","og_site_name":"We Love Cinema","article_publisher":"https:\/\/www.facebook.com\/welovecinema.be","article_published_time":"2019-04-26T09:33:37+00:00","article_modified_time":"2019-05-10T21:34:45+00:00","og_image":[{"width":1352,"height":780,"url":"https:\/\/welovecinema.be\/wp-content\/uploads\/sites\/2\/2019\/04\/Screen-Shot-2019-04-26-at-11.35.59.png","type":"image\/png"}],"author":"Seppe van Groeningen","twitter_card":"summary_large_image","twitter_misc":{"Geschreven door":"Seppe van Groeningen","Geschatte leestijd":"3 minuten"},"schema":{"@context":"https:\/\/schema.org","@graph":[{"@type":"Article","@id":"https:\/\/welovecinema.be\/nl\/the-best-of-dorien-b-van-anke-opent-ff0-2019\/#article","isPartOf":{"@id":"https:\/\/welovecinema.be\/nl\/the-best-of-dorien-b-van-anke-opent-ff0-2019\/"},"author":{"name":"Seppe van Groeningen","@id":"https:\/\/welovecinema.be\/nl\/#\/schema\/person\/9a9270eec1274600ec8c420b80d00480"},"headline":"&#8216;The Best Of Dorien B.&#8217; van Anke Blond\u00e9 opent FF0 2019!","datePublished":"2019-04-26T09:33:37+00:00","dateModified":"2019-05-10T21:34:45+00:00","mainEntityOfPage":{"@id":"https:\/\/welovecinema.be\/nl\/the-best-of-dorien-b-van-anke-opent-ff0-2019\/"},"wordCount":547,"publisher":{"@id":"https:\/\/welovecinema.be\/nl\/#organization"},"keywords":["'The Best of Dorien B.'","Anke Blond\u00e9","FFO","FFO2019","newsletter","Openingsfilm","Peter Craeymeersch"],"articleSection":["Festivals","Nieuws"],"inLanguage":"nl-NL"},{"@type":"WebPage","@id":"https:\/\/welovecinema.be\/nl\/the-best-of-dorien-b-van-anke-opent-ff0-2019\/","url":"https:\/\/welovecinema.be\/nl\/the-best-of-dorien-b-van-anke-opent-ff0-2019\/","name":"'The Best Of Dorien B.' van Anke Blond\u00e9 opent FF0 2019! - We Love Cinema","isPartOf":{"@id":"https:\/\/welovecinema.be\/nl\/#website"},"datePublished":"2019-04-26T09:33:37+00:00","dateModified":"2019-05-10T21:34:45+00:00","breadcrumb":{"@id":"https:\/\/welovecinema.be\/nl\/the-best-of-dorien-b-van-anke-opent-ff0-2019\/#breadcrumb"},"inLanguage":"nl-NL","potentialAction":[{"@type":"ReadAction","target":["https:\/\/welovecinema.be\/nl\/the-best-of-dorien-b-van-anke-opent-ff0-2019\/"]}]},{"@type":"BreadcrumbList","@id":"https:\/\/welovecinema.be\/nl\/the-best-of-dorien-b-van-anke-opent-ff0-2019\/#breadcrumb","itemListElement":[{"@type":"ListItem","position":1,"name":"Accueil","item":"https:\/\/welovecinema.be\/nl\/"},{"@type":"ListItem","position":2,"name":"&#8216;The Best Of Dorien B.&#8217; van Anke Blond\u00e9 opent FF0 2019!"}]},{"@type":"WebSite","@id":"https:\/\/welovecinema.be\/nl\/#website","url":"https:\/\/welovecinema.be\/nl\/","name":"We Love Cinema","description":"Toute l\u2019information du cin\u00e9ma en Belgique","publisher":{"@id":"https:\/\/welovecinema.be\/nl\/#organization"},"potentialAction":[{"@type":"SearchAction","target":{"@type":"EntryPoint","urlTemplate":"https:\/\/welovecinema.be\/nl\/?s={search_term_string}"},"query-input":"required name=search_term_string"}],"inLanguage":"nl-NL"},{"@type":"Organization","@id":"https:\/\/welovecinema.be\/nl\/#organization","name":"We Love Cinema","url":"https:\/\/welovecinema.be\/nl\/","logo":{"@type":"ImageObject","inLanguage":"nl-NL","@id":"https:\/\/welovecinema.be\/nl\/#\/schema\/logo\/image\/","url":"https:\/\/welovecinema.be\/wp-content\/uploads\/sites\/2\/2023\/03\/Logo-We-Love-Cinema305x128.jpg","contentUrl":"https:\/\/welovecinema.be\/wp-content\/uploads\/sites\/2\/2023\/03\/Logo-We-Love-Cinema305x128.jpg","width":305,"height":128,"caption":"We Love Cinema"},"image":{"@id":"https:\/\/welovecinema.be\/nl\/#\/schema\/logo\/image\/"},"sameAs":["https:\/\/www.facebook.com\/welovecinema.be","https:\/\/www.youtube.com\/channel\/UCX5LYGVhnKvYauW4Nta4HJA","https:\/\/www.instagram.com\/welovecinema.be\/"]},{"@type":"Person","@id":"https:\/\/welovecinema.be\/nl\/#\/schema\/person\/9a9270eec1274600ec8c420b80d00480","name":"Seppe van Groeningen","url":"https:\/\/welovecinema.be\/nl\/author\/seppe\/"}]}},"_links":{"self":[{"href":"https:\/\/welovecinema.be\/nl\/wp-json\/wp\/v2\/posts\/219330","targetHints":{"allow":["GET"]}}],"collection":[{"href":"https:\/\/welovecinema.be\/nl\/wp-json\/wp\/v2\/posts"}],"about":[{"href":"https:\/\/welovecinema.be\/nl\/wp-json\/wp\/v2\/types\/post"}],"author":[{"embeddable":true,"href":"https:\/\/welovecinema.be\/nl\/wp-json\/wp\/v2\/users\/349"}],"replies":[{"embeddable":true,"href":"https:\/\/welovecinema.be\/nl\/wp-json\/wp\/v2\/comments?post=219330"}],"version-history":[{"count":0,"href":"https:\/\/welovecinema.be\/nl\/wp-json\/wp\/v2\/posts\/219330\/revisions"}],"wp:featuredmedia":[{"embeddable":true,"href":"https:\/\/welovecinema.be\/nl\/wp-json\/wp\/v2\/media\/219345"}],"wp:attachment":[{"href":"https:\/\/welovecinema.be\/nl\/wp-json\/wp\/v2\/media?parent=219330"}],"wp:term":[{"taxonomy":"category","embeddable":true,"href":"https:\/\/welovecinema.be\/nl\/wp-json\/wp\/v2\/categories?post=219330"},{"taxonomy":"post_tag","embeddable":true,"href":"https:\/\/welovecinema.be\/nl\/wp-json\/wp\/v2\/tags?post=219330"}],"curies":[{"name":"wp","href":"https:\/\/api.w.org\/{rel}","templated":true}]}}